{"id":113374,"date":"2024-12-14T11:25:21","date_gmt":"2024-12-14T11:25:21","guid":{"rendered":"https:\/\/www.mundiplus.com\/?p=113374"},"modified":"2024-12-14T15:45:49","modified_gmt":"2024-12-14T15:45:49","slug":"linfluence-de-la-mythologie-celtique-sur-le-chemin","status":"publish","type":"post","link":"https:\/\/www.mundiplus.com\/fr\/linfluence-de-la-mythologie-celtique-sur-la-route\/","title":{"rendered":"L&rsquo;influence de la mythologie celtique sur le Chemin"},"content":{"rendered":"<p><img fetchpriority=\"high\" decoding=\"async\" class=\"alignnone wp-image-113266 size-full\" src=\"https:\/\/www.mundiplus.com\/wp-content\/uploads\/2024\/11\/Mitologia-calta-Mundiplus.jpg\" alt=\"\" width=\"1024\" height=\"768\" srcset=\"https:\/\/www.mundiplus.com\/wp-content\/uploads\/2024\/11\/Mitologia-calta-Mundiplus.jpg 1024w, https:\/\/www.mundiplus.com\/wp-content\/uploads\/2024\/11\/Mitologia-calta-Mundiplus-300x225.jpg 300w, https:\/\/www.mundiplus.com\/wp-content\/uploads\/2024\/11\/Mitologia-calta-Mundiplus-768x576.jpg 768w, https:\/\/www.mundiplus.com\/wp-content\/uploads\/2024\/11\/Mitologia-calta-Mundiplus-600x450.jpg 600w\" sizes=\"(max-width: 1024px) 100vw, 1024px\" \/><\/p>\n<p><span style=\"font-weight: 400;\">Le Chemin de Saint-Jacques n&rsquo;est pas seulement une route de p\u00e8lerinage. Bien plus que cela, c&rsquo;est un <\/span><b>voyage charg\u00e9 de symbolisme et de myst\u00e8re<\/b><span style=\"font-weight: 400;\"> qui puise ses racines dans la mythologie ancienne des peuples qui habitaient la p\u00e9ninsule ib\u00e9rique avant l&rsquo;arriv\u00e9e du christianisme.<\/span><\/p>\n<p><span style=\"font-weight: 400;\">La pr\u00e9sence de la <\/span><b>mythologie celtique<\/b><span style=\"font-weight: 400;\"> est particuli\u00e8rement marqu\u00e9e dans les <\/span><b>r\u00e9gions du nord de l&rsquo;Espagne<\/b><span style=\"font-weight: 400;\">. Ici, les l\u00e9gendes et croyances ancestrales li\u00e9es \u00e0 la nature et \u00e0 la spiritualit\u00e9 des Celtes r\u00e9sonnent encore dans les lieux et traditions que les p\u00e8lerins rencontrent sur leur chemin.<\/span><\/p>\n<p><span style=\"font-weight: 400;\">Dans cet article, nous explorerons <\/span><b>comment la mythologie celtique a influenc\u00e9 le Chemin de Saint-Jacques<\/b><span style=\"font-weight: 400;\"> et son symbolisme. Nous mettrons en lumi\u00e8re certains lieux empreints de mysticisme celtique qui accompagnent les p\u00e8lerins dans leur p\u00e9riple vers Saint-Jacques et au-del\u00e0.<\/span><\/p>\n<p>&nbsp;<\/p>\n<h2><b>Origine celtique du Chemin de Saint-Jacques<\/b><\/h2>\n<p><span style=\"font-weight: 400;\">Chez Mundiplus, nous voulons vous fournir toutes les <\/span><a href=\"https:\/\/www.mundiplus.com\/fr\/\"><b>informations possibles sur le Chemin de Saint-Jacques<\/b><\/a><span style=\"font-weight: 400;\">. Bien qu&rsquo;il soit aujourd&rsquo;hui reconnu comme un p\u00e8lerinage chr\u00e9tien vers la tombe de l&rsquo;ap\u00f4tre Jacques, certaines th\u00e9ories sugg\u00e8rent qu&rsquo;il <\/span><b>a des origines bien plus anciennes<\/b><span style=\"font-weight: 400;\">.<\/span><\/p>\n<p><span style=\"font-weight: 400;\">Avant l&rsquo;arriv\u00e9e du christianisme, les tribus celtes qui occupaient la r\u00e9gion du nord-ouest de la p\u00e9ninsule ib\u00e9rique avaient <\/span><b>de fortes croyances spirituelles<\/b><span style=\"font-weight: 400;\"> li\u00e9es \u00e0 la nature et \u00e0 certains lieux g\u00e9ographiques qu&rsquo;elles consid\u00e9raient comme sacr\u00e9s.<\/span><\/p>\n<p><span style=\"font-weight: 400;\">Par exemple, la zone autour de Finisterre \u00e9tait pour eux le <\/span><i><span style=\"font-weight: 400;\">\u00ab\u00a0fin de la Terre\u00a0\u00bb<\/span><\/i><span style=\"font-weight: 400;\">, un endroit o\u00f9 le monde physique touchait l&rsquo;au-del\u00e0. Ce lien entre la mythologie celtique et le p\u00e8lerinage vers la fin du monde physique <\/span><b>a inspir\u00e9 le trac\u00e9 de routes qui<\/b><span style=\"font-weight: 400;\">, bien que plus tard adapt\u00e9es en chemins chr\u00e9tiens, conservent dans leur essence le respect et la fascination pour la nature et la spiritualit\u00e9.<\/span><\/p>\n<p><span style=\"font-weight: 400;\">Ainsi, on pourrait dire que le <\/span><a href=\"https:\/\/www.mundiplus.com\/fr\/caminos\/a-pie\/camino-primitivo\/\"><b>Chemin de Saint-Jacques Primitif complet<\/b><\/a><span style=\"font-weight: 400;\">, tout comme d&rsquo;autres itin\u00e9raires, abrite des vestiges de cette connexion entre spiritualit\u00e9 et mythologie celtique.<\/span><\/p>\n<p>&nbsp;<\/p>\n<h2><b>Lieux du Chemin de Saint-Jacques avec influence celtique<\/b><\/h2>\n<p><span style=\"font-weight: 400;\">Tout au long du Chemin de Saint-Jacques, certains lieux marqu\u00e9s par l&rsquo;influence celtique offrent aux p\u00e8lerins une connexion directe avec cette ancienne culture. Ces points d&rsquo;int\u00e9r\u00eat r\u00e9v\u00e8lent non seulement des vestiges de la mythologie celtique, mais enrichissent \u00e9galement l&rsquo;exp\u00e9rience spirituelle du Chemin.<\/span><\/p>\n<p>&nbsp;<\/p>\n<h3><b>Finisterre et le chemin vers la fin du monde<\/b><\/h3>\n<p><img decoding=\"async\" class=\"alignnone wp-image-113272 size-full\" src=\"https:\/\/www.mundiplus.com\/wp-content\/uploads\/2024\/11\/Fin-del-mundo-Mundiplus.jpg\" alt=\"\" width=\"1024\" height=\"768\" srcset=\"https:\/\/www.mundiplus.com\/wp-content\/uploads\/2024\/11\/Fin-del-mundo-Mundiplus.jpg 1024w, https:\/\/www.mundiplus.com\/wp-content\/uploads\/2024\/11\/Fin-del-mundo-Mundiplus-300x225.jpg 300w, https:\/\/www.mundiplus.com\/wp-content\/uploads\/2024\/11\/Fin-del-mundo-Mundiplus-768x576.jpg 768w, https:\/\/www.mundiplus.com\/wp-content\/uploads\/2024\/11\/Fin-del-mundo-Mundiplus-600x450.jpg 600w\" sizes=\"(max-width: 1024px) 100vw, 1024px\" \/><\/p>\n<p><span style=\"font-weight: 400;\">De nos jours, de nombreux p\u00e8lerins choisissent de poursuivre leur route jusqu&rsquo;\u00e0 Finisterre apr\u00e8s leur arriv\u00e9e \u00e0 Saint-Jacques. L&rsquo;objectif est de chercher cette m\u00eame <\/span><b>connexion avec la mer et le symbolisme d&rsquo;une fin qui est un nouveau commencement<\/b><span style=\"font-weight: 400;\">.<\/span><\/p>\n<p><span style=\"font-weight: 400;\">Finisterre devient une extension du voyage spirituel qui rev\u00eat un grand symbolisme, nourri par la <\/span><a href=\"https:\/\/www.mundiplus.com\/fr\/caminos\/a-pie\/camino-finisterre\/camino-de-santiago-a-finisterre\/\"><b>mythologie sur le chemin de Finisterre<\/b><\/a><span style=\"font-weight: 400;\">. En effet, comme nous l&rsquo;avons mentionn\u00e9, cette route est l&rsquo;endroit que les Romains appelaient \u00ab\u00a0fin de la Terre\u00a0\u00bb, mais auparavant pour les Celtes, c&rsquo;\u00e9tait un point d&rsquo;importance spirituelle.<\/span><\/p>\n<p>&nbsp;<\/p>\n<h3><b>Monte do Gozo<\/b><\/h3>\n<p><img decoding=\"async\" class=\"alignnone wp-image-113278 size-full\" src=\"https:\/\/www.mundiplus.com\/wp-content\/uploads\/2024\/11\/Monte-Pindo-Mundiplus.jpg\" alt=\"\" width=\"1024\" height=\"682\" srcset=\"https:\/\/www.mundiplus.com\/wp-content\/uploads\/2024\/11\/Monte-Pindo-Mundiplus.jpg 1024w, https:\/\/www.mundiplus.com\/wp-content\/uploads\/2024\/11\/Monte-Pindo-Mundiplus-300x200.jpg 300w, https:\/\/www.mundiplus.com\/wp-content\/uploads\/2024\/11\/Monte-Pindo-Mundiplus-768x512.jpg 768w, https:\/\/www.mundiplus.com\/wp-content\/uploads\/2024\/11\/Monte-Pindo-Mundiplus-600x400.jpg 600w\" sizes=\"(max-width: 1024px) 100vw, 1024px\" \/><\/p>\n<p><span style=\"font-weight: 400;\">Le Monte do Gozo est l&rsquo;un des points d&rsquo;arriv\u00e9e les plus attendus pour les p\u00e8lerins, car c&rsquo;est l&rsquo;endroit d&rsquo;o\u00f9 ils peuvent<\/span><b> voir pour la premi\u00e8re fois les tours de la cath\u00e9drale de Saint-Jacques<\/b><span style=\"font-weight: 400;\">. Bien qu&rsquo;il soit aujourd&rsquo;hui connu pour sa signification chr\u00e9tienne, il conserve \u00e9galement une connexion avec le pass\u00e9 celtique, car le <\/span><b>concept d\u2019\u201carriv\u00e9e\u201d et de \u201cr\u00e9v\u00e9lation\u201d<\/b><span style=\"font-weight: 400;\"> est pr\u00e9sent dans de nombreuses croyances celtiques.<\/span><\/p>\n<p><span style=\"font-weight: 400;\">Ce lieu peut \u00eatre interpr\u00e9t\u00e9 comme un <\/span><b>lieu de transformation et de renaissance<\/b><span style=\"font-weight: 400;\">, ce qui s&rsquo;accorde avec le symbolisme celtique des montagnes comme des points de connexion entre le monde spirituel et le monde terrestre.<\/span><\/p>\n<h3><b>Autres points d&rsquo;int\u00e9r\u00eat avec des racines celtiques en Galice<\/b><\/h3>\n<p><span style=\"font-weight: 400;\">Il existe d&rsquo;autres lieux en Galice qui se distinguent par leur connexion avec la culture celtique, comme le <\/span><b>Monte Pindo et le Cabo Ortegal<\/b><span style=\"font-weight: 400;\">.<\/span><\/p>\n<ul>\n<li style=\"font-weight: 400;\" aria-level=\"1\"><span style=\"font-weight: 400;\">Le Monte Pindo, surnomm\u00e9 l&rsquo; \u201c<\/span><b>Olympe celtique<\/b><span style=\"font-weight: 400;\">,\u201d est rempli de l\u00e9gendes et de symbolisme. Ce mont a \u00e9t\u00e9 un lieu de culte depuis des temps anciens et regorge de mythes sur des divinit\u00e9s protectrices et des cr\u00e9atures magiques.<\/span><\/li>\n<li style=\"font-weight: 400;\" aria-level=\"1\"><span style=\"font-weight: 400;\">D&rsquo;autre part, le Cabo Ortegal est <\/span><b>l&rsquo;un des points les plus au nord de la Galice<\/b><span style=\"font-weight: 400;\">. Il \u00e9tait \u00e9galement consid\u00e9r\u00e9 comme un lieu sp\u00e9cial dans la mythologie celtique en raison de sa position g\u00e9ographique et de la rencontre entre la mer et la terre.<\/span><\/li>\n<\/ul>\n<p>&nbsp;<\/p>\n<h2><b>\u00c9l\u00e9ments de la mythologie celtique pr\u00e9sents sur le Chemin<\/b><\/h2>\n<p><span style=\"font-weight: 400;\">L&rsquo;influence de la mythologie celtique se manifeste de plusieurs fa\u00e7ons sur le Chemin de Saint-Jacques : des l\u00e9gendes entourant certains lieux aux symboles et monuments qui rappellent les croyances des anciens peuples celtes.<\/span><\/p>\n<p><span style=\"font-weight: 400;\">En effet, il existe des \u00e9l\u00e9ments qui soulignent la pr\u00e9sence de la <\/span><a href=\"https:\/\/www.mundiplus.com\/fr\/caminos\/a-pie\/camino-frances\/camino-de-santiago-desde-o-cebreiro\/\"><b>mythologie sur le Chemin Fran\u00e7ais<\/b><\/a><span style=\"font-weight: 400;\">, ainsi que d&rsquo;autres d\u00e9tails significatifs qui enrichissent l&rsquo;exp\u00e9rience du p\u00e8lerin.<\/span><\/p>\n<p>&nbsp;<\/p>\n<h3><b>La figure des druides et des anciens p\u00e8lerins<\/b><\/h3>\n<p><span style=\"font-weight: 400;\">Dans la <\/span><b>mythologie celtique<\/b><span style=\"font-weight: 400;\">, les druides \u00e9taient des figures sacr\u00e9es qui servaient d&rsquo;<\/span><b>interm\u00e9diaires entre le monde terrestre et le spirituel<\/b><span style=\"font-weight: 400;\">. Leur connexion avec la nature et leur connaissance des cycles de la vie et de la mort en faisaient des leaders spirituels.<\/span><\/p>\n<p><span style=\"font-weight: 400;\">D&rsquo;une certaine mani\u00e8re, les premiers p\u00e8lerins, qui parcouraient les chemins vers Finisterre bien avant la consolidation du culte de Saint-Jacques, refl\u00e9taient ce voyage de transformation spirituelle.<\/span><\/p>\n<p>&nbsp;<\/p>\n<h3><b>Le culte de la nature<\/b><\/h3>\n<p><span style=\"font-weight: 400;\">La mythologie celtique attribuait \u00e0 la nature un r\u00f4le sacr\u00e9, et de nombreux lieux travers\u00e9s par les p\u00e8lerins conservent cette sacralit\u00e9. <\/span><b>Rivi\u00e8res, montagnes et for\u00eats<\/b><span style=\"font-weight: 400;\"> \u00e9taient essentiels dans les croyances celtiques.<\/span><\/p>\n<p><span style=\"font-weight: 400;\">Il existe <\/span><a href=\"https:\/\/www.mundiplus.com\/fr\/caminos\/a-pie\/camino-ingles\/camino-de-santiago-desde-ferrol\/\"><b>des histoires du Chemin Anglais<\/b><\/a><span style=\"font-weight: 400;\"> qui racontent comment l&rsquo;environnement naturel et certains rituels permettaient aux Celtes de trouver \u00e9quilibre et spiritualit\u00e9.<\/span><\/p>\n<p>&nbsp;<\/p>\n<h2><b>La signification des \u00e9toiles et le chemin des \u00e9toiles<\/b><\/h2>\n<p><span style=\"font-weight: 400;\">Une autre des th\u00e9ories les plus fascinantes sur le Chemin de Saint-Jacques est sa <\/span><b>connexion avec la Voie lact\u00e9e<\/b><span style=\"font-weight: 400;\">, connue dans l&rsquo;Antiquit\u00e9 sous le nom de \u00ab\u00a0<\/span><b>Chemin des \u00e9toiles<\/b><span style=\"font-weight: 400;\">.\u00a0\u00bb Pour les Celtes, les \u00e9toiles jouaient \u00e9galement un r\u00f4le essentiel dans leur vision du monde.<\/span><\/p>\n<p><span style=\"font-weight: 400;\">La Voie lact\u00e9e \u00e9tait vue comme un <\/span><b>sentier vers l&rsquo;au-del\u00e0<\/b><span style=\"font-weight: 400;\">, un chemin de transformation spirituelle qui refl\u00e9tait l&rsquo;importance de la nature et du cosmos dans leur mythologie.<\/span><\/p>\n<p><span style=\"font-weight: 400;\">Il existe <\/span><a href=\"https:\/\/www.mundiplus.com\/fr\/caminos\/a-pie\/camino-ingles\/\"><b>des d\u00e9tails sur le Chemin Anglais<\/b><\/a><span style=\"font-weight: 400;\"> qui \u00e9voquent des l\u00e9gendes sur le <\/span><b>respect des \u00e9toiles et le pouvoir transformateur du voyage<\/b><span style=\"font-weight: 400;\">, rappelant aux p\u00e8lerins le caract\u00e8re sacr\u00e9 de leur parcours. Cette union entre le ciel et la terre enrichit l&rsquo;exp\u00e9rience du Chemin, faisant perdurer les anciennes croyances celtiques \u00e0 travers les pas de ceux qui parcourent ces routes aujourd&rsquo;hui.<\/span><\/p>\n<p>&nbsp;<\/p>\n<h2><b>Personnages mythologiques celtiques et leur h\u00e9ritage sur le Chemin<\/b><\/h2>\n<p><span style=\"font-weight: 400;\">La mythologie celtique regorge de figures incarnant la connexion entre l&rsquo;\u00eatre humain et le monde naturel. Bon nombre de ces figures sont toujours pr\u00e9sentes dans la culture galicienne et dans les traditions que les p\u00e8lerins d\u00e9couvrent sur leur chemin.<\/span><\/p>\n<p>&nbsp;<\/p>\n<h3><b>La d\u00e9esse Deva et d&rsquo;autres divinit\u00e9s celtiques<\/b><\/h3>\n<p><b>Deva<\/b><span style=\"font-weight: 400;\"> \u00e9tait la <\/span><b>d\u00e9esse des eaux et des rivi\u00e8res<\/b><span style=\"font-weight: 400;\">, et son culte s&rsquo;\u00e9tendait sur les terres galiciennes. Dans de nombreux endroits du Chemin, les p\u00e8lerins traversent des rivi\u00e8res et des sources consid\u00e9r\u00e9es comme sacr\u00e9es et ayant une connexion avec des divinit\u00e9s anciennes comme Deva. Ce lien avec l&rsquo;eau et son pouvoir purificateur offre aux p\u00e8lerins un espace de r\u00e9flexion et de renouvellement durant leur voyage.<\/span><\/p>\n<p>&nbsp;<\/p>\n<h3><b>L\u00e9gendes de cr\u00e9atures magiques<\/b><\/h3>\n<p><span style=\"font-weight: 400;\">On dit que les <\/span><b>mouros<\/b><span style=\"font-weight: 400;\"> sont des \u00eatres surnaturels qui <\/span><b>habitent les castros et les montagnes<\/b><span style=\"font-weight: 400;\">, gardant des tr\u00e9sors et des secrets. Pour certains p\u00e8lerins, ces r\u00e9cits de cr\u00e9atures et de \u00eatres magiques ajoutent un \u00e9l\u00e9ment de myst\u00e8re et de charme au Chemin, les invitant \u00e0 se connecter avec la mythologie celtique de mani\u00e8re unique.<\/span><\/p>\n<p><span style=\"font-weight: 400;\">Comprendre l&rsquo;h\u00e9ritage celtique et l&rsquo;importance de la nature et des lieux sacr\u00e9s permet aux p\u00e8lerins <\/span><b>de se connecter plus profond\u00e9ment avec leur voyage<\/b><span style=\"font-weight: 400;\">. Le Chemin de Saint-Jacques n&rsquo;est pas seulement un chemin, c&rsquo;est une porte vers un pass\u00e9 rempli de mysticisme, de croyances ancestrales et d&rsquo;une vision spirituelle du monde qui reste pertinente aujourd&rsquo;hui.<\/span><\/p>\n","protected":false},"excerpt":{"rendered":"<p>Le Chemin de Saint-Jacques n&rsquo;est pas seulement une route de p\u00e8lerinage. Bien plus que cela, c&rsquo;est un voyage charg\u00e9 de symbolisme et de myst\u00e8re qui puise ses racines dans la mythologie ancienne des peuples qui habitaient la p\u00e9ninsule ib\u00e9rique avant l&rsquo;arriv\u00e9e du christianisme. La pr\u00e9sence de la mythologie celtique est particuli\u00e8rement marqu\u00e9e dans les r\u00e9gions [&hellip;]<\/p>\n","protected":false},"author":1,"featured_media":113268,"comment_status":"open","ping_status":"open","sticky":false,"template":"","format":"standard","meta":{"footnotes":""},"categories":[571,575,583],"tags":[],"class_list":["post-113374","post","type-post","status-publish","format-standard","has-post-thumbnail","hentry","category-blog-du-chemin","category-chemin-a-pied","category-histoire"],"_links":{"self":[{"href":"https:\/\/www.mundiplus.com\/fr\/wp-json\/wp\/v2\/posts\/113374","targetHints":{"allow":["GET"]}}],"collection":[{"href":"https:\/\/www.mundiplus.com\/fr\/wp-json\/wp\/v2\/posts"}],"about":[{"href":"https:\/\/www.mundiplus.com\/fr\/wp-json\/wp\/v2\/types\/post"}],"author":[{"embeddable":true,"href":"https:\/\/www.mundiplus.com\/fr\/wp-json\/wp\/v2\/users\/1"}],"replies":[{"embeddable":true,"href":"https:\/\/www.mundiplus.com\/fr\/wp-json\/wp\/v2\/comments?post=113374"}],"version-history":[{"count":0,"href":"https:\/\/www.mundiplus.com\/fr\/wp-json\/wp\/v2\/posts\/113374\/revisions"}],"wp:featuredmedia":[{"embeddable":true,"href":"https:\/\/www.mundiplus.com\/fr\/wp-json\/wp\/v2\/media\/113268"}],"wp:attachment":[{"href":"https:\/\/www.mundiplus.com\/fr\/wp-json\/wp\/v2\/media?parent=113374"}],"wp:term":[{"taxonomy":"category","embeddable":true,"href":"https:\/\/www.mundiplus.com\/fr\/wp-json\/wp\/v2\/categories?post=113374"},{"taxonomy":"post_tag","embeddable":true,"href":"https:\/\/www.mundiplus.com\/fr\/wp-json\/wp\/v2\/tags?post=113374"}],"curies":[{"name":"wp","href":"https:\/\/api.w.org\/{rel}","templated":true}]}}