{"id":115185,"date":"2023-09-03T13:16:08","date_gmt":"2023-09-03T13:16:08","guid":{"rendered":"https:\/\/www.mundiplus.com\/les-villages-les-plus-pittoresques-du-chemin-de-saint-jacques-de-compostelle\/"},"modified":"2023-09-03T13:16:08","modified_gmt":"2023-09-03T13:16:08","slug":"les-villages-les-plus-pittoresques-du-chemin-de-saint-jacques-de-compostelle","status":"publish","type":"post","link":"https:\/\/www.mundiplus.com\/fr\/blog\/villes-pittoresques-chemin-de-santiago\/","title":{"rendered":"Les villages les plus pittoresques du chemin de Saint-Jacques-de-Compostelle"},"content":{"rendered":"<p><span style=\"font-weight: 400;\">Le <a href=\"https:\/\/www.mundiplus.com\/fr\/caminos\/a-pie\/camino-frances\/camino-de-santiago-desde-sarria\"><span data-sheets-value=\"{&quot;1&quot;:2,&quot;2&quot;:&quot;voyage du chemin fran\u00e7ais de Sarria \u00e0 Saint-Jacques-de-Compostelle&quot;}\" data-sheets-userformat=\"{&quot;2&quot;:15295,&quot;3&quot;:{&quot;1&quot;:0},&quot;4&quot;:{&quot;1&quot;:2,&quot;2&quot;:11982760},&quot;5&quot;:{&quot;1&quot;:[{&quot;1&quot;:2,&quot;2&quot;:0,&quot;5&quot;:{&quot;1&quot;:2,&quot;2&quot;:0}},{&quot;1&quot;:0,&quot;2&quot;:0,&quot;3&quot;:3},{&quot;1&quot;:1,&quot;2&quot;:0,&quot;4&quot;:1}]},&quot;6&quot;:{&quot;1&quot;:[{&quot;1&quot;:2,&quot;2&quot;:0,&quot;5&quot;:{&quot;1&quot;:2,&quot;2&quot;:0}},{&quot;1&quot;:0,&quot;2&quot;:0,&quot;3&quot;:3},{&quot;1&quot;:1,&quot;2&quot;:0,&quot;4&quot;:1}]},&quot;7&quot;:{&quot;1&quot;:[{&quot;1&quot;:2,&quot;2&quot;:0,&quot;5&quot;:{&quot;1&quot;:2,&quot;2&quot;:0}},{&quot;1&quot;:0,&quot;2&quot;:0,&quot;3&quot;:3},{&quot;1&quot;:1,&quot;2&quot;:0,&quot;4&quot;:1}]},&quot;8&quot;:{&quot;1&quot;:[{&quot;1&quot;:2,&quot;2&quot;:0,&quot;5&quot;:{&quot;1&quot;:2,&quot;2&quot;:0}},{&quot;1&quot;:0,&quot;2&quot;:0,&quot;3&quot;:3},{&quot;1&quot;:1,&quot;2&quot;:0,&quot;4&quot;:1}]},&quot;10&quot;:2,&quot;11&quot;:0,&quot;12&quot;:0,&quot;14&quot;:{&quot;1&quot;:2,&quot;2&quot;:0},&quot;15&quot;:&quot;Calibri, sans-serif&quot;,&quot;16&quot;:11}\">voyage du chemin fran\u00e7ais de Sarria \u00e0 Saint-Jacques-de-Compostelle<\/span><\/a>, avec ses multiples routes et sentiers, est un voyage spirituel et culturel qui attire des p\u00e8lerins du monde entier depuis des si\u00e8cles. Au-del\u00e0 de sa signification religieuse, le Camino offre \u00e9galement un voyage \u00e0 travers de <strong>superbes paysages<\/strong>, une riche histoire et des villages charmants qui pars\u00e8ment les itin\u00e9raires. <\/span><\/p>\n<p><span style=\"font-weight: 400;\">Ces villages pittoresques n&rsquo;offrent pas seulement un repos aux p\u00e8lerins, mais captivent aussi par leur <strong>architecture historique<\/strong>, leurs traditions enracin\u00e9es et une atmosph\u00e8re qui semble arr\u00eater le temps.<\/span><\/p>\n<p>&nbsp;<\/p>\n<h2><strong>Villages de Lugo sur le Camino de Santiago<\/strong><\/h2>\n<h3><strong>O Cebreiro<\/strong><\/h3>\n<p><img fetchpriority=\"high\" decoding=\"async\" class=\"alignnone wp-image-21606 size-full\" src=\"https:\/\/www.mundiplus.com\/wp-content\/uploads\/2024\/04\/vistas-o-cebreiro-scaled-1.jpg\" alt=\"vistas o cebreiro\" width=\"2560\" height=\"1440\" \/><\/p>\n<p><span style=\"font-weight: 400;\">Perch\u00e9 au sommet des montagnes de Lugo, O Cebreiro \u00e9merge comme un tr\u00e9sor pittoresque sur le Camino de Santiago. Ses petites maisons en pierre avec des toits de chaume semblent sorties d&rsquo;un conte de f\u00e9es. Ici, \u00e0 1 300 m\u00e8tres d&rsquo;altitude, commence l&rsquo;un des <strong>derniers tron\u00e7ons du Chemin Fran\u00e7ais<\/strong>.<\/span><\/p>\n<p><span style=\"font-weight: 400;\">Au fur et \u00e0 mesure que les p\u00e8lerins avancent sur ce chemin pav\u00e9, ils sont accueillis par de vertes prairies s&rsquo;\u00e9tendant \u00e0 perte de vue, cr\u00e9ant un paysage magique et empreint de s\u00e9r\u00e9nit\u00e9.<\/span><\/p>\n<p><img decoding=\"async\" class=\"alignnone size-medium wp-image-29686\" src=\"https:\/\/www.mundiplus.com\/wp-content\/uploads\/2024\/04\/que-ver-en-Melide-1024x769.jpg\" alt=\"\" width=\"1024\" height=\"769\" \/><\/p>\n<h3><strong>Melide<\/strong><\/h3>\n<p>&nbsp;<\/p>\n<p><span style=\"font-weight: 400;\">Ici, les p\u00e8lerins parcourent les derniers kilom\u00e8tres avant d&rsquo;atteindre la majestueuse <strong>Cath\u00e9drale de Santiago<\/strong>. Ce dernier tron\u00e7on n&rsquo;est pas seulement l&rsquo;aboutissement du voyage physique, mais aussi un cadeau pour les sens gr\u00e2ce aux paysages uniques qui entourent Melide, enracin\u00e9s dans une histoire m\u00e9di\u00e9vale. <\/span><\/p>\n<p><span style=\"font-weight: 400;\">Au XIVe si\u00e8cle, cette localit\u00e9 \u00e9tait prot\u00e9g\u00e9e par des murailles aujourd&rsquo;hui disparues et d\u00e9fendue par un ancien ch\u00e2teau, d\u00e9truit apr\u00e8s les <strong>r\u00e9voltes irmandi\u00f1as du XVe si\u00e8cle<\/strong>.<\/span><\/p>\n<p><span style=\"font-weight: 400;\">Le mois d&rsquo;ao\u00fbt brille avec les <strong>f\u00eates de Saint-Roch<\/strong>, du 15 au 21, o\u00f9 la communaut\u00e9 se plonge dans des \u00e9v\u00e9nements gastronomiques, des activit\u00e9s culturelles et les traditionnelles bals populaires. Tout au long de l&rsquo;ann\u00e9e, d&rsquo;autres c\u00e9l\u00e9brations marquent le calendrier. La <strong>f\u00eate en l&rsquo;honneur de la Vierge du Carmel<\/strong> le 16 juillet et les <strong>f\u00eates d\u00e9di\u00e9es \u00e0 Saint-Pierre<\/strong>, le saint patron local, le 29 juin, ne sont que quelques exemples. <\/span><\/p>\n<p><span style=\"font-weight: 400;\">Cependant, la <strong>f\u00eate de Saint-Caralampio<\/strong>, connue sous le nom de f\u00eate des ivrognes, attire particuli\u00e8rement l&rsquo;attention. Le deuxi\u00e8me dimanche de septembre, les d\u00e9vots consacrent leur \u00e2me \u00e0 la divinit\u00e9 du vin dans les bars et tavernes du village.<\/span><\/p>\n<p>&nbsp;<\/p>\n<h2><strong>Villages de Le\u00f3n sur le Camino de Santiago<\/strong><\/h2>\n<h3><strong>Villafranca del Bierzo<\/strong><\/h3>\n<p><img decoding=\"async\" class=\"alignnone size-medium wp-image-29664\" src=\"https:\/\/www.mundiplus.com\/wp-content\/uploads\/2024\/04\/mejores-pueblos-camino-de-santiago-1024x683.jpg\" alt=\"\" width=\"1024\" height=\"683\" \/><\/p>\n<p><span style=\"font-weight: 400;\">\u00c0 mesure que l&rsquo;on se rapproche de la Galice, Villafranca del Bierzo nous accueille avec \u00e9l\u00e9gance. Ce charmant <strong>village m\u00e9di\u00e9val<\/strong> est une \u00e9tape incontournable sur le Chemin. Sa forteresse f\u00e9odale, encore habit\u00e9e aujourd&rsquo;hui, n&rsquo;est que le d\u00e9but de la riche histoire que Villafranca a \u00e0 offrir. <\/span><\/p>\n<p><span style=\"font-weight: 400;\">Ses rues pav\u00e9es nous conduisent \u00e0 la majestueuse <strong>\u00c9glise de Santiago Ap\u00f3stol<\/strong>, \u00e0 l&rsquo;<strong>\u00c9glise de San Juan<\/strong> et au <strong>Couvent des P\u00e8res Paulistes<\/strong>, tous t\u00e9moins silencieux de si\u00e8cles de d\u00e9votion et de culture.<\/span><\/p>\n<p>&nbsp;<\/p>\n<h3><strong>Castrillo de los Polvazares <\/strong><\/h3>\n<p><img loading=\"lazy\" decoding=\"async\" class=\"alignnone size-medium wp-image-29665\" src=\"https:\/\/www.mundiplus.com\/wp-content\/uploads\/2024\/04\/pueblos-del-camino-de-santiago-1024x683.jpg\" alt=\"\" width=\"1024\" height=\"683\" \/><\/p>\n<p><span style=\"font-weight: 400;\">En plein c\u0153ur de Le\u00f3n, nous d\u00e9couvrons <strong>Castrillo de los Polvazares<\/strong>, un v\u00e9ritable tr\u00e9sor historique qui reste un lien vivant avec le pass\u00e9 du Chemin de Santiago. <\/span><\/p>\n<p><span style=\"font-weight: 400;\">Class\u00e9 <strong>ensemble historique et artistique<\/strong>, ce village s\u00e9duit par ses rues pav\u00e9es et ses constructions anciennes, chacune racontant une histoire unique. L&rsquo;air d&rsquo;authenticit\u00e9 qui impr\u00e8gne Castrillo de los Polvazares fait de chaque pas une immersion dans la riche histoire qui entoure ce chemin mill\u00e9naire.<\/span><\/p>\n<p>&nbsp;<\/p>\n<h3><strong>Molinaseca <\/strong><\/h3>\n<p><img loading=\"lazy\" decoding=\"async\" class=\"alignnone size-medium wp-image-29666\" src=\"https:\/\/www.mundiplus.com\/wp-content\/uploads\/2024\/04\/pueblos-pintorescos-camino-de-santiago-1024x576.jpg\" alt=\"\" width=\"1024\" height=\"576\" \/><\/p>\n<p><span style=\"font-weight: 400;\">Perch\u00e9 dans les montagnes de Le\u00f3n, Molinaseca se pr\u00e9sente comme un havre de beaut\u00e9 au c\u0153ur du Camino de Santiago. Nomm\u00e9 <strong>l&rsquo;un des plus beaux villages d&rsquo;Espagne<\/strong>, cet endroit est une destination qui combine la majest\u00e9 des montagnes avec la s\u00e9r\u00e9nit\u00e9 de sa plage fluviale. <\/span><\/p>\n<p><span style=\"font-weight: 400;\">Le pont m\u00e9di\u00e9val qui traverse les eaux ajoute une touche de charme \u00e0 cette \u00e9tape, la rendant inoubliable pour chaque p\u00e8lerin qui passe par ici.<\/span><\/p>\n<p>&nbsp;<\/p>\n<h3><strong>Astorga <\/strong><\/h3>\n<p><img loading=\"lazy\" decoding=\"async\" class=\"alignnone size-medium wp-image-29667\" src=\"https:\/\/www.mundiplus.com\/wp-content\/uploads\/2024\/04\/pueblos-que-ver-en-el-camino-de-santiago-1024x683.jpg\" alt=\"\" width=\"1024\" height=\"683\" \/><\/p>\n<p><span style=\"font-weight: 400;\">Avec une richesse architecturale qui va de sa cath\u00e9drale au <strong>Palais \u00e9piscopal con\u00e7u par l&#8217;embl\u00e9matique Gaud\u00ed<\/strong>, Astorga est un lieu d\u00e9bordant de tr\u00e9sors culturels. Cette ville de Le\u00f3n attire les p\u00e8lerins avec son histoire, ses monuments et son charme. <\/span><\/p>\n<p><span style=\"font-weight: 400;\">La Citadelle, le mus\u00e9e du chocolat et les d\u00e9tails architecturaux uniques ne sont que quelques-unes des raisons pour lesquelles Astorga est une \u00e9tape incontournable du Camino de Santiago et l&rsquo;une des \u00e9tapes essentielles d&rsquo;un <a href=\"https:\/\/www.mundiplus.com\/fr\/\"><span data-sheets-value=\"{&quot;1&quot;:2,&quot;2&quot;:&quot;voyage organis\u00e9 du chemin de Santiago de Compostelle&quot;}\" data-sheets-userformat=\"{&quot;2&quot;:15295,&quot;3&quot;:{&quot;1&quot;:0},&quot;4&quot;:{&quot;1&quot;:2,&quot;2&quot;:11982760},&quot;5&quot;:{&quot;1&quot;:[{&quot;1&quot;:2,&quot;2&quot;:0,&quot;5&quot;:{&quot;1&quot;:2,&quot;2&quot;:0}},{&quot;1&quot;:0,&quot;2&quot;:0,&quot;3&quot;:3},{&quot;1&quot;:1,&quot;2&quot;:0,&quot;4&quot;:1}]},&quot;6&quot;:{&quot;1&quot;:[{&quot;1&quot;:2,&quot;2&quot;:0,&quot;5&quot;:{&quot;1&quot;:2,&quot;2&quot;:0}},{&quot;1&quot;:0,&quot;2&quot;:0,&quot;3&quot;:3},{&quot;1&quot;:1,&quot;2&quot;:0,&quot;4&quot;:1}]},&quot;7&quot;:{&quot;1&quot;:[{&quot;1&quot;:2,&quot;2&quot;:0,&quot;5&quot;:{&quot;1&quot;:2,&quot;2&quot;:0}},{&quot;1&quot;:0,&quot;2&quot;:0,&quot;3&quot;:3},{&quot;1&quot;:1,&quot;2&quot;:0,&quot;4&quot;:1}]},&quot;8&quot;:{&quot;1&quot;:[{&quot;1&quot;:2,&quot;2&quot;:0,&quot;5&quot;:{&quot;1&quot;:2,&quot;2&quot;:0}},{&quot;1&quot;:0,&quot;2&quot;:0,&quot;3&quot;:3},{&quot;1&quot;:1,&quot;2&quot;:0,&quot;4&quot;:1}]},&quot;10&quot;:2,&quot;11&quot;:0,&quot;12&quot;:0,&quot;14&quot;:{&quot;1&quot;:2,&quot;2&quot;:0},&quot;15&quot;:&quot;Calibri, sans-serif&quot;,&quot;16&quot;:11}\">voyage organis\u00e9 du chemin de Santiago de Compostelle<\/span><\/a>.<\/span><\/p>\n<p>&nbsp;<\/p>\n<h2><strong>Santo Domingo de la Calzada (La Rioja)<\/strong><\/h2>\n<p><img loading=\"lazy\" decoding=\"async\" class=\"alignnone size-medium wp-image-29687\" src=\"https:\/\/www.mundiplus.com\/wp-content\/uploads\/2024\/04\/que-ver-en-Santo-Domingo-de-la-Calzada-1024x679.jpg\" alt=\"\" width=\"1024\" height=\"679\" \/><\/p>\n<p><span style=\"font-weight: 400;\">En nous immergeant dans la r\u00e9gion de La Rioja, nous arrivons \u00e0 Santo Domingo de la Calzada, un village empreint d&rsquo;histoire li\u00e9e au Camino de Santiago. Son nom \u00e9voque l&rsquo;histoire du fondateur de l&rsquo;endroit, Domingo Garc\u00eda, dont les efforts ont abouti \u00e0 la construction d&rsquo;un pont, d&rsquo;un h\u00f4pital et d&rsquo;une \u00e9glise. <\/span><\/p>\n<p><span style=\"font-weight: 400;\"><strong>La l\u00e9gende du coq et de la poule<\/strong>, qui prend vie dans cette localit\u00e9, ajoute une touche de magie \u00e0 son atmosph\u00e8re. En explorant ses rues pav\u00e9es et ses monuments historiques, on est t\u00e9moin de la d\u00e9votion qui a travers\u00e9 les si\u00e8cles.<\/span><\/p>\n<p>&nbsp;<\/p>\n<h2><strong>Jaca (Huesca)<\/strong><\/h2>\n<p><img loading=\"lazy\" decoding=\"async\" class=\"alignnone size-medium wp-image-29668\" src=\"https:\/\/www.mundiplus.com\/wp-content\/uploads\/2024\/04\/pueblos-unicos-camino-de-santiago-1024x768.jpg\" alt=\"\" width=\"1024\" height=\"768\" \/><\/p>\n<p><span style=\"font-weight: 400;\">Dans la variante aragonaise du Camino, nous d\u00e9couvrons Jaca, une destination qui combine histoire et beaut\u00e9 naturelle. Entour\u00e9e par le majestueux <strong>Parc National d&rsquo;Ordesa et du Mont-Perdu<\/strong>, Jaca est une <strong>ville m\u00e9di\u00e9vale<\/strong> qui \u00e9voque une sensation de voyage dans le temps. <\/span><\/p>\n<p><span style=\"font-weight: 400;\">La Citadelle imposante de Jaca, une fortification construite au XVIe si\u00e8cle, se dresse comme un symbole de la riche histoire de la r\u00e9gion. De plus, sa proximit\u00e9 avec les sommets enneig\u00e9s et les activit\u00e9s hivernales ajoutent un attrait suppl\u00e9mentaire \u00e0 cet endroit charmant.<\/span><\/p>\n<p>&nbsp;<\/p>\n<h2><strong>Pueblos en Navarra del Camino de Santiago<\/strong><\/h2>\n<h3><strong>Estella <\/strong><\/h3>\n<p><img loading=\"lazy\" decoding=\"async\" class=\"alignnone size-medium wp-image-29688\" src=\"https:\/\/www.mundiplus.com\/wp-content\/uploads\/2024\/04\/que-ver-en-estella-1024x642.jpg\" alt=\"\" width=\"1024\" height=\"642\" \/><\/p>\n<p><span style=\"font-weight: 400;\">Connue sous le nom de <strong>\u00ab\u00a0La Tol\u00e8de du Nord\u00a0\u00bb<\/strong>, Estella est une \u00e9tape incontournable pour les p\u00e8lerins \u00e0 la recherche de l&rsquo;union entre architecture et tradition. <\/span><\/p>\n<p><span style=\"font-weight: 400;\">Ce joyau de la Navarre est entour\u00e9 de montagnes et baign\u00e9 par le fleuve Ega, cr\u00e9ant un cadre aussi pittoresque qu&rsquo;historique. Les <strong>\u00c9glises de San Pedro de la R\u00faa et San Miguel<\/strong>, ainsi que le majestueux <strong>Palais des Rois de Navarre<\/strong>, ne sont que quelques exemples de l&rsquo;h\u00e9ritage architectural riche que Estella offre \u00e0 ses visiteurs.<\/span><\/p>\n<p>&nbsp;<\/p>\n<h3><strong>Puente la Reina <\/strong><\/h3>\n<p><img loading=\"lazy\" decoding=\"async\" class=\"alignnone size-medium wp-image-29689\" src=\"https:\/\/www.mundiplus.com\/wp-content\/uploads\/2024\/04\/que-ver-en-Puente-la-Reina-1024x642.jpg\" alt=\"\" width=\"1024\" height=\"642\" \/><\/p>\n<p><span style=\"font-weight: 400;\">Au point o\u00f9 les routes du Camino de Santiago se croisent depuis Orreaga\/Roncesvalles et Somport, se trouve le charmant Puente la Reina. Ce village historique, avec son pont romanique embl\u00e9matique sur le <strong>fleuve Arga<\/strong>, a \u00e9t\u00e9 t\u00e9moin de si\u00e8cles de voyageurs et de p\u00e8lerins cherchant \u00e0 unir leurs chemins en ce carrefour de cultures et de routes. <\/span><\/p>\n<p><span style=\"font-weight: 400;\">L&rsquo;architecture et l&rsquo;histoire qui enveloppent <strong>Puente la Reina<\/strong> en font un lieu \u00e0 l&rsquo;\u00e9nergie unique sur le Camino.<\/span><\/p>\n<p>&nbsp;<\/p>\n<h3><strong>Roncesvalles <\/strong><\/h3>\n<p><img loading=\"lazy\" decoding=\"async\" class=\"alignnone size-medium wp-image-29669\" src=\"https:\/\/www.mundiplus.com\/wp-content\/uploads\/2024\/04\/pueblos-para-descansar-camino-de-santiago-1024x683.jpg\" alt=\"\" width=\"1024\" height=\"683\" \/><\/p>\n<p><span style=\"font-weight: 400;\">Pour les p\u00e8lerins qui commencent leur voyage du c\u00f4t\u00e9 fran\u00e7ais, Roncesvalles est un point de d\u00e9part plein de signification. Sa majestueuse <strong>Coll\u00e9giale Royale de Santa Mar\u00eda<\/strong> se dresse comme un gardien d&rsquo;histoires et de traditions qui ont travers\u00e9 les si\u00e8cles. <\/span><\/p>\n<p><span style=\"font-weight: 400;\">La solennit\u00e9 de cet endroit marque le d\u00e9but d&rsquo;une travers\u00e9e spirituelle et culturelle qui se m\u00eale \u00e0 l&rsquo;histoire m\u00eame du Camino de Santiago.<\/span><\/p>\n<p><span style=\"font-weight: 400;\">Au fur et \u00e0 mesure de votre parcours, ces villages pittoresques vous invitent \u00e0 explorer leurs ruelles pav\u00e9es, \u00e0 contempler la majest\u00e9 de leurs monuments historiques et \u00e0 vous immerger dans l&rsquo;authenticit\u00e9 de leurs traditions. <\/span><\/p>\n<p><span style=\"font-weight: 400;\">Chacun de ces lieux ajoute un chapitre unique \u00e0 votre voyage, tisse des histoires qui se m\u00ealent \u00e0 l&rsquo;esprit du Camino et vous offre une exp\u00e9rience qui va bien au-del\u00e0 des mots. Avec leur architecture \u00e9vocatrice, leurs l\u00e9gendes captivantes et leur beaut\u00e9 intemporelle, ces villages sont de v\u00e9ritables joyaux tout au long de votre p\u00e8lerinage.<\/span><\/p>\n","protected":false},"excerpt":{"rendered":"<p>Le voyage du chemin fran\u00e7ais de Sarria \u00e0 Saint-Jacques-de-Compostelle, avec ses multiples routes et sentiers, est un voyage spirituel et culturel qui attire des p\u00e8lerins du monde entier depuis des si\u00e8cles. Au-del\u00e0 de sa signification religieuse, le Camino offre \u00e9galement un voyage \u00e0 travers de superbes paysages, une riche histoire et des villages charmants qui [&hellip;]<\/p>\n","protected":false},"author":1,"featured_media":81719,"comment_status":"open","ping_status":"open","sticky":false,"template":"","format":"standard","meta":{"footnotes":""},"categories":[571,603,599],"tags":[],"class_list":["post-115185","post","type-post","status-publish","format-standard","has-post-thumbnail","hentry","category-blog-du-chemin","category-sites-emblematiques","category-villages-et-regions"],"_links":{"self":[{"href":"https:\/\/www.mundiplus.com\/fr\/wp-json\/wp\/v2\/posts\/115185","targetHints":{"allow":["GET"]}}],"collection":[{"href":"https:\/\/www.mundiplus.com\/fr\/wp-json\/wp\/v2\/posts"}],"about":[{"href":"https:\/\/www.mundiplus.com\/fr\/wp-json\/wp\/v2\/types\/post"}],"author":[{"embeddable":true,"href":"https:\/\/www.mundiplus.com\/fr\/wp-json\/wp\/v2\/users\/1"}],"replies":[{"embeddable":true,"href":"https:\/\/www.mundiplus.com\/fr\/wp-json\/wp\/v2\/comments?post=115185"}],"version-history":[{"count":0,"href":"https:\/\/www.mundiplus.com\/fr\/wp-json\/wp\/v2\/posts\/115185\/revisions"}],"wp:featuredmedia":[{"embeddable":true,"href":"https:\/\/www.mundiplus.com\/fr\/wp-json\/wp\/v2\/media\/81719"}],"wp:attachment":[{"href":"https:\/\/www.mundiplus.com\/fr\/wp-json\/wp\/v2\/media?parent=115185"}],"wp:term":[{"taxonomy":"category","embeddable":true,"href":"https:\/\/www.mundiplus.com\/fr\/wp-json\/wp\/v2\/categories?post=115185"},{"taxonomy":"post_tag","embeddable":true,"href":"https:\/\/www.mundiplus.com\/fr\/wp-json\/wp\/v2\/tags?post=115185"}],"curies":[{"name":"wp","href":"https:\/\/api.w.org\/{rel}","templated":true}]}}