{"id":115234,"date":"2023-07-24T15:07:59","date_gmt":"2023-07-24T15:07:59","guid":{"rendered":"https:\/\/www.mundiplus.com\/saint-francois-dassise-et-le-chemin-de-saint-jacques-de-compostelle\/"},"modified":"2023-07-24T15:07:59","modified_gmt":"2023-07-24T15:07:59","slug":"saint-francois-dassise-et-le-chemin-de-saint-jacques-de-compostelle","status":"publish","type":"post","link":"https:\/\/www.mundiplus.com\/fr\/blog\/saint-francois-dassise-et-le-chemin-de-saint-jacques-de-compostelle\/","title":{"rendered":"Saint Fran\u00e7ois d&rsquo;Assise et le chemin de Saint-Jacques de Compostelle"},"content":{"rendered":"<p>La p\u00e8lerinage en direction de Saint-Jacques-de-Compostelle est devenu une tradition depuis plusieurs si\u00e8cles. Un grand nombre de p\u00e8lerins, venant de diff\u00e9rentes parties du monde, ont parcouru cette route. En fait, les experts pensent que <strong>Saint Fran\u00e7ois d&rsquo;Assise<\/strong> en faisait partie.<\/p>\n<h2><strong>Saint Fran\u00e7ois d&rsquo;Assise : Qui est-il ?<\/strong><\/h2>\n<p>Fran\u00e7ois d&rsquo;Assise est <strong>un saint d&rsquo;Italie<\/strong>, fils d&rsquo;un marchand riche qui a v\u00e9cu dans une pauvret\u00e9 stricte. Il a v\u00e9cu entre les XIIe et XIIIe si\u00e8cles et a fond\u00e9 l&rsquo;ordre franciscain. Il a \u00e9galement contribu\u00e9 \u00e0 la fondation de l&rsquo;ordre des s\u0153urs Clarisses, en travaillant aux c\u00f4t\u00e9s de Claire d&rsquo;Assise.<\/p>\n<p>C&rsquo;est pourquoi il a \u00e9t\u00e9 canonis\u00e9 deux ans apr\u00e8s sa mort et est aujourd&rsquo;hui consid\u00e9r\u00e9 comme <strong>une grande figure du catholicisme<\/strong>. On pense m\u00eame qu&rsquo;il fait partie de l&rsquo;histoire accumul\u00e9e du Camino de Santiago.<\/p>\n<p>Dans ce qui suit, depuis Mundiplus, en tant que l&rsquo;une des principales <a href=\"https:\/\/www.mundiplus.com\/fr\/\" target=\"_blank\" rel=\"noopener\">entreprises pour faire le Camino de Santiago<\/a>, nous souhaitons vous en dire un peu plus sur son histoire.<\/p>\n<h2><strong>Quel lien existe-t-il entre le Camino de Santiago et Saint Fran\u00e7ois d&rsquo;Assise ?<\/strong><\/h2>\n<p>Le lien entre le Camino de Santiago et Saint Fran\u00e7ois d&rsquo;Assise repose sur une tradition \u00e9crite et orale <strong>depuis le XIVe si\u00e8cle<\/strong>. L&rsquo;histoire raconte que Fran\u00e7ois a commenc\u00e9 son parcours depuis la r\u00e9gion aragonaise, avant de passer par la Navarre (plus pr\u00e9cis\u00e9ment Rocaforte).<\/p>\n<p>Cela s&rsquo;est pass\u00e9 entre mai 1213 et novembre 1215. C&rsquo;est-\u00e0-dire apr\u00e8s P\u00e2ques mais avant sa participation au IVe Concile de Latran. L\u00e0, il a laiss\u00e9 Bernardo di Quintavalle dans le <strong>ermitage d\u00e9di\u00e9 \u00e0 Saint Barth\u00e9l\u00e9my<\/strong>.<\/p>\n<p><strong>Ce b\u00e2timent est toujours debout<\/strong> gr\u00e2ce aux travaux de restauration r\u00e9cents de la municipalit\u00e9 et de l&rsquo;ancienne communaut\u00e9 franciscaine. Les membres de cette communaut\u00e9 ont habit\u00e9 le b\u00e2timent jusqu&rsquo;\u00e0 la d\u00e9saffectation du XIXe si\u00e8cle.<\/p>\n<p>L&rsquo;ermitage poss\u00e8de ses propres l\u00e9gendes, tout comme d&rsquo;autres lieux symboliques pour les catholiques. Un des \u00e9l\u00e9ments de l&rsquo;une de ces l\u00e9gendes, le tronc ou le b\u00e2ton de Fran\u00e7ois, demeure dans l&rsquo;oratoire. Ainsi, il est consid\u00e9r\u00e9 comme un signe qui lie <strong>Saint Fran\u00e7ois d&rsquo;Assise<\/strong> au Camino de Santiago.<\/p>\n<h2><strong>Les traces de Saint Fran\u00e7ois d&rsquo;Assise sur le Camino de Santiago<\/strong><\/h2>\n<p>La pr\u00e9sence de <strong>Saint Fran\u00e7ois d&rsquo;Assise<\/strong> dans diverses parties du Camino de Santiago a laiss\u00e9 des traces. Ces traces sont encore perceptibles aujourd&rsquo;hui, en faisant le parcours du <a href=\"https:\/\/www.mundiplus.com\/fr\/caminos\/a-pie\/camino-frances\/camino-de-santiago-desde-sarria\" target=\"_blank\" rel=\"noopener\">Camino de Santiago de Sarria \u00e0 Saint-Jacques-de-Compostelle<\/a>.<\/p>\n<p>Certaines sont dans des peintures, d&rsquo;autres dans des images faites de pierre et <strong>d&rsquo;autres ne sont que des traditions ou des l\u00e9gendes<\/strong>. Cependant, il est possible de les trouver dans plus d&rsquo;une ville du c\u00e9l\u00e8bre Camino de Santiago.<\/p>\n<h3><strong>Ca\u00f1as<\/strong><\/h3>\n<p>Les s\u0153urs de l&rsquo;ordre cistercien de Ca\u00f1as avaient deux traditions orales. L&rsquo;une concernait l&rsquo;endroit o\u00f9 Urraca L\u00f3pez de Haro \u00e9tait enterr\u00e9e. Cette abbesse est d\u00e9c\u00e9d\u00e9e en 1262 \u00e0 l&rsquo;\u00e2ge de 92 ans. La deuxi\u00e8me tradition repose sur l&rsquo;amiti\u00e9 entre cette <strong>abbesse et Saint Fran\u00e7ois d&rsquo;Assise<\/strong>.<\/p>\n<p>En 1898, des fouilles ont \u00e9t\u00e9 r\u00e9alis\u00e9es et ont permis de d\u00e9couvrir le tombeau avec des sculptures de ceux qui ont assist\u00e9 \u00e0 l&rsquo;enterrement. Parmi les personnes figurent deux franciscains que, selon l&rsquo;histoire racont\u00e9e, <strong>Saint Fran\u00e7ois d&rsquo;Assise<\/strong> avait demand\u00e9 d&rsquo;accompagner. Ainsi, il a montr\u00e9 son attention envers l&rsquo;amiti\u00e9 qu&rsquo;il entretenait avec cette femme.<\/p>\n<p><img fetchpriority=\"high\" decoding=\"async\" class=\"alignnone size-medium wp-image-29203\" src=\"https:\/\/www.mundiplus.com\/wp-content\/uploads\/2024\/04\/Puerta_de_la_Coroneria_Catedral_de_Burgos-scaled.jpg\" alt=\"Puerta Coroneria Catedral Burgos\" width=\"1024\" height=\"576\" \/><\/p>\n<h3><strong>Camino de Santiago de Burgos \u00e0 Le\u00f3n<\/strong><\/h3>\n<p>Gonzaga raconte que <strong>Saint Fran\u00e7ois d&rsquo;Assise<\/strong> a rencontr\u00e9 le roi de Castille de l&rsquo;\u00e9poque. Cette rencontre, dont l&rsquo;objectif \u00e9tait de pr\u00e9senter la r\u00e8gle de l&rsquo;ordre franciscain, est repr\u00e9sent\u00e9e dans deux cath\u00e9drales :<\/p>\n<ul>\n<li><strong>Cath\u00e9drale de Burgos<\/strong>, o\u00f9 Fran\u00e7ois se trouve dans la queue pour pr\u00e9senter son offrande au Saint Fernando III. Cette sc\u00e8ne est situ\u00e9e sur la porte de Coroner\u00eda.<\/li>\n<li>L&rsquo;autre sc\u00e8ne se trouve sur la <strong>porte de Poniente, \u00e0 Le\u00f3n<\/strong>. Ici, Fran\u00e7ois est face au roi. Les deux sc\u00e8nes se situent dans le contexte d&rsquo;un Jugement Dernier.<\/li>\n<\/ul>\n<p>D&rsquo;autre part, bien qu&rsquo;il n&rsquo;y ait pas de documents qui le confirment, il est dit que Villafranca poss\u00e8de une tradition franciscaine vivante. On croit que Fran\u00e7ois <strong>a s\u00e9journ\u00e9 \u00e0 l&rsquo;ancien h\u00f4pital<\/strong> de Se\u00f1or Santiago (actuel couvent des Clarisses).<\/p>\n<h3><strong>Saint-Jacques-de-Compostelle<\/strong><\/h3>\n<p>Il existe plusieurs traditions qui t\u00e9moignent de la pr\u00e9sence de <strong>Saint Fran\u00e7ois d&rsquo;Assise<\/strong> sur le Camino de Santiago.<\/p>\n<p>Il est dit que le <strong>Monast\u00e8re de Saint Beno\u00eet<\/strong> a donn\u00e9 un terrain \u00e0 Fran\u00e7ois pour y \u00e9tablir son couvent. En \u00e9change, cet homme s&rsquo;engageait \u00e0 payer un loyer sous la forme d&rsquo;un panier de poissons chaque ann\u00e9e. Cette tradition s&rsquo;est maintenue jusqu&rsquo;au XIXe si\u00e8cle.<\/p>\n<p>Mais la tradition la plus forte fut celle de <strong>Carbonero Cotolay<\/strong>, qui vivait sur le Mont Pedroso. Plus pr\u00e9cis\u00e9ment, il vivait \u00e0 c\u00f4t\u00e9 de l&rsquo;ermitage de Saint Paio.<\/p>\n<p>L&rsquo;histoire raconte que Cotolay a accueilli Fran\u00e7ois et l&rsquo;a aid\u00e9 \u00e0 construire le couvent. Il n&rsquo;est donc pas surprenant qu&rsquo;une image de Saint Fran\u00e7ois ait \u00e9t\u00e9 plac\u00e9e dans l&rsquo;ermitage de Saint Paio. Cette <strong>image date du XIIIe si\u00e8cle<\/strong> et \u00e9tait consid\u00e9r\u00e9e comme une repr\u00e9sentation de l&rsquo;homme vu \u00e0 cet endroit.<\/p>\n<p><img decoding=\"async\" class=\"alignnone size-medium wp-image-29204\" src=\"https:\/\/www.mundiplus.com\/wp-content\/uploads\/2024\/04\/catedral_interior-1024x685.jpg\" alt=\"Catedral Ciudad Rodrigo\" width=\"1024\" height=\"685\" \/><\/p>\n<h3><strong>Ciudad Rodrigo<\/strong><\/h3>\n<p>Une autre des traditions attribu\u00e9es \u00e0 la pr\u00e9sence de Saint Fran\u00e7ois d&rsquo;Assise sur le Camino de Santiago est li\u00e9e \u00e0 cette ville. Le t\u00e9moignage provient d&rsquo;une surprenante <strong>iconographie dans la cath\u00e9drale de Ciudad Rodrigo<\/strong>. En plus des sc\u00e8nes franciscaines, il existe une image du XIIIe si\u00e8cle sculpt\u00e9e dans la pierre.<\/p>\n<p>Vous pourrez la voir dans la vo\u00fbte num\u00e9ro trois. Elle repr\u00e9sente Saint Fran\u00e7ois sans barbe, pieds nus et avec un b\u00e2ton. En r\u00e9alit\u00e9, <strong>elle correspond \u00e0 la description faite par le biographe Celano<\/strong>. C&rsquo;est pourquoi il est racont\u00e9 que cette image a \u00e9t\u00e9 sculpt\u00e9e pour rappeler qu&rsquo;il est pass\u00e9 par cette ville.<\/p>\n<h3><strong>Tudela<\/strong><\/h3>\n<p>Lors du retour de Saint Fran\u00e7ois d&rsquo;Assise vers le nord, plusieurs villes conservent des vestiges de sa pr\u00e9sence.<\/p>\n<p>\u00c0 <strong>Tudela<\/strong>, il est dit qu&rsquo;une famille (les Veraiz) a accueilli Fran\u00e7ois et a favoris\u00e9 sa pr\u00e9sence sur place. Certaines traditions locales affirment que son itin\u00e9raire pour revenir en Italie passait par le c\u00e9l\u00e8bre chemin jacob\u00e9en. Cela englobe Torrelavega, Oviedo, Viveda, Santander, Saint-S\u00e9bastien et Vitoria.<\/p>\n<p>Il convient de pr\u00e9ciser qu&rsquo;il existe d&rsquo;autres traditions qui marquent un itin\u00e9raire diff\u00e9rent de celui d\u00e9crit ci-dessus. Mais certaines sont plus coh\u00e9rentes que d&rsquo;autres, ce qui permet de plus facilement \u00e9carter et d\u00e9tecter les v\u00e9ritables possibilit\u00e9s.<\/p>\n<p>L&rsquo;Ordre franciscain a inaugur\u00e9 le 17 janvier 2014 l&rsquo;<a href=\"https:\/\/www.mundiplus.com\/fr\/blog\/ano-franciscano-2014\" target=\"_blank\" rel=\"noopener\">Ann\u00e9e franciscaine jubilaire<\/a> qui comm\u00e9morait le huiti\u00e8me anniversaire de la p\u00e8lerinage de Saint Fran\u00e7ois d&rsquo;Assise \u00e0 Saint-Jacques-de-Compostelle.<\/p>\n","protected":false},"excerpt":{"rendered":"<p>La p\u00e8lerinage en direction de Saint-Jacques-de-Compostelle est devenu une tradition depuis plusieurs si\u00e8cles. Un grand nombre de p\u00e8lerins, venant de diff\u00e9rentes parties du monde, ont parcouru cette route. En fait, les experts pensent que Saint Fran\u00e7ois d&rsquo;Assise en faisait partie. Saint Fran\u00e7ois d&rsquo;Assise : Qui est-il ? Fran\u00e7ois d&rsquo;Assise est un saint d&rsquo;Italie, fils d&rsquo;un [&hellip;]<\/p>\n","protected":false},"author":1,"featured_media":94799,"comment_status":"open","ping_status":"open","sticky":false,"template":"","format":"standard","meta":{"footnotes":""},"categories":[571,603],"tags":[],"class_list":["post-115234","post","type-post","status-publish","format-standard","has-post-thumbnail","hentry","category-blog-du-chemin","category-sites-emblematiques"],"_links":{"self":[{"href":"https:\/\/www.mundiplus.com\/fr\/wp-json\/wp\/v2\/posts\/115234","targetHints":{"allow":["GET"]}}],"collection":[{"href":"https:\/\/www.mundiplus.com\/fr\/wp-json\/wp\/v2\/posts"}],"about":[{"href":"https:\/\/www.mundiplus.com\/fr\/wp-json\/wp\/v2\/types\/post"}],"author":[{"embeddable":true,"href":"https:\/\/www.mundiplus.com\/fr\/wp-json\/wp\/v2\/users\/1"}],"replies":[{"embeddable":true,"href":"https:\/\/www.mundiplus.com\/fr\/wp-json\/wp\/v2\/comments?post=115234"}],"version-history":[{"count":0,"href":"https:\/\/www.mundiplus.com\/fr\/wp-json\/wp\/v2\/posts\/115234\/revisions"}],"wp:featuredmedia":[{"embeddable":true,"href":"https:\/\/www.mundiplus.com\/fr\/wp-json\/wp\/v2\/media\/94799"}],"wp:attachment":[{"href":"https:\/\/www.mundiplus.com\/fr\/wp-json\/wp\/v2\/media?parent=115234"}],"wp:term":[{"taxonomy":"category","embeddable":true,"href":"https:\/\/www.mundiplus.com\/fr\/wp-json\/wp\/v2\/categories?post=115234"},{"taxonomy":"post_tag","embeddable":true,"href":"https:\/\/www.mundiplus.com\/fr\/wp-json\/wp\/v2\/tags?post=115234"}],"curies":[{"name":"wp","href":"https:\/\/api.w.org\/{rel}","templated":true}]}}