{"id":115262,"date":"2023-07-05T13:59:46","date_gmt":"2023-07-05T13:59:46","guid":{"rendered":"https:\/\/www.mundiplus.com\/les-5-monuments-les-plus-importants-du-chemin-anglais\/"},"modified":"2023-07-05T13:59:46","modified_gmt":"2023-07-05T13:59:46","slug":"les-5-monuments-les-plus-importants-du-chemin-anglais","status":"publish","type":"post","link":"https:\/\/www.mundiplus.com\/fr\/blog\/les-5-monuments-les-plus-importants-du-chemin-anglais\/","title":{"rendered":"Les 5 monuments les plus importants du Chemin Anglais"},"content":{"rendered":"<p><a href=\"https:\/\/www.mundiplus.com\/fr\/caminos\/a-pie\/camino-ingles\" target=\"_blank\" rel=\"noopener\"><strong>Le Camino Ingl\u00e9s<\/strong><\/a> est <strong>le premier itin\u00e9raire maritime de p\u00e8lerinage utilis\u00e9 au Moyen \u00c2ge<\/strong> par les d\u00e9vots anglais, irlandais et d&rsquo;autres pays du nord de l&rsquo;Europe. Si vous ne le saviez pas, cet itin\u00e9raire propose deux variantes : Depuis Ferrol ou depuis A Coru\u00f1a.<\/p>\n<p>Tout au long du chemin, vous pourrez profiter de l&rsquo;histoire, du patrimoine et de la tranquillit\u00e9 caract\u00e9ristiques du Camino Ingl\u00e9s. Vous d\u00e9couvrirez aussi des paysages naturels, visiterez des monuments et profiterez des plages et des rivi\u00e8res de cet itin\u00e9raire.<\/p>\n<p>Si vous souhaitez emprunter le Camino Ingl\u00e9s, voici les monuments les plus importants que vous pourrez voir et d\u00e9couvrir tout au long de ce chemin jacob\u00e9en.<\/p>\n<h2><strong>Que voir sur le Camino Ingl\u00e9s<\/strong><\/h2>\n<p>Cet itin\u00e9raire vous offre la possibilit\u00e9 de le parcourir <strong>\u00e0 tout moment de l&rsquo;ann\u00e9e<\/strong>. En effet, c&rsquo;est l&rsquo;alternative id\u00e9ale pour d\u00e9couvrir des monuments in\u00e9galables avec une architecture n\u00e9oclassique, des \u00e9glises, des couvents et des villages au riche patrimoine culturel et paysager.<\/p>\n<p>De plus, c&rsquo;est un itin\u00e9raire parfait pour <strong>profiter de temp\u00e9ratures plus agr\u00e9ables<\/strong> gr\u00e2ce \u00e0 la proximit\u00e9 de la mer. Cette route offre \u00e9galement <strong>des ch\u00e2teaux majestueux, des for\u00eats et une grande vari\u00e9t\u00e9 de temples des XIIe-XVIe si\u00e8cles<\/strong>. Tout au long de ce parcours, vous pourrez vivre une exp\u00e9rience historique et religieuse unique.<\/p>\n<h2><strong>Les monuments les plus importants du Camino Ingl\u00e9s<\/strong><\/h2>\n<p>Contrairement au c\u00e9l\u00e8bre et tr\u00e8s fr\u00e9quent\u00e9 <a href=\"https:\/\/www.mundiplus.com\/fr\/caminos\/a-pie\/camino-frances\/camino-de-santiago-desde-sarria\" target=\"_blank\" rel=\"noopener\">Camino de Santiago depuis Sarria<\/a>, le Camino Ingl\u00e9s est un itin\u00e9raire id\u00e9al pour les p\u00e8lerins \u00e0 la recherche de tranquillit\u00e9 et souhaitant d\u00e9couvrir des lieux historiques et religieux. Vous pourrez y appr\u00e9cier les villages de Galice, avec leurs paysages de rias, marais, ports, plages et grandes villes d&rsquo;importance historique, monumentale et industrielle.<\/p>\n<p>En tant que l&rsquo;une des principales <a href=\"https:\/\/www.mundiplus.com\/fr\/\" target=\"_blank\" rel=\"noopener\">entreprises organisatrices du Camino de Santiago<\/a>, nous sommes de grands connaisseurs de cet itin\u00e9raire. Voici une description d\u00e9taill\u00e9e des cinq monuments les plus remarquables que vous rencontrerez sur les diff\u00e9rentes \u00e9tapes de ce chemin :<\/p>\n<p><img fetchpriority=\"high\" decoding=\"async\" class=\"alignnone size-medium wp-image-28980\" src=\"https:\/\/www.mundiplus.com\/wp-content\/uploads\/2024\/04\/Torre-dos-Andrade-1024x768.jpg\" alt=\"Torre-dos-Andrade\" width=\"1024\" height=\"768\" \/><\/p>\n<h3><strong>Torre\u00f3n dos Andrade<\/strong><\/h3>\n<p>Il s&rsquo;agit d&rsquo;une construction datant de l&rsquo;\u00e9poque de Fern\u00e1n P\u00e9rez de Andrade, qui <strong>remonte aux ann\u00e9es 1370-1380<\/strong>. C&rsquo;est le <strong>Palais-Forteresse des Comtes d&rsquo;Andrade<\/strong>, situ\u00e9 \u00e0 l&rsquo;endroit o\u00f9 se trouvent aujourd&rsquo;hui le march\u00e9 et la fontaine du Pil\u00f3n, sur la Praza do Conde. Ce lieu servait de <strong>r\u00e9sidence et de d\u00e9fense<\/strong>.<\/p>\n<p>Ce b\u00e2timent est connu sous le nom de Torre\u00f3n. <strong>Ses murs ont une \u00e9paisseur de 2,35 m\u00e8tres<\/strong>, il est de plan carr\u00e9 et mesure <strong>18 m\u00e8tres de hauteur<\/strong>. De plus, il poss\u00e8de quatre \u00e9tages et le deuxi\u00e8me comportait un pont-levis.<\/p>\n<p>Ses fen\u00eatres gothiques et les arcs lob\u00e9s s\u00e9par\u00e9s par un trumeau sont \u00e9galement d&rsquo;un grand attrait. On y trouve un \u0153il-de-b\u0153uf avec des trac\u00e9s, ainsi qu&rsquo;un \u0153scluse perfor\u00e9 avec le \u00ab sceau de Salomon \u00bb ou une croix \u00e0 cinq pointes sur une fen\u00eatre.<\/p>\n<p>Sur la fa\u00e7ade, vous pouvez voir l&rsquo;impressionnant blason qui r\u00e9unit les <strong>armoiries des familles Andrade et Lemus du XVIIe si\u00e8cle<\/strong>. Gr\u00e2ce \u00e0 sa structure, il est consid\u00e9r\u00e9 comme un exemple parfait de l&rsquo;architecture m\u00e9di\u00e9vale en Galice.<\/p>\n<p>Durant votre parcours, vous pourrez d\u00e9couvrir le <strong>Centre d&rsquo;interpr\u00e9tation des Andrade<\/strong>. Ce centre comprend \u00e9galement l&rsquo;office de tourisme et une exposition de gravures de l&rsquo;artiste Julio Prieto Nespereira.<\/p>\n<p><img decoding=\"async\" class=\"alignnone size-full wp-image-28982\" src=\"https:\/\/www.mundiplus.com\/wp-content\/uploads\/2024\/04\/Concatedral-de-San-Julian.jpg\" alt=\"Concatedral de San Julian\" width=\"1024\" height=\"683\" \/><\/p>\n<h3><strong>Concath\u00e9drale de San Juli\u00e1n San Xiao<\/strong><\/h3>\n<p>Dans la ville de Ferrol, vous pourrez d\u00e9couvrir ce monument religieux important. Construit \u00e0<strong> la fin du XVIIe si\u00e8cle<\/strong> sur les vestiges de l&rsquo;ancienne \u00e9glise romane, le sanctuaire est <strong>consacr\u00e9 \u00e0 San Juli\u00e1n<\/strong>, le saint patron de la ville, dont la f\u00eate a lieu le 7 janvier.<\/p>\n<p>En 1959, elle a obtenu le titre de Concath\u00e9drale et fait partie du dioc\u00e8se de Mondo\u00f1edo-Ferrol. Ce temple est une \u00e9difice importante d&rsquo;architecture <strong>n\u00e9oclassique<\/strong> et se distingue par sa forme en croix et ses chapelles lat\u00e9rales. Sa fa\u00e7ade principale est flanqu\u00e9e de deux tours \u00e9lanc\u00e9es, couronn\u00e9es par un fronton triangulaire soutenant une croix au centre et des sommets pyramides \u00e0 ses extr\u00e9mit\u00e9s.<\/p>\n<p>De plus, l&rsquo;\u00e9difice poss\u00e8de un vestibule \u00e0 trois arcs et deux colonnes avec des portes menant \u00e0 l&rsquo;int\u00e9rieur, ainsi que deux fen\u00eatres et un fronton d\u00e9coratif au centre de l&rsquo;arc principal. De m\u00eame, sa structure ext\u00e9rieure combine le granit avec un enduit blanc sur les murs. Cela en fait un attrait monumental d&rsquo;une grande valeur artistique.<\/p>\n<h3><strong>Torre de H\u00e9rcules<\/strong><\/h3>\n<p>Si vous faites le Camino de Santiago de Compostela depuis Sarria, un voyage organis\u00e9, vous d\u00e9couvrirez sans aucun doute ce site. Il s&rsquo;agit du <strong>seul phare romain encore op\u00e9rationnel au monde<\/strong>.<\/p>\n<p>Il sert de signal maritime et d&rsquo;instrument de navigation pour les navires traversant le corridor atlantique. Ce <strong>phare est le symbole de la ville d&rsquo;A Coru\u00f1a<\/strong>. Il est situ\u00e9 \u00e0 50 m\u00e8tres au nord de la p\u00e9ninsule et est <strong>class\u00e9 au patrimoine mondial de l&rsquo;humanit\u00e9 depuis 2009<\/strong>.<\/p>\n<p>Ce phare de l&rsquo;\u00e9poque romaine <strong>a \u00e9t\u00e9 restaur\u00e9 et r\u00e9nov\u00e9 aux XVIIe et XVIIIe si\u00e8cles<\/strong>. Il poss\u00e8de une base carr\u00e9e avec des fen\u00eatres ext\u00e9rieures et une structure prismatique en forme de tour octogonale, renforc\u00e9e par des sections triangulaires aux coins. De plus, vous devrez entrer par une porte en fer o\u00f9 vous pourrez voir des pierres anciennes de la tour.<\/p>\n<p>Pour atteindre le phare, il vous faudra monter un escalier en colima\u00e7on raide et sinueux. Depuis le sommet, vous profiterez <strong>de l&rsquo;une des meilleures vues de la ville<\/strong>. Vous pourrez apercevoir la ria de A Coru\u00f1a, Sada, Ferrol et le port ext\u00e9rieur de Ferrol, ainsi que le cap Priori\u00f1o, les \u00eeles Sisargas et le cap Prior.<\/p>\n<p>De plus, vous trouverez ici le <strong>Parc Sculptural de la Torre de H\u00e9rcules<\/strong>, o\u00f9 vous pourrez admirer des sculptures repr\u00e9sentant les mythes et l\u00e9gendes entourant le monument, tels que la coquille, les dolmens et menhirs, H\u00e9rcules et la Nave des Argonautes.<\/p>\n<h3><strong>Ch\u00e2teau d&rsquo;Andrade<\/strong><\/h3>\n<p>Le <strong>Ch\u00e2teau d&rsquo;Andrade<\/strong> a \u00e9t\u00e9 construit \u00e0 la fin du XIVe si\u00e8cle <strong>pour surveiller les acc\u00e8s par terre et par mer \u00e0 la ville de Pontedeume<\/strong>. Sa construction a \u00e9t\u00e9 command\u00e9e par Fernando P\u00e9rez de Andrade, sur des terrains acquis aux moines de Sobrado. Ce ch\u00e2teau en pierre a \u00e9t\u00e9 un excellent moyen de d\u00e9fense.<\/p>\n<p>La tour du donjon est la partie la mieux conserv\u00e9e. Cependant, l&rsquo;int\u00e9rieur est inaccessible. En raison de ses dimensions r\u00e9duites, elle servait principalement de bastion ou de simple guet. La tour est de plan carr\u00e9 et mesure 20 m\u00e8tres de hauteur. Depuis ici, vous pouvez voir les rias de Ferrol, Ares et Betanzos.<\/p>\n<p>Ce <strong>ch\u00e2teau avait trois \u00e9tages<\/strong>, le sup\u00e9rieur \u00e9tant couvert d&rsquo;une vo\u00fbte en pierre taill\u00e9e. Au rez-de-chauss\u00e9e se trouvaient les logements et la seule porte d&rsquo;entr\u00e9e, flanqu\u00e9e de deux tours prismatiques, ferm\u00e9e par un pont-levis et une porte int\u00e9rieure \u00e0 double battant.<\/p>\n<p><img decoding=\"async\" class=\"alignnone size-medium wp-image-28978\" src=\"https:\/\/www.mundiplus.com\/wp-content\/uploads\/2024\/04\/MONASTERIO-SAN-MARTINO-DE-XUVIA-1024x683.jpg\" alt=\"MONASTERIO-SAN-MARTINO-DE-XUVIA\" width=\"1024\" height=\"683\" \/><\/p>\n<h3><strong>Monast\u00e8re de San Marti\u00f1o de Xuvia<\/strong><\/h3>\n<p>Il s&rsquo;agit d&rsquo;un <strong>monast\u00e8re construit sous les ordres du Comte de Traba au XIIe si\u00e8cle<\/strong> et qui a \u00e9t\u00e9 int\u00e9gr\u00e9 \u00e0 l&rsquo;Ordre de Cluny en tant que prieur\u00e9.<\/p>\n<p>De plus, il est consacr\u00e9 \u00e0 San Mart\u00edn, symbole de l&rsquo;importance de l&rsquo;assistance et de l&rsquo;hospitalit\u00e9 envers les p\u00e8lerins. \u00c9galement connu sous le nom de Monast\u00e8re do Couto, il est l&rsquo;un des b\u00e2timents religieux les plus importants de Galice et a \u00e9t\u00e9 <strong>d\u00e9clar\u00e9 Monument Artistique National<\/strong>.<\/p>\n<p>C&rsquo;est une construction historique qui <strong>a servi de soutien aux p\u00e8lerins du Camino de Santiago<\/strong>, offrant une aide spirituelle et mat\u00e9rielle \u00e0 travers les prieur\u00e9s tout au long des chemins de p\u00e8lerinage.<\/p>\n<p>Vous pourrez \u00e9galement profiter de l&rsquo;architecture romane et du style compostelan gr\u00e2ce \u00e0 son \u00e9glise basilicale \u00e0 trois nefs. Les chapiteaux \u00e0 l&rsquo;int\u00e9rieur du temple et la repr\u00e9sentation des p\u00e9ch\u00e9s capitaux sur les modillons ext\u00e9rieurs sont \u00e9galement d&rsquo;un grand attrait.<\/p>\n","protected":false},"excerpt":{"rendered":"<p>Le Camino Ingl\u00e9s est le premier itin\u00e9raire maritime de p\u00e8lerinage utilis\u00e9 au Moyen \u00c2ge par les d\u00e9vots anglais, irlandais et d&rsquo;autres pays du nord de l&rsquo;Europe. Si vous ne le saviez pas, cet itin\u00e9raire propose deux variantes : Depuis Ferrol ou depuis A Coru\u00f1a. Tout au long du chemin, vous pourrez profiter de l&rsquo;histoire, du [&hellip;]<\/p>\n","protected":false},"author":1,"featured_media":94699,"comment_status":"open","ping_status":"open","sticky":false,"template":"","format":"standard","meta":{"footnotes":""},"categories":[571,583],"tags":[],"class_list":["post-115262","post","type-post","status-publish","format-standard","has-post-thumbnail","hentry","category-blog-du-chemin","category-histoire"],"_links":{"self":[{"href":"https:\/\/www.mundiplus.com\/fr\/wp-json\/wp\/v2\/posts\/115262","targetHints":{"allow":["GET"]}}],"collection":[{"href":"https:\/\/www.mundiplus.com\/fr\/wp-json\/wp\/v2\/posts"}],"about":[{"href":"https:\/\/www.mundiplus.com\/fr\/wp-json\/wp\/v2\/types\/post"}],"author":[{"embeddable":true,"href":"https:\/\/www.mundiplus.com\/fr\/wp-json\/wp\/v2\/users\/1"}],"replies":[{"embeddable":true,"href":"https:\/\/www.mundiplus.com\/fr\/wp-json\/wp\/v2\/comments?post=115262"}],"version-history":[{"count":0,"href":"https:\/\/www.mundiplus.com\/fr\/wp-json\/wp\/v2\/posts\/115262\/revisions"}],"wp:featuredmedia":[{"embeddable":true,"href":"https:\/\/www.mundiplus.com\/fr\/wp-json\/wp\/v2\/media\/94699"}],"wp:attachment":[{"href":"https:\/\/www.mundiplus.com\/fr\/wp-json\/wp\/v2\/media?parent=115262"}],"wp:term":[{"taxonomy":"category","embeddable":true,"href":"https:\/\/www.mundiplus.com\/fr\/wp-json\/wp\/v2\/categories?post=115262"},{"taxonomy":"post_tag","embeddable":true,"href":"https:\/\/www.mundiplus.com\/fr\/wp-json\/wp\/v2\/tags?post=115262"}],"curies":[{"name":"wp","href":"https:\/\/api.w.org\/{rel}","templated":true}]}}