{"id":115621,"date":"2025-01-24T21:45:17","date_gmt":"2025-01-24T21:45:17","guid":{"rendered":"https:\/\/www.mundiplus.com\/?p=115621"},"modified":"2025-01-25T11:54:34","modified_gmt":"2025-01-25T11:54:34","slug":"que-voir-a-zarautz","status":"publish","type":"post","link":"https:\/\/www.mundiplus.com\/fr\/que-voir-a-zarautz\/","title":{"rendered":"Que voir \u00e0 Zarautz"},"content":{"rendered":"<p><img fetchpriority=\"high\" decoding=\"async\" class=\"alignnone wp-image-115580 size-full\" src=\"https:\/\/www.mundiplus.com\/wp-content\/uploads\/2024\/12\/Zarautz-Mundiplus.jpg\" alt=\"\" width=\"1024\" height=\"768\" srcset=\"https:\/\/www.mundiplus.com\/wp-content\/uploads\/2024\/12\/Zarautz-Mundiplus.jpg 1024w, https:\/\/www.mundiplus.com\/wp-content\/uploads\/2024\/12\/Zarautz-Mundiplus-300x225.jpg 300w, https:\/\/www.mundiplus.com\/wp-content\/uploads\/2024\/12\/Zarautz-Mundiplus-768x576.jpg 768w, https:\/\/www.mundiplus.com\/wp-content\/uploads\/2024\/12\/Zarautz-Mundiplus-600x450.jpg 600w\" sizes=\"(max-width: 1024px) 100vw, 1024px\" \/><\/p>\n<p><span style=\"font-weight: 400;\">Pour les p\u00e8lerins qui empruntent le <\/span><b>Camino del Norte<\/b><span style=\"font-weight: 400;\">, <\/span><b>Zarautz<\/b><span style=\"font-weight: 400;\"> appara\u00eet comme un arr\u00eat incontournable qui enrichit le trajet. Situ\u00e9e en plein c\u0153ur de la c\u00f4te de San Sebasti\u00e1n, cette charmante localit\u00e9 offre une pause parfaite pour ceux qui cherchent \u00e0 renouveler leur \u00e9nergie et \u00e0 s&rsquo;impr\u00e9gner de la culture locale. <\/span><b>Qu&rsquo;est-ce qui rend Zarautz essentiel sur votre chemin ?<\/b><\/p>\n<p><span style=\"font-weight: 400;\">Dans les lignes suivantes, d\u00e9couvrez comment Zarautz combine sa plage impressionnante, son vieux centre historique et ses h\u00e9bergements accueillants pour offrir une exp\u00e9rience inoubliable \u00e0 chaque p\u00e8lerin. De la promenade au bord de la mer \u00e0 l&rsquo;exploration de ses ruelles historiques, ce n&rsquo;est pas juste une simple \u00e9tape : c&rsquo;est un v\u00e9ritable oasis sur votre route vers Saint-Jacques-de-Compostelle.<\/span><\/p>\n<p>&nbsp;<\/p>\n<h2><b>Une destination int\u00e9ressante sur le chemin de Saint-Jacques<\/b><\/h2>\n<p><span style=\"font-weight: 400;\">L&rsquo;un des principaux<\/span> <a href=\"https:\/\/www.mundiplus.com\/fr\/\"><b>attraits du chemin de Saint-Jacques<\/b><\/a><span style=\"font-weight: 400;\"> est la vari\u00e9t\u00e9 des options qu&rsquo;il offre aux p\u00e8lerins en termes de parcours et d&rsquo;organisation de l&rsquo;itin\u00e9raire.<\/span><\/p>\n<p><span style=\"font-weight: 400;\">Choisir le Camino del Norte pour votre p\u00e8lerinage offre une exp\u00e9rience unique qui combine la majest\u00e9 de la c\u00f4te cantabrique avec la culture du Pays Basque, de la Cantabrie et des Asturies. Contrairement \u00e0 d&rsquo;autres itin\u00e9raires, il est situ\u00e9 entre des paysages maritimes et montagneux impressionnants. C&rsquo;est une option id\u00e9ale pour ceux qui recherchent un trajet <\/span><b>visuellement spectaculaire<\/b><span style=\"font-weight: 400;\"> et culturellement enrichissant.<\/span><\/p>\n<ul>\n<li style=\"font-weight: 400;\" aria-level=\"1\"><span style=\"font-weight: 400;\">L&rsquo;une des principales raisons de choisir le Camino del Norte est sa <\/span><b>diversit\u00e9 paysag\u00e8re<\/b><span style=\"font-weight: 400;\">.\u00a0<\/span>\n<ul>\n<li style=\"font-weight: 400;\" aria-level=\"2\"><span style=\"font-weight: 400;\">Le<\/span> <a href=\"https:\/\/www.mundiplus.com\/fr\/caminos\/a-pie\/camino-primitivo\/\"><b>parcours du Camino Primitivo<\/b><\/a><span style=\"font-weight: 400;\"> est plus int\u00e9rieur et montagneux, tandis que les <\/span><a href=\"https:\/\/www.mundiplus.com\/fr\/caminos\/a-pie\/camino-finisterre\/camino-de-santiago-a-finisterre\/\"><b>\u00e9tapes vers Mux\u00eda<\/b><\/a><span style=\"font-weight: 400;\"> s&rsquo;enfoncent dans des paysages plus calmes et ruraux. En revanche, le Camino del Norte vous permet de profiter de <\/span><b>vues panoramiques<\/b><span style=\"font-weight: 400;\"> sur la mer Cantabrique, de <\/span><b>plages \u00e9tendues<\/b><span style=\"font-weight: 400;\"> et de <\/span><b>falaises escarp\u00e9es<\/b><span style=\"font-weight: 400;\">.<\/span><\/li>\n<\/ul>\n<\/li>\n<\/ul>\n<p>&nbsp;<\/p>\n<ul>\n<li style=\"font-weight: 400;\" aria-level=\"1\"><span style=\"font-weight: 400;\">De plus, cet itin\u00e9raire est connu pour sa <\/span><b>riche offre culturelle et gastronomique<\/b><span style=\"font-weight: 400;\">. Tout au long du parcours, les p\u00e8lerins ont la possibilit\u00e9 de go\u00fbter \u00e0 la cuisine d\u00e9licieuse du Pays Basque, c\u00e9l\u00e8bre pour ses pintxos et ses fruits de mer frais. Sur le <\/span><a href=\"https:\/\/www.mundiplus.com\/fr\/caminos\/a-pie\/camino-ingles\/camino-de-santiago-desde-ferrol\/\"><b>camino Ingl\u00e9s depuis la Galice<\/b><\/a><span style=\"font-weight: 400;\">, l&rsquo;offre est plus vari\u00e9e mais moins sp\u00e9cifique.\u00a0<\/span><\/li>\n<\/ul>\n<p>&nbsp;<\/p>\n<ul>\n<li style=\"font-weight: 400;\" aria-level=\"1\"><span style=\"font-weight: 400;\">En termes d&rsquo;infrastructure, le Camino del Norte est bien \u00e9quip\u00e9 pour accueillir les p\u00e8lerins, avec une <\/span><b>large gamme d&rsquo;h\u00e9bergements<\/b><span style=\"font-weight: 400;\">. Si vous recherchez <\/span><a href=\"https:\/\/www.mundiplus.com\/fr\/caminos\/a-pie\/camino-ingles\/\"><b>des informations sur le Camino Ingl\u00e9s<\/b><\/a><span style=\"font-weight: 400;\">, vous verrez qu&rsquo;il offre \u00e9galement de bonnes options d&rsquo;h\u00e9bergement. En revanche, le Camino del Norte propose un meilleur \u00e9quilibre entre confort et authenticit\u00e9.<\/span><\/li>\n<\/ul>\n<p>&nbsp;<\/p>\n<ul>\n<li style=\"font-weight: 400;\" aria-level=\"1\"><span style=\"font-weight: 400;\">Pour ceux qui recherchent un <\/span><b>parcours moins fr\u00e9quent\u00e9<\/b><span style=\"font-weight: 400;\">, c&rsquo;est un excellent choix. Contrairement \u00e0 des itin\u00e9raires plus populaires comme la <\/span><a href=\"https:\/\/www.mundiplus.com\/fr\/caminos\/a-pie\/camino-frances\/camino-de-santiago-desde-o-cebreiro\/\"><b>gu\u00eda de O Cebreiro a Santiago<\/b><\/a><span style=\"font-weight: 400;\">, le Camino del Norte offre une exp\u00e9rience plus calme et personnalis\u00e9e. Il permet aux p\u00e8lerins de profiter d&rsquo;une plus grande connexion avec la nature et les communaut\u00e9s locales.<\/span><\/li>\n<\/ul>\n<p>&nbsp;<\/p>\n<ul>\n<li style=\"font-weight: 400;\" aria-level=\"1\"><span style=\"font-weight: 400;\">Un autre aspect \u00e0 consid\u00e9rer est l&rsquo;<\/span><b>accessibilit\u00e9<\/b><span style=\"font-weight: 400;\"> du Camino del Norte. Situ\u00e9 \u00e0 proximit\u00e9 de villes importantes telles que Saint-S\u00e9bastien et Bilbao, il offre d&rsquo;excellentes connexions de transport, facilitant le d\u00e9but et la fin du p\u00e8lerinage. En revanche, des itin\u00e9raires comme le Camino Primitivo peuvent n\u00e9cessiter une planification plus pouss\u00e9e en termes de transport et de logistique.<\/span><\/li>\n<\/ul>\n<p>&nbsp;<\/p>\n<ul>\n<li style=\"font-weight: 400;\" aria-level=\"1\"><span style=\"font-weight: 400;\">Enfin, le Camino del Norte offre une combinaison incomparable de <\/span><b>d\u00e9fis physiques et de r\u00e9compenses \u00e9motionnelles<\/b><span style=\"font-weight: 400;\">. Les mont\u00e9es et descentes des tron\u00e7ons c\u00f4tiers sont id\u00e9ales pour maintenir la forme physique, tandis que les paysages et le patrimoine culturel apportent une satisfaction spirituelle et personnelle.<\/span><\/li>\n<\/ul>\n<p>&nbsp;<\/p>\n<h2><b>La plage de Zarautz : bien plus que du sable et des vagues<\/b><\/h2>\n<p><span style=\"font-weight: 400;\">La <\/span><b>plage de Zarautz<\/b><span style=\"font-weight: 400;\"> se distingue comme <\/span><b>la plus grande du Pays Basque<\/b><span style=\"font-weight: 400;\">, avec une longueur de <\/span><b>2,8 kilom\u00e8tres<\/b><span style=\"font-weight: 400;\">. Cette plage est connue pour sa taille et ses caract\u00e9ristiques distinctives qui attirent des visiteurs de tous horizons.<\/span><\/p>\n<p><span style=\"font-weight: 400;\">Les vagues qui se brisent doucement sur le rivage sont id\u00e9ales pour les surfeurs. La plage est un endroit attrayant et dynamique toute l&rsquo;ann\u00e9e. Elle a \u00e9t\u00e9 reconnue comme la <\/span><b>capitale du surf dans la r\u00e9gion<\/b><span style=\"font-weight: 400;\">, offrant des conditions optimales tant pour les d\u00e9butants que pour les surfeurs exp\u00e9riment\u00e9s.<\/span><\/p>\n<p><span style=\"font-weight: 400;\">De plus, la zone du front de mer offre <\/span><b>des vues spectaculaires sur la mer Cantabrique<\/b><span style=\"font-weight: 400;\">, en faisant un point de rencontre populaire pour les locaux et les touristes. Ici, les visiteurs peuvent participer \u00e0 diverses activit\u00e9s nautiques ou simplement se d\u00e9tendre au soleil dans une ambiance agr\u00e9able.<\/span><\/p>\n<p><span style=\"font-weight: 400;\">Tout au long de la promenade, vous trouverez de nombreux bars et restaurants o\u00f9 vous pourrez d\u00e9guster la <\/span><b>d\u00e9licieuse cuisine locale<\/b><span style=\"font-weight: 400;\"> tout en contemplant l&rsquo;horizon.\u00a0<\/span><\/p>\n<p>&nbsp;<\/p>\n<h2><b>Le vieux centre-ville : un voyage dans le pass\u00e9<\/b><\/h2>\n<p><img decoding=\"async\" class=\"alignnone wp-image-115586 size-full\" src=\"https:\/\/www.mundiplus.com\/wp-content\/uploads\/2024\/12\/Casco-Antiguo-Zarautz-Mundiplus.jpg\" alt=\"\" width=\"1024\" height=\"768\" srcset=\"https:\/\/www.mundiplus.com\/wp-content\/uploads\/2024\/12\/Casco-Antiguo-Zarautz-Mundiplus.jpg 1024w, https:\/\/www.mundiplus.com\/wp-content\/uploads\/2024\/12\/Casco-Antiguo-Zarautz-Mundiplus-300x225.jpg 300w, https:\/\/www.mundiplus.com\/wp-content\/uploads\/2024\/12\/Casco-Antiguo-Zarautz-Mundiplus-768x576.jpg 768w, https:\/\/www.mundiplus.com\/wp-content\/uploads\/2024\/12\/Casco-Antiguo-Zarautz-Mundiplus-600x450.jpg 600w\" sizes=\"(max-width: 1024px) 100vw, 1024px\" \/><\/p>\n<p><span style=\"font-weight: 400;\">Le vieux centre-ville de Zarautz est un v\u00e9ritable voyage dans le pass\u00e9. Ses rues pav\u00e9es et ses b\u00e2timents historiques cr\u00e9ent une <\/span><b>atmosph\u00e8re charmante et pleine de tradition<\/b><span style=\"font-weight: 400;\">. Ce labyrinthe urbain invite les visiteurs \u00e0 explorer sa riche histoire, r\u00e9v\u00e9lant de nouvelles histoires \u00e0 chaque coin de rue.<\/span><\/p>\n<p><span style=\"font-weight: 400;\">Parmi ses attractions culturelles, on trouve des mus\u00e9es et des galeries qui offrent une vision profonde de l&rsquo;identit\u00e9 locale. Le <\/span><b>Mus\u00e9e d&rsquo;Art et d&rsquo;Histoire <\/b><span style=\"font-weight: 400;\">et le<\/span><b> Photomuseum<\/b><span style=\"font-weight: 400;\"> sont des \u00e9tapes incontournables pour ceux qui souhaitent en savoir plus sur l&rsquo;\u00e9volution artistique et culturelle de la r\u00e9gion.<\/span><\/p>\n<p><span style=\"font-weight: 400;\">De plus, les <\/span><b>march\u00e9s traditionnels<\/b><span style=\"font-weight: 400;\"> sont un festin pour les sens, avec des produits frais et locaux qui refl\u00e8tent l&rsquo;essence de la localit\u00e9. Le <\/span><b>March\u00e9 de Zarautz<\/b><span style=\"font-weight: 400;\"> est un lieu attractif o\u00f9 l&rsquo;on trouve des produits locaux frais et de qualit\u00e9, id\u00e9al pour go\u00fbter \u00e0 la gastronomie basque.\u00a0<\/span><\/p>\n<p><span style=\"font-weight: 400;\">Pendant les f\u00eates locales, les rues se remplissent de musique et de danses. Cela cr\u00e9e une atmosph\u00e8re festive qui invite tout le monde \u00e0 participer et \u00e0 profiter de la chaleur et de l&rsquo;hospitalit\u00e9 de ses habitants.\u00a0<\/span><\/p>\n<p><span style=\"font-weight: 400;\">Voici quelques points forts du vieux centre-ville :<\/span><\/p>\n<ul>\n<li style=\"font-weight: 400;\" aria-level=\"1\"><b>\u00c9glise de Santa Mar\u00eda la Real<\/b><span style=\"font-weight: 400;\"> : un magnifique exemple d&rsquo;architecture gothique, avec un retable impressionnant qui captive les visiteurs et refl\u00e8te la richesse de l&rsquo;art religieux de la r\u00e9gion.<\/span><\/li>\n<\/ul>\n<p>&nbsp;<\/p>\n<ul>\n<li style=\"font-weight: 400;\" aria-level=\"1\"><b>Tour Luzea<\/b><span style=\"font-weight: 400;\"> : un monument embl\u00e9matique qui abrite le Mus\u00e9e d&rsquo;Art et d&rsquo;Histoire. Il offre aux visiteurs un aper\u00e7u approfondi de la culture et des traditions locales.<\/span><\/li>\n<\/ul>\n<p>&nbsp;<\/p>\n<ul>\n<li style=\"font-weight: 400;\" aria-level=\"1\"><b>Place du march\u00e9<\/b><span style=\"font-weight: 400;\"> : le c\u0153ur du vieux centre-ville, entour\u00e9 de bars et de restaurants typiques qui invitent \u00e0 savourer la cuisine r\u00e9gionale dans une ambiance anim\u00e9e.<\/span><\/li>\n<\/ul>\n<p>&nbsp;<\/p>\n<h2><b>Le Palais de Narros : histoire entre jardins<\/b><\/h2>\n<p><img decoding=\"async\" class=\"alignnone wp-image-115592 size-full\" src=\"https:\/\/www.mundiplus.com\/wp-content\/uploads\/2024\/12\/Palacio-de-Narro-Mundiplus.jpg\" alt=\"\" width=\"1024\" height=\"768\" srcset=\"https:\/\/www.mundiplus.com\/wp-content\/uploads\/2024\/12\/Palacio-de-Narro-Mundiplus.jpg 1024w, https:\/\/www.mundiplus.com\/wp-content\/uploads\/2024\/12\/Palacio-de-Narro-Mundiplus-300x225.jpg 300w, https:\/\/www.mundiplus.com\/wp-content\/uploads\/2024\/12\/Palacio-de-Narro-Mundiplus-768x576.jpg 768w, https:\/\/www.mundiplus.com\/wp-content\/uploads\/2024\/12\/Palacio-de-Narro-Mundiplus-600x450.jpg 600w\" sizes=\"(max-width: 1024px) 100vw, 1024px\" \/><\/p>\n<p><span style=\"font-weight: 400;\">Le <\/span><b>Palais de Narros<\/b><span style=\"font-weight: 400;\"> est l&rsquo;un des monuments les plus embl\u00e9matiques de Zarautz, connu pour son histoire et son <\/span><b>lien avec la royaut\u00e9 espagnole<\/b><span style=\"font-weight: 400;\">. Cette infrastructure a \u00e9t\u00e9 la <\/span><b>r\u00e9sidence habituelle de la reine Isabel II<\/b><span style=\"font-weight: 400;\"> pendant ses \u00e9t\u00e9s dans le nord, ce qui en fait un lieu d&rsquo;une grande importance historique.<\/span><\/p>\n<p><span style=\"font-weight: 400;\">Construit en <\/span><b>1536<\/b><span style=\"font-weight: 400;\">, le b\u00e2timent pr\u00e9sente une architecture typique du <\/span><b>style n\u00e9oclassique basque<\/b><span style=\"font-weight: 400;\">, se distinguant par son \u00e9l\u00e9gance et sa majest\u00e9. Sa fa\u00e7ade, r\u00e9alis\u00e9e en pierre de taille, comprend une grande porte en arc et un blason qui refl\u00e8te son h\u00e9ritage noble.<\/span><\/p>\n<p><span style=\"font-weight: 400;\">Les jardins entourant le palais sont un havre de paix, parfaits pour se promener et profiter de l&rsquo;environnement naturel. Cet espace vert, am\u00e9nag\u00e9 dans <\/span><b>le style anglais<\/b><span style=\"font-weight: 400;\">, offre un endroit id\u00e9al pour se d\u00e9tendre et contempler la beaut\u00e9 du paysage.<\/span><\/p>\n<p><span style=\"font-weight: 400;\">La proximit\u00e9 de la mer ajoute une touche sp\u00e9ciale \u00e0 ce lieu, en faisant un endroit parfait pour capturer des moments m\u00e9morables en photo ou simplement profiter du murmure de l&rsquo;oc\u00e9an. Le palais reste un symbole important du patrimoine culturel de la localit\u00e9.<\/span><\/p>\n<p>&nbsp;<\/p>\n<h2><b>Conseils pratiques pour profiter pleinement de Zarautz<\/b><\/h2>\n<p><span style=\"font-weight: 400;\">Pour profiter pleinement de votre visite \u00e0 Zarautz, il est n\u00e9cessaire de prendre en compte quelques conseils pratiques qui faciliteront l&rsquo;exp\u00e9rience. Cette zone c\u00f4ti\u00e8re, connue pour sa beaut\u00e9 naturelle et sa culture riche, offre diverses opportunit\u00e9s aux voyageurs.<\/span><\/p>\n<ul>\n<li style=\"font-weight: 400;\" aria-level=\"1\"><b>Meilleure p\u00e9riode pour visiter<\/b><span style=\"font-weight: 400;\"> : les mois d&rsquo;\u00e9t\u00e9 sont id\u00e9aux en raison du climat chaud et de la vari\u00e9t\u00e9 d&rsquo;activit\u00e9s en plein air. Bien s\u00fbr, le printemps et l&rsquo;automne sont \u00e9galement agr\u00e9ables, avec moins de touristes et une ambiance plus calme.<\/span><\/li>\n<\/ul>\n<p>&nbsp;<\/p>\n<ul>\n<li style=\"font-weight: 400;\" aria-level=\"1\"><b>Transport local<\/b><span style=\"font-weight: 400;\"> : la ville est bien reli\u00e9e par bus et trains depuis des villes proches comme Saint-S\u00e9bastien, ce qui facilite l&rsquo;acc\u00e8s \u00e0 la r\u00e9gion.<\/span><\/li>\n<\/ul>\n<p>&nbsp;<\/p>\n<ul>\n<li style=\"font-weight: 400;\" aria-level=\"1\"><b>Options d&rsquo;h\u00e9bergement<\/b><span style=\"font-weight: 400;\"> : l&rsquo;offre d&rsquo;h\u00e9bergement est vari\u00e9e, allant des h\u00f4tels boutique aux auberges plus \u00e9conomiques, s&rsquo;adaptant ainsi \u00e0 diff\u00e9rents budgets et pr\u00e9f\u00e9rences.<\/span><\/li>\n<\/ul>\n<p>&nbsp;<\/p>\n<ul>\n<li style=\"font-weight: 400;\" aria-level=\"1\"><b>Activit\u00e9s durables<\/b><span style=\"font-weight: 400;\"> : pour ceux qui privil\u00e9gient le tourisme responsable, il est recommand\u00e9 de participer \u00e0 des activit\u00e9s telles que la randonn\u00e9e ou des visites guid\u00e9es qui promeuvent le respect de l&rsquo;environnement naturel.<\/span><\/li>\n<\/ul>\n<p>&nbsp;<\/p>\n<ul>\n<li style=\"font-weight: 400;\" aria-level=\"1\"><b>Attractions culturelles<\/b><span style=\"font-weight: 400;\"> : des visites guid\u00e9es permettent d&rsquo;explorer son patrimoine architectural et de savourer la cuisine locale, y compris des d\u00e9gustations dans des caves de Txakoli.<\/span><\/li>\n<\/ul>\n","protected":false},"excerpt":{"rendered":"<p>Pour les p\u00e8lerins qui empruntent le Camino del Norte, Zarautz appara\u00eet comme un arr\u00eat incontournable qui enrichit le trajet. Situ\u00e9e en plein c\u0153ur de la c\u00f4te de San Sebasti\u00e1n, cette charmante localit\u00e9 offre une pause parfaite pour ceux qui cherchent \u00e0 renouveler leur \u00e9nergie et \u00e0 s&rsquo;impr\u00e9gner de la culture locale. Qu&rsquo;est-ce qui rend Zarautz [&hellip;]<\/p>\n","protected":false},"author":1,"featured_media":115582,"comment_status":"open","ping_status":"open","sticky":false,"template":"","format":"standard","meta":{"footnotes":""},"categories":[571,575,599],"tags":[],"class_list":["post-115621","post","type-post","status-publish","format-standard","has-post-thumbnail","hentry","category-blog-du-chemin","category-chemin-a-pied","category-villages-et-regions"],"_links":{"self":[{"href":"https:\/\/www.mundiplus.com\/fr\/wp-json\/wp\/v2\/posts\/115621","targetHints":{"allow":["GET"]}}],"collection":[{"href":"https:\/\/www.mundiplus.com\/fr\/wp-json\/wp\/v2\/posts"}],"about":[{"href":"https:\/\/www.mundiplus.com\/fr\/wp-json\/wp\/v2\/types\/post"}],"author":[{"embeddable":true,"href":"https:\/\/www.mundiplus.com\/fr\/wp-json\/wp\/v2\/users\/1"}],"replies":[{"embeddable":true,"href":"https:\/\/www.mundiplus.com\/fr\/wp-json\/wp\/v2\/comments?post=115621"}],"version-history":[{"count":0,"href":"https:\/\/www.mundiplus.com\/fr\/wp-json\/wp\/v2\/posts\/115621\/revisions"}],"wp:featuredmedia":[{"embeddable":true,"href":"https:\/\/www.mundiplus.com\/fr\/wp-json\/wp\/v2\/media\/115582"}],"wp:attachment":[{"href":"https:\/\/www.mundiplus.com\/fr\/wp-json\/wp\/v2\/media?parent=115621"}],"wp:term":[{"taxonomy":"category","embeddable":true,"href":"https:\/\/www.mundiplus.com\/fr\/wp-json\/wp\/v2\/categories?post=115621"},{"taxonomy":"post_tag","embeddable":true,"href":"https:\/\/www.mundiplus.com\/fr\/wp-json\/wp\/v2\/tags?post=115621"}],"curies":[{"name":"wp","href":"https:\/\/api.w.org\/{rel}","templated":true}]}}