{"id":115646,"date":"2025-01-06T18:43:24","date_gmt":"2025-01-06T18:43:24","guid":{"rendered":"https:\/\/www.mundiplus.com\/?p=115646"},"modified":"2025-01-07T12:53:49","modified_gmt":"2025-01-07T12:53:49","slug":"personnes-celebres-ayant-accompli-le-camino-de-santiago-qui-sont-elles-et-pourquoi-lont-elles-fait","status":"publish","type":"post","link":"https:\/\/www.mundiplus.com\/fr\/celebrites-qui-font-le-camino-de-santiago\/","title":{"rendered":"Personnes c\u00e9l\u00e8bres ayant accompli le Camino de Santiago : qui sont-elles et pourquoi l&rsquo;ont-elles fait ?"},"content":{"rendered":"<p><img fetchpriority=\"high\" decoding=\"async\" class=\"alignnone wp-image-115522 size-full\" src=\"https:\/\/www.mundiplus.com\/wp-content\/uploads\/2024\/12\/Juan-Pablo-II-Mundiplus.jpg\" alt=\"\" width=\"1024\" height=\"683\" srcset=\"https:\/\/www.mundiplus.com\/wp-content\/uploads\/2024\/12\/Juan-Pablo-II-Mundiplus.jpg 1024w, https:\/\/www.mundiplus.com\/wp-content\/uploads\/2024\/12\/Juan-Pablo-II-Mundiplus-300x200.jpg 300w, https:\/\/www.mundiplus.com\/wp-content\/uploads\/2024\/12\/Juan-Pablo-II-Mundiplus-768x512.jpg 768w, https:\/\/www.mundiplus.com\/wp-content\/uploads\/2024\/12\/Juan-Pablo-II-Mundiplus-600x400.jpg 600w\" sizes=\"(max-width: 1024px) 100vw, 1024px\" \/><\/p>\n<p><span style=\"font-weight: 400;\">L&rsquo;histoire du Camino de Santiago est remplie de r\u00e9cits inspirants et de personnages c\u00e9l\u00e8bres qui ont choisi de faire ce voyage. Rois, papes, artistes et \u00e9crivains, chacun a trouv\u00e9 dans ce p\u00e9riple une raison personnelle de faire la p\u00e8lerinage.<\/span><\/p>\n<p><span style=\"font-weight: 400;\">Qu&rsquo;est-ce qui pousse une personnalit\u00e9 publique \u00e0 marcher sur des chemins fr\u00e9quent\u00e9s depuis des si\u00e8cles ? Est-ce la qu\u00eate de la paix int\u00e9rieure, la connexion avec la nature ou simplement l&rsquo;aventure? Nous allons d\u00e9couvrir ci-dessous <\/span><b>qui sont ces p\u00e8lerins c\u00e9l\u00e8bres<\/b><span style=\"font-weight: 400;\"> et les raisons qui ont motiv\u00e9 leur voyage.<\/span><\/p>\n<p>&nbsp;<\/p>\n<h2><b>Le p\u00e8lerinage sur le Camino de Santiago<\/b><\/h2>\n<p><span style=\"font-weight: 400;\">Le <\/span><a href=\"https:\/\/www.mundiplus.com\/fr\/\"><b>p\u00e8lerinage sur le Camino de Santiago<\/b><\/a><span style=\"font-weight: 400;\"> a attir\u00e9 des millions de visiteurs au fil de l&rsquo;histoire. Ce voyage spirituel ancien peut \u00eatre une exp\u00e9rience physique, mais aussi un parcours \u00e9motionnel et r\u00e9flexif. <\/span><\/p>\n<ul>\n<li style=\"font-weight: 400;\" aria-level=\"1\"><span style=\"font-weight: 400;\">Certains ont choisi de parcourir le <\/span><a href=\"https:\/\/www.mundiplus.com\/fr\/caminos\/a-pie\/camino-primitivo\/\"><b>Camino Primitivo complet<\/b><\/a><span style=\"font-weight: 400;\">, l&rsquo;un des plus anciens et authentiques.<\/span><\/li>\n<li style=\"font-weight: 400;\" aria-level=\"1\"><span style=\"font-weight: 400;\">D&rsquo;autres ont partag\u00e9 leurs <\/span><a href=\"https:\/\/www.mundiplus.com\/fr\/caminos\/a-pie\/camino-finisterre\/camino-de-santiago-a-finisterre\/\"><b>exp\u00e9riences \u00e0 Finisterre<\/b><\/a><span style=\"font-weight: 400;\">, le point le plus occidental de la p\u00e9ninsule ib\u00e9rique, o\u00f9 de nombreux p\u00e8lerins estiment que leur voyage atteint son apog\u00e9e.<\/span><\/li>\n<li style=\"font-weight: 400;\" aria-level=\"1\"><span style=\"font-weight: 400;\">Le <\/span><a href=\"https:\/\/www.mundiplus.com\/fr\/caminos\/a-pie\/camino-ingles\/camino-de-santiago-desde-ferrol\/\"><b>Camino depuis Ferrol<\/b><\/a><span style=\"font-weight: 400;\"> a gagn\u00e9 en popularit\u00e9, en particulier parmi les <\/span><a href=\"https:\/\/www.mundiplus.com\/fr\/caminos\/a-pie\/camino-ingles\/\"><b>p\u00e8lerins du Camino Ingl\u00e9s<\/b><\/a><span style=\"font-weight: 400;\">, qui recherchent une exp\u00e9rience moins fr\u00e9quent\u00e9e mais tout aussi enrichissante.<\/span><\/li>\n<li style=\"font-weight: 400;\" aria-level=\"1\"><span style=\"font-weight: 400;\">Les <\/span><a href=\"https:\/\/www.mundiplus.com\/fr\/caminos\/a-pie\/camino-frances\/camino-de-santiago-desde-o-cebreiro\/\"><b>histoires du Camino Fran\u00e7ais<\/b><\/a><span style=\"font-weight: 400;\"> sont sans doute les plus connues, remplies de r\u00e9cits de transformation personnelle et de d\u00e9couverte.<\/span><\/li>\n<\/ul>\n<p>&nbsp;<\/p>\n<h2><b>C\u00e9l\u00e9brit\u00e9s sur le Camino: un aper\u00e7u des p\u00e8lerins historiques<\/b><\/h2>\n<p><span style=\"font-weight: 400;\">Tout au long de l&rsquo;histoire, des personnalit\u00e9s notables ont parcouru le Camino de Santiago, laissant une empreinte sur cette route mill\u00e9naire.<\/span><\/p>\n<p><span style=\"font-weight: 400;\">Parmi eux, on trouve les <\/span><b>Ro\u00efs Catholiques<\/b><span style=\"font-weight: 400;\">, Isabelle Ire de Castille et Ferdinand II d&rsquo;Aragon, qui ont effectu\u00e9 leur p\u00e8lerinage en <\/span><b>1486<\/b><span style=\"font-weight: 400;\">. Ce voyage avait une signification spirituelle. Il a \u00e9galement contribu\u00e9 \u00e0 la cr\u00e9ation d&rsquo;un <\/span><b>h\u00f4pital pour les p\u00e8lerins et \u00e0 la reconstruction du temple de Santa Mar\u00eda do Cebreiro<\/b><span style=\"font-weight: 400;\">. Leur passage a laiss\u00e9 un h\u00e9ritage dans l&rsquo;infrastructure qui soutient encore les marcheurs aujourd&rsquo;hui.<\/span><\/p>\n<p><span style=\"font-weight: 400;\">Un autre personnage important fut <\/span><b>Jean-Paul II<\/b><span style=\"font-weight: 400;\">. Il est devenu le premier pape p\u00e8lerin en visitant Santiago en <\/span><b>1982<\/b><span style=\"font-weight: 400;\"> et de nouveau en <\/span><b>1989<\/b><span style=\"font-weight: 400;\">. Sa pr\u00e9sence a revitalis\u00e9 la popularit\u00e9 du parcours dans les ann\u00e9es 80, en attirant l&rsquo;attention mondiale sur cette tradition.<\/span><\/p>\n<p><span style=\"font-weight: 400;\">Ces monarques et leaders religieux ont contribu\u00e9 \u00e0 l&rsquo;histoire de la route et ont inspir\u00e9 d&rsquo;autres \u00e0 suivre leurs pas. Ils ont favoris\u00e9 un renouveau de l&rsquo;int\u00e9r\u00eat pour cette ancienne route de p\u00e8lerinage qui continue d&rsquo;attirer des milliers de personnes chaque ann\u00e9e.<\/span><\/p>\n<p>&nbsp;<\/p>\n<h2><b>C\u00e9l\u00e9brit\u00e9s contemporaines ayant parcouru le Camino<\/b><\/h2>\n<p><img decoding=\"async\" class=\"alignnone wp-image-115528 size-full\" src=\"https:\/\/www.mundiplus.com\/wp-content\/uploads\/2024\/12\/Shirley-McLaine-Mundiplus.jpg\" alt=\"\" width=\"1024\" height=\"683\" srcset=\"https:\/\/www.mundiplus.com\/wp-content\/uploads\/2024\/12\/Shirley-McLaine-Mundiplus.jpg 1024w, https:\/\/www.mundiplus.com\/wp-content\/uploads\/2024\/12\/Shirley-McLaine-Mundiplus-300x200.jpg 300w, https:\/\/www.mundiplus.com\/wp-content\/uploads\/2024\/12\/Shirley-McLaine-Mundiplus-768x512.jpg 768w, https:\/\/www.mundiplus.com\/wp-content\/uploads\/2024\/12\/Shirley-McLaine-Mundiplus-600x400.jpg 600w\" sizes=\"(max-width: 1024px) 100vw, 1024px\" \/><\/p>\n<p><span style=\"font-weight: 400;\">Plus r\u00e9cemment, des c\u00e9l\u00e9brit\u00e9s telles que <\/span><b>Paulo Coelho<\/b><span style=\"font-weight: 400;\"> et <\/span><b>Shirley MacLaine<\/b><span style=\"font-weight: 400;\"> ont partag\u00e9 leurs exp\u00e9riences sur ce lieu, ce qui a contribu\u00e9 \u00e0 sa popularit\u00e9 contemporaine.<\/span><\/p>\n<ul>\n<li style=\"font-weight: 400;\" aria-level=\"1\"><span style=\"font-weight: 400;\">Coelho a parcouru une partie du chemin en <\/span><b>1986<\/b><span style=\"font-weight: 400;\">, une exp\u00e9rience qui l&rsquo;a inspir\u00e9 \u00e0 \u00e9crire le roman \u00ab\u00a0<\/span><b>Le P\u00e8lerin de Compostelle<\/b><span style=\"font-weight: 400;\">\u00ab\u00a0, dans lequel il raconte la qu\u00eate de r\u00e9ponses et de connexion spirituelle. \u00c0 travers ce r\u00e9cit, les lecteurs peuvent ressentir l&rsquo;intensit\u00e9 de son voyage et la transformation qu&rsquo;il a v\u00e9cue.<\/span><\/li>\n<li style=\"font-weight: 400;\" aria-level=\"1\"><span style=\"font-weight: 400;\">Quant \u00e0 MacLaine, elle a parcouru le chemin en <\/span><b>1994<\/b><span style=\"font-weight: 400;\">, cherchant une connexion spirituelle profonde et un sens renouvel\u00e9 de soi. Dans son livre \u00ab\u00a0<\/span><b>The Camino: A Journey of the Spirit<\/b><span style=\"font-weight: 400;\">\u00ab\u00a0, elle d\u00e9crit comment ce parcours lui a permis de r\u00e9fl\u00e9chir sur la vie et ses croyances.<\/span><\/li>\n<\/ul>\n<p><span style=\"font-weight: 400;\">La qu\u00eate d&rsquo;inspiration personnelle est un fil conducteur chez ces p\u00e8lerins contemporains. Ils utilisent leurs travers\u00e9es pour explorer le paysage physique mais aussi leur propre monde int\u00e9rieur. Ce ph\u00e9nom\u00e8ne a conduit davantage de personnes \u00e0 s&rsquo;int\u00e9resser au parcours, reconnaissant son potentiel en tant que voyage transformateur qui va au-del\u00e0 du physique.<\/span><\/p>\n<p>&nbsp;<\/p>\n<h2><b>Autres p\u00e8lerins illustres<\/b><\/h2>\n<p><img decoding=\"async\" class=\"alignnone wp-image-115516 size-full\" src=\"https:\/\/www.mundiplus.com\/wp-content\/uploads\/2024\/12\/David-Beckham-Mundiplus.jpg\" alt=\"\" width=\"1024\" height=\"601\" srcset=\"https:\/\/www.mundiplus.com\/wp-content\/uploads\/2024\/12\/David-Beckham-Mundiplus.jpg 1024w, https:\/\/www.mundiplus.com\/wp-content\/uploads\/2024\/12\/David-Beckham-Mundiplus-300x176.jpg 300w, https:\/\/www.mundiplus.com\/wp-content\/uploads\/2024\/12\/David-Beckham-Mundiplus-768x451.jpg 768w, https:\/\/www.mundiplus.com\/wp-content\/uploads\/2024\/12\/David-Beckham-Mundiplus-600x352.jpg 600w\" sizes=\"(max-width: 1024px) 100vw, 1024px\" \/><\/p>\n<ul>\n<li aria-level=\"1\"><b>Anthony Quinn.<\/b><span style=\"font-weight: 400;\"> L&rsquo;acteur l\u00e9gendaire d&rsquo;Hollywood, connu pour des films comme <\/span><i><span style=\"font-weight: 400;\">Zorba le Grec<\/span><\/i><span style=\"font-weight: 400;\">, a parcouru une partie du Camino de Santiago en qu\u00eate de connexion spirituelle et de renouveau personnel. Son exp\u00e9rience, bien que moins document\u00e9e, refl\u00e8te son int\u00e9r\u00eat pour les traditions culturelles et spirituelles.<\/span><\/li>\n<\/ul>\n<ul>\n<li aria-level=\"1\"><b>Stephen Hawking.<\/b><span style=\"font-weight: 400;\"> Bien qu&rsquo;il n&rsquo;ait pas pu parcourir le Camino de mani\u00e8re traditionnelle en raison de son \u00e9tat physique, il a visit\u00e9 Santiago de Compostela dans le cadre d&rsquo;un parcours culturel et spirituel. Son voyage, bien que symbolique, a mis en lumi\u00e8re l&rsquo;impact que le Camino peut avoir m\u00eame sur ceux qui ne le parcourent pas physiquement.<\/span><\/li>\n<\/ul>\n<ul>\n<li aria-level=\"1\"><b>Angela Merkel.<\/b><span style=\"font-weight: 400;\"> La chanceli\u00e8re allemande a parcouru une partie du Camino de Santiago lors d&rsquo;une visite en Galice. Bien que son parcours ait \u00e9t\u00e9 bref, il a mis en \u00e9vidence son int\u00e9r\u00eat pour le patrimoine culturel et spirituel de la r\u00e9gion.<\/span><\/li>\n<\/ul>\n<ul>\n<li aria-level=\"1\"><b>Miguel Indur\u00e1in.<\/b><span style=\"font-weight: 400;\"> Le cycliste et vainqueur du Tour de France a parcouru le Camino de Santiago \u00e0 v\u00e9lo.<\/span><\/li>\n<\/ul>\n<ul>\n<li aria-level=\"1\"><b>David Beckham.<\/b><span style=\"font-weight: 400;\"> Bien qu&rsquo;il n&rsquo;ait pas \u00e9t\u00e9 confirm\u00e9 s&rsquo;il a compl\u00e9t\u00e9 tout le Camino, l&rsquo;ex-footballeur a \u00e9t\u00e9 photographi\u00e9 \u00e0 certaines \u00e9tapes du parcours, en particulier sur le Camino Fran\u00e7ais.<\/span><\/li>\n<\/ul>\n<ul>\n<li aria-level=\"1\"><b>Pierce Brosnan.<\/b><span style=\"font-weight: 400;\"> L&rsquo;ex-James Bond a montr\u00e9 un int\u00e9r\u00eat pour le Camino et a parcouru quelques tron\u00e7ons lors de ses visites en Espagne. Bien qu&rsquo;il n&rsquo;ait pas partag\u00e9 de d\u00e9tails extensifs, sa participation souligne l&rsquo;attrait international de cette route.<\/span><\/li>\n<\/ul>\n<ul>\n<li aria-level=\"1\"><b>Jane Fonda.<\/b><span style=\"font-weight: 400;\"> L&rsquo;actrice et militante a mentionn\u00e9 dans une interview qu&rsquo;elle avait parcouru une partie du Camino dans le cadre de sa recherche de paix int\u00e9rieure et de spiritualit\u00e9. Son exp\u00e9rience renforce l&rsquo;id\u00e9e que le Camino attire des personnes de diverses trajectoires.<\/span><\/li>\n<\/ul>\n<ul>\n<li aria-level=\"1\"><b>Orlando Bloom.<\/b><span style=\"font-weight: 400;\"> L&rsquo;acteur britannique est connu pour sa passion pour les voyages et la spiritualit\u00e9. Bien que son parcours sur le Camino ne soit pas largement document\u00e9, il a mentionn\u00e9 dans des interviews qu&rsquo;il avait parcouru quelques \u00e9tapes \u00e0 la recherche d&rsquo;une connexion plus profonde avec lui-m\u00eame.<\/span><\/li>\n<\/ul>\n<p>&nbsp;<\/p>\n<h2><b>Le Camino comme exp\u00e9rience transformante<\/b><\/h2>\n<p><span style=\"font-weight: 400;\">L&rsquo;exp\u00e9rience a un effet profond sur la vie de ceux qui la parcourent. De nombreux t\u00e9moignages r\u00e9v\u00e8lent comment ce voyage a chang\u00e9 leur perspective sur la vie.<\/span><\/p>\n<p><b>Paulo Coelho<\/b><span style=\"font-weight: 400;\">, par exemple, a mentionn\u00e9 qu&rsquo;il avait <\/span><b>trouv\u00e9 ce qu&rsquo;il cherchait avant d&rsquo;arriver \u00e0 Santiago<\/b><span style=\"font-weight: 400;\">, soulignant la clart\u00e9 et la paix que le parcours lui a apport\u00e9es. De m\u00eame, Shirley MacLaine a d\u00e9crit son exp\u00e9rience comme une <\/span><b>route spirituelle qui commence vraiment \u00e0 sa fin<\/b><span style=\"font-weight: 400;\">. Elle a insist\u00e9 sur l&rsquo;importance de l&rsquo;introspection et de l&rsquo;autod\u00e9couverte.<\/span><\/p>\n<p><span style=\"font-weight: 400;\">Cette transformation personnelle n&rsquo;est pas exclusive des c\u00e9l\u00e9brit\u00e9s. De nombreux p\u00e8lerins anonymes signalent \u00e9galement des changements importants. Certains trouvent des r\u00e9ponses \u00e0 des questions existentielles, tandis que d&rsquo;autres d\u00e9couvrent une nouvelle connexion avec la nature et eux-m\u00eames.<\/span><\/p>\n<p><span style=\"font-weight: 400;\">La comparaison entre les motivations de ces personnalit\u00e9s publiques et celles des marcheurs ordinaires met en lumi\u00e8re l&rsquo;universalit\u00e9 du Camino comme exp\u00e9rience transformatrice, o\u00f9 chaque pas peut conduire \u00e0 une r\u00e9v\u00e9lation personnelle unique et pr\u00e9cieuse.<\/span><\/p>\n<p>&nbsp;<\/p>\n<h2><b>L&rsquo;impact culturel du Camino de Santiago<\/b><\/h2>\n<p><span style=\"font-weight: 400;\">Les histoires de personnalit\u00e9s c\u00e9l\u00e8bres ont eu un effet notable sur la promotion du lieu. Des films comme \u00ab\u00a0<\/span><b>The Way<\/b><span style=\"font-weight: 400;\">\u00ab\u00a0, avec <\/span><b>Martin Sheen<\/b><span style=\"font-weight: 400;\">, ont contribu\u00e9 \u00e0 augmenter l&rsquo;int\u00e9r\u00eat pour cette route historique.<\/span><\/p>\n<p><span style=\"font-weight: 400;\">Le film raconte l&rsquo;exp\u00e9rience d&rsquo;un p\u00e8lerin et montre la beaut\u00e9 et la spiritualit\u00e9 du Camino, inspirant ainsi de nombreux \u00e0 entreprendre ce voyage. Des livres et des documentaires ont mis en lumi\u00e8re les exp\u00e9riences personnelles de p\u00e8lerins c\u00e9l\u00e8bres, transformant le parcours en un ph\u00e9nom\u00e8ne culturel mondial.<\/span><\/p>\n<p><span style=\"font-weight: 400;\">L&rsquo;impact culturel a favoris\u00e9 une croissance notable du tourisme vers Santiago, attirant des personnes de diff\u00e9rentes r\u00e9gions du monde. Cette augmentation du nombre de p\u00e8lerins a revitalis\u00e9 les \u00e9conomies locales et a promu la pr\u00e9servation des traditions et du patrimoine architectural tout au long des routes.<\/span><\/p>\n<p><span style=\"font-weight: 400;\">De plus, le site a servi d&rsquo;<\/span><b>espace d&rsquo;\u00e9change culturel<\/b><span style=\"font-weight: 400;\">, o\u00f9 se croisent des histoires et des traditions de diff\u00e9rentes nationalit\u00e9s. L&rsquo;influence de ces c\u00e9l\u00e9brit\u00e9s a contribu\u00e9 \u00e0 une plus grande visibilit\u00e9, faisant du Camino un symbole de qu\u00eate personnelle et de connexion spirituelle.<\/span><\/p>\n<p>&nbsp;<\/p>\n<h2><b>L&rsquo;universalit\u00e9 du Camino<\/b><\/h2>\n<p><span style=\"font-weight: 400;\">Le Camino de Santiago reste un lieu o\u00f9 convergent des personnes de toutes les sph\u00e8res sociales. L&rsquo;exp\u00e9rience personnelle devient un lien commun qui unit tous les p\u00e8lerins, quelle que soit leur c\u00e9l\u00e9brit\u00e9 ou leur statut social. Chaque pas fait par ces <\/span><b>personnalit\u00e9s illustres<\/b><span style=\"font-weight: 400;\"> r\u00e9sonne avec les exp\u00e9riences anonymes partag\u00e9es par d&rsquo;autres marcheurs.<\/span><\/p>\n<p><span style=\"font-weight: 400;\">Cette connexion collective invite \u00e0 r\u00e9fl\u00e9chir sur l&rsquo;importance du voyage personnel dans le cadre du p\u00e8lerinage. Le d\u00e9sir commun de trouver un sens fait de ce parcours un espace unique pour tous ceux qui choisissent de l&#8217;emprunter.<\/span><\/p>\n<p><span style=\"font-weight: 400;\">La diversit\u00e9 des personnages ayant parcouru le chemin refl\u00e8te l&rsquo;attractivit\u00e9 intemporelle et l&rsquo;universalit\u00e9 du Camino. Les figures historiques et les c\u00e9l\u00e9brit\u00e9s contemporaines partagent toutes une qu\u00eate : <\/span><b>la connexion \u00e0 quelque chose de plus grand qu&rsquo;eux-m\u00eames<\/b><span style=\"font-weight: 400;\">. Leur h\u00e9ritage continue d&rsquo;inspirer les g\u00e9n\u00e9rations futures \u00e0 explorer leurs chemins et \u00e0 d\u00e9couvrir leurs propres histoires personnelles dans ce voyage mill\u00e9naire vers Santiago.<\/span><\/p>\n","protected":false},"excerpt":{"rendered":"<p>L&rsquo;histoire du Camino de Santiago est remplie de r\u00e9cits inspirants et de personnages c\u00e9l\u00e8bres qui ont choisi de faire ce voyage. Rois, papes, artistes et \u00e9crivains, chacun a trouv\u00e9 dans ce p\u00e9riple une raison personnelle de faire la p\u00e8lerinage. Qu&rsquo;est-ce qui pousse une personnalit\u00e9 publique \u00e0 marcher sur des chemins fr\u00e9quent\u00e9s depuis des si\u00e8cles ? [&hellip;]<\/p>\n","protected":false},"author":1,"featured_media":115524,"comment_status":"open","ping_status":"open","sticky":false,"template":"","format":"standard","meta":{"footnotes":""},"categories":[571,575,583],"tags":[],"class_list":["post-115646","post","type-post","status-publish","format-standard","has-post-thumbnail","hentry","category-blog-du-chemin","category-chemin-a-pied","category-histoire"],"_links":{"self":[{"href":"https:\/\/www.mundiplus.com\/fr\/wp-json\/wp\/v2\/posts\/115646","targetHints":{"allow":["GET"]}}],"collection":[{"href":"https:\/\/www.mundiplus.com\/fr\/wp-json\/wp\/v2\/posts"}],"about":[{"href":"https:\/\/www.mundiplus.com\/fr\/wp-json\/wp\/v2\/types\/post"}],"author":[{"embeddable":true,"href":"https:\/\/www.mundiplus.com\/fr\/wp-json\/wp\/v2\/users\/1"}],"replies":[{"embeddable":true,"href":"https:\/\/www.mundiplus.com\/fr\/wp-json\/wp\/v2\/comments?post=115646"}],"version-history":[{"count":0,"href":"https:\/\/www.mundiplus.com\/fr\/wp-json\/wp\/v2\/posts\/115646\/revisions"}],"wp:featuredmedia":[{"embeddable":true,"href":"https:\/\/www.mundiplus.com\/fr\/wp-json\/wp\/v2\/media\/115524"}],"wp:attachment":[{"href":"https:\/\/www.mundiplus.com\/fr\/wp-json\/wp\/v2\/media?parent=115646"}],"wp:term":[{"taxonomy":"category","embeddable":true,"href":"https:\/\/www.mundiplus.com\/fr\/wp-json\/wp\/v2\/categories?post=115646"},{"taxonomy":"post_tag","embeddable":true,"href":"https:\/\/www.mundiplus.com\/fr\/wp-json\/wp\/v2\/tags?post=115646"}],"curies":[{"name":"wp","href":"https:\/\/api.w.org\/{rel}","templated":true}]}}