{"id":115647,"date":"2022-02-25T12:38:59","date_gmt":"2022-02-25T12:38:59","guid":{"rendered":"https:\/\/www.mundiplus.com\/les-10-monuments-les-plus-importants-du-camino-del-norte-2\/"},"modified":"2022-02-25T12:38:59","modified_gmt":"2022-02-25T12:38:59","slug":"les-10-monuments-les-plus-importants-du-camino-del-norte-2","status":"publish","type":"post","link":"https:\/\/www.mundiplus.com\/fr\/blog\/monuments-route-du-nord\/","title":{"rendered":"Les 10 monuments les plus importants du Camino del Norte"},"content":{"rendered":"<p>Entre toutes les routes jacobines existantes pour faire le Camino de Santiago, certaines seront toujours un peu plus populaires que d&rsquo;autres, comme c&rsquo;est le cas du <a href=\"https:\/\/www.mundiplus.com\/fr\/caminos\/a-pie\/camino-norte\" target=\"_blank\" rel=\"noopener\">Camino del Norte<\/a>.<\/p>\n<p>Bien qu&rsquo;il s&rsquo;agisse de l&rsquo;une des routes les plus longues, on pourrait \u00e9galement dire qu&rsquo;elle <strong>est l&rsquo;une des plus impressionnantes.<\/strong> Cela est d\u00fb aux paysages et aux monuments que l&rsquo;on y trouve, ce qui en fait la pr\u00e9f\u00e9r\u00e9e des p\u00e8lerins du monde entier. Si vous souhaitez faire un tron\u00e7on plus court et arriver \u00e0 Saint-Jacques-de-Compostelle en 7 jours, nous vous recommanderions le <a href=\"https:\/\/www.mundiplus.com\/fr\/caminos\/a-pie\/camino-frances\/camino-de-santiago-desde-sarria\" target=\"_blank\" rel=\"noopener\">Camino de Santiago organis\u00e9 depuis Sarria<\/a>.<\/p>\n<h2><strong>Voici les monuments les plus importants du Camino del Norte que vous ne devez pas manquer&#8230;<\/strong><\/h2>\n<p>Il y a de nombreux points d&rsquo;int\u00e9r\u00eat sur ce <a href=\"https:\/\/www.mundiplus.com\/fr\/\" target=\"_blank\" rel=\"noopener\">Camino de Santiago avec voyage organis\u00e9<\/a> par le nord de l&rsquo;Espagne que l&rsquo;on pourrait mentionner, et il nous faudrait beaucoup de temps pour vous parler de tous. Cependant, parmi ceux qui jouissent de <strong>la plus grande valeur historique et de la beaut\u00e9 architecturale,<\/strong> il convient de mettre en avant les suivants :<\/p>\n<h3><strong>ERMITE DE GUADALUPE<\/strong><\/h3>\n<p>Elle est situ\u00e9e \u00e0 Fuenterrab\u00eda, consid\u00e9r\u00e9e comme l&rsquo;un des plus beaux villages du Pays Basque. On peut consid\u00e9rer que l&rsquo;ermitage<strong> de Guadalupe est un bon point de d\u00e9part pour commencer la route, <\/strong> ou bien depuis la localit\u00e9 voisine et frontali\u00e8re d&rsquo;Ir\u00fan qui serait le point de d\u00e9part naturel du Camino del Norte, et dont le premier tron\u00e7on serait le Camino depuis <a href=\"https:\/\/www.mundiplus.com\/fr\/caminos\/a-pie\/camino-norte\/camino-de-santiago-desde-irun\" target=\"_blank\" rel=\"noopener\"> Camino depuis Ir\u00fan \u00e0 Bilbao<\/a>.<\/p>\n<p>Bien que la construction originale n&rsquo;ait pas de date exacte, elle est d\u00e9j\u00e0 mentionn\u00e9e en 1526 dans une donation faite \u00e0 l&rsquo;\u00e9glise du village par Juan Sebasti\u00e1n Elcano. Plusieurs ann\u00e9es plus tard, elle a \u00e9t\u00e9 d\u00e9truite et reconstruite \u00e0 la suite des attaques et invasions.<\/p>\n<p><strong>L&rsquo;ermitage actuel date du XIXe si\u00e8cle.<\/strong> Il s&rsquo;agit d&rsquo;une \u00e9glise \u00e0 une seule nef avec un chevet plat et une seule crois\u00e9e. L&rsquo;un de ses \u00e9l\u00e9ments les plus remarquables est le chapiteau en pierre datant d&rsquo;environ 1860.<\/p>\n<h3><strong>GUGGENHEIM<\/strong><\/h3>\n<p>Sans aucun doute, c&rsquo;est l&rsquo;un des b\u00e2timents les plus importants du Camino del Norte gr\u00e2ce \u00e0 sa beaut\u00e9 architecturale. Le <a href=\"https:\/\/www.guggenheim-bilbao.eus\" target=\"_blank\" rel=\"nofollow noopener\"><strong>Guggenheim<\/strong> <strong>de Bilbao<\/strong><\/a>, d\u00e9di\u00e9 \u00e0 l&rsquo;art contemporain, a \u00e9t\u00e9 con\u00e7u par l&rsquo;architecte d&rsquo;origine canadienne Frank O. Gehry.<\/p>\n<p>Bien que les n\u00e9gociations pour sa construction aient commenc\u00e9 en 1991, ce n&rsquo;est qu&rsquo;en 1997 que les travaux ont \u00e9t\u00e9 achev\u00e9s. Il a \u00e9t\u00e9 inaugur\u00e9 par le roi Juan Carlos Ier d&rsquo;Espagne.<\/p>\n<p>Sa fa\u00e7ade est l&rsquo;un des \u00e9l\u00e9ments les plus caract\u00e9ristiques et frappants de l&rsquo;ensemble, o\u00f9 l&rsquo;on distingue les <strong>formes tordues et sinueuses<\/strong>. Ces formes ont \u00e9t\u00e9 recouvertes de rideaux de verre, de pierre calcaire et de plaques de titane. Il couvre une superficie de 24 000 m\u00e8tres carr\u00e9s, dont pr\u00e8s de 11 000 sont consacr\u00e9s aux expositions, r\u00e9parties dans 19 galeries.<\/p>\n<p><img fetchpriority=\"high\" decoding=\"async\" class=\"alignnone wp-image-3470 size-full\" src=\"https:\/\/www.mundiplus.com\/wp-content\/uploads\/2024\/04\/Guggenheim_Museum.jpg\" alt=\"Guggenheim_Museum\" width=\"1600\" height=\"1066\" \/><\/p>\n<h3><strong>BASILIQUE DE BEGO\u00d1A<\/strong><\/h3>\n<p>Avec une construction qui a dur\u00e9 plus de 100 ans, <strong>les travaux ont commenc\u00e9 en 1511 et se sont achev\u00e9s en 1621.<\/strong> Elle a \u00e9t\u00e9 construite dans un <strong>style gothique<\/strong>, bien que tout au long de la construction, elle ait connu quelques changements et l&rsquo;ajout de d\u00e9tails d&rsquo;autres styles.<\/p>\n<p>En 1835, la tour et presque toute sa fa\u00e7ade ont \u00e9t\u00e9 d\u00e9truites, n\u00e9cessitant une nouvelle intervention. <strong>La fa\u00e7ade actuelle a \u00e9t\u00e9 achev\u00e9e en 1907.<\/strong><\/p>\n<p>Elle se distingue par la magnifique sculpture de la Vierge de Bego\u00f1a, r\u00e9alis\u00e9e en bois polychrome au d\u00e9but du XIVe si\u00e8cle. Cependant, elle a \u00e9t\u00e9 restaur\u00e9e \u00e0 plusieurs reprises. D&rsquo;autres \u00e9l\u00e9ments dignes d&rsquo;int\u00e9r\u00eat sont le retable majeur, la zone du Sagrario, qui est faite en pierre, l&rsquo;orgue du ch\u0153ur et bien s\u00fbr, toutes les toiles.<\/p>\n<h3><strong>ENSEMBLE DE CASTRO URDIALES<\/strong><\/h3>\n<p>Consid\u00e9r\u00e9 comme l&rsquo;un des monuments les plus importants du Camino del Norte, <strong>il combine parfaitement le meilleur de l&rsquo;\u00e9poque antique avec la modernit\u00e9,<\/strong> au milieu de b\u00e2timents charg\u00e9s de charme et de beaut\u00e9.<\/p>\n<p>Ici se trouve <strong>l&rsquo;\u00e9glise de style gothique la plus importante de toute la Cantabrie<\/strong>. De plus, vous pourrez profiter du magnifique ch\u00e2teau m\u00e9di\u00e9val et de la maison Consistorial, d\u00e9velopp\u00e9e autour de la place.<\/p>\n<p>L&rsquo;\u00e9glise Sainte-Marie de l&rsquo;Assomption, comme nous l&rsquo;avons mentionn\u00e9, est d&rsquo;une grande importance. <strong>Sa construction date du XIIe si\u00e8cle<\/strong>. Elle est construite selon un plan basilical, flanqu\u00e9e de deux tours. Quant au ch\u00e2teau Faro, situ\u00e9 pr\u00e8s du temple, c&rsquo;est l&rsquo;un des rares qui se conserve dans la r\u00e9gion. Il \u00e9tait le principal fort d\u00e9fensif de la ville dans l&rsquo;Antiquit\u00e9.<\/p>\n<p><img decoding=\"async\" class=\"alignnone wp-image-3474 size-large\" src=\"https:\/\/www.mundiplus.com\/wp-content\/uploads\/2024\/04\/castro-urdiales-1024x691-1.jpg\" alt=\"castro_urdiales\" width=\"1024\" height=\"691\" \/><\/p>\n<h3><strong>PALACE DE LA MAGDALENA<\/strong><\/h3>\n<p>Le Palais Royal de la Magdalena est l&rsquo;un des b\u00e2timents les plus importants du Camino del Norte, en plus d&rsquo;\u00eatre <strong>un point focal dans toute la r\u00e9gion de Cantabrie.<\/strong><\/p>\n<p>Bien qu&rsquo;il n&rsquo;ait pas de style architectural d\u00e9fini, <strong>il se distingue par sa beaut\u00e9 impressionnante.<\/strong> Il combine des influences fran\u00e7aises et anglaises dans sa construction, ainsi que certains \u00e9l\u00e9ments typiques de la r\u00e9gion montagneuse.<\/p>\n<p>Il s&rsquo;\u00e9tend sur 28 hectares, couronn\u00e9s de magnifiques jardins. Il est possible d&rsquo;en profiter \u00e0 partir du rez-de-chauss\u00e9e, du premier \u00e9tage et de l&rsquo;\u00e9tage principal, ainsi que des \u00e9curies et de l&rsquo;ancien auditorium, aujourd&rsquo;hui transform\u00e9 en salle de concerts.<\/p>\n<h3><strong>ERMITE DE SAN SALVADOR DE PRIESCA<\/strong><\/h3>\n<p>Situ\u00e9e dans la localit\u00e9 de Priesca, en Asturies, elle est consid\u00e9r\u00e9e comme l&rsquo;une des <strong>meilleures expressions de l&rsquo;architecture pr\u00e9romane<\/strong> typique de la r\u00e9gion. Selon des documents anciens, cette ermite <strong>fut consacr\u00e9e autour de l&rsquo;ann\u00e9e 921,<\/strong> bien que tout ce qui reste aujourd&rsquo;hui ne soit pas d&rsquo;origine.<\/p>\n<p>Elle a une forme basilicale, avec trois nefs qui \u00e9taient termin\u00e9es par des chapelles absidiales. Elle a \u00e9t\u00e9 incendi\u00e9e pendant la guerre civile espagnole, ce qui a n\u00e9cessit\u00e9 deux restaurations depuis. Cependant, celles-ci n&rsquo;ont pas apport\u00e9 de grandes modifications \u00e0 son style original.<\/p>\n<h3><strong>CENTRE HISTORIQUE D&rsquo;AVIL\u00c9S<\/strong><\/h3>\n<p>Visiter cet endroit, c&rsquo;est d\u00e9finitivement<strong> voyager dans le temps.<\/strong> Class\u00e9 ensemble historique et artistique, c&rsquo;est l&rsquo;un des points d&rsquo;int\u00e9r\u00eat du Camino del Norte par excellence. Vous pouvez y d\u00e9couvrir de magnifiques h\u00e9ritages historiques, ce qui rend la visite enrichissante sous tous les angles.<\/p>\n<p>Parmi les b\u00e2timents remarquables, se distingue le <strong>Palais du Marquis de Camposagrado<\/strong>. Sa construction date du XVIIe si\u00e8cle. D&rsquo;autre part, l&rsquo;ancien <strong>Palais de Valdecarzana<\/strong> est le plus ancien de toute la ville et l&rsquo;un des meilleurs exemples de l&rsquo;architecture gothique.<\/p>\n<p>Il est \u00e9galement possible de visiter le Palais de Balsera, le Th\u00e9\u00e2tre Palacio Vald\u00e9s et de superbes maisons pittoresques telles que celles d&rsquo;Eladio Mu\u00f1iz, Arias de la Noceda ou Garc\u00eda Pumarino.<\/p>\n<p><img decoding=\"async\" class=\"alignnone size-full wp-image-24940\" src=\"https:\/\/www.mundiplus.com\/wp-content\/uploads\/2024\/04\/Palacio_de_Camposagrado.jpeg\" alt=\"Palacio_de_Camposagrado\" width=\"1024\" height=\"662\" \/><\/p>\n<h3><strong>MONAST\u00c8RE DE SAN SALVADOR, DE LOURENZ\u00c1<\/strong><\/h3>\n<p>Class\u00e9 Monument Historique National en 1974, le monast\u00e8re de San Salvador <strong>fut fond\u00e9 autour de l&rsquo;an 969,<\/strong> ce qui en fait un lieu incontournable parmi les monuments les plus importants du Camino del Norte.<\/p>\n<p>Malgr\u00e9 sa longue histoire, <strong>les b\u00e2timents qui sont encore debout datent des XVIIe et XVIIIe si\u00e8cles.<\/strong> Les religieux ont habit\u00e9 ce site jusqu&rsquo;au milieu du si\u00e8cle dernier.<\/p>\n<p>On pense que la fa\u00e7ade du monast\u00e8re pourrait \u00eatre un pr\u00e9curseur de la Cath\u00e9drale de Saint-Jacques-de-Compostelle, la chambre abbatiale ayant \u00e9t\u00e9 l&rsquo;actuelle mairie de Vilanova.<\/p>\n<p>Ce site abrite les restes de plusieurs personnalit\u00e9s de la noblesse.<\/p>\n<p><img loading=\"lazy\" decoding=\"async\" class=\"alignnone wp-image-24934 size-medium\" src=\"https:\/\/www.mundiplus.com\/wp-content\/uploads\/2024\/04\/Monasterio_de_san_salvador-1024x786.jpeg\" alt=\"monumentos_mas_importantes_del_Camino_del_Norte\" width=\"1024\" height=\"786\" \/><\/p>\n<h3><strong>CATH\u00c9DRALE DE MONDO\u00d1EDO<\/strong><\/h3>\n<p>Imposante et riche en histoire, <strong>sa construction d\u00e9buta vers 1219,<\/strong> bien que Mondo\u00f1edo f\u00fbt d\u00e9j\u00e0 si\u00e8ge \u00e9piscopal depuis 100 ans.<\/p>\n<p>Sa construction fut relativement lente, devant \u00eatre interrompue \u00e0 plusieurs reprises, et elle ne fut termin\u00e9e qu&rsquo;au XIVe si\u00e8cle. En 1902, elle fut d\u00e9clar\u00e9e <strong>Monument National.<\/strong> Elle est compos\u00e9e de trois nefs, conservant le rosace gothique d&rsquo;origine du XIVe si\u00e8cle.<\/p>\n<h3><strong>MONAST\u00c8RE DE SANTA MAR\u00cdA, EN SOBRADO DOS MONXES<\/strong><\/h3>\n<p>D&rsquo;origine m\u00e9di\u00e9vale, il est consid\u00e9r\u00e9 comme l&rsquo;un des principaux monast\u00e8res de toute la r\u00e9gion de Galice et l&rsquo;un des monuments les plus importants du Camino del Norte. Il fut fond\u00e9 en 952 par le comte de Presaras<strong>,<\/strong> qui mourut en ce lieu quelques ann\u00e9es plus tard.<\/p>\n<p>L&rsquo;\u00e9glise faisant partie du complexe fut construite \u00e0 la fin du XVIIe si\u00e8cle et consacr\u00e9e en 1708. En 1834, le monast\u00e8re fut supprim\u00e9 et tous ses biens vendus. \u00c0 partir de 1950, sa r\u00e9cup\u00e9ration d\u00e9buta et, depuis 1966, il est \u00e0 nouveau habit\u00e9 par des moines.<\/p>\n","protected":false},"excerpt":{"rendered":"<p>Entre toutes les routes jacobines existantes pour faire le Camino de Santiago, certaines seront toujours un peu plus populaires que d&rsquo;autres, comme c&rsquo;est le cas du Camino del Norte. Bien qu&rsquo;il s&rsquo;agisse de l&rsquo;une des routes les plus longues, on pourrait \u00e9galement dire qu&rsquo;elle est l&rsquo;une des plus impressionnantes. Cela est d\u00fb aux paysages et [&hellip;]<\/p>\n","protected":false},"author":1,"featured_media":82325,"comment_status":"open","ping_status":"open","sticky":false,"template":"","format":"standard","meta":{"footnotes":""},"categories":[571,603],"tags":[],"class_list":["post-115647","post","type-post","status-publish","format-standard","has-post-thumbnail","hentry","category-blog-du-chemin","category-sites-emblematiques"],"_links":{"self":[{"href":"https:\/\/www.mundiplus.com\/fr\/wp-json\/wp\/v2\/posts\/115647","targetHints":{"allow":["GET"]}}],"collection":[{"href":"https:\/\/www.mundiplus.com\/fr\/wp-json\/wp\/v2\/posts"}],"about":[{"href":"https:\/\/www.mundiplus.com\/fr\/wp-json\/wp\/v2\/types\/post"}],"author":[{"embeddable":true,"href":"https:\/\/www.mundiplus.com\/fr\/wp-json\/wp\/v2\/users\/1"}],"replies":[{"embeddable":true,"href":"https:\/\/www.mundiplus.com\/fr\/wp-json\/wp\/v2\/comments?post=115647"}],"version-history":[{"count":0,"href":"https:\/\/www.mundiplus.com\/fr\/wp-json\/wp\/v2\/posts\/115647\/revisions"}],"wp:featuredmedia":[{"embeddable":true,"href":"https:\/\/www.mundiplus.com\/fr\/wp-json\/wp\/v2\/media\/82325"}],"wp:attachment":[{"href":"https:\/\/www.mundiplus.com\/fr\/wp-json\/wp\/v2\/media?parent=115647"}],"wp:term":[{"taxonomy":"category","embeddable":true,"href":"https:\/\/www.mundiplus.com\/fr\/wp-json\/wp\/v2\/categories?post=115647"},{"taxonomy":"post_tag","embeddable":true,"href":"https:\/\/www.mundiplus.com\/fr\/wp-json\/wp\/v2\/tags?post=115647"}],"curies":[{"name":"wp","href":"https:\/\/api.w.org\/{rel}","templated":true}]}}