{"id":115880,"date":"2020-04-03T17:45:37","date_gmt":"2020-04-03T17:45:37","guid":{"rendered":"https:\/\/www.mundiplus.com\/lugo-et-ses-murs\/"},"modified":"2024-12-20T11:33:48","modified_gmt":"2024-12-20T11:33:48","slug":"lugo-et-ses-murs","status":"publish","type":"post","link":"https:\/\/www.mundiplus.com\/fr\/blog\/lugo-et-ses-murs\/","title":{"rendered":"Lugo et ses murs"},"content":{"rendered":"<p>Lugo, avec Oviedo, est l&rsquo;une des principales villes monumentales situ\u00e9es sur le <a href=\"https:\/\/www.mundiplus.com\/fr\/caminos\/a-pie\/camino-primitivo\" target=\"_blank\" rel=\"noopener noreferrer\">Camino Primitivo de Santiago<\/a>.<\/p>\n<h2>CAMINO PRIMITIVO &#8211; PATRIMOINE DE L&rsquo;HUMANIT\u00c9<\/h2>\n<p>Ce chemin a \u00e9t\u00e9 d\u00e9clar\u00e9 Patrimoine de l&rsquo;Humanit\u00e9 en 2015. Il fut le premier Camino de Santiago, emprunt\u00e9 par les p\u00e8lerins, initi\u00e9 par le roi Alfonso XII le Chaste, qui le parcourut en personne en 834 depuis Oviedo. Au fil des si\u00e8cles, jusqu&rsquo;\u00e0 nos jours, de nombreux p\u00e8lerins r\u00e9alisent des <a href=\"https:\/\/www.mundiplus.com\/fr\/\" target=\"_blank\" rel=\"noopener\">voyages organis\u00e9s sur le Camino de Santiago<\/a> en suivant les pas du roi Alfonso sur le Camino Primitivo, ou ceux de nombreux autres p\u00e8lerins qui parcourent le Camino sur l&rsquo;une des variantes qui traversent l&rsquo;Espagne.<\/p>\n<p>Lugo, ville monumentale, trouve son origine sur une colline dominant le fleuve Mi\u00f1o, o\u00f9 les Romains, au XIIIe si\u00e8cle avant J.-C., ont construit leur Lucus Augusti (for\u00eat sacr\u00e9e), \u00e0 l&rsquo;\u00e9poque de l&#8217;empereur Auguste.<\/p>\n<h2>MURAILLE ROMAINE DE LUGO &#8211; UNIQUE MURAILLE COMPL\u00c8TE DU MONDE<\/h2>\n<p>Vers le milieu du IIIe si\u00e8cle avant J.-C., les travaux de cette impressionnante muraille commenc\u00e8rent, afin de se prot\u00e9ger contre les peuples barbares. Elle entoure toute la vieille ville de Lugo et est la seule muraille au monde \u00e0 \u00eatre enti\u00e8rement conserv\u00e9e. C&rsquo;est pourquoi elle a \u00e9t\u00e9 d\u00e9clar\u00e9e Patrimoine de l&rsquo;Humanit\u00e9 par l&rsquo;Unesco en 2000. Auparavant, elle avait \u00e9galement \u00e9t\u00e9 d\u00e9clar\u00e9e Monument National en 1921.<\/p>\n<p><img fetchpriority=\"high\" decoding=\"async\" class=\"aligncenter wp-image-13730 size-full\" src=\"https:\/\/www.mundiplus.com\/wp-content\/uploads\/2024\/04\/muralla-lugo.jpg\" alt=\"muralla-lugo\" width=\"640\" height=\"427\" \/><\/p>\n<h3>TOURS ET PORTES DES MURAILLES<\/h3>\n<p>De forme presque quadrangulaire et construite en granit avec des dalles de schiste, elle a une \u00e9paisseur qui, dans certaines parties, atteint jusqu&rsquo;\u00e0 7 m\u00e8tres. Elle se compose de 86 tours, dont 71 sont originales, et a une longueur approximative de 2250 m\u00e8tres, sur lesquels il est possible de marcher, \u00e0 travers une rue (adarve ou promenade de ronde), situ\u00e9e sur le sommet des murailles. Autrefois, l&rsquo;acc\u00e8s \u00e0 la partie sup\u00e9rieure de la ville se faisait par des escaliers construits et situ\u00e9s \u00e0 l&rsquo;int\u00e9rieur des tours, bien qu&rsquo;\u00e0 l&rsquo;heure actuelle, on y acc\u00e8de par 6 escaliers ext\u00e9rieurs aux murs.<\/p>\n<p>En compl\u00e9ment des mesures d\u00e9fensives, en plus des murailles, une zone de campement pour les troupes a \u00e9t\u00e9 construite entre les tentes ou les casernes et le mur. Celle-ci a \u00e9t\u00e9 ensuite retir\u00e9e pour permettre la construction de logements et d&rsquo;autres b\u00e2timents.<\/p>\n<p>Initialement, la ville disposait de 5 portes d&rsquo;acc\u00e8s (Porta Falsa, Porte de Saint-Pierre, Porte de Saint-Jacques, Porta Mi\u00f1a et Porte Nouvelle), bien qu&rsquo;ult\u00e9rieurement, afin de faciliter la mobilit\u00e9 et \u00e0 cause de l&rsquo;expansion de la ville, 5 autres portes ont \u00e9t\u00e9 construites \u00e0 partir de l&rsquo;ann\u00e9e 1853 (Porte de Saint-Ferdinand, Porte de la Station, Porte de l&rsquo;\u00c9v\u00eaque gauche, Porte de l&rsquo;\u00c9v\u00eaque Aguirre et Porte de l&rsquo;\u00c9v\u00eaque Odario).<\/p>\n<p><img decoding=\"async\" class=\"aligncenter wp-image-13731 size-full\" src=\"https:\/\/www.mundiplus.com\/wp-content\/uploads\/2024\/04\/puente-lugo.jpg\" alt=\"puente-lugo\" width=\"680\" height=\"430\" \/><\/p>\n<h2>MONUMENTS DU CENTRE HISTORIQUE DE LA VILLE DE LUGO<\/h2>\n<h3><b>CATH\u00c9DRALE DE SAINTE MARIE<\/b><\/h3>\n<p>B\u00e2timent roman-gothique, commenc\u00e9 au XIIe si\u00e8cle et achev\u00e9 au XIVe si\u00e8cle. \u00c0 l&rsquo;int\u00e9rieur se trouve la patronne de Lugo, la \u00ab\u00a0Vierge aux Grands Yeux\u00a0\u00bb, une magnifique image dont la date de construction exacte est inconnue.<\/p>\n<h3><strong>THERMES ROMAINS<\/strong><\/h3>\n<p>Ils datent de la m\u00eame \u00e9poque que la fondation de la ville, en l&rsquo;an XIII av. J.-C., car ces eaux, dont les Romains \u00e9taient si friands, ont \u00e9t\u00e9 d\u00e9couvertes \u00e0 cette \u00e9poque. Celles qui peuvent \u00eatre visit\u00e9es aujourd&rsquo;hui datent probablement de l&rsquo;an 2 av. J.-C., bien qu&rsquo;elles ne soient plus en usage.<\/p>\n<h3><b>PONT ROMAIN<\/b><\/h3>\n<p>Il remonte \u00e0 la premi\u00e8re moiti\u00e9 du Ier si\u00e8cle de notre \u00e8re. Il mesure 104 m\u00e8tres de long et permet de traverser la rivi\u00e8re Mi\u00f1o.<\/p>\n<p>Il ne faut pas oublier la c\u00e9l\u00e8bre f\u00eate de <a href=\"http:\/\/www.ardelucus.com\/\" target=\"_blank\" rel=\"nofollow noopener\"><strong>Arde Lucus<\/strong><\/a>, d\u00e9clar\u00e9e d&rsquo;Int\u00e9r\u00eat touristique national, <span class=\"ILfuVd\"><span class=\"e24Kjd\">qui se c\u00e9l\u00e8bre \u00e0 Lugo \u00e0 la mi-juin et ravive le pass\u00e9 romain de la ville fortifi\u00e9e. Son origine remonte \u00e0 2001 pour comm\u00e9morer la fondation de la ville. La f\u00eate dure 3 jours, durant lesquels les habitants de Lugo, v\u00eatus de costumes de l&rsquo;\u00e9poque, montent des camps militaires, des cirques romains, des march\u00e9s artisanaux, des mariages celtiques et la c\u00e9l\u00e8bre \u00ab\u00a0Br\u00fblure des murailles\u00a0\u00bb dans une simulation de si\u00e8ge d&rsquo;une ville romaine de l&rsquo;\u00e9poque. Pendant la p\u00e9riode de l&rsquo;Arde Lucus, l&rsquo;occupation est tr\u00e8s \u00e9lev\u00e9e, avec m\u00eame des r\u00e9servations effectu\u00e9es un an \u00e0 l&rsquo;avance. Si vous souhaitez faire le Camino et voir cette f\u00eate l\u00e9gendaire au moins une fois dans votre vie, au lieu de commencer \u00e0 marcher depuis Lugo, nous vous recommanderions le <a href=\"https:\/\/www.mundiplus.com\/fr\/caminos\/a-pie\/camino-frances\/camino-de-santiago-desde-sarria\" target=\"_blank\" rel=\"noopener\">Camino de Santiago depuis Sarria organis\u00e9<\/a>, Sarria se trouvant \u00e0 une demi-heure en voiture, nous pouvons donc organiser votre transport aller-retour pour voir en direct le \u00ab\u00a0Si\u00e8ge de Lugo\u00a0\u00bb.<\/span><\/span><\/p>\n","protected":false},"excerpt":{"rendered":"<p>Lugo, avec Oviedo, est l&rsquo;une des principales villes monumentales situ\u00e9es sur le Camino Primitivo de Santiago. CAMINO PRIMITIVO &#8211; PATRIMOINE DE L&rsquo;HUMANIT\u00c9 Ce chemin a \u00e9t\u00e9 d\u00e9clar\u00e9 Patrimoine de l&rsquo;Humanit\u00e9 en 2015. Il fut le premier Camino de Santiago, emprunt\u00e9 par les p\u00e8lerins, initi\u00e9 par le roi Alfonso XII le Chaste, qui le parcourut en [&hellip;]<\/p>\n","protected":false},"author":1,"featured_media":82541,"comment_status":"open","ping_status":"open","sticky":false,"template":"","format":"standard","meta":{"footnotes":""},"categories":[571,575],"tags":[],"class_list":["post-115880","post","type-post","status-publish","format-standard","has-post-thumbnail","hentry","category-blog-du-chemin","category-chemin-a-pied"],"_links":{"self":[{"href":"https:\/\/www.mundiplus.com\/fr\/wp-json\/wp\/v2\/posts\/115880","targetHints":{"allow":["GET"]}}],"collection":[{"href":"https:\/\/www.mundiplus.com\/fr\/wp-json\/wp\/v2\/posts"}],"about":[{"href":"https:\/\/www.mundiplus.com\/fr\/wp-json\/wp\/v2\/types\/post"}],"author":[{"embeddable":true,"href":"https:\/\/www.mundiplus.com\/fr\/wp-json\/wp\/v2\/users\/1"}],"replies":[{"embeddable":true,"href":"https:\/\/www.mundiplus.com\/fr\/wp-json\/wp\/v2\/comments?post=115880"}],"version-history":[{"count":0,"href":"https:\/\/www.mundiplus.com\/fr\/wp-json\/wp\/v2\/posts\/115880\/revisions"}],"wp:featuredmedia":[{"embeddable":true,"href":"https:\/\/www.mundiplus.com\/fr\/wp-json\/wp\/v2\/media\/82541"}],"wp:attachment":[{"href":"https:\/\/www.mundiplus.com\/fr\/wp-json\/wp\/v2\/media?parent=115880"}],"wp:term":[{"taxonomy":"category","embeddable":true,"href":"https:\/\/www.mundiplus.com\/fr\/wp-json\/wp\/v2\/categories?post=115880"},{"taxonomy":"post_tag","embeddable":true,"href":"https:\/\/www.mundiplus.com\/fr\/wp-json\/wp\/v2\/tags?post=115880"}],"curies":[{"name":"wp","href":"https:\/\/api.w.org\/{rel}","templated":true}]}}