{"id":116000,"date":"2014-02-20T16:09:32","date_gmt":"2014-02-20T16:09:32","guid":{"rendered":"https:\/\/www.mundiplus.com\/annee-franciscaine-2014-2\/"},"modified":"2014-02-20T16:09:32","modified_gmt":"2014-02-20T16:09:32","slug":"annee-franciscaine-2014-2","status":"publish","type":"post","link":"https:\/\/www.mundiplus.com\/fr\/blog\/annee-franciscaine-2014\/","title":{"rendered":"Ann\u00e9e franciscaine 2014"},"content":{"rendered":"<p>L&rsquo;Ordre Franciscain a inaugur\u00e9 le 17 janvier 2014 l&rsquo;Ann\u00e9e Jubilaire Franciscain qui comm\u00e9more le huiti\u00e8me anniversaire de la p\u00e8lerinage de Saint Fran\u00e7ois d&rsquo;Assise \u00e0 Saint-Jacques-de-Compostelle.<\/p>\n<p>En l&rsquo;honneur de cet anniversaire, \u00ab\u00a0La Cotolaya\u00a0\u00bb sera remise, il s&rsquo;agit d&rsquo;un certificat d\u00e9livr\u00e9 \u00e0 l&rsquo;\u00c9glise Saint-Fran\u00e7ois, \u00e0 Saint-Jacques, \u00e0 tous les p\u00e8lerins qui se rendront \u00e0 la <a href=\"https:\/\/www.mundiplus.com\/fr\/blog\/la-tumba-del-apostol-santiago-y-sus-origenes\" target=\"_blank\" rel=\"noopener noreferrer\">tombeau de l&rsquo;Ap\u00f4tre Saint Jacques<\/a> sous la protection de Saint Fran\u00e7ois d&rsquo;Assise et visiteront son couvent.<\/p>\n<p>Cette sorte de Compostela Franciscane est un cadeau suppl\u00e9mentaire \u00e0 la <a href=\"https:\/\/www.mundiplus.com\/fr\/blog\/la-compostela-la-fisterrana-y-la-muxiana\" target=\"_blank\" rel=\"noopener noreferrer\">Compostela<\/a> traditionnelle qui est d\u00e9livr\u00e9e au bureau d&rsquo;accueil des p\u00e8lerins. Cependant, le format de la Compostela actuelle sera bient\u00f4t modifi\u00e9 pour faire un clin d&rsquo;\u0153il \u00e0 l&rsquo;anniversaire de la p\u00e8lerinage de Saint Fran\u00e7ois d&rsquo;Assise.<\/p>\n<p>De plus, au cours de cette Ann\u00e9e Franciscane 2014, de nouvelles cr\u00e9denciales de p\u00e8lerin seront cr\u00e9\u00e9es pour comm\u00e9morer cet anniversaire : Saint Fran\u00e7ois d&rsquo;Assise et l&rsquo;Ap\u00f4tre Saint Jacques partageront l&rsquo;affiche tout au long du Camino 2014. <a href=\"https:\/\/www.mundiplus.com\/fr\/caminos\/a-pie\/camino-frances\/camino-de-santiago-desde-sarria\" target=\"_blank\" rel=\"noopener\">Faire le Camino de Santiago depuis Sarria<\/a> sera l&rsquo;une des meilleures et des plus recommand\u00e9es options pour les personnes ayant peu de pr\u00e9paration physique et peu de temps disponible, car il peut \u00eatre compl\u00e9t\u00e9 en 7 jours.<\/p>\n<p class=\"p1\"><span class=\"s1\">Selon la tradition, on croit qu&rsquo;entre novembre 1213 et P\u00e2ques 1215<\/span>, Saint Fran\u00e7ois d&rsquo;Assise aurait effectu\u00e9 le p\u00e8lerinage vers Saint-Jacques-de-Compostelle. Partant d&rsquo;Italie, il traverserait la France et finirait son chemin en Espagne.<\/p>\n<p>Parmi les activit\u00e9s pr\u00e9vues pour cette c\u00e9l\u00e9bration, on peut citer les trois journ\u00e9es portes ouvertes \u00e0 la fin du mois de mars, qui permettront la visite du couvent de Saint-Jacques et de ses d\u00e9pendances dans la ville galicienne, avec des explications sur le travail effectu\u00e9 actuellement par les franciscains. La ville d&rsquo;Assise (Italie) se joindra \u00e9galement aux festivit\u00e9s.<\/p>\n<p>Une grande exposition collective est pr\u00e9vue, avec des \u0153uvres d&rsquo;artistes tels que Tapies, Lamazares ou Boltanski, et se tiendra dans le Pazo de Xelm\u00edrez ainsi que dans l&rsquo;\u00e9glise et le cimeti\u00e8re de Bonaval.<\/p>\n<p>Si vous souhaitez continuer \u00e0 lire plus d&rsquo;informations sur les Ann\u00e9es sp\u00e9ciales pour faire des <a href=\"https:\/\/www.mundiplus.com\/fr\/\" target=\"_blank\" rel=\"noopener\">Voyages organis\u00e9s sur le Camino de Santiago<\/a>, nous vous recommandons de lire l&rsquo;\u00a0<a href=\"https:\/\/www.mundiplus.com\/fr\/blog\/ano-de-la-misericordia-2016\" target=\"_blank\" rel=\"noopener noreferrer\">Ann\u00e9e de la Mis\u00e9ricorde 2016<\/a> et le prochain <a href=\"https:\/\/www.mundiplus.com\/fr\/blog\/ano-santo-2021\" target=\"_blank\" rel=\"noopener noreferrer\">Ann\u00e9e Sainte 2021<\/a>.<\/p>\n<hr \/>\n<p>&nbsp;<\/p>\n","protected":false},"excerpt":{"rendered":"<p>L&rsquo;Ordre Franciscain a inaugur\u00e9 le 17 janvier 2014 l&rsquo;Ann\u00e9e Jubilaire Franciscain qui comm\u00e9more le huiti\u00e8me anniversaire de la p\u00e8lerinage de Saint Fran\u00e7ois d&rsquo;Assise \u00e0 Saint-Jacques-de-Compostelle. En l&rsquo;honneur de cet anniversaire, \u00ab\u00a0La Cotolaya\u00a0\u00bb sera remise, il s&rsquo;agit d&rsquo;un certificat d\u00e9livr\u00e9 \u00e0 l&rsquo;\u00c9glise Saint-Fran\u00e7ois, \u00e0 Saint-Jacques, \u00e0 tous les p\u00e8lerins qui se rendront \u00e0 la tombeau de [&hellip;]<\/p>\n","protected":false},"author":1,"featured_media":94232,"comment_status":"open","ping_status":"open","sticky":false,"template":"","format":"standard","meta":{"footnotes":""},"categories":[571,575,591],"tags":[],"class_list":["post-116000","post","type-post","status-publish","format-standard","has-post-thumbnail","hentry","category-blog-du-chemin","category-chemin-a-pied","category-pour-les-etrangers"],"_links":{"self":[{"href":"https:\/\/www.mundiplus.com\/fr\/wp-json\/wp\/v2\/posts\/116000","targetHints":{"allow":["GET"]}}],"collection":[{"href":"https:\/\/www.mundiplus.com\/fr\/wp-json\/wp\/v2\/posts"}],"about":[{"href":"https:\/\/www.mundiplus.com\/fr\/wp-json\/wp\/v2\/types\/post"}],"author":[{"embeddable":true,"href":"https:\/\/www.mundiplus.com\/fr\/wp-json\/wp\/v2\/users\/1"}],"replies":[{"embeddable":true,"href":"https:\/\/www.mundiplus.com\/fr\/wp-json\/wp\/v2\/comments?post=116000"}],"version-history":[{"count":0,"href":"https:\/\/www.mundiplus.com\/fr\/wp-json\/wp\/v2\/posts\/116000\/revisions"}],"wp:featuredmedia":[{"embeddable":true,"href":"https:\/\/www.mundiplus.com\/fr\/wp-json\/wp\/v2\/media\/94232"}],"wp:attachment":[{"href":"https:\/\/www.mundiplus.com\/fr\/wp-json\/wp\/v2\/media?parent=116000"}],"wp:term":[{"taxonomy":"category","embeddable":true,"href":"https:\/\/www.mundiplus.com\/fr\/wp-json\/wp\/v2\/categories?post=116000"},{"taxonomy":"post_tag","embeddable":true,"href":"https:\/\/www.mundiplus.com\/fr\/wp-json\/wp\/v2\/tags?post=116000"}],"curies":[{"name":"wp","href":"https:\/\/api.w.org\/{rel}","templated":true}]}}