{"id":116957,"date":"2018-07-26T23:35:49","date_gmt":"2018-07-26T23:35:49","guid":{"rendered":"https:\/\/www.mundiplus.com\/cathedrale-de-saint-jacques-de-compostelle\/"},"modified":"2018-07-26T23:35:49","modified_gmt":"2018-07-26T23:35:49","slug":"cathedrale-de-saint-jacques-de-compostelle","status":"publish","type":"post","link":"https:\/\/www.mundiplus.com\/fr\/blog\/lifting-de-la-cathedrale-de-santiago-de-compostelle-et-son-portique-de-la-gloire\/","title":{"rendered":"Cath\u00e9drale de Saint-Jacques-de-Compostelle"},"content":{"rendered":"<p>Catedral, qui porte le nom des guildes m\u00e9di\u00e9vales d\u2019orf\u00e8vres qui y r\u00e9alisaient leurs t\u00e2ches artisanales. Au centre de la place, vous pouvez voir la Fonte dos Cabalos, l\u2019une des plus belles de tout Santiago.<\/p>\n<p>Et n\u2019oubliez pas qu\u2019\u00e0 votre arriv\u00e9e \u00e0 Santiago de Compostelle, vous pouvez r\u00e9cup\u00e9rer <a href=\"https:\/\/www.mundiplus.com\/fr\/blog\/como-obtener-la-compostela\" target=\"_blank\" rel=\"noopener noreferrer\">La Compostela<\/a> qui est d\u00e9livr\u00e9e \u00e0 l&rsquo;Office du P\u00e8lerin, situ\u00e9 au 33 Rua Das Carretas, pr\u00e8s de la Cath\u00e9drale, apr\u00e8s pr\u00e9sentation de la Cr\u00e9dential du p\u00e8lerin, attestant d\u2019au moins 100 derniers kilom\u00e8tres \u00e0 pied, comme par exemple le <a href=\"https:\/\/www.mundiplus.com\/fr\/caminos\/a-pie\/camino-frances\/ultimos-100-km\" target=\"_blank\" rel=\"noopener noreferrer\">Camino de Santiago depuis Sarria<\/a>, ou les <strong>200 derniers kilom\u00e8tres<\/strong>, si vous avez fait le <a href=\"https:\/\/www.mundiplus.com\/fr\/caminos\/en-bicicleta\" target=\"_blank\" rel=\"noopener noreferrer\">Camino de Santiago \u00e0 v\u00e9lo<\/a>.<\/p>\n<p>Elle a mis du temps \u00e0 arriver, mais apr\u00e8s des ann\u00e9es de restauration de la <b>fa\u00e7ade principale de la Cath\u00e9drale de Santiago de Compostelle<\/b> (Plaza del Obradoiro) et du <a href=\"https:\/\/www.mundiplus.com\/fr\/blog\/portico-de-la-gloria\" target=\"_blank\" rel=\"noopener noreferrer\">Portique de la Gloire<\/a>, elles pr\u00e9sentent d\u00e9sormais un aspect plus r\u00e9nov\u00e9.<\/p>\n<h2>R\u00c9NOVATION DE LA CATH\u00c9DRALE ET DU PORTIQUE DE LA GLOIRE<\/h2>\n<p>Un v\u00e9ritable coup de neuf pour \u00e9liminer la couleur \u00ab noir\u00e2tre \u00bb et m\u00eame les mousses qui s\u2019\u00e9taient form\u00e9es sur certaines pierres.<\/p>\n<p>Tout cela dans le cadre d\u2019un programme de restauration ambitieux <span class=\"s1\">afin que toute la Cath\u00e9drale puisse rev\u00eatir ses plus beaux atours lors du <a href=\"https:\/\/www.mundiplus.com\/fr\/blog\/ano-santo-2021\" target=\"_blank\" rel=\"noopener noreferrer\">prochain Ann\u00e9e Jacobeo 2021<\/a><\/span>, et les travaux continueront jusqu\u2019\u00e0 cette date. Les visites du Portique de la Gloire sont ouvertes au public \u00e0 l\u2019occasion des Festivit\u00e9s de l\u2019Ap\u00f4tre Saint-Jacques.<\/p>\n<p class=\"p1\"><strong><span class=\"s1\">En groupes de 25 personnes maximum et d\u2019une dur\u00e9e d\u2019environ 15 minutes<\/span><\/strong>, l\u2019acc\u00e8s se fait par l\u2019escalier de la fa\u00e7ade principale de la Plaza del Obradoiro. Il est possible de <a href=\"http:\/\/catedraldesantiago.es\/informacion-sobre-las-visitas-al-portico-de-la-gloria\/\" target=\"_blank\" rel=\"noopener noreferrer\">visiter le Portique de la Gloire<\/a> jusqu\u2019\u00e0 l\u2019automne, moment o\u00f9 il sera encapsul\u00e9 pour \u00e9viter toute d\u00e9t\u00e9rioration pendant les travaux de r\u00e9novation de l\u2019int\u00e9rieur m\u00eame de la Cath\u00e9drale.<\/p>\n<p><img fetchpriority=\"high\" decoding=\"async\" class=\"size-medium wp-image-13629 aligncenter\" src=\"https:\/\/www.mundiplus.com\/wp-content\/uploads\/2024\/04\/Catedral-de-santiago-de-compostela-scaled.jpg\" alt=\"Catedral-de-santiago-de-compostela\" width=\"300\" height=\"188\" \/><\/p>\n<p>Avec un co\u00fbt d\u2019environ 17 millions d\u2019euros, les travaux de la Cath\u00e9drale de Santiago de Compostelle incluent non seulement la fa\u00e7ade de la Plaza del Obradoiro et le c\u00e9l\u00e8bre Portique de la Gloire, mais aussi la r\u00e9habilitation de la fa\u00e7ade de la Plaza Quintana, le nettoyage de la Tour de l\u2019Horloge et des Tours de Xelm\u00edrez et des Abades, ainsi que les couvertures, la restauration du Portique et la r\u00e9habilitation int\u00e9rieure de la basilique (cette derni\u00e8re avance plus lentement et impliquera des restrictions d\u2019acc\u00e8s et de visites, ainsi qu\u2019une mise \u00e0 l\u2019arr\u00eat du Botafumeiro tant appr\u00e9ci\u00e9 des p\u00e8lerins).<\/p>\n<p>Santiago de Compostelle et sa Cath\u00e9drale vous attendent, d\u00e9couvrez les <a href=\"https:\/\/www.mundiplus.com\/fr\/caminos\/a-pie\">principales routes \u00e0 pied du Camino de Santiago<\/a> qui m\u00e8nent \u00e0 la ville qui abrite les restes de l\u2019Ap\u00f4tre Saint-Jacques.<\/p>\n","protected":false},"excerpt":{"rendered":"<p>Catedral, qui porte le nom des guildes m\u00e9di\u00e9vales d\u2019orf\u00e8vres qui y r\u00e9alisaient leurs t\u00e2ches artisanales. Au centre de la place, vous pouvez voir la Fonte dos Cabalos, l\u2019une des plus belles de tout Santiago. Et n\u2019oubliez pas qu\u2019\u00e0 votre arriv\u00e9e \u00e0 Santiago de Compostelle, vous pouvez r\u00e9cup\u00e9rer La Compostela qui est d\u00e9livr\u00e9e \u00e0 l&rsquo;Office du [&hellip;]<\/p>\n","protected":false},"author":1,"featured_media":94200,"comment_status":"open","ping_status":"open","sticky":false,"template":"","format":"standard","meta":{"footnotes":""},"categories":[571,579],"tags":[],"class_list":["post-116957","post","type-post","status-publish","format-standard","has-post-thumbnail","hentry","category-blog-du-chemin","category-chemin-a-velo"],"_links":{"self":[{"href":"https:\/\/www.mundiplus.com\/fr\/wp-json\/wp\/v2\/posts\/116957","targetHints":{"allow":["GET"]}}],"collection":[{"href":"https:\/\/www.mundiplus.com\/fr\/wp-json\/wp\/v2\/posts"}],"about":[{"href":"https:\/\/www.mundiplus.com\/fr\/wp-json\/wp\/v2\/types\/post"}],"author":[{"embeddable":true,"href":"https:\/\/www.mundiplus.com\/fr\/wp-json\/wp\/v2\/users\/1"}],"replies":[{"embeddable":true,"href":"https:\/\/www.mundiplus.com\/fr\/wp-json\/wp\/v2\/comments?post=116957"}],"version-history":[{"count":0,"href":"https:\/\/www.mundiplus.com\/fr\/wp-json\/wp\/v2\/posts\/116957\/revisions"}],"wp:featuredmedia":[{"embeddable":true,"href":"https:\/\/www.mundiplus.com\/fr\/wp-json\/wp\/v2\/media\/94200"}],"wp:attachment":[{"href":"https:\/\/www.mundiplus.com\/fr\/wp-json\/wp\/v2\/media?parent=116957"}],"wp:term":[{"taxonomy":"category","embeddable":true,"href":"https:\/\/www.mundiplus.com\/fr\/wp-json\/wp\/v2\/categories?post=116957"},{"taxonomy":"post_tag","embeddable":true,"href":"https:\/\/www.mundiplus.com\/fr\/wp-json\/wp\/v2\/tags?post=116957"}],"curies":[{"name":"wp","href":"https:\/\/api.w.org\/{rel}","templated":true}]}}