{"id":117913,"date":"2025-03-03T19:49:06","date_gmt":"2025-03-03T19:49:06","guid":{"rendered":"https:\/\/www.mundiplus.com\/?p=117913"},"modified":"2025-03-03T19:50:11","modified_gmt":"2025-03-03T19:50:11","slug":"altotting-le-plus-important-pelerinage-dallemagne","status":"publish","type":"post","link":"https:\/\/www.mundiplus.com\/fr\/altotting-le-coeur-spirituel-de-la-baviere\/","title":{"rendered":"Alt\u00f6tting, le plus important p\u00e8lerinage d&rsquo;Allemagne"},"content":{"rendered":"<p><img fetchpriority=\"high\" decoding=\"async\" class=\"alignnone wp-image-117857 size-full\" src=\"https:\/\/www.mundiplus.com\/wp-content\/uploads\/2025\/02\/Altotting-Mundiplus.jpg\" alt=\"\" width=\"1024\" height=\"768\" srcset=\"https:\/\/www.mundiplus.com\/wp-content\/uploads\/2025\/02\/Altotting-Mundiplus.jpg 1024w, https:\/\/www.mundiplus.com\/wp-content\/uploads\/2025\/02\/Altotting-Mundiplus-300x225.jpg 300w, https:\/\/www.mundiplus.com\/wp-content\/uploads\/2025\/02\/Altotting-Mundiplus-768x576.jpg 768w, https:\/\/www.mundiplus.com\/wp-content\/uploads\/2025\/02\/Altotting-Mundiplus-600x450.jpg 600w\" sizes=\"(max-width: 1024px) 100vw, 1024px\" \/><\/p>\n<p><b>Saviez-vous que l&rsquo;Allemagne poss\u00e8de un centre de p\u00e8lerinage qui attire chaque ann\u00e9e des centaines de milliers de personnes ?<\/b><span style=\"font-weight: 400;\"> Lorsque l&rsquo;on pense aux voyages de foi, le premier qui nous vient g\u00e9n\u00e9ralement \u00e0 l&rsquo;esprit est le chemin de Saint-Jacques-de-Compostelle, mais <\/span><b>Alt\u00f6tting<\/b><span style=\"font-weight: 400;\">, en Bavi\u00e8re, est en r\u00e9alit\u00e9 le c\u0153ur spirituel du pays germanique.<\/span><\/p>\n<p><span style=\"font-weight: 400;\">Ce petit village est devenu une destination majeure pour les fid\u00e8les en qu\u00eate de miracle, d&rsquo;une connexion avec la foi ou encore d&rsquo;un lieu charg\u00e9 d&rsquo;histoire. Si vous souhaitez d\u00e9couvrir pourquoi des milliers de personnes choisissent ce sanctuaire chaque ann\u00e9e, continuez votre lecture.<\/span><\/p>\n<p>&nbsp;<\/p>\n<h2><b>Diff\u00e9rentes routes de p\u00e8lerinage vers des destinations sacr\u00e9es<\/b><\/h2>\n<p><span style=\"font-weight: 400;\">Le p\u00e8lerinage est un voyage qui d\u00e9passe le simple d\u00e9placement physique pour devenir une exp\u00e9rience spirituelle et personnelle. Chaque itin\u00e9raire invite le p\u00e8lerin \u00e0<\/span><b> s\u2019arr\u00eater, r\u00e9fl\u00e9chir et se connecter \u00e0 une tradition<\/b><span style=\"font-weight: 400;\"> transmise de g\u00e9n\u00e9ration en g\u00e9n\u00e9ration, faisant du chemin un v\u00e9ritable rituel de foi.<\/span><\/p>\n<p><span style=\"font-weight: 400;\">Au fil de l\u2019histoire, de nombreux itin\u00e9raires sont devenus c\u00e9l\u00e8bres en raison de leur forte symbolique. Certains traversent des paysages naturels grandioses, tandis que d\u2019autres passent par des lieux charg\u00e9s d\u2019histoire. Chaque route poss\u00e8de ainsi sa propre identit\u00e9 et son propre d\u00e9fi.\u00a0<\/span><\/p>\n<p><span style=\"font-weight: 400;\">Au-del\u00e0 des parcours embl\u00e9matiques, il existe des itin\u00e9raires moins connus qui permettent d\u2019explorer des territoires o\u00f9 la d\u00e9votion <\/span><b>se m\u00eale \u00e0 la culture locale<\/b><span style=\"font-weight: 400;\">. Ces chemins plongent le p\u00e8lerin dans des traditions authentiques et l&rsquo;invitent \u00e0 participer \u00e0 des rituels qui, au fil du temps, ont <\/span><b>renforc\u00e9 le lien entre le croyant et le sacr\u00e9<\/b><span style=\"font-weight: 400;\">.\u00a0<\/span><\/p>\n<p><span style=\"font-weight: 400;\">En effet, de nombreux chemins m\u00e8nent \u00e0 des destinations de p\u00e8lerinage embl\u00e9matiques en Europe. Certains poss\u00e8dent des itin\u00e9raires traditionnels emprunt\u00e9s par les fid\u00e8les depuis des si\u00e8cles. Les <\/span><a href=\"https:\/\/www.mundiplus.com\/fr\/\"><b>agences Chemin de Saint-Jacques<\/b><\/a><span style=\"font-weight: 400;\"> proposent des options pour ceux qui souhaitent entreprendre un voyage avec une assistance sp\u00e9cialis\u00e9e.<\/span><\/p>\n<p><span style=\"font-weight: 400;\">Il est vrai que le p\u00e8lerinage le plus important d\u2019Europe est celui de Saint-Jacques-de-Compostelle. En plus de sa charge symbolique, il propose plusieurs itin\u00e9raires qui varient en fonction de leur emplacement, de l\u2019effort requis et de la distance parcourue.\u00a0<\/span><\/p>\n<p><span style=\"font-weight: 400;\">Parmi les itin\u00e9raires les plus populaires, on trouve :\u00a0<\/span><\/p>\n<ul>\n<li style=\"font-weight: 400;\" aria-level=\"1\"><span style=\"font-weight: 400;\">Le <\/span><a href=\"https:\/\/www.mundiplus.com\/fr\/caminos\/a-pie\/camino-sanabres\/camino-de-santiago-desde-orense\/\"><b>Chemin de Saint-Jacques depuis Ourense<\/b><\/a><span style=\"font-weight: 400;\">, connu pour sa richesse historique.\u00a0<\/span><\/li>\n<\/ul>\n<p>&nbsp;<\/p>\n<ul>\n<li style=\"font-weight: 400;\" aria-level=\"1\"><span style=\"font-weight: 400;\">Une autre option populaire est le <\/span><a href=\"https:\/\/www.mundiplus.com\/fr\/caminos\/a-pie\/camino-primitivo\/camino-de-santiago-desde-lugo\/\"><b>Chemin de Saint-Jacques depuis Lugo<\/b><\/a><span style=\"font-weight: 400;\">, id\u00e9al pour ceux qui recherchent un itin\u00e9raire empreint de culture et de spiritualit\u00e9.<\/span><\/li>\n<\/ul>\n<p>&nbsp;<\/p>\n<ul>\n<li style=\"font-weight: 400;\" aria-level=\"1\"><span style=\"font-weight: 400;\">D\u2019autre part, le <\/span><a href=\"https:\/\/www.mundiplus.com\/fr\/caminos\/a-pie\/camino-norte\/camino-de-santiago-desde-irun\/\"><b>Chemin du Nord Ir\u00fan-Bilbao<\/b><\/a><span style=\"font-weight: 400;\"> attire les p\u00e8lerins amateurs de paysages c\u00f4tiers et de d\u00e9fis physiques plus exigeants.\u00a0<\/span><\/li>\n<\/ul>\n<p>&nbsp;<\/p>\n<p><span style=\"font-weight: 400;\">Quel que soit l\u2019itin\u00e9raire choisi, tous partagent un m\u00eame objectif : offrir aux marcheurs une exp\u00e9rience personnelle de foi et de r\u00e9flexion.<\/span><\/p>\n<p>&nbsp;<\/p>\n<h2><b>Alt\u00f6tting : un centre de foi vieux de plus de 1 200 ans<\/b><\/h2>\n<p><span style=\"font-weight: 400;\">Ce lieu est connu comme le <\/span><b>c\u0153ur spirituel de la Bavi\u00e8re<\/b><span style=\"font-weight: 400;\"> et constitue une destination de p\u00e8lerinage majeure depuis <\/span><b>plus de 1 200 ans<\/b><span style=\"font-weight: 400;\">.\u00a0<\/span><\/p>\n<p><span style=\"font-weight: 400;\">La renomm\u00e9e d\u2019Alt\u00f6tting repose principalement sur l\u2019image v\u00e9n\u00e9r\u00e9e de la <\/span><b>Vierge Noire<\/b><span style=\"font-weight: 400;\">, \u00e9galement appel\u00e9e <\/span><i><span style=\"font-weight: 400;\">Schwarze Muttergottes<\/span><\/i><span style=\"font-weight: 400;\">, \u00e0 laquelle sont attribu\u00e9s de nombreux miracles, notamment celui de <\/span><b>1489<\/b><span style=\"font-weight: 400;\">, lorsqu&rsquo;un enfant noy\u00e9 aurait \u00e9t\u00e9 ramen\u00e9 \u00e0 la vie apr\u00e8s une pri\u00e8re devant son image.<\/span><\/p>\n<p><span style=\"font-weight: 400;\">Ce sanctuaire accueille <\/span><b>plus d\u2019un demi-million de p\u00e8lerins chaque ann\u00e9e<\/b><span style=\"font-weight: 400;\"> et figure parmi les plus importants sanctuaires mariaux d\u2019Europe, aux c\u00f4t\u00e9s de Lourdes et de Fatima. Son importance a \u00e9t\u00e9 soulign\u00e9e par des figures religieuses de premier plan, notamment le pape <\/span><b>Beno\u00eet XVI<\/b><span style=\"font-weight: 400;\">, qui l\u2019a qualifi\u00e9 de c\u0153ur spirituel de la Bavi\u00e8re et l\u2019un des c\u0153urs spirituels de l\u2019Europe.<\/span><\/p>\n<p>&nbsp;<\/p>\n<h2><b>La Gnadenkapelle : le centre spirituel de la Bavi\u00e8re<\/b><\/h2>\n<p><img decoding=\"async\" class=\"alignnone wp-image-117863 size-full\" src=\"https:\/\/www.mundiplus.com\/wp-content\/uploads\/2025\/02\/Gnadenkapelle-Mundiplus.jpg\" alt=\"\" width=\"1024\" height=\"768\" srcset=\"https:\/\/www.mundiplus.com\/wp-content\/uploads\/2025\/02\/Gnadenkapelle-Mundiplus.jpg 1024w, https:\/\/www.mundiplus.com\/wp-content\/uploads\/2025\/02\/Gnadenkapelle-Mundiplus-300x225.jpg 300w, https:\/\/www.mundiplus.com\/wp-content\/uploads\/2025\/02\/Gnadenkapelle-Mundiplus-768x576.jpg 768w, https:\/\/www.mundiplus.com\/wp-content\/uploads\/2025\/02\/Gnadenkapelle-Mundiplus-600x450.jpg 600w\" sizes=\"(max-width: 1024px) 100vw, 1024px\" \/><\/p>\n<p><span style=\"font-weight: 400;\">Le symbole le plus important d\u2019Alt\u00f6tting est la <\/span><b>Gnadenkapelle<\/b><span style=\"font-weight: 400;\"> ou <\/span><b>Chapelle de la Gr\u00e2ce<\/b><span style=\"font-weight: 400;\">. Ce sanctuaire est le plus ancien lieu de culte marial d&rsquo;Allemagne et se situe en Bavi\u00e8re. La chapelle abrite une statue de la Vierge Noire sculpt\u00e9e dans du bois de tilleul, <\/span><b>v\u00e9n\u00e9r\u00e9e depuis le IXe si\u00e8cle<\/b><span style=\"font-weight: 400;\">. Sa r\u00e9putation repose sur de nombreux r\u00e9cits de miracles et de gu\u00e9risons inexpliqu\u00e9es.<\/span><\/p>\n<p><span style=\"font-weight: 400;\">La chapelle est une destination importante pour les p\u00e8lerins qui viennent prier, allumer des cierges et d\u00e9poser des ex-voto en signe de gratitude. L\u2019atmosph\u00e8re du lieu est solennelle mais emplie d\u2019espoir pour ceux qui recherchent paix et spiritualit\u00e9.<\/span><\/p>\n<p>&nbsp;<\/p>\n<h2><b>Comment et pourquoi des milliers de fid\u00e8les p\u00e8lerinent chaque ann\u00e9e<\/b><\/h2>\n<p><span style=\"font-weight: 400;\">Chaque ann\u00e9e, des milliers de personnes empruntent diff\u00e9rents chemins pour rejoindre Alt\u00f6tting, l&rsquo;un des plus grands lieux de p\u00e8lerinage en Allemagne. Certains partent de villes voisines, tandis que d&rsquo;autres entreprennent un voyage de plusieurs jours, voire plusieurs semaines.<\/span><\/p>\n<p><span style=\"font-weight: 400;\">Les p\u00e8lerins marchent souvent en groupe, chantant des cantiques religieux, priant et se soutenant mutuellement tout au long du parcours. Pour beaucoup, l\u2019effort physique est aussi une forme de r\u00e9flexion et de recueillement spirituel.<\/span><\/p>\n<p><span style=\"font-weight: 400;\">Les<\/span> <span style=\"font-weight: 400;\">motivations du voyage sont vari\u00e9es : certains recherchent une <\/span><b>gu\u00e9rison physique ou \u00e9motionnelle<\/b><span style=\"font-weight: 400;\">, d\u2019autres expriment leur <\/span><b>reconnaissance pour des gr\u00e2ces re\u00e7ues<\/b><span style=\"font-weight: 400;\"> et nombreux sont ceux qui perp\u00e9tuent une <\/span><b>tradition familiale<\/b><span style=\"font-weight: 400;\"> transmise de g\u00e9n\u00e9ration en g\u00e9n\u00e9ration.<\/span><\/p>\n<p><span style=\"font-weight: 400;\">L\u2019arriv\u00e9e en ville est un moment profond\u00e9ment \u00e9mouvant. Elle est marqu\u00e9e par des c\u00e9r\u00e9monies religieuses, des rencontres entre p\u00e8lerins et l\u2019opportunit\u00e9 d\u2019assister \u00e0 des messes sp\u00e9ciales dans la c\u00e9l\u00e8bre Chapelle de la Gr\u00e2ce, o\u00f9 l&rsquo;on v\u00e9n\u00e8re l\u2019image de la Vierge Noire, consid\u00e9r\u00e9e comme miraculeuse.<\/span><\/p>\n<p>&nbsp;<\/p>\n<h2><b>Alt\u00f6tting au-del\u00e0 de la foi : culture et architecture<\/b><\/h2>\n<p><img decoding=\"async\" class=\"alignnone wp-image-117851 size-full\" src=\"https:\/\/www.mundiplus.com\/wp-content\/uploads\/2025\/02\/Basilica-de-San-Felipe-Mundiplus.jpg\" alt=\"\" width=\"1024\" height=\"683\" srcset=\"https:\/\/www.mundiplus.com\/wp-content\/uploads\/2025\/02\/Basilica-de-San-Felipe-Mundiplus.jpg 1024w, https:\/\/www.mundiplus.com\/wp-content\/uploads\/2025\/02\/Basilica-de-San-Felipe-Mundiplus-300x200.jpg 300w, https:\/\/www.mundiplus.com\/wp-content\/uploads\/2025\/02\/Basilica-de-San-Felipe-Mundiplus-768x512.jpg 768w, https:\/\/www.mundiplus.com\/wp-content\/uploads\/2025\/02\/Basilica-de-San-Felipe-Mundiplus-600x400.jpg 600w\" sizes=\"(max-width: 1024px) 100vw, 1024px\" \/><\/p>\n<p><span style=\"font-weight: 400;\">Bien qu\u2019Alt\u00f6tting soit principalement connu pour son importance religieuse, la ville poss\u00e8de \u00e9galement une grande richesse culturelle qui attire des visiteurs au-del\u00e0 des seuls p\u00e8lerins. L\u2019<\/span><b>architecture baroque<\/b><span style=\"font-weight: 400;\"> domine les rues du centre historique, avec des \u00e9glises, des monast\u00e8res et des \u00e9difices t\u00e9moignant de si\u00e8cles de tradition et de d\u00e9votion.<\/span><\/p>\n<p><span style=\"font-weight: 400;\">Parmi les incontournables, on trouve la <\/span><b>Basilique Saint-Philippe-et-Saint-Jacques<\/b><span style=\"font-weight: 400;\">, un imposant sanctuaire \u00e0 l\u2019int\u00e9rieur richement d\u00e9cor\u00e9, ainsi que le <\/span><b>Tr\u00e9sor de l\u2019\u00c9glise<\/b><span style=\"font-weight: 400;\">, qui abrite de pr\u00e9cieuses reliques et objets liturgiques d\u2019une grande valeur historique.<\/span><\/p>\n<p><span style=\"font-weight: 400;\">De m\u00eame, les <\/span><b>mus\u00e9es locaux<\/b><span style=\"font-weight: 400;\"> pr\u00e9sentent des expositions sur l\u2019histoire du p\u00e8lerinage et la d\u00e9votion mariale, permettant de mieux comprendre l&rsquo;importance d\u2019Alt\u00f6tting \u00e0 travers le temps.<\/span><\/p>\n<p><span style=\"font-weight: 400;\">La musique sacr\u00e9e joue \u00e9galement un r\u00f4le cl\u00e9 dans la vie culturelle de la ville, avec des ch\u0153urs, concerts et festivals organis\u00e9s \u00e0 diff\u00e9rentes p\u00e9riodes de l\u2019ann\u00e9e. Ils contribuent \u00e0 cr\u00e9er une atmosph\u00e8re solennelle et spirituelle qui enrichit l\u2019exp\u00e9rience des visiteurs.<\/span><\/p>\n<p>&nbsp;<\/p>\n<h2><b>Conseils pour visiter Alt\u00f6tting et vivre une exp\u00e9rience compl\u00e8te<\/b><\/h2>\n<p><span style=\"font-weight: 400;\">Si vous d\u00e9cidez de visiter Alt\u00f6tting, il est essentiel de <\/span><b>planifier votre voyage \u00e0 l\u2019avance<\/b><span style=\"font-weight: 400;\"> afin de profiter pleinement de tout ce que la ville a \u00e0 offrir. Cette localit\u00e9 est bien desservie par le train et la route, facilitant ainsi l\u2019acc\u00e8s depuis d\u2019autres villes allemandes.<\/span><\/p>\n<p><span style=\"font-weight: 400;\">De plus, la <\/span><b>diversit\u00e9 des options d\u2019h\u00e9bergement<\/b><span style=\"font-weight: 400;\"> vous permettra de choisir entre des maisons de p\u00e8lerins, pour une exp\u00e9rience plus sobre et authentique, ou des h\u00f4tels offrant un confort accru pour un s\u00e9jour plus reposant.<\/span><\/p>\n<p><span style=\"font-weight: 400;\">La gastronomie locale est l&rsquo;un des grands attraits de la ville. Vous pourrez d\u00e9guster des sp\u00e9cialit\u00e9s bavaroises telles que les fameuses <\/span><b>saucisses blanches<\/b><span style=\"font-weight: 400;\"> (<\/span><i><span style=\"font-weight: 400;\">Wei\u00dfwurst<\/span><\/i><span style=\"font-weight: 400;\">) accompagn\u00e9es de moutarde sucr\u00e9e, ou encore le traditionnel <\/span><b>bretzel<\/b><span style=\"font-weight: 400;\">, id\u00e9al pour un petit-d\u00e9jeuner ou un go\u00fbter. Les restaurants et caf\u00e9s du centre historique vous permettront de savourer ces d\u00e9lices tout en profitant de l\u2019ambiance chaleureuse de la ville.<\/span><\/p>\n<p><span style=\"font-weight: 400;\">Pour vivre une exp\u00e9rience v\u00e9ritablement compl\u00e8te, nous vous recommandons d\u2019<\/span><b>assister \u00e0 une messe \u00e0 la Gnadenkapelle<\/b><span style=\"font-weight: 400;\">, un sanctuaire sacr\u00e9 qui repr\u00e9sente le c\u0153ur spirituel de la ville.<\/span><\/p>\n<p><span style=\"font-weight: 400;\">De plus, prenez le temps d\u2019explorer les principaux monuments historiques de la r\u00e9gion, comme la chapelle, la place du march\u00e9 et les nombreuses \u00e9glises. Cela vous permettra de mieux comprendre la riche histoire religieuse et culturelle de cette destination embl\u00e9matique. Que vous veniez en p\u00e8lerinage ou en tant que simple visiteur, Alt\u00f6tting promet une exp\u00e9rience unique qui<\/span><b> allie foi, tradition et culture<\/b><span style=\"font-weight: 400;\">.<\/span><\/p>\n","protected":false},"excerpt":{"rendered":"<p>Saviez-vous que l&rsquo;Allemagne poss\u00e8de un centre de p\u00e8lerinage qui attire chaque ann\u00e9e des centaines de milliers de personnes ? Lorsque l&rsquo;on pense aux voyages de foi, le premier qui nous vient g\u00e9n\u00e9ralement \u00e0 l&rsquo;esprit est le chemin de Saint-Jacques-de-Compostelle, mais Alt\u00f6tting, en Bavi\u00e8re, est en r\u00e9alit\u00e9 le c\u0153ur spirituel du pays germanique. Ce petit village [&hellip;]<\/p>\n","protected":false},"author":1,"featured_media":117859,"comment_status":"open","ping_status":"open","sticky":false,"template":"","format":"standard","meta":{"footnotes":""},"categories":[571,575,583,603],"tags":[],"class_list":["post-117913","post","type-post","status-publish","format-standard","has-post-thumbnail","hentry","category-blog-du-chemin","category-chemin-a-pied","category-histoire","category-sites-emblematiques"],"_links":{"self":[{"href":"https:\/\/www.mundiplus.com\/fr\/wp-json\/wp\/v2\/posts\/117913","targetHints":{"allow":["GET"]}}],"collection":[{"href":"https:\/\/www.mundiplus.com\/fr\/wp-json\/wp\/v2\/posts"}],"about":[{"href":"https:\/\/www.mundiplus.com\/fr\/wp-json\/wp\/v2\/types\/post"}],"author":[{"embeddable":true,"href":"https:\/\/www.mundiplus.com\/fr\/wp-json\/wp\/v2\/users\/1"}],"replies":[{"embeddable":true,"href":"https:\/\/www.mundiplus.com\/fr\/wp-json\/wp\/v2\/comments?post=117913"}],"version-history":[{"count":0,"href":"https:\/\/www.mundiplus.com\/fr\/wp-json\/wp\/v2\/posts\/117913\/revisions"}],"wp:featuredmedia":[{"embeddable":true,"href":"https:\/\/www.mundiplus.com\/fr\/wp-json\/wp\/v2\/media\/117859"}],"wp:attachment":[{"href":"https:\/\/www.mundiplus.com\/fr\/wp-json\/wp\/v2\/media?parent=117913"}],"wp:term":[{"taxonomy":"category","embeddable":true,"href":"https:\/\/www.mundiplus.com\/fr\/wp-json\/wp\/v2\/categories?post=117913"},{"taxonomy":"post_tag","embeddable":true,"href":"https:\/\/www.mundiplus.com\/fr\/wp-json\/wp\/v2\/tags?post=117913"}],"curies":[{"name":"wp","href":"https:\/\/api.w.org\/{rel}","templated":true}]}}