{"id":118457,"date":"2025-03-12T19:57:13","date_gmt":"2025-03-12T19:57:13","guid":{"rendered":"https:\/\/www.mundiplus.com\/?p=118457"},"modified":"2025-03-12T19:58:16","modified_gmt":"2025-03-12T19:58:16","slug":"que-ver-en-mogro","status":"publish","type":"post","link":"https:\/\/www.mundiplus.com\/fr\/que-voir-a-mogro\/","title":{"rendered":"Qu\u00e9 ver en Mogro"},"content":{"rendered":"<p><img fetchpriority=\"high\" decoding=\"async\" class=\"alignnone wp-image-118411 size-full\" src=\"https:\/\/www.mundiplus.com\/wp-content\/uploads\/2025\/03\/Mogro-Mundiplus.jpg\" alt=\"\" width=\"1024\" height=\"768\" srcset=\"https:\/\/www.mundiplus.com\/wp-content\/uploads\/2025\/03\/Mogro-Mundiplus.jpg 1024w, https:\/\/www.mundiplus.com\/wp-content\/uploads\/2025\/03\/Mogro-Mundiplus-300x225.jpg 300w, https:\/\/www.mundiplus.com\/wp-content\/uploads\/2025\/03\/Mogro-Mundiplus-768x576.jpg 768w, https:\/\/www.mundiplus.com\/wp-content\/uploads\/2025\/03\/Mogro-Mundiplus-600x450.jpg 600w\" sizes=\"(max-width: 1024px) 100vw, 1024px\" \/><\/p>\n<p><b>Mogro<\/b><span style=\"font-weight: 400;\"> est un charmant petit village situ\u00e9 sur la c\u00f4te nord, dans la Communaut\u00e9 autonome de Cantabrie. Il se trouve dans la <\/span><b>municipalit\u00e9 de Miengo<\/b><span style=\"font-weight: 400;\">, \u00e0 quelques kilom\u00e8tres de la capitale, Santander. <\/span><\/p>\n<p><span style=\"font-weight: 400;\">Cet endroit est connu pour son merveilleux<\/span><b> environnement naturel<\/b><span style=\"font-weight: 400;\">, o\u00f9 la plage et la mer Cantabrique se m\u00ealent \u00e0 un paysage verdoyant et montagneux. Ce qui le rend sp\u00e9cial, c&rsquo;est sa capacit\u00e9 \u00e0 offrir une <\/span><b>vari\u00e9t\u00e9 d&rsquo;exp\u00e9riences touristiques<\/b><span style=\"font-weight: 400;\"> : se d\u00e9tendre sur ses plages, savourer la gastronomie locale ou explorer des sentiers de randonn\u00e9e dans les environs.<\/span><\/p>\n<p><span style=\"font-weight: 400;\">De plus, il s&rsquo;agit d&rsquo;un point d&rsquo;arr\u00eat\/d\u00e9tente sur le Chemin de Saint-Jacques, plus pr\u00e9cis\u00e9ment sur le <\/span><b>Chemin du Nord<\/b><span style=\"font-weight: 400;\">. Depuis <\/span><b>Mundiplus<\/b><span style=\"font-weight: 400;\">, sp\u00e9cialis\u00e9s dans les <\/span><a href=\"https:\/\/panel.linkcontentpro.com\/pedidos\/asignacion\/El%20Camino%20de%20Santiago%20y%20Mogro:%20Un%20Paso%20Importante%20%20Mogro,%20situado%20en%20la%20costa%20de%20Cantabria,%20es%20uno%20de%20esos%20lugares%20que%20juega%20un%20papel%20esencial%20en%20el%20recorrido%20del%20Camino%20de%20Santiago.%20Este%20pintoresco%20pueblo%20se%20encuentra%20en%20una%20de%20las%20rutas%20m%C3%A1s%20famosas%20de%20la%20peregrinaci%C3%B3n,%20el%20Camino%20del%20Norte,%20que%20sigue%20la%20costa%20del%20mar%20Cant%C3%A1brico.%20Para%20los%20peregrinos%20que%20emprenden%20viajes%20Camino%20de%20Santiago,%20Mogro%20representa%20una%20parada%20llena%20de%20encanto,%20descanso%20y%20una%20inmersi%C3%B3n%20en%20la%20naturaleza.%20Adem%C3%A1s,%20al%20estar%20conectado%20con%20diferentes%20rutas,%20como%20el%20camino%20de%20santiago%20desde%20ourense%20y%20el%20camino%20primitivo%20desde%20lugo,%20este%20lugar%20atrae%20a%20viajeros%20de%20todo%20el%20mundo%20que%20buscan%20una%20experiencia%20%C3%BAnica%20en%20su%20peregrinaje.%20%20El%20camino%20de%20santiago%20desde%20ir%C3%BAn%20conecta%20a%20los%20peregrinos%20con%20los%20hermosos%20paisajes%20de%20la%20costa%20norte%20de%20Espa%C3%B1a,%20y%20Mogro%20se%20convierte%20en%20una%20parada%20clave%20para%20aquellos%20que%20buscan%20descansar%20o%20explorar%20la%20belleza%20del%20entorno%20c%C3%A1ntabro.%20La%20importancia%20de%20Mogro%20en%20el%20Camino%20del%20Norte%20no%20solo%20radica%20en%20su%20ubicaci%C3%B3n%20estrat%C3%A9gica,%20sino%20tambi%C3%A9n%20en%20su%20hospitalidad.%20Los%20peregrinos%20pueden%20disfrutar%20de%20una%20parada%20tranquila%20en%20el%20pueblo,%20donde%20pueden%20relajarse,%20recuperar%20energ%C3%ADas%20y%20compartir%20experiencias%20con%20otros%20caminantes.%20%20Para%20aquellos%20que%20hacen%20el%20Camino%20de%20Santiago,%20Mogro%20ofrece%20diversas%20opciones%20de%20alojamiento%20y%20restauraci%C3%B3n.%20Desde%20peque%C3%B1os%20albergues%20que%20dan%20la%20bienvenida%20a%20los%20peregrinos%20hasta%20restaurantes%20locales%20que%20sirven%20deliciosos%20platos%20de%20la%20gastronom%C3%ADa%20c%C3%A1ntabra,%20como%20pescados%20frescos%20y%20mariscos,%20as%C3%AD%20como%20platos%20tradicionales.%20Recomendamos%20parar%20en%20alguno%20de%20los%20bares%20o%20restaurantes%20cercanos%20a%20la%20playa%20para%20disfrutar%20de%20una%20buena%20comida%20despu%C3%A9s%20de%20un%20largo%20d%C3%ADa%20de%20caminata.%20Sin%20duda,%20Mogro%20es%20un%20lugar%20ideal%20para%20reponer%20fuerzas%20y%20disfrutar%20de%20la%20tranquilidad%20que%20ofrece%20el%20Camino%20del%20Norte.\" target=\"_blank\" rel=\"noopener\"><b>voyages Chemin de Saint-Jacques<\/b><\/a><span style=\"font-weight: 400;\">, nous souhaitons vous pr\u00e9senter ce que ce village a \u00e0 offrir avant que vous ne le d\u00e9couvriez lors de votre p\u00e8lerinage jusqu&rsquo;\u00e0 la cath\u00e9drale.<\/span><\/p>\n<p>&nbsp;<\/p>\n<h2><b>Le Chemin de Saint-Jacques et Mogro : un passage important<\/b><\/h2>\n<p><span style=\"font-weight: 400;\">Avant de vous parler de Mogro, laissez-nous vous parler du Chemin du Nord et vous donner quelques raisons de choisir cette route. <\/span><\/p>\n<p><span style=\"font-weight: 400;\">Celle-ci se pr\u00e9sente comme une option exceptionnelle pour les p\u00e8lerins qui souhaitent vivre une <\/span><b>exp\u00e9rience compl\u00e8te<\/b><span style=\"font-weight: 400;\">. Elle fusionne <\/span><b>tradition historique<\/b><span style=\"font-weight: 400;\"> avec la <\/span><b>beaut\u00e9 naturelle de la c\u00f4te cantabrique<\/b><span style=\"font-weight: 400;\">. Cette route offre un itin\u00e9raire <\/span><b>rempli de contrastes et d&rsquo;\u00e9motions<\/b><span style=\"font-weight: 400;\">, o\u00f9 le murmure de la mer et la tranquillit\u00e9 de la nature accompagnent chaque pas.<\/span><\/p>\n<p><span style=\"font-weight: 400;\">Un autre des principaux motifs pour choisir le Chemin du Nord est sa <\/span><b>connexion intime avec l&rsquo;environnement naturel<\/b><span style=\"font-weight: 400;\">. Tandis que des itin\u00e9raires comme le<\/span><a href=\"https:\/\/www.mundiplus.com\/caminos\/a-pie\/camino-sanabres\/camino-de-santiago-desde-orense\/\"> <b>Chemin de Saint-Jacques depuis Ourense<\/b><\/a><span style=\"font-weight: 400;\"> traversent des paysages int\u00e9rieurs et urbains, cette option c\u00f4ti\u00e8re permet de profiter des <\/span><b>falaises, plages et prairies vertes qui se fondent avec la mer<\/b><span style=\"font-weight: 400;\">. L&rsquo;exp\u00e9rience de contempler les levers et couchers de soleil encadr\u00e9s par la brise atlantique est unique et revitalisante.<\/span><\/p>\n<p><span style=\"font-weight: 400;\">Oui, le <\/span><a href=\"https:\/\/www.mundiplus.com\/caminos\/a-pie\/camino-norte\/camino-de-santiago-desde-irun\/\"><b>Chemin de Saint-Jacques depuis Ir\u00fan<\/b><\/a><span style=\"font-weight: 400;\"> suit ses premiers kilom\u00e8tres parall\u00e8lement \u00e0 la mer, mais l&rsquo;image change d\u00e8s que vous arrivez en Cantabrie.<\/span><\/p>\n<p><span style=\"font-weight: 400;\">De plus, il est id\u00e9al pour ceux qui cherchent une <\/span><b>route moins fr\u00e9quent\u00e9e et plus authentique<\/b><span style=\"font-weight: 400;\">. Contrairement au<\/span><a href=\"https:\/\/www.mundiplus.com\/caminos\/a-pie\/camino-primitivo\/camino-de-santiago-desde-lugo\/\"> <b>chemin primitif depuis Lugo<\/b><\/a><span style=\"font-weight: 400;\">, connu pour son exigence physique et son caract\u00e8re rustique, la route c\u00f4ti\u00e8re \u00e9quilibre le d\u00e9fi du voyage avec le plaisir visuel de paysages vari\u00e9s. Bien s\u00fbr, la qualit\u00e9 de la signalisation et des services d&rsquo;assistance garantit un voyage s\u00fbr et confortable. <\/span><\/p>\n<p><span style=\"font-weight: 400;\">Un autre aspect pertinent est la parfaite <\/span><b>int\u00e9gration de l&rsquo;histoire et de la modernit\u00e9 dans cette route<\/b><span style=\"font-weight: 400;\">. Tout au long du chemin, on trouve des vestiges et des monuments qui racontent des si\u00e8cles de tradition, transformant chaque \u00e9tape en une le\u00e7on vivante de la culture r\u00e9gionale.<\/span><\/p>\n<p>&nbsp;<\/p>\n<h2><b>Pourquoi visiter Mogro ?<\/b><\/h2>\n<p><span style=\"font-weight: 400;\">Ici, les touristes peuvent profiter d&rsquo;une grande <\/span><b>vari\u00e9t\u00e9 de paysages naturels<\/b><span style=\"font-weight: 400;\">, des plages majestueuses aux rivi\u00e8res tranquilles. Nous vous invitons \u00e0 d\u00e9couvrir ce qu&rsquo;il y a \u00e0 voir \u00e0 Mogro :<\/span><\/p>\n<p>&nbsp;<\/p>\n<h3><b>Miengo<\/b><\/h3>\n<p><span style=\"font-weight: 400;\">La municipalit\u00e9 de <\/span><b>Miengo<\/b><span style=\"font-weight: 400;\"> est bien plus que le cadre o\u00f9 se trouve Mogro. Ce noyau rural conserve l&rsquo;essence de l&rsquo;<\/span><b>architecture traditionnelle cantabre<\/b><span style=\"font-weight: 400;\"> : des maisons en pierre et des toits \u00e0 deux pentes s&rsquo;entrelacent avec des rues \u00e9troites et pav\u00e9es, offrant une ambiance accueillante et pleine d&rsquo;histoire. <\/span><\/p>\n<p><span style=\"font-weight: 400;\">Se promener ici, c&rsquo;est p\u00e9n\u00e9trer dans un pass\u00e9 qui se refl\u00e8te dans chaque recoin ; ses places et b\u00e2timents invitent \u00e0 d\u00e9couvrir les coutumes et la vie rurale de la r\u00e9gion. Le p\u00e8lerin peut profiter de la visite pour go\u00fbter \u00e0 la gastronomie locale dans des bars et restaurants qui pr\u00e9servent des recettes traditionnelles. <\/span><\/p>\n<p><span style=\"font-weight: 400;\">De plus, le village fonctionne comme une porte d&rsquo;entr\u00e9e vers des <\/span><b>sentiers de randonn\u00e9e et des promenades \u00e0 v\u00e9lo<\/b><span style=\"font-weight: 400;\">, permettant de combiner culture, nature et activit\u00e9 physique dans une m\u00eame exp\u00e9rience.<\/span><\/p>\n<p>&nbsp;<\/p>\n<h3><b>Parc Naturel des Dunes de Liencres<\/b><\/h3>\n<p><img decoding=\"async\" class=\"alignnone wp-image-118417 size-full\" src=\"https:\/\/www.mundiplus.com\/wp-content\/uploads\/2025\/03\/Parque-Natural-de-las-Dunas-de-Liencres-Mundiplus.jpg\" alt=\"\" width=\"1024\" height=\"576\" srcset=\"https:\/\/www.mundiplus.com\/wp-content\/uploads\/2025\/03\/Parque-Natural-de-las-Dunas-de-Liencres-Mundiplus.jpg 1024w, https:\/\/www.mundiplus.com\/wp-content\/uploads\/2025\/03\/Parque-Natural-de-las-Dunas-de-Liencres-Mundiplus-300x169.jpg 300w, https:\/\/www.mundiplus.com\/wp-content\/uploads\/2025\/03\/Parque-Natural-de-las-Dunas-de-Liencres-Mundiplus-768x432.jpg 768w, https:\/\/www.mundiplus.com\/wp-content\/uploads\/2025\/03\/Parque-Natural-de-las-Dunas-de-Liencres-Mundiplus-600x338.jpg 600w\" sizes=\"(max-width: 1024px) 100vw, 1024px\" \/><\/p>\n<p><span style=\"font-weight: 400;\">\u00c0 quelques kilom\u00e8tres se trouve le <\/span><b>Parc Naturel des Dunes de Liencres<\/b><span style=\"font-weight: 400;\">, une <\/span><b>r\u00e9serve naturelle<\/b><span style=\"font-weight: 400;\"> d&rsquo;une grande importance \u00e9cologique. Cet espace prot\u00e9g\u00e9 est connu pour ses <\/span><b>dunes \u00e9tendues, ses zones mar\u00e9cageuses et ses plages vierges<\/b><span style=\"font-weight: 400;\">, o\u00f9 l&rsquo;action des vents et des mar\u00e9es sculpte des paysages uniques. <\/span><\/p>\n<p><span style=\"font-weight: 400;\">L&rsquo;endroit abrite une flore et une faune vari\u00e9es, mettant en avant <\/span><b>des oiseaux migrateurs et des esp\u00e8ces end\u00e9miques<\/b><span style=\"font-weight: 400;\"> propres \u00e0 la r\u00e9gion. De plus, le parcours de ses sentiers balis\u00e9s permet de d\u00e9couvrir de petits coins et des points de vue offrant des <\/span><b>vues panoramiques sur la mer Cantabrique<\/b><span style=\"font-weight: 400;\">. <\/span><\/p>\n<p><span style=\"font-weight: 400;\">C&rsquo;est l&rsquo;endroit id\u00e9al pour les photographes et ceux qui aiment l&rsquo;\u00e9cotourisme, car chaque saison apporte de nouvelles tonalit\u00e9s et nuances dans le paysage.<\/span><\/p>\n<p>&nbsp;<\/p>\n<h3><b>Plage de Robayera<\/b><\/h3>\n<p><img decoding=\"async\" class=\"alignnone wp-image-118423 size-full\" src=\"https:\/\/www.mundiplus.com\/wp-content\/uploads\/2025\/03\/Playa-de-Robayera-Mundiplus.jpg\" alt=\"\" width=\"1024\" height=\"768\" srcset=\"https:\/\/www.mundiplus.com\/wp-content\/uploads\/2025\/03\/Playa-de-Robayera-Mundiplus.jpg 1024w, https:\/\/www.mundiplus.com\/wp-content\/uploads\/2025\/03\/Playa-de-Robayera-Mundiplus-300x225.jpg 300w, https:\/\/www.mundiplus.com\/wp-content\/uploads\/2025\/03\/Playa-de-Robayera-Mundiplus-768x576.jpg 768w, https:\/\/www.mundiplus.com\/wp-content\/uploads\/2025\/03\/Playa-de-Robayera-Mundiplus-600x450.jpg 600w\" sizes=\"(max-width: 1024px) 100vw, 1024px\" \/><\/p>\n<p><span style=\"font-weight: 400;\">La <\/span><b>Plage de Robayera<\/b><span style=\"font-weight: 400;\"> est l&rsquo;un des coins c\u00f4tiers les plus fascinants de la r\u00e9gion. Avec une \u00e9tendue qui s&rsquo;adapte aussi bien \u00e0 ceux qui recherchent des espaces plus intimes qu&rsquo;\u00e0 ceux qui pr\u00e9f\u00e8rent des zones plus vastes et anim\u00e9es, elle se distingue par son sable fin et dor\u00e9 et ses eaux bleues de la mer Cantabrique. <\/span><\/p>\n<p><span style=\"font-weight: 400;\">Elle se caract\u00e9rise par son <\/span><b>environnement vierge<\/b><span style=\"font-weight: 400;\"> et par la pr\u00e9sence de dunes et de v\u00e9g\u00e9tation autochtone, ce qui en fait un endroit id\u00e9al pour se d\u00e9connecter et profiter de la tranquillit\u00e9. En \u00e9t\u00e9, il est courant de voir des familles et des groupes d&rsquo;amis profiter du soleil et de la mer, tandis qu&rsquo;\u00e0 d&rsquo;autres p\u00e9riodes de l&rsquo;ann\u00e9e, le calme de l&rsquo;environnement en fait un lieu parfait pour de longues promenades et des moments d&rsquo;introspection.<\/span><\/p>\n<p>&nbsp;<\/p>\n<h3><b>Cueva de Cud\u00f3n<\/b><\/h3>\n<p><span style=\"font-weight: 400;\">La <\/span><b>Cueva de Cud\u00f3n<\/b><span style=\"font-weight: 400;\"> repr\u00e9sente l&rsquo;un des attraits g\u00e9ologiques les moins connus mais d&rsquo;un grand int\u00e9r\u00eat pour ceux qui sont passionn\u00e9s par la nature et l&rsquo;histoire de la Terre. Cette formation naturelle offre un parcours fascinant \u00e0 travers des formations rocheuses et des stalactites, qui racontent <\/span><b>l&rsquo;histoire de milliers d&rsquo;ann\u00e9es de processus g\u00e9ologiques<\/b><span style=\"font-weight: 400;\">. <\/span><\/p>\n<p><span style=\"font-weight: 400;\">Elle est situ\u00e9e dans une <\/span><b>zone d&rsquo;acc\u00e8s facile<\/b><span style=\"font-weight: 400;\"> depuis Mogro, id\u00e9ale pour des visites guid\u00e9es expliquant les processus de s\u00e9dimentation et d&rsquo;\u00e9rosion qui ont fa\u00e7onn\u00e9 son int\u00e9rieur. <\/span><\/p>\n<p><span style=\"font-weight: 400;\">De plus, l&rsquo;environnement qui l&rsquo;entoure permet aux visiteurs de profiter d&rsquo;un <\/span><b>paysage d&rsquo;une grande beaut\u00e9<\/b><span style=\"font-weight: 400;\">, o\u00f9 le contraste entre la lumi\u00e8re naturelle et les ombres de l&rsquo;int\u00e9rieur cr\u00e9e une atmosph\u00e8re magique. Il est important de respecter les indications de conservation du lieu, car il s&rsquo;agit d&rsquo;un \u00e9cosyst\u00e8me fragile et d&rsquo;une grande valeur scientifique et naturelle.<\/span><\/p>\n<p>&nbsp;<\/p>\n<h3><b>Acantilados de Cuch\u00eda<\/b><\/h3>\n<p><span style=\"font-weight: 400;\">Sans aucun doute, l&rsquo;un des <\/span><b>spectacles naturels les plus impressionnants<\/b><span style=\"font-weight: 400;\"> de la c\u00f4te cantabrique. Ces formations rocheuses, sculpt\u00e9es par la force de l&rsquo;Atlantique, s&rsquo;\u00e9l\u00e8vent de mani\u00e8re imposante au-dessus de la mer, offrant des panoramas d&rsquo;une grande beaut\u00e9 et une exp\u00e9rience visuelle unique. Depuis cet endroit, les visiteurs peuvent appr\u00e9cier l&rsquo;ampleur du littoral et l&rsquo;irruption de la nature dans un <\/span><b>sc\u00e9nario presque sauvage<\/b><span style=\"font-weight: 400;\">. <\/span><\/p>\n<p><span style=\"font-weight: 400;\">L&rsquo;acc\u00e8s se fait g\u00e9n\u00e9ralement par des sentiers bien balis\u00e9s, qui invitent \u00e0 s&rsquo;arr\u00eater pour contempler l&rsquo;horizon et profiter de la brise marine. Ce site est particuli\u00e8rement recommand\u00e9 pour les amateurs de photographie et de randonn\u00e9e, car chaque angle offre une composition parfaite pour capturer l&rsquo;essence du Cantabrique.<\/span><\/p>\n<p>&nbsp;<\/p>\n<h3><b>Mirador de la Cuba<\/b><\/h3>\n<p><span style=\"font-weight: 400;\">Le Mirador de la Cuba offre des vues panoramiques qui englobent <\/span><b>la mer, la c\u00f4te et la vaste \u00e9tendue de la r\u00e9gion<\/b><span style=\"font-weight: 400;\">. Son emplacement permet d&rsquo;observer \u00e0 la fois le va-et-vient des vagues de l&rsquo;Atlantique et la verdure de la v\u00e9g\u00e9tation qui entoure la c\u00f4te, cr\u00e9ant une combinaison unique de couleurs et de formes. <\/span><\/p>\n<p><span style=\"font-weight: 400;\">C&rsquo;est un endroit id\u00e9al pour les amoureux de la nature, de la photographie et de la m\u00e9ditation, car il invite \u00e0 la r\u00e9flexion et \u00e0 une connexion profonde avec l&rsquo;environnement. De plus, par temps clair, <\/span><b>la vue s&rsquo;\u00e9tend \u00e0 l&rsquo;horizon<\/b><span style=\"font-weight: 400;\">, offrant un spectacle naturel qui s\u00e9duit tous les visiteurs. Sans aucun doute, cela deviendra l&rsquo;un des souvenirs les plus pr\u00e9cieux du voyage.<\/span><\/p>\n<p>&nbsp;<\/p>\n<h2><b>Gastronomie \u00e0 Mogro<\/b><\/h2>\n<p><span style=\"font-weight: 400;\">La cuisine locale est un reflet direct de son environnement, o\u00f9 la mer et la terre offrent des produits frais et de qualit\u00e9. <\/span><\/p>\n<p><span style=\"font-weight: 400;\">Dans chaque plat, on per\u00e7oit l&rsquo;influence du Cantabrique, mettant en valeur <\/span><b>les fruits de mer et les poissons<\/b><span style=\"font-weight: 400;\"> qui arrivent quotidiennement des eaux de l&rsquo;Atlantique. Le <\/span><b>tourteau, les palourdes et les moules<\/b><span style=\"font-weight: 400;\"> sont les protagonistes dans les restaurants et bars, tandis que le <\/span><b>poisson de saison<\/b><span style=\"font-weight: 400;\"> est pr\u00e9par\u00e9 de diff\u00e9rentes mani\u00e8res, mettant en avant sa saveur naturelle.<\/span><\/p>\n<p><span style=\"font-weight: 400;\">Le <\/span><b>fromage de Cantabrie<\/b><span style=\"font-weight: 400;\">, connu pour sa cr\u00e9meux et son go\u00fbt unique, est un autre des mets incontournables. Il est g\u00e9n\u00e9ralement servi seul ou accompagn\u00e9 de pains artisanaux et de confitures maison, dans une combinaison qui rend hommage aux traditions laiti\u00e8res de la r\u00e9gion. <\/span><\/p>\n<p><span style=\"font-weight: 400;\">Des plats typiques comme le \u201c<\/span><b>sardinade grill\u00e9e<\/b><span style=\"font-weight: 400;\">\u201d ou le \u201c<\/span><b>g\u00e2teau de rascasse<\/b><span style=\"font-weight: 400;\">\u201d se transmettent de g\u00e9n\u00e9ration en g\u00e9n\u00e9ration.<\/span><\/p>\n","protected":false},"excerpt":{"rendered":"<p>Mogro est un charmant petit village situ\u00e9 sur la c\u00f4te nord, dans la Communaut\u00e9 autonome de Cantabrie. Il se trouve dans la municipalit\u00e9 de Miengo, \u00e0 quelques kilom\u00e8tres de la capitale, Santander. Cet endroit est connu pour son merveilleux environnement naturel, o\u00f9 la plage et la mer Cantabrique se m\u00ealent \u00e0 un paysage verdoyant et [&hellip;]<\/p>\n","protected":false},"author":1,"featured_media":118413,"comment_status":"open","ping_status":"open","sticky":false,"template":"","format":"standard","meta":{"footnotes":""},"categories":[571,575,599],"tags":[],"class_list":["post-118457","post","type-post","status-publish","format-standard","has-post-thumbnail","hentry","category-blog-du-chemin","category-chemin-a-pied","category-villages-et-regions"],"_links":{"self":[{"href":"https:\/\/www.mundiplus.com\/fr\/wp-json\/wp\/v2\/posts\/118457","targetHints":{"allow":["GET"]}}],"collection":[{"href":"https:\/\/www.mundiplus.com\/fr\/wp-json\/wp\/v2\/posts"}],"about":[{"href":"https:\/\/www.mundiplus.com\/fr\/wp-json\/wp\/v2\/types\/post"}],"author":[{"embeddable":true,"href":"https:\/\/www.mundiplus.com\/fr\/wp-json\/wp\/v2\/users\/1"}],"replies":[{"embeddable":true,"href":"https:\/\/www.mundiplus.com\/fr\/wp-json\/wp\/v2\/comments?post=118457"}],"version-history":[{"count":0,"href":"https:\/\/www.mundiplus.com\/fr\/wp-json\/wp\/v2\/posts\/118457\/revisions"}],"wp:featuredmedia":[{"embeddable":true,"href":"https:\/\/www.mundiplus.com\/fr\/wp-json\/wp\/v2\/media\/118413"}],"wp:attachment":[{"href":"https:\/\/www.mundiplus.com\/fr\/wp-json\/wp\/v2\/media?parent=118457"}],"wp:term":[{"taxonomy":"category","embeddable":true,"href":"https:\/\/www.mundiplus.com\/fr\/wp-json\/wp\/v2\/categories?post=118457"},{"taxonomy":"post_tag","embeddable":true,"href":"https:\/\/www.mundiplus.com\/fr\/wp-json\/wp\/v2\/tags?post=118457"}],"curies":[{"name":"wp","href":"https:\/\/api.w.org\/{rel}","templated":true}]}}