{"id":118561,"date":"2025-03-19T18:35:52","date_gmt":"2025-03-19T18:35:52","guid":{"rendered":"https:\/\/www.mundiplus.com\/?p=118561"},"modified":"2025-03-19T18:42:45","modified_gmt":"2025-03-19T18:42:45","slug":"la-cathedrale-de-san-salvador-point-de-depart-du-chemin-primitif","status":"publish","type":"post","link":"https:\/\/www.mundiplus.com\/fr\/cathedrale-de-saint-salvador-sur-le-chemin-primitif\/","title":{"rendered":"La cath\u00e9drale de San Salvador, point de d\u00e9part du Chemin Primitif"},"content":{"rendered":"<p><img fetchpriority=\"high\" decoding=\"async\" class=\"alignnone wp-image-118529 size-full\" src=\"https:\/\/www.mundiplus.com\/wp-content\/uploads\/2025\/03\/Catedral-de-Oviedo-Mundiplus.jpg\" alt=\"\" width=\"1024\" height=\"683\" srcset=\"https:\/\/www.mundiplus.com\/wp-content\/uploads\/2025\/03\/Catedral-de-Oviedo-Mundiplus.jpg 1024w, https:\/\/www.mundiplus.com\/wp-content\/uploads\/2025\/03\/Catedral-de-Oviedo-Mundiplus-300x200.jpg 300w, https:\/\/www.mundiplus.com\/wp-content\/uploads\/2025\/03\/Catedral-de-Oviedo-Mundiplus-768x512.jpg 768w, https:\/\/www.mundiplus.com\/wp-content\/uploads\/2025\/03\/Catedral-de-Oviedo-Mundiplus-600x400.jpg 600w\" sizes=\"(max-width: 1024px) 100vw, 1024px\" \/><\/p>\n<p><span style=\"font-weight: 400;\">Vous arrivez \u00e0 Oviedo et vous marchez dans ses rues jusqu&rsquo;\u00e0 une place. L\u00e0, vous vous trouvez face \u00e0 une structure majestueuse. Il ne s&rsquo;agit pas d&rsquo;un simple temple, mais de la imposante <\/span><b>Cath\u00e9drale de San Salvador<\/b><span style=\"font-weight: 400;\">, un lieu avec plus de mille ans d&rsquo;histoire et le point de d\u00e9part du Chemin Primitif.<\/span><\/p>\n<p><span style=\"font-weight: 400;\">Ce chemin, choisi par le roi Alfonso II au IXe si\u00e8cle, conserve l&rsquo;essence des premiers p\u00e8lerins. Mais <\/span><b>pourquoi cet endroit est-il si sp\u00e9cial ?<\/b><span style=\"font-weight: 400;\"> Voyons tous les d\u00e9tails ci-dessous.<\/span><\/p>\n<p>&nbsp;<\/p>\n<h2><b>Connexion avec d&rsquo;autres chemins vers Saint-Jacques-de-Compostelle<\/b><\/h2>\n<p><span style=\"font-weight: 400;\">Le Chemin Primitif se dresse comme le <\/span><b>chemin m\u00e8re du p\u00e8lerinage \u00e0 Saint-Jacques-de-Compostelle<\/b><span style=\"font-weight: 400;\">. Non seulement il se distingue par son anciennet\u00e9, mais aussi par les <\/span><b>exigences physiques<\/b><span style=\"font-weight: 400;\"> et spirituelles qu&rsquo;il impose \u00e0 ceux qui l&#8217;empruntent.\u00a0<\/span><\/p>\n<p><span style=\"font-weight: 400;\">Ce trajet, qui <\/span><b>commence \u00e0 la Cath\u00e9drale de San Salvador<\/b><span style=\"font-weight: 400;\">, exige une pr\u00e9paration m\u00e9ticuleuse tant sur le plan physique que logistique. Ses \u00e9tapes se caract\u00e9risent par des mont\u00e9es abruptes, des descentes techniques et un trac\u00e9 qui s&rsquo;enfonce dans des paysages sauvages et charg\u00e9s d&rsquo;histoire.<\/span><\/p>\n<p><span style=\"font-weight: 400;\">Sur ce chemin, chaque kilom\u00e8tre devient un <\/span><b>parcours \u00e0 travers des vestiges arch\u00e9ologiques, des monast\u00e8res<\/b><span style=\"font-weight: 400;\"> et de petits villages qui ont \u00e9t\u00e9 t\u00e9moins du passage des anciens p\u00e8lerins. Ce chemin <\/span><b>connecte la spiritualit\u00e9 du p\u00e8lerinage avec la nature dans son \u00e9tat pur<\/b><span style=\"font-weight: 400;\">. Il transforme l&rsquo;effort physique en un acte d&rsquo;introspection et de connexion profonde.<\/span><\/p>\n<p><span style=\"font-weight: 400;\">En revanche, des chemins comme le<\/span><a href=\"https:\/\/www.mundiplus.com\/fr\/caminos\/a-pie\/camino-sanabres\/camino-de-santiago-desde-orense\/\"> <b>Chemin Sanabr\u00e9s depuis Ourense<\/b><\/a><span style=\"font-weight: 400;\"> offrent une exp\u00e9rience diff\u00e9rente, o\u00f9 le parcours b\u00e9n\u00e9ficie de l&rsquo;influence de la tradition galicienne. Ce chemin combine des paysages fluviaux et une architecture qui, bien que moins exigeante d&rsquo;un point de vue topographique, se distingue par son charme rural et ses liens avec la tradition ancestrale de la r\u00e9gion.\u00a0<\/span><\/p>\n<ul>\n<li style=\"font-weight: 400;\" aria-level=\"1\"><span style=\"font-weight: 400;\">La comparaison est in\u00e9vitable : tandis que le Sanabr\u00e9s s\u00e9duit par son accessibilit\u00e9 et la diversit\u00e9 de ses paysages, le Primitif mise sur l&rsquo;authenticit\u00e9 d&rsquo;un parcours presque inchang\u00e9 par le temps.<\/span><\/li>\n<\/ul>\n<p>&nbsp;<\/p>\n<p><span style=\"font-weight: 400;\">Il est \u00e9galement int\u00e9ressant de comparer le Chemin Primitif avec la route du<\/span><a href=\"https:\/\/www.mundiplus.com\/fr\/caminos\/a-pie\/camino-norte\/camino-de-santiago-desde-irun\/\"> <b>Chemin de Saint-Jacques depuis Irun \u00e0 Bilbao<\/b><\/a><span style=\"font-weight: 400;\">, o\u00f9 l<\/span><b> influence basque <\/b><span style=\"font-weight: 400;\">se fait sentir \u00e0 chaque \u00e9tape.\u00a0<\/span><\/p>\n<ul>\n<li style=\"font-weight: 400;\" aria-level=\"1\"><span style=\"font-weight: 400;\">Cette variante int\u00e8gre <\/span><b>des \u00e9l\u00e9ments urbains et des paysages c\u00f4tiers <\/b><span style=\"font-weight: 400;\">qui se distancient de l&rsquo;esprit aust\u00e8re et ancestral du Primitif. Ici, le terrain montagneux et la faible intervention moderne renforcent un sens de d\u00e9couverte et de d\u00e9passement personnel.<\/span><\/li>\n<\/ul>\n<p>&nbsp;<\/p>\n<p><span style=\"font-weight: 400;\">Si vous pr\u00e9f\u00e9rez, vous pouvez emprunter le<\/span><a href=\"https:\/\/www.mundiplus.com\/fr\/caminos\/a-pie\/camino-primitivo\/camino-de-santiago-desde-lugo\/\"> <b>Chemin de Saint-Jacques Primitif depuis Lugo<\/b><\/a><span style=\"font-weight: 400;\">. Cette section est peut-\u00eatre un peu moins exigeante que celle qui commence \u00e0 Oviedo. Elle offre n\u00e9anmoins aux p\u00e8lerins la possibilit\u00e9 d&rsquo;explorer un r\u00e9seau culturel diversifi\u00e9 sans renoncer au d\u00e9fi physique caract\u00e9ristique du chemin d&rsquo;origine.<\/span><\/p>\n<p><span style=\"font-weight: 400;\">Oui, b\u00e9n\u00e9ficier des conseils d&rsquo;une<\/span><a href=\"https:\/\/www.mundiplus.com\/fr\/\"> <b>agence sp\u00e9cialis\u00e9e dans le Chemin de Saint-Jacques<\/b><\/a><span style=\"font-weight: 400;\"> est indispensable pour aborder un itin\u00e9raire aussi exigeant que le Primitif. Chez Mundiplus, nous ne fournissons pas seulement des informations d\u00e9taill\u00e9es sur les h\u00e9bergements et les \u00e9tapes critiques. De plus, nous offrons des ressources pour pr\u00e9parer le corps et l&rsquo;esprit aux difficult\u00e9s du trajet.<\/span><\/p>\n<p>&nbsp;<\/p>\n<h2><b>Un temple aux influences gothiques et pr\u00e9romanes<\/b><\/h2>\n<p><span style=\"font-weight: 400;\">La <\/span><b>Cath\u00e9drale de San Salvador<\/b><span style=\"font-weight: 400;\">, connue sous le nom de Sancta Ovetensis, est un temple \u00e0 l&rsquo;histoire int\u00e9ressante qui combine des influences <\/span><b>gothiques, pr\u00e9romanes, romanes, renaissance et baroques<\/b><span style=\"font-weight: 400;\">.<\/span><\/p>\n<p><span style=\"font-weight: 400;\">Son origine remonte au <\/span><b>VIIIe si\u00e8cle<\/b><span style=\"font-weight: 400;\">, lorsque le roi Fruela I fit construire une basilique \u00e0 cet endroit. Cependant, la structure actuelle, <\/span><b>principalement gothique<\/b><span style=\"font-weight: 400;\">, commen\u00e7a \u00e0 \u00eatre construite \u00e0 la fin du XIIIe si\u00e8cle et fut achev\u00e9e au XVIe si\u00e8cle.<\/span><\/p>\n<p><span style=\"font-weight: 400;\">Le clocher, un \u00e9l\u00e9ment remarquable de l&rsquo;architecture renaissance, est <\/span><b>visible depuis divers points de la ville<\/b><span style=\"font-weight: 400;\"> et est devenu un symbole d&rsquo;Oviedo.<\/span><\/p>\n<p>&nbsp;<\/p>\n<h3><b>La Chambre Sainte, tr\u00e9sor de l&rsquo;art religieux<\/b><\/h3>\n<p><img decoding=\"async\" class=\"alignnone wp-image-118535 size-full\" src=\"https:\/\/www.mundiplus.com\/wp-content\/uploads\/2025\/03\/Camara-Santa-Mundiplus.jpg\" alt=\"\" width=\"1024\" height=\"680\" srcset=\"https:\/\/www.mundiplus.com\/wp-content\/uploads\/2025\/03\/Camara-Santa-Mundiplus.jpg 1024w, https:\/\/www.mundiplus.com\/wp-content\/uploads\/2025\/03\/Camara-Santa-Mundiplus-300x199.jpg 300w, https:\/\/www.mundiplus.com\/wp-content\/uploads\/2025\/03\/Camara-Santa-Mundiplus-768x510.jpg 768w, https:\/\/www.mundiplus.com\/wp-content\/uploads\/2025\/03\/Camara-Santa-Mundiplus-600x398.jpg 600w\" sizes=\"(max-width: 1024px) 100vw, 1024px\" \/><\/p>\n<p><span style=\"font-weight: 400;\">La <\/span><b>Chambre Sainte<\/b><span style=\"font-weight: 400;\"> est l&rsquo;un des espaces les plus remarquables de la Cath\u00e9drale de San Salvador, inscrite au <\/span><b>Patrimoine mondial de l&rsquo;UNESCO<\/b><span style=\"font-weight: 400;\">. On y trouve deux des croix les plus embl\u00e9matiques des Asturies : <\/span><b>la Croix de la Victoire et la Croix des Anges<\/b><span style=\"font-weight: 400;\">.<\/span><\/p>\n<p><span style=\"font-weight: 400;\">Ces symboles repr\u00e9sentent l&rsquo;histoire du royaume asturien et ont \u00e9t\u00e9 une r\u00e9f\u00e9rence importante pour les p\u00e8lerins qui commen\u00e7aient leur parcours \u00e0 Oviedo. La Chambre Sainte est un <\/span><b>b\u00e2timent pr\u00e9roman<\/b><span style=\"font-weight: 400;\"> du IXe si\u00e8cle, construit comme chapelle palatine par Alfonso II le Chaste.<\/span><\/p>\n<p><span style=\"font-weight: 400;\">Outre les croix, elle abrite d&rsquo;autres reliques importantes comme l&rsquo;<\/span><b>Arche Sainte<\/b><span style=\"font-weight: 400;\"> et le <\/span><b>Saint Suaire<\/b><span style=\"font-weight: 400;\">. L&rsquo;acc\u00e8s \u00e0 cette chapelle souterraine est incontournable lors de la visite de la cath\u00e9drale, offrant une exp\u00e9rience spirituelle et culturelle unique.<\/span><\/p>\n<p>&nbsp;<\/p>\n<h2><b>Relation avec le Chemin de Saint-Jacques Primitif<\/b><\/h2>\n<p><span style=\"font-weight: 400;\">Le Chemin Primitif commence \u00e0 la Cath\u00e9drale de San Salvador d&rsquo;Oviedo, suivant le parcours emprunt\u00e9 par le roi Alfonso II pour visiter la tombe r\u00e9cemment d\u00e9couverte de l&rsquo;Ap\u00f4tre Jacques. Contrairement au Chemin Fran\u00e7ais, cette option se caract\u00e9rise par sa <\/span><b>grande exigence physique<\/b><span style=\"font-weight: 400;\">, mais offre des paysages impressionnants et une ambiance moins fr\u00e9quent\u00e9e.<\/span><\/p>\n<p><span style=\"font-weight: 400;\">Si vous recherchez une exp\u00e9rience authentique et souhaitez vous connecter \u00e0 l&rsquo;histoire originale du Chemin, c&rsquo;est un excellent choix. Le Chemin Primitif couvre environ <\/span><b>325 kilom\u00e8tres<\/b><span style=\"font-weight: 400;\">, divis\u00e9s en plusieurs \u00e9tapes. C&rsquo;est une alternative id\u00e9ale pour ceux qui d\u00e9sirent une exp\u00e9rience plus tranquille et en harmonie avec la nature.<\/span><\/p>\n<p>&nbsp;<\/p>\n<h2><b>\u00c9l\u00e9ments \u00e0 ne pas manquer lors de votre visite<\/b><\/h2>\n<p><img decoding=\"async\" class=\"alignnone wp-image-118523 size-full\" src=\"https:\/\/www.mundiplus.com\/wp-content\/uploads\/2025\/03\/Cruz-de-la-Victoria-Mundiplus.jpg\" alt=\"\" width=\"576\" height=\"1024\" srcset=\"https:\/\/www.mundiplus.com\/wp-content\/uploads\/2025\/03\/Cruz-de-la-Victoria-Mundiplus.jpg 576w, https:\/\/www.mundiplus.com\/wp-content\/uploads\/2025\/03\/Cruz-de-la-Victoria-Mundiplus-169x300.jpg 169w\" sizes=\"(max-width: 576px) 100vw, 576px\" \/><\/p>\n<p><span style=\"font-weight: 400;\">En plus de son importance historique, la cath\u00e9drale abrite des \u00e9l\u00e9ments qui m\u00e9ritent votre attention. Les chapelles baroques, comme celle de <\/span><b>Notre-Dame du Roi Chaste<\/b><span style=\"font-weight: 400;\">, repr\u00e9sentent des exemples remarquables de l&rsquo;art baroque. Les sculptures gothiques du clo\u00eetre et le retable principal sont incontournables.<\/span><\/p>\n<p><span style=\"font-weight: 400;\">Le <\/span><b>Saint Suaire d&rsquo;Oviedo<\/b><span style=\"font-weight: 400;\">, conserv\u00e9 dans la Chambre Sainte, est une relique d&rsquo;une grande importance religieuse. Chaque \u00e9l\u00e9ment \u00e0 l&rsquo;int\u00e9rieur du temple raconte une histoire, ce qui fait de la visite une exp\u00e9rience culturelle et spirituelle pr\u00e9cieuse.<\/span><\/p>\n<p>&nbsp;<\/p>\n<h2><b>Le r\u00f4le de la Cath\u00e9drale dans la culture ovetienne<\/b><\/h2>\n<p><span style=\"font-weight: 400;\">La Cath\u00e9drale de San Salvador est devenue un point central de la vie de la ville d&rsquo;Oviedo. Elle sert de <\/span><b>salle de c\u00e9l\u00e9brations religieuses<\/b><span style=\"font-weight: 400;\"> importantes et est un lieu o\u00f9 touristes et locaux cohabitent harmonieusement.<\/span><\/p>\n<p><span style=\"font-weight: 400;\">La place qui l&rsquo;entoure fonctionne comme un lieu de rencontre, avec des bars et des caf\u00e9s autour, id\u00e9als pour faire une pause avant de continuer \u00e0 explorer la ville.<\/span><\/p>\n<p><span style=\"font-weight: 400;\">Oviedo, avec son ambiance tranquille et accueillante, est un endroit parfait pour <\/span><b>commencer un p\u00e8lerinage ou d\u00e9couvrir sa richesse patrimoniale<\/b><span style=\"font-weight: 400;\">. La cath\u00e9drale a \u00e9t\u00e9 une source d&rsquo;inspiration importante pour les artistes et les \u00e9crivains.<\/span><\/p>\n<p><span style=\"font-weight: 400;\">Son histoire est li\u00e9e \u00e0 la vie de la ville, faisant d&rsquo;elle un <\/span><b>symbole culturel et religieux des Asturies<\/b><span style=\"font-weight: 400;\">. Son importance spirituelle et sociale en fait une destination incontournable pour tout visiteur.<\/span><\/p>\n<p>&nbsp;<\/p>\n<h2><b>Planifiez votre visite avec des informations utiles<\/b><\/h2>\n<p><span style=\"font-weight: 400;\">Si vous d\u00e9cidez de visiter la Cath\u00e9drale de San Salvador, il y a quelques points \u00e0 consid\u00e9rer. Les <\/span><b>horaires d&rsquo;ouverture<\/b><span style=\"font-weight: 400;\"> varient selon la saison, il est donc recommand\u00e9 de les consulter \u00e0 l&rsquo;avance. Toutefois, \u00e0 titre indicatif, les horaires d&rsquo;ouverture sont les suivants : <\/span><\/p>\n<ul>\n<li style=\"font-weight: 400;\" aria-level=\"1\"><span style=\"font-weight: 400;\">De 10 h \u00e0 13 h et de 16 h \u00e0 18 h du lundi au vendredi.<\/span><\/li>\n<li style=\"font-weight: 400;\" aria-level=\"1\"><span style=\"font-weight: 400;\">De 16 h \u00e0 17 h le samedi.<\/span><\/li>\n<\/ul>\n<p><span style=\"font-weight: 400;\">L&rsquo;acc\u00e8s \u00e0 la Chambre Sainte est <\/span><b>inclus dans les visites guid\u00e9es g\u00e9n\u00e9rales<\/b><span style=\"font-weight: 400;\">, donc gardez cela \u00e0 l&rsquo;esprit lors de l&rsquo;organisation de votre visite. De plus, si vous pr\u00e9voyez d&rsquo;entreprendre le Chemin Primitif, vous <\/span><b>pouvez obtenir votre cr\u00e9dentiel de p\u00e8lerin<\/b><span style=\"font-weight: 400;\"> ici, un document essentiel pour ceux qui souhaitent compl\u00e9ter le parcours.<\/span><\/p>\n<p><span style=\"font-weight: 400;\">N&rsquo;oubliez pas que les visites touristiques ne sont pas autoris\u00e9es les dimanches, il est donc important de programmer votre visite en semaine pour profiter pleinement du parcours.<\/span><\/p>\n","protected":false},"excerpt":{"rendered":"<p>Vous arrivez \u00e0 Oviedo et vous marchez dans ses rues jusqu&rsquo;\u00e0 une place. L\u00e0, vous vous trouvez face \u00e0 une structure majestueuse. Il ne s&rsquo;agit pas d&rsquo;un simple temple, mais de la imposante Cath\u00e9drale de San Salvador, un lieu avec plus de mille ans d&rsquo;histoire et le point de d\u00e9part du Chemin Primitif. Ce chemin, [&hellip;]<\/p>\n","protected":false},"author":1,"featured_media":118531,"comment_status":"open","ping_status":"open","sticky":false,"template":"","format":"standard","meta":{"footnotes":""},"categories":[571,575,583,603],"tags":[],"class_list":["post-118561","post","type-post","status-publish","format-standard","has-post-thumbnail","hentry","category-blog-du-chemin","category-chemin-a-pied","category-histoire","category-sites-emblematiques"],"_links":{"self":[{"href":"https:\/\/www.mundiplus.com\/fr\/wp-json\/wp\/v2\/posts\/118561","targetHints":{"allow":["GET"]}}],"collection":[{"href":"https:\/\/www.mundiplus.com\/fr\/wp-json\/wp\/v2\/posts"}],"about":[{"href":"https:\/\/www.mundiplus.com\/fr\/wp-json\/wp\/v2\/types\/post"}],"author":[{"embeddable":true,"href":"https:\/\/www.mundiplus.com\/fr\/wp-json\/wp\/v2\/users\/1"}],"replies":[{"embeddable":true,"href":"https:\/\/www.mundiplus.com\/fr\/wp-json\/wp\/v2\/comments?post=118561"}],"version-history":[{"count":0,"href":"https:\/\/www.mundiplus.com\/fr\/wp-json\/wp\/v2\/posts\/118561\/revisions"}],"wp:featuredmedia":[{"embeddable":true,"href":"https:\/\/www.mundiplus.com\/fr\/wp-json\/wp\/v2\/media\/118531"}],"wp:attachment":[{"href":"https:\/\/www.mundiplus.com\/fr\/wp-json\/wp\/v2\/media?parent=118561"}],"wp:term":[{"taxonomy":"category","embeddable":true,"href":"https:\/\/www.mundiplus.com\/fr\/wp-json\/wp\/v2\/categories?post=118561"},{"taxonomy":"post_tag","embeddable":true,"href":"https:\/\/www.mundiplus.com\/fr\/wp-json\/wp\/v2\/tags?post=118561"}],"curies":[{"name":"wp","href":"https:\/\/api.w.org\/{rel}","templated":true}]}}