{"id":118808,"date":"2025-03-26T18:49:45","date_gmt":"2025-03-26T18:49:45","guid":{"rendered":"https:\/\/www.mundiplus.com\/?p=118808"},"modified":"2025-03-26T18:53:17","modified_gmt":"2025-03-26T18:53:17","slug":"combien-de-vetements-de-rechange-dois-je-prevoir-pour-le-camino-santiago","status":"publish","type":"post","link":"https:\/\/www.mundiplus.com\/fr\/combien-de-vetements-de-rechange-emporter-sur-le-chemin-de-saint-jacques\/","title":{"rendered":"Combien de v\u00eatements de rechange dois-je pr\u00e9voir pour le Camino Santiago ?"},"content":{"rendered":"<p><img fetchpriority=\"high\" decoding=\"async\" class=\"alignnone wp-image-118771 size-full\" src=\"https:\/\/www.mundiplus.com\/wp-content\/uploads\/2025\/03\/Cuantas-mudas-de-ropa-hay-que-llevar-para-el-camino-Santiago-Mundiplus.jpg\" alt=\"\" width=\"1000\" height=\"688\" srcset=\"https:\/\/www.mundiplus.com\/wp-content\/uploads\/2025\/03\/Cuantas-mudas-de-ropa-hay-que-llevar-para-el-camino-Santiago-Mundiplus.jpg 1000w, https:\/\/www.mundiplus.com\/wp-content\/uploads\/2025\/03\/Cuantas-mudas-de-ropa-hay-que-llevar-para-el-camino-Santiago-Mundiplus-300x206.jpg 300w, https:\/\/www.mundiplus.com\/wp-content\/uploads\/2025\/03\/Cuantas-mudas-de-ropa-hay-que-llevar-para-el-camino-Santiago-Mundiplus-768x528.jpg 768w, https:\/\/www.mundiplus.com\/wp-content\/uploads\/2025\/03\/Cuantas-mudas-de-ropa-hay-que-llevar-para-el-camino-Santiago-Mundiplus-600x413.jpg 600w\" sizes=\"(max-width: 1000px) 100vw, 1000px\" \/><\/p>\n<p><span style=\"font-weight: 400;\">Vous prenez le premier sentier et vous remarquez que votre sac \u00e0 dos est trop lourd. L&rsquo;id\u00e9e de le charger trop vous fait douter des v\u00eatements \u00e0 emporter ou \u00e0 laisser \u00e0 la maison. Avez-vous vraiment besoin de tant de t-shirts ? Un pantalon suppl\u00e9mentaire est-il indispensable ?<\/span><\/p>\n<p><b>Choisir la quantit\u00e9 de v\u00eatements ad\u00e9quate<\/b><span style=\"font-weight: 400;\"> pour le Camino de Santiago peut faire la diff\u00e9rence entre un <\/span><b>voyage confortable ou un v\u00e9ritable cauchemar<\/b><span style=\"font-weight: 400;\">. En effet, trop de v\u00eatements impliquent un poids inutile. En emporter trop peu pourrait vous laisser sans options lorsque vous en aurez besoin. Chez Mundiplus, nous voulons vous aider \u00e0 trouver l&rsquo;\u00e9quilibre pour profiter du voyage sans regrets.<\/span><\/p>\n<p>&nbsp;<\/p>\n<h2><b>Alternatives selon le type de chemin choisi<\/b><\/h2>\n<p><span style=\"font-weight: 400;\">Chaque itin\u00e9raire a ses sp\u00e9cificit\u00e9s. Pour vous guider, voici quelques exemples :<\/span><\/p>\n<ul>\n<li style=\"font-weight: 400;\" aria-level=\"1\"><span style=\"font-weight: 400;\">Le <\/span><a href=\"https:\/\/www.mundiplus.com\/fr\/caminos\/a-pie\/camino-sanabres\/camino-de-santiago-desde-orense\/\"><b>Camino Santiago depuis Ourense<\/b><\/a><span style=\"font-weight: 400;\"> est un trajet d&rsquo;environ 6 jours dans un climat humide et variable. Il est recommand\u00e9 d&rsquo;inclure quelques v\u00eatements suppl\u00e9mentaires pour faire face aux changements soudains, tout en maintenant un \u00e9quilibre entre confort et poids.<\/span><\/li>\n<\/ul>\n<p>&nbsp;<\/p>\n<ul>\n<li style=\"font-weight: 400;\" aria-level=\"1\"><b>Le Camino del Norte<\/b><span style=\"font-weight: 400;\"> est une route qui dure g\u00e9n\u00e9ralement entre 30 et 35 jours, o\u00f9 l&rsquo;influence maritime et les pluies sont fr\u00e9quentes. Il est donc conseill\u00e9 d&#8217;emporter davantage de v\u00eatements imperm\u00e9ables et l\u00e9gers, avec des options suppl\u00e9mentaires pour les conditions tr\u00e8s humides.<\/span><\/li>\n<\/ul>\n<p>&nbsp;<\/p>\n<ul>\n<li style=\"list-style-type: none;\">\n<ul>\n<li style=\"font-weight: 400;\" aria-level=\"2\"><span style=\"font-weight: 400;\">Vous pouvez aussi faire le <\/span><a href=\"https:\/\/www.mundiplus.com\/fr\/caminos\/a-pie\/camino-norte\/camino-de-santiago-desde-irun\/\"><b>Camino del Norte Irun Bilbao<\/b><\/a><span style=\"font-weight: 400;\">, qui regroupe 7 \u00e9tapes r\u00e9sumant parfaitement le climat que vous trouverez sur l&rsquo;ensemble de ce parcours.<\/span><\/li>\n<\/ul>\n<\/li>\n<\/ul>\n<p>&nbsp;<\/p>\n<ul>\n<li style=\"font-weight: 400;\" aria-level=\"1\"><span style=\"font-weight: 400;\">Sur le <\/span><b>Camino Primitivo<\/b><span style=\"font-weight: 400;\">,<\/span> <span style=\"font-weight: 400;\">d&rsquo;une dur\u00e9e de 14 \u00e0 15 jours sur un terrain exigeant, il est pr\u00e9f\u00e9rable d&rsquo;opter pour des v\u00eatements respirants et \u00e0 s\u00e9chage rapide, tout en limitant le nombre de changes pour ne pas surcharger le sac \u00e0 dos. Vous pouvez \u00e9galement faire le <\/span><a href=\"https:\/\/www.mundiplus.com\/fr\/caminos\/a-pie\/camino-primitivo\/camino-de-santiago-desde-lugo\/\"><b>Camino Santiago Lugo<\/b><\/a><span style=\"font-weight: 400;\"> et \u00e9viter les sections les plus exigeantes.<\/span><\/li>\n<\/ul>\n<p>&nbsp;<\/p>\n<ul>\n<li style=\"font-weight: 400;\" aria-level=\"1\"><span style=\"font-weight: 400;\">Le <\/span><b>Camino Franc\u00e9s<\/b><span style=\"font-weight: 400;\"> dure g\u00e9n\u00e9ralement entre 25 et 30 jours, ce qui permet de planifier un nombre mod\u00e9r\u00e9 de changes. Dans ce cas, vous trouverez de nombreuses opportunit\u00e9s pour laver vos v\u00eatements dans les auberges et les hostels, ce qui vous aidera \u00e0 garder vos affaires l\u00e9g\u00e8res.<\/span><\/li>\n<\/ul>\n<p>&nbsp;<\/p>\n<ul>\n<li style=\"font-weight: 400;\" aria-level=\"1\"><span style=\"font-weight: 400;\">Le <\/span><b>Camino Portugu\u00e9s<\/b><span style=\"font-weight: 400;\">. Pour un parcours de 20 \u00e0 25 jours dans des climats plus temp\u00e9r\u00e9s, il est conseill\u00e9 de choisir des v\u00eatements polyvalents et l\u00e9gers. Vous pouvez \u00e9galement ajouter une ou deux pi\u00e8ces suppl\u00e9mentaires pour les nuits plus fra\u00eeches.<\/span><\/li>\n<\/ul>\n<p>&nbsp;<\/p>\n<ul>\n<li style=\"font-weight: 400;\" aria-level=\"1\"><span style=\"font-weight: 400;\">Le <\/span><b>Camino Ingl\u00e9s<\/b><span style=\"font-weight: 400;\">,<\/span> <span style=\"font-weight: 400;\">\u00e9tant un itin\u00e9raire plus court, d&rsquo;environ 10 \u00e0 12 jours, permet de r\u00e9duire le nombre de changes, en se concentrant sur l&rsquo;essentiel et en profitant des points de lavage tout au long du parcours.<\/span><\/li>\n<\/ul>\n<p>&nbsp;<\/p>\n<p><span style=\"font-weight: 400;\">Si vous choisissez un <\/span><a href=\"https:\/\/www.mundiplus.com\/fr\/\"><b>Camino Santiago organis\u00e9<\/b><\/a><span style=\"font-weight: 400;\">, vous n&rsquo;aurez peut-\u00eatre pas besoin de tant de v\u00eatements, car vous pourrez les laver plus facilement dans les h\u00e9bergements. De plus, des agences comme Mundiplus vous conseillent sur la pr\u00e9paration de votre sac \u00e0 dos.<\/span><\/p>\n<p>&nbsp;<\/p>\n<p>&nbsp;<\/p>\n<h2><b>Facteurs cl\u00e9s pour d\u00e9cider combien de v\u00eatements emporter<\/b><\/h2>\n<p><img decoding=\"async\" class=\"alignnone wp-image-118765 size-full\" src=\"https:\/\/www.mundiplus.com\/wp-content\/uploads\/2025\/03\/Cuantas-mudas-de-ropa-hay-que-llevar-para-el-camino-de-Santiago-Mundiplus.jpg\" alt=\"\" width=\"1000\" height=\"667\" srcset=\"https:\/\/www.mundiplus.com\/wp-content\/uploads\/2025\/03\/Cuantas-mudas-de-ropa-hay-que-llevar-para-el-camino-de-Santiago-Mundiplus.jpg 1000w, https:\/\/www.mundiplus.com\/wp-content\/uploads\/2025\/03\/Cuantas-mudas-de-ropa-hay-que-llevar-para-el-camino-de-Santiago-Mundiplus-300x200.jpg 300w, https:\/\/www.mundiplus.com\/wp-content\/uploads\/2025\/03\/Cuantas-mudas-de-ropa-hay-que-llevar-para-el-camino-de-Santiago-Mundiplus-768x512.jpg 768w, https:\/\/www.mundiplus.com\/wp-content\/uploads\/2025\/03\/Cuantas-mudas-de-ropa-hay-que-llevar-para-el-camino-de-Santiago-Mundiplus-600x400.jpg 600w\" sizes=\"(max-width: 1000px) 100vw, 1000px\" \/><\/p>\n<p><b>Il n&rsquo;existe pas de r\u00e8gle fixe pour le nombre de changes n\u00e9cessaires<\/b><span style=\"font-weight: 400;\">. Cependant, il y a certains aspects qui vous aideront \u00e0 r\u00e9duire vos options :<\/span><\/p>\n<ul>\n<li style=\"font-weight: 400;\" aria-level=\"1\"><b>Dur\u00e9e du parcours<\/b><span style=\"font-weight: 400;\"> : ce n&rsquo;est pas pareil de marcher cinq jours ou un mois. Sur des trajets courts, vous pouvez vous permettre d&#8217;emporter un peu plus, mais sur des voyages longs, chaque gramme compte. R\u00e9duire le poids \u00e9vitera la fatigue et am\u00e9liorera votre exp\u00e9rience.<\/span><\/li>\n<\/ul>\n<p>&nbsp;<\/p>\n<ul>\n<li style=\"font-weight: 400;\" aria-level=\"1\"><b>Saison<\/b><span style=\"font-weight: 400;\"> : en \u00e9t\u00e9, assurez-vous d&#8217;emporter des v\u00eatements respirants et l\u00e9gers pour \u00e9viter la surchauffe. En hiver, un syst\u00e8me de couches thermiques vous permettra de r\u00e9guler la temp\u00e9rature sans avoir besoin de v\u00eatements volumineux.<\/span><\/li>\n<\/ul>\n<p>&nbsp;<\/p>\n<ul>\n<li style=\"font-weight: 400;\" aria-level=\"1\"><b>Fr\u00e9quence du lavage<\/b><span style=\"font-weight: 400;\"> : si vous \u00eates pr\u00eat \u00e0 laver vos v\u00eatements tous les jours (ou presque), vous pourrez emporter moins de changes. Cela all\u00e9gera votre sac et facilitera votre mobilit\u00e9.<\/span><\/li>\n<\/ul>\n<p>&nbsp;<\/p>\n<ul>\n<li style=\"font-weight: 400;\" aria-level=\"1\"><b>Confort personnel<\/b><span style=\"font-weight: 400;\"> : certains pr\u00e9f\u00e8rent avoir une vari\u00e9t\u00e9 de v\u00eatements pour changer, tandis que d&rsquo;autres optent pour l&rsquo;essentiel et privil\u00e9gient la praticit\u00e9. Trouvez l&rsquo;\u00e9quilibre qui convient le mieux \u00e0 votre style.<\/span><\/li>\n<\/ul>\n<p>&nbsp;<\/p>\n<h2><b>V\u00eatements recommand\u00e9s pour un p\u00e8lerin moyen<\/b><\/h2>\n<p><img decoding=\"async\" class=\"alignnone wp-image-118777 size-full\" src=\"https:\/\/www.mundiplus.com\/wp-content\/uploads\/2025\/03\/Cuantas-mudas-de-ropa-hay-que-llevar-para-el-camino-Mundiplus.jpg\" alt=\"\" width=\"1000\" height=\"667\" srcset=\"https:\/\/www.mundiplus.com\/wp-content\/uploads\/2025\/03\/Cuantas-mudas-de-ropa-hay-que-llevar-para-el-camino-Mundiplus.jpg 1000w, https:\/\/www.mundiplus.com\/wp-content\/uploads\/2025\/03\/Cuantas-mudas-de-ropa-hay-que-llevar-para-el-camino-Mundiplus-300x200.jpg 300w, https:\/\/www.mundiplus.com\/wp-content\/uploads\/2025\/03\/Cuantas-mudas-de-ropa-hay-que-llevar-para-el-camino-Mundiplus-768x512.jpg 768w, https:\/\/www.mundiplus.com\/wp-content\/uploads\/2025\/03\/Cuantas-mudas-de-ropa-hay-que-llevar-para-el-camino-Mundiplus-600x400.jpg 600w\" sizes=\"(max-width: 1000px) 100vw, 1000px\" \/><\/p>\n<p><span style=\"font-weight: 400;\">L&rsquo;option la plus \u00e9quilibr\u00e9e est <\/span><b>d&#8217;emporter trois ensembles complets<\/b><span style=\"font-weight: 400;\">. Un change pour marcher, un autre sec pour l&rsquo;apr\u00e8s-midi et un de rechange. Ainsi, vous aurez toujours des v\u00eatements propres pendant qu&rsquo;un change s\u00e8che. Voici une liste de base :<\/span><\/p>\n<ul>\n<li style=\"font-weight: 400;\" aria-level=\"1\"><b>Trois t-shirts<\/b><span style=\"font-weight: 400;\"> techniques (l\u00e9gers et respirants).<\/span><\/li>\n<li style=\"font-weight: 400;\" aria-level=\"1\"><b>Deux pantalons<\/b><span style=\"font-weight: 400;\"> (un long et un court ou d\u00e9tachable).<\/span><\/li>\n<li style=\"font-weight: 400;\" aria-level=\"1\"><b>Trois paires de chaussettes<\/b><span style=\"font-weight: 400;\"> techniques (elles \u00e9vitent les irritations).<\/span><\/li>\n<li style=\"font-weight: 400;\" aria-level=\"1\"><b>Trois sous-v\u00eatements<\/b><span style=\"font-weight: 400;\">.<\/span><\/li>\n<li style=\"font-weight: 400;\" aria-level=\"1\"><b>Un v\u00eatement chaud<\/b><span style=\"font-weight: 400;\"> (selon la saison).<\/span><\/li>\n<li style=\"font-weight: 400;\" aria-level=\"1\"><b>Un imperm\u00e9able ou poncho<\/b><span style=\"font-weight: 400;\"> (indispensable \u00e0 certaines p\u00e9riodes).<\/span><\/li>\n<\/ul>\n<p>&nbsp;<\/p>\n<h2><b>Conseils pour laver les v\u00eatements pendant le Camino<\/b><\/h2>\n<p><span style=\"font-weight: 400;\">Emporter moins de v\u00eatements signifie que vous devrez les laver plus souvent. Pour le faire efficacement, gardez \u00e0 l&rsquo;esprit les points suivants :<\/span><\/p>\n<ul>\n<li style=\"font-weight: 400;\" aria-level=\"1\"><span style=\"font-weight: 400;\">Utilisez du <\/span><b>savon biod\u00e9gradable solide<\/b><span style=\"font-weight: 400;\"> pour \u00e9viter les fuites et prot\u00e9ger l&rsquo;environnement. Il est plus compact, dure plus longtemps que le savon liquide et \u00e9vite les restrictions dans les a\u00e9roports ou lors du passage des fronti\u00e8res. De plus, vous pouvez l&rsquo;utiliser pour laver les v\u00eatements ainsi que pour l&rsquo;hygi\u00e8ne personnelle.<\/span><\/li>\n<\/ul>\n<p>&nbsp;<\/p>\n<ul>\n<li style=\"font-weight: 400;\" aria-level=\"1\"><b>Lavez \u00e0 la fin de la journ\u00e9e<\/b><span style=\"font-weight: 400;\"> pour que les v\u00eatements aient le temps de s\u00e9cher avant d&rsquo;\u00eatre port\u00e9s \u00e0 nouveau. Cela \u00e9vite les mauvaises odeurs, l&rsquo;humidit\u00e9 et la n\u00e9cessit\u00e9 d&#8217;emporter plus de v\u00eatements de rechange.<\/span><\/li>\n<\/ul>\n<p>&nbsp;<\/p>\n<ul>\n<li style=\"font-weight: 400;\" aria-level=\"1\"><span style=\"font-weight: 400;\">Emportez une <\/span><b>corde \u00e9lastique<\/b><span style=\"font-weight: 400;\"> pour suspendre les v\u00eatements n&rsquo;importe o\u00f9, comme dans les auberges, aux arbres ou m\u00eame \u00e0 l&rsquo;int\u00e9rieur de la tente. Elle est l\u00e9g\u00e8re, prend peu de place et facilite le s\u00e9chage dans toutes les conditions.<\/span><\/li>\n<\/ul>\n<p>&nbsp;<\/p>\n<ul>\n<li style=\"font-weight: 400;\" aria-level=\"1\"><span style=\"font-weight: 400;\">En cas de pluie, <\/span><b>accrochez les v\u00eatements \u00e0 l&rsquo;int\u00e9rieur du sac<\/b><span style=\"font-weight: 400;\">, en les fixant avec des \u00e9pingles \u00e0 nourrice ou une corde. Ainsi, vous profiterez de la chaleur corporelle et \u00e9viterez que l&rsquo;humidit\u00e9 n&rsquo;endommage vos v\u00eatements.<\/span><\/li>\n<\/ul>\n<p>&nbsp;<\/p>\n<h2><b>Quel est le poids des v\u00eatements dans le sac \u00e0 dos ?<\/b><\/h2>\n<p><b>10% de votre poids corporel est la charge recommand\u00e9e pour le sac \u00e0 dos<\/b><span style=\"font-weight: 400;\">. Ce calcul inclut les v\u00eatements, le sac de couchage, la trousse de premiers secours et d&rsquo;autres articles de base. Chaque gramme compte, il est donc important de choisir des v\u00eatements l\u00e9gers et \u00e0 s\u00e9chage rapide.<\/span><\/p>\n<p><span style=\"font-weight: 400;\">Emporter moins de poids dans le sac aide \u00e0 r\u00e9duire l&rsquo;effort physique, \u00e0 am\u00e9liorer le confort et la mobilit\u00e9 tout au long du trajet. Un sac plus l\u00e9ger <\/span><b>r\u00e9duit le risque de blessures au dos<\/b><span style=\"font-weight: 400;\"> et aux articulations, vous permettant de marcher plus longtemps sans vous fatiguer rapidement.<\/span><\/p>\n<p><span style=\"font-weight: 400;\">De plus, <\/span><b>cela facilite les mouvements sur les terrains difficiles<\/b><span style=\"font-weight: 400;\"> et rend l&rsquo;exp\u00e9rience de voyage plus agr\u00e9able. Choisir des v\u00eatements l\u00e9gers et \u00e0 s\u00e9chage rapide aide \u00e0 r\u00e9duire la charge sans sacrifier la fonctionnalit\u00e9.<\/span><\/p>\n<p><span style=\"font-weight: 400;\">Rappelez-vous que chaque gramme en moins dans votre sac \u00e0 dos signifie plus d\u2019\u00e9nergie et la possibilit\u00e9 de profiter pleinement de chaque \u00e9tape du chemin.<\/span><\/p>\n<p>&nbsp;<\/p>\n<h2><b>Mieux vaut pr\u00e9venir : les v\u00eatements indispensables<\/b><\/h2>\n<p><span style=\"font-weight: 400;\">En plus des tenues de base, certains accessoires peuvent faire toute la diff\u00e9rence :<\/span><\/p>\n<ul>\n<li style=\"font-weight: 400;\" aria-level=\"1\"><b>Casquette ou chapeau<\/b><span style=\"font-weight: 400;\"> : protection contre le soleil.<\/span><\/li>\n<li style=\"font-weight: 400;\" aria-level=\"1\"><b>Gants et tour de cou<\/b><span style=\"font-weight: 400;\"> : m\u00eame en \u00e9t\u00e9, ils peuvent \u00eatre utiles !<\/span><\/li>\n<li style=\"font-weight: 400;\" aria-level=\"1\"><b>Sandales l\u00e9g\u00e8res<\/b><span style=\"font-weight: 400;\"> : pour reposer vos pieds apr\u00e8s la journ\u00e9e de marche.<\/span><\/li>\n<li style=\"font-weight: 400;\" aria-level=\"1\"><b>Collants thermiques<\/b><span style=\"font-weight: 400;\"> : id\u00e9aux pour dormir ou marcher par temps froid.<\/span><\/li>\n<\/ul>\n<p>&nbsp;<\/p>\n<h2><b>Recommandations pour optimiser vos bagages<\/b><\/h2>\n<ul>\n<li style=\"font-weight: 400;\" aria-level=\"1\"><b>Choisissez des v\u00eatements \u00e0 s\u00e9chage rapide<\/b><span style=\"font-weight: 400;\">. \u00c9vitez les mat\u00e9riaux qui retiennent l&rsquo;humidit\u00e9 et mettent du temps \u00e0 s\u00e9cher, comme le coton. Optez pour des tissus techniques, respirants et l\u00e9gers qui vous garderont au sec et \u00e0 l\u2019aise.<\/span><\/li>\n<\/ul>\n<p>&nbsp;<\/p>\n<ul>\n<li style=\"font-weight: 400;\" aria-level=\"1\"><b>Utilisez le syst\u00e8me de superposition<\/b><span style=\"font-weight: 400;\">. Il vaut mieux porter plusieurs couches fines et combinables plut\u00f4t qu\u2019un seul v\u00eatement \u00e9pais et encombrant. Cela vous permettra de vous adapter aux variations de temp\u00e9rature sans alourdir votre sac<\/span><\/li>\n<\/ul>\n<p>&nbsp;<\/p>\n<ul>\n<li style=\"font-weight: 400;\" aria-level=\"1\"><b>N\u2019emportez pas de \u00ab\u00a0au cas o\u00f9\u00a0\u00bb<\/b><span style=\"font-weight: 400;\">. Si vous h\u00e9sitez \u00e0 prendre un v\u00eatement, c\u2019est probablement qu\u2019il n\u2019est pas indispensable. Voyager l\u00e9ger rendra votre trajet plus agr\u00e9able et facilitera votre quotidien..<\/span><\/li>\n<\/ul>\n<p>&nbsp;<\/p>\n<ul>\n<li style=\"font-weight: 400;\" aria-level=\"1\"><b>Lavez r\u00e9guli\u00e8rement<\/b><span style=\"font-weight: 400;\">. Profitez des endroits o\u00f9 vous vous reposez pour utiliser une machine \u00e0 laver ou faites un lavage \u00e0 la main chaque jour. Ainsi, vous pourrez voyager avec moins de v\u00eatements sans compromettre votre hygi\u00e8ne.<\/span><\/li>\n<\/ul>\n<p>&nbsp;<\/p>\n<ul>\n<li style=\"font-weight: 400;\" aria-level=\"1\"><b>Utilisez des sacs de compression<\/b><span style=\"font-weight: 400;\">. Ils vous aideront \u00e0 r\u00e9duire le volume de vos v\u00eatements et \u00e0 bien organiser votre sac \u00e0 dos.<\/span><\/li>\n<\/ul>\n<p>&nbsp;<\/p>\n<h2><b>Le secret r\u00e9side dans la qualit\u00e9, pas dans la quantit\u00e9<\/b><\/h2>\n<p><span style=\"font-weight: 400;\">Investir dans des v\u00eatements de qualit\u00e9 garantit confort et efficacit\u00e9 tout au long du voyage. Les v\u00eatements respirants, sans coutures et \u00e0 s\u00e9chage rapide pr\u00e9viennent les irritations et r\u00e9duisent l\u2019inconfort. Il n\u2019est pas n\u00e9cessaire d\u2019emporter trop d\u2019affaires, mais plut\u00f4t de <\/span><b>choisir des pi\u00e8ces fonctionnelles et polyvalentes<\/b><span style=\"font-weight: 400;\"> qui s\u2019accordent facilement entre elles. Si vous h\u00e9sitez entre deux options, optez toujours pour la plus l\u00e9g\u00e8re et compacte.<\/span><\/p>\n<p><span style=\"font-weight: 400;\">Une bonne organisation vous permettra d\u2019optimiser l\u2019espace dans votre sac et d\u2019\u00e9viter le poids superflu, rendant chaque \u00e9tape plus agr\u00e9able et fluide. En fin de compte, <\/span><b>un sac bien organis\u00e9 deviendra votre meilleur alli\u00e9<\/b><span style=\"font-weight: 400;\">.<\/span><\/p>\n","protected":false},"excerpt":{"rendered":"<p>Vous prenez le premier sentier et vous remarquez que votre sac \u00e0 dos est trop lourd. L&rsquo;id\u00e9e de le charger trop vous fait douter des v\u00eatements \u00e0 emporter ou \u00e0 laisser \u00e0 la maison. Avez-vous vraiment besoin de tant de t-shirts ? Un pantalon suppl\u00e9mentaire est-il indispensable ? Choisir la quantit\u00e9 de v\u00eatements ad\u00e9quate pour [&hellip;]<\/p>\n","protected":false},"author":1,"featured_media":118773,"comment_status":"open","ping_status":"open","sticky":false,"template":"","format":"standard","meta":{"footnotes":""},"categories":[571,575,587],"tags":[],"class_list":["post-118808","post","type-post","status-publish","format-standard","has-post-thumbnail","hentry","category-blog-du-chemin","category-chemin-a-pied","category-le-sac-a-dos"],"_links":{"self":[{"href":"https:\/\/www.mundiplus.com\/fr\/wp-json\/wp\/v2\/posts\/118808","targetHints":{"allow":["GET"]}}],"collection":[{"href":"https:\/\/www.mundiplus.com\/fr\/wp-json\/wp\/v2\/posts"}],"about":[{"href":"https:\/\/www.mundiplus.com\/fr\/wp-json\/wp\/v2\/types\/post"}],"author":[{"embeddable":true,"href":"https:\/\/www.mundiplus.com\/fr\/wp-json\/wp\/v2\/users\/1"}],"replies":[{"embeddable":true,"href":"https:\/\/www.mundiplus.com\/fr\/wp-json\/wp\/v2\/comments?post=118808"}],"version-history":[{"count":0,"href":"https:\/\/www.mundiplus.com\/fr\/wp-json\/wp\/v2\/posts\/118808\/revisions"}],"wp:featuredmedia":[{"embeddable":true,"href":"https:\/\/www.mundiplus.com\/fr\/wp-json\/wp\/v2\/media\/118773"}],"wp:attachment":[{"href":"https:\/\/www.mundiplus.com\/fr\/wp-json\/wp\/v2\/media?parent=118808"}],"wp:term":[{"taxonomy":"category","embeddable":true,"href":"https:\/\/www.mundiplus.com\/fr\/wp-json\/wp\/v2\/categories?post=118808"},{"taxonomy":"post_tag","embeddable":true,"href":"https:\/\/www.mundiplus.com\/fr\/wp-json\/wp\/v2\/tags?post=118808"}],"curies":[{"name":"wp","href":"https:\/\/api.w.org\/{rel}","templated":true}]}}