{"id":118814,"date":"2025-03-28T18:37:05","date_gmt":"2025-03-28T18:37:05","guid":{"rendered":"https:\/\/www.mundiplus.com\/?p=118814"},"modified":"2025-03-28T18:37:53","modified_gmt":"2025-03-28T18:37:53","slug":"les-iles-cies-une-parenthese-au-milieu-de-la-route-portugaise","status":"publish","type":"post","link":"https:\/\/www.mundiplus.com\/fr\/les-iles-cies-et-la-route-cotiere-portugaise\/","title":{"rendered":"Les \u00eeles C\u00edes, une parenth\u00e8se au milieu de la route portugaise"},"content":{"rendered":"<p><img fetchpriority=\"high\" decoding=\"async\" class=\"alignnone wp-image-118786 size-full\" src=\"https:\/\/www.mundiplus.com\/wp-content\/uploads\/2025\/03\/Islas-Cies-Mundiplus.jpg\" alt=\"\" width=\"1024\" height=\"683\" srcset=\"https:\/\/www.mundiplus.com\/wp-content\/uploads\/2025\/03\/Islas-Cies-Mundiplus.jpg 1024w, https:\/\/www.mundiplus.com\/wp-content\/uploads\/2025\/03\/Islas-Cies-Mundiplus-300x200.jpg 300w, https:\/\/www.mundiplus.com\/wp-content\/uploads\/2025\/03\/Islas-Cies-Mundiplus-768x512.jpg 768w, https:\/\/www.mundiplus.com\/wp-content\/uploads\/2025\/03\/Islas-Cies-Mundiplus-600x400.jpg 600w\" sizes=\"(max-width: 1024px) 100vw, 1024px\" \/><\/p>\n<p><span style=\"font-weight: 400;\">Le <\/span><b>Camino Portugu\u00e9s par la C\u00f4te<\/b><span style=\"font-weight: 400;\"> est sans aucun doute l&rsquo;un des itin\u00e9raires de p\u00e8lerinage les plus enrichissants pour rejoindre la cath\u00e9drale de Saint-Jacques. Et c&rsquo;est ici que se cache un v\u00e9ritable paradis naturel : <\/span><b>les \u00celes C\u00edes<\/b><span style=\"font-weight: 400;\">. Les lignes suivantes vous guideront \u00e0 travers l&rsquo;histoire, les attraits naturels et des conseils pratiques pour profiter de cet endroit unique.<\/span><\/p>\n<p><span style=\"font-weight: 400;\">Ces \u00eeles se pr\u00e9sentent comme un oasis de tranquillit\u00e9, id\u00e9al pour se d\u00e9connecter et se reconnecter avec la nature. Vous y d\u00e9couvrirez des d\u00e9tails historiques et culturels qui enrichissent l&rsquo;itin\u00e9raire, ainsi que des informations pratiques pour planifier votre visite.<\/span><\/p>\n<p><span style=\"font-weight: 400;\">Avant de vous parler des merveilles du lieu, en tant que sp\u00e9cialistes du <\/span><a href=\"https:\/\/www.mundiplus.com\/fr\/\"><b>Camino Santiago Organis\u00e9<\/b><\/a><span style=\"font-weight: 400;\">, nous souhaitons vous parler du Camino Portugu\u00e9s par la C\u00f4te et vous donner quelques raisons de choisir cet itin\u00e9raire. En plus de cette merveille naturelle, il y a bien plus \u00e0 offrir.<\/span><\/p>\n<p>&nbsp;<\/p>\n<h2><b>Pourquoi choisir le Camino Portugu\u00e9s par la C\u00f4te<\/b><\/h2>\n<p><span style=\"font-weight: 400;\">Le tron\u00e7on c\u00f4tier du Camino Portugu\u00e9s offre une exp\u00e9rience unique en <\/span><b>combinant le mysticisme du p\u00e8lerinage avec l&rsquo;\u00e9clat des paysages marins<\/b><span style=\"font-weight: 400;\">. En marchant le long de l&rsquo;oc\u00e9an, les p\u00e8lerins profitent d&rsquo;un <\/span><b>climat doux<\/b><span style=\"font-weight: 400;\">, de vues imprenables sur l&rsquo;Atlantique et d&rsquo;une atmosph\u00e8re de s\u00e9r\u00e9nit\u00e9 qui favorise l&rsquo;introspection ainsi que le bien-\u00eatre physique et mental. <\/span><\/p>\n<p><span style=\"font-weight: 400;\">La proximit\u00e9 de la mer permet \u00e0 chaque pas de se sentir comme une immersion dans la nature, transformant l&rsquo;itin\u00e9raire en un espace de m\u00e9ditation et de renouveau.<\/span><\/p>\n<p>&nbsp;<\/p>\n<h3><b>Comparaison avec d&rsquo;autres variantes du Camino<\/b><\/h3>\n<ul>\n<li style=\"font-weight: 400;\" aria-level=\"1\"><span style=\"font-weight: 400;\">Le <\/span><a href=\"https:\/\/www.mundiplus.com\/fr\/caminos\/a-pie\/camino-sanabres\/camino-de-santiago-desde-orense\/\"><b>Camino Santiago depuis Ourense<\/b><\/a><span style=\"font-weight: 400;\"> se distingue par son atmosph\u00e8re accueillante et ses paysages ruraux, fusionnant la tradition galicienne avec une riche h\u00e9ritage culturel \u00e0 chaque \u00e9tape. Dans ce cas, vous ne parcourrez que le sol galicien, mais enti\u00e8rement \u00e0 l&rsquo;int\u00e9rieur des terres.<\/span><\/li>\n<\/ul>\n<p>&nbsp;<\/p>\n<ul>\n<li style=\"font-weight: 400;\" aria-level=\"1\"><span style=\"font-weight: 400;\">Le <\/span><a href=\"https:\/\/www.mundiplus.com\/fr\/caminos\/a-pie\/camino-primitivo\/camino-de-santiago-desde-lugo\/\"><b>Camino Santiago Lugo<\/b><\/a><span style=\"font-weight: 400;\"> est un peu plus difficile. Tandis que le Camino Portugu\u00e9s par la C\u00f4te est g\u00e9n\u00e9ralement plat, cette option n\u00e9cessite un effort physique plus important.<\/span><\/li>\n<\/ul>\n<p>&nbsp;<\/p>\n<ul>\n<li style=\"font-weight: 400;\" aria-level=\"1\"><span style=\"font-weight: 400;\">Le <\/span><a href=\"https:\/\/www.mundiplus.com\/fr\/caminos\/a-pie\/camino-norte\/camino-de-santiago-desde-irun\/\"><b>Camino del Norte Irun Bilbao<\/b><\/a><span style=\"font-weight: 400;\">, particuli\u00e8rement cette section, est \u00e9galement parall\u00e8le \u00e0 la mer, mais cette fois \u00e0 la mer Cantabrique.<\/span><\/li>\n<\/ul>\n<p>&nbsp;<\/p>\n<ul>\n<li style=\"font-weight: 400;\" aria-level=\"1\"><span style=\"font-weight: 400;\">Le <\/span><b>Camino Franc\u00e9s<\/b><span style=\"font-weight: 400;\"> est l&rsquo;itin\u00e9raire le plus embl\u00e9matique et le plus fr\u00e9quent\u00e9. Il offre une immersion profonde dans l&rsquo;histoire et la tradition du Camino, avec des monuments, des villages pittoresques et une excellente infrastructure pour les p\u00e8lerins.<\/span><\/li>\n<\/ul>\n<p>&nbsp;<\/p>\n<h2><b>D\u00e9couvrir les \u00celes C\u00edes : un paradis naturel<\/b><\/h2>\n<p><img decoding=\"async\" class=\"alignnone wp-image-118792 size-full\" src=\"https:\/\/www.mundiplus.com\/wp-content\/uploads\/2025\/03\/Playa-de-Rodas-Mundiplus.jpg\" alt=\"\" width=\"1024\" height=\"768\" srcset=\"https:\/\/www.mundiplus.com\/wp-content\/uploads\/2025\/03\/Playa-de-Rodas-Mundiplus.jpg 1024w, https:\/\/www.mundiplus.com\/wp-content\/uploads\/2025\/03\/Playa-de-Rodas-Mundiplus-300x225.jpg 300w, https:\/\/www.mundiplus.com\/wp-content\/uploads\/2025\/03\/Playa-de-Rodas-Mundiplus-768x576.jpg 768w, https:\/\/www.mundiplus.com\/wp-content\/uploads\/2025\/03\/Playa-de-Rodas-Mundiplus-600x450.jpg 600w\" sizes=\"(max-width: 1024px) 100vw, 1024px\" \/><\/p>\n<p><span style=\"font-weight: 400;\">Les \u00celes C\u00edes font partie du <\/span><b>Parc National Maritime-Terrestre des \u00celes Atlantiques de Galice<\/b><span style=\"font-weight: 400;\">. <\/span><\/p>\n<p><span style=\"font-weight: 400;\">Son histoire remonte \u00e0 des temps anciens, lorsqu&rsquo;elles \u00e9taient utilis\u00e9es comme <\/span><b>refuge et lieu de culte<\/b><span style=\"font-weight: 400;\"> par des communaut\u00e9s maritimes antiques. Avec le temps, leur beaut\u00e9 unique a conduit \u00e0 leur protection, devenant ainsi une zone naturelle de valeur <\/span><b>\u00e9cologique et culturelle exceptionnelle<\/b><span style=\"font-weight: 400;\">. Leur transformation en parc national a permis de pr\u00e9server un \u00e9cosyst\u00e8me unique.<\/span><\/p>\n<p>&nbsp;<\/p>\n<h3><b>Que voir sur les \u00celes C\u00edes<\/b><\/h3>\n<p><img decoding=\"async\" class=\"alignnone wp-image-118798 size-full\" src=\"https:\/\/www.mundiplus.com\/wp-content\/uploads\/2025\/03\/Faro-de-Porta-Mundiplus.jpg\" alt=\"\" width=\"1024\" height=\"683\" srcset=\"https:\/\/www.mundiplus.com\/wp-content\/uploads\/2025\/03\/Faro-de-Porta-Mundiplus.jpg 1024w, https:\/\/www.mundiplus.com\/wp-content\/uploads\/2025\/03\/Faro-de-Porta-Mundiplus-300x200.jpg 300w, https:\/\/www.mundiplus.com\/wp-content\/uploads\/2025\/03\/Faro-de-Porta-Mundiplus-768x512.jpg 768w, https:\/\/www.mundiplus.com\/wp-content\/uploads\/2025\/03\/Faro-de-Porta-Mundiplus-600x400.jpg 600w\" sizes=\"(max-width: 1024px) 100vw, 1024px\" \/><\/p>\n<p><span style=\"font-weight: 400;\">L&rsquo;endroit offre une grande vari\u00e9t\u00e9 d&rsquo;attractions qui rendent chaque visite enrichissante :<\/span><\/p>\n<p><span style=\"font-weight: 400;\">La <\/span><b>Plage de Rodas<\/b><span style=\"font-weight: 400;\"> est sans aucun doute l&rsquo;attraction principale. Reconnu mondialement pour son <\/span><b>sable blanc et ses eaux turquoise<\/b><span style=\"font-weight: 400;\">, elle a \u00e9t\u00e9 qualifi\u00e9e \u00e0 plusieurs reprises de <\/span><b>l&rsquo;une des meilleures plages du monde<\/b><span style=\"font-weight: 400;\">. Sa forme semi-circulaire et son environnement naturel intact en font le cadre parfait pour se d\u00e9tendre et contempler la grandeur de l&rsquo;oc\u00e9an Atlantique.<\/span><\/p>\n<p><span style=\"font-weight: 400;\">De plus, la s\u00e9r\u00e9nit\u00e9 de ses eaux invite \u00e0 de longues promenades et \u00e0 pratiquer des activit\u00e9s comme le snorkeling dans des zones s\u00e9curis\u00e9es. Vous pouvez \u00e9galement d\u00e9couvrir les <\/span><b>Plages de Nuestra Se\u00f1ora, de Conchas<\/b> <b>ou de Figueiras<\/b><span style=\"font-weight: 400;\">. Dans chacune d&rsquo;elles, vous pouvez pratiquer le snorkeling.<\/span><\/p>\n<p><span style=\"font-weight: 400;\">La <\/span><b>diversit\u00e9 des sentiers<\/b><span style=\"font-weight: 400;\"> qui traversent les \u00eeles permet de d\u00e9couvrir des coins peu connus et de profiter de vues panoramiques spectaculaires. Les chemins sont bien balis\u00e9s et m\u00e8nent \u00e0 des points de vue et des phares depuis lesquels vous pourrez contempler de magnifiques couchers de soleil, les falaises, de petites criques et l&rsquo;immensit\u00e9 de la mer.<\/span><\/p>\n<p><span style=\"font-weight: 400;\">La protection des C\u00edes a permis le d\u00e9veloppement d&rsquo;une <\/span><b>biodiversit\u00e9 remarquable<\/b><span style=\"font-weight: 400;\"> : <\/span><\/p>\n<ul>\n<li style=\"font-weight: 400;\" aria-level=\"1\"><span style=\"font-weight: 400;\">La <\/span><b>v\u00e9g\u00e9tation indig\u00e8ne<\/b><span style=\"font-weight: 400;\"> se m\u00eale avec des esp\u00e8ces introduites qui se sont adapt\u00e9es au climat maritime. Elle n&rsquo;est pas abondante, mais tu trouveras quelques esp\u00e8ces end\u00e9miques. Nous te pr\u00e9venons que ce qui est le plus commun sont les pins et les eucalyptus.<\/span><\/li>\n<\/ul>\n<p>&nbsp;<\/p>\n<ul>\n<li style=\"font-weight: 400;\" aria-level=\"1\"><span style=\"font-weight: 400;\">La <\/span><b>faune<\/b><span style=\"font-weight: 400;\">, compos\u00e9e d&rsquo;oiseaux marins, de petits mammif\u00e8res et d&rsquo;une riche vari\u00e9t\u00e9 d&rsquo;invert\u00e9br\u00e9s, constitue une attraction suppl\u00e9mentaire pour les observateurs de la nature. Parmi les oiseaux, on distingue des esp\u00e8ces telles que le <\/span><b>cr\u00e9cerelle<\/b><span style=\"font-weight: 400;\"> et <\/span><b>diverses mouettes<\/b><span style=\"font-weight: 400;\">, offrant un spectacle naturel digne d&rsquo;admiration.<\/span><\/li>\n<\/ul>\n<p>&nbsp;<\/p>\n<p><span style=\"font-weight: 400;\">En plus de sa beaut\u00e9 naturelle, les \u00eeles sont impr\u00e9gn\u00e9es de <\/span><b>l\u00e9gendes et de traditions<\/b><span style=\"font-weight: 400;\">. Certaines routes interpr\u00e9tatives racontent des histoires anciennes, des l\u00e9gendes de marins et des r\u00e9cits liant l&rsquo;environnement \u00e0 des \u00e9pisodes historiques importants pour la r\u00e9gion.<\/span><\/p>\n<p>&nbsp;<\/p>\n<h2><b>Comment se rendre aux \u00eeles C\u00edes<\/b><\/h2>\n<p><span style=\"font-weight: 400;\">Se rendre aux \u00eeles C\u00edes est relativement simple, bien qu&rsquo;il n\u00e9cessite un peu de planification. Les acc\u00e8s les plus courants se font <\/span><b>en bateau<\/b><span style=\"font-weight: 400;\">. Les ports de <\/span><b>Vigo<\/b><span style=\"font-weight: 400;\"> et <\/span><b>Cangas<\/b><span style=\"font-weight: 400;\"> sont les principaux points de d\u00e9part pour les excursions quotidiennes. Depuis ces localit\u00e9s, des d\u00e9parts en ferry ou en bateaux rapides sont organis\u00e9s qui, en <\/span><b>environ 30 \u00e0 45 minutes<\/b><span style=\"font-weight: 400;\">, te transportent vers ce paradis naturel.<\/span><\/p>\n<p><span style=\"font-weight: 400;\">Chaque saison, surtout pendant les mois d&rsquo;\u00e9t\u00e9, la demande de places augmente, il est donc conseill\u00e9 de <\/span><b>r\u00e9server \u00e0 l&rsquo;avance<\/b><span style=\"font-weight: 400;\">. La communication entre les ports et les \u00eeles est bien coordonn\u00e9e, et des horaires fixes permettent aux visiteurs de planifier leur journ\u00e9e, en tenant compte \u00e0 la fois de l&rsquo;arriv\u00e9e et du retour.<\/span><\/p>\n<p>&nbsp;<\/p>\n<h3><b>Conseils pour planifier la visite<\/b><\/h3>\n<ul>\n<li style=\"font-weight: 400;\" aria-level=\"1\"><b>R\u00e9servation anticip\u00e9e<\/b><span style=\"font-weight: 400;\"> : \u00e9tant donn\u00e9 que l&rsquo;afflux de visiteurs augmente consid\u00e9rablement en \u00e9t\u00e9, il est essentiel de r\u00e9server ton billet de bateau \u00e0 l&rsquo;avance pour garantir ta place. Le co\u00fbt est d&rsquo;environ <\/span><b>22 euros aller-retour<\/b><span style=\"font-weight: 400;\">.<\/span><\/li>\n<\/ul>\n<p>&nbsp;<\/p>\n<ul>\n<li style=\"font-weight: 400;\" aria-level=\"1\"><b>Horaires et dur\u00e9e<\/b><span style=\"font-weight: 400;\"> : renseigne-toi bien sur les horaires de d\u00e9part et de retour. En g\u00e9n\u00e9ral, les excursions sont organis\u00e9es pour une dur\u00e9e d&rsquo;environ 5 \u00e0 7 heures, permettant de profiter de l&rsquo;endroit sans se presser.<\/span><\/li>\n<\/ul>\n<p>&nbsp;<\/p>\n<ul>\n<li style=\"font-weight: 400;\" aria-level=\"1\"><b>\u00c9quipement<\/b><span style=\"font-weight: 400;\"> : apporte des chaussures confortables pour marcher, de la cr\u00e8me solaire, de l&rsquo;eau et un peu de nourriture. Bien qu&rsquo;il y ait des zones de restauration, il est recommand\u00e9 d&rsquo;avoir des provisions de base.<\/span><\/li>\n<\/ul>\n<p>&nbsp;<\/p>\n<ul>\n<li style=\"font-weight: 400;\" aria-level=\"1\"><b>R\u00e8gles de conservation<\/b><span style=\"font-weight: 400;\"> : souviens-toi que les \u00eeles font partie d&rsquo;un parc national, il est donc n\u00e9cessaire de respecter les r\u00e8gles de conservation. Il est interdit de laisser des d\u00e9chets et il faut respecter les zones signal\u00e9es pour pr\u00e9server la flore et la faune indig\u00e8nes.<\/span><\/li>\n<\/ul>\n<p>&nbsp;<\/p>\n<p><span style=\"font-weight: 400;\">Il y a <\/span><b>des bars et des restaurants<\/b><span style=\"font-weight: 400;\"> : bien qu&rsquo;il s&rsquo;agisse d&rsquo;un espace naturel, il y a quelques \u00e9tablissements de restauration, si tu veux vivre une exp\u00e9rience plus confortable.<\/span><\/p>\n","protected":false},"excerpt":{"rendered":"<p>Le Camino Portugu\u00e9s par la C\u00f4te est sans aucun doute l&rsquo;un des itin\u00e9raires de p\u00e8lerinage les plus enrichissants pour rejoindre la cath\u00e9drale de Saint-Jacques. Et c&rsquo;est ici que se cache un v\u00e9ritable paradis naturel : les \u00celes C\u00edes. Les lignes suivantes vous guideront \u00e0 travers l&rsquo;histoire, les attraits naturels et des conseils pratiques pour profiter [&hellip;]<\/p>\n","protected":false},"author":1,"featured_media":118788,"comment_status":"open","ping_status":"open","sticky":false,"template":"","format":"standard","meta":{"footnotes":""},"categories":[571,575,603],"tags":[],"class_list":["post-118814","post","type-post","status-publish","format-standard","has-post-thumbnail","hentry","category-blog-du-chemin","category-chemin-a-pied","category-sites-emblematiques"],"_links":{"self":[{"href":"https:\/\/www.mundiplus.com\/fr\/wp-json\/wp\/v2\/posts\/118814","targetHints":{"allow":["GET"]}}],"collection":[{"href":"https:\/\/www.mundiplus.com\/fr\/wp-json\/wp\/v2\/posts"}],"about":[{"href":"https:\/\/www.mundiplus.com\/fr\/wp-json\/wp\/v2\/types\/post"}],"author":[{"embeddable":true,"href":"https:\/\/www.mundiplus.com\/fr\/wp-json\/wp\/v2\/users\/1"}],"replies":[{"embeddable":true,"href":"https:\/\/www.mundiplus.com\/fr\/wp-json\/wp\/v2\/comments?post=118814"}],"version-history":[{"count":0,"href":"https:\/\/www.mundiplus.com\/fr\/wp-json\/wp\/v2\/posts\/118814\/revisions"}],"wp:featuredmedia":[{"embeddable":true,"href":"https:\/\/www.mundiplus.com\/fr\/wp-json\/wp\/v2\/media\/118788"}],"wp:attachment":[{"href":"https:\/\/www.mundiplus.com\/fr\/wp-json\/wp\/v2\/media?parent=118814"}],"wp:term":[{"taxonomy":"category","embeddable":true,"href":"https:\/\/www.mundiplus.com\/fr\/wp-json\/wp\/v2\/categories?post=118814"},{"taxonomy":"post_tag","embeddable":true,"href":"https:\/\/www.mundiplus.com\/fr\/wp-json\/wp\/v2\/tags?post=118814"}],"curies":[{"name":"wp","href":"https:\/\/api.w.org\/{rel}","templated":true}]}}