{"id":119144,"date":"2025-04-11T18:02:41","date_gmt":"2025-04-11T18:02:41","guid":{"rendered":"https:\/\/www.mundiplus.com\/?p=119144"},"modified":"2025-04-11T18:07:48","modified_gmt":"2025-04-11T18:07:48","slug":"que-voir-a-llanes","status":"publish","type":"post","link":"https:\/\/www.mundiplus.com\/fr\/que-voir-a-llanes\/","title":{"rendered":"Que voir \u00e0 Llanes"},"content":{"rendered":"<p><img fetchpriority=\"high\" decoding=\"async\" class=\"alignnone wp-image-118987 size-full\" src=\"https:\/\/www.mundiplus.com\/wp-content\/uploads\/2025\/04\/Blog-Mundiplus.png\" alt=\"\" width=\"1023\" height=\"539\" srcset=\"https:\/\/www.mundiplus.com\/wp-content\/uploads\/2025\/04\/Blog-Mundiplus.png 1023w, https:\/\/www.mundiplus.com\/wp-content\/uploads\/2025\/04\/Blog-Mundiplus-300x158.png 300w, https:\/\/www.mundiplus.com\/wp-content\/uploads\/2025\/04\/Blog-Mundiplus-768x405.png 768w, https:\/\/www.mundiplus.com\/wp-content\/uploads\/2025\/04\/Blog-Mundiplus-600x316.png 600w\" sizes=\"(max-width: 1023px) 100vw, 1023px\" \/><\/p>\n<p><span style=\"font-weight: 400;\">Situ\u00e9e entre la mer Cantabrique et les Pics d&rsquo;Europe, <\/span><b>Llanes<\/b><span style=\"font-weight: 400;\"> est l&rsquo;une des destinations les plus charmantes du nord de l&rsquo;Espagne. Cette ville asturienne se distingue non seulement par sa beaut\u00e9 naturelle et son patrimoine historique, mais aussi par son r\u00f4le en tant qu&rsquo;\u00e9tape importante du <\/span><b>Camino de Santiago del Norte<\/b><span style=\"font-weight: 400;\">, l&rsquo;un des chemins jacobins les plus spectaculaires en raison de sa proximit\u00e9 avec le littoral.<\/span><\/p>\n<p><span style=\"font-weight: 400;\">Dans cet article, nous allons d\u00e9couvrir <\/span><b>tout ce qu&rsquo;il faut voir \u00e0 Llanes<\/b><span style=\"font-weight: 400;\">, de son centre historique \u00e0 ses plages sauvages, en accordant une attention particuli\u00e8re au r\u00f4le de cet endroit comme point cl\u00e9 pour les p\u00e8lerins.<\/span><\/p>\n<p>&nbsp;<\/p>\n<h2><b>Llanes sur le Camino de Santiago : \u00e9tape cl\u00e9 du Camino del Norte<\/b><\/h2>\n<p><span style=\"font-weight: 400;\">Choisir un chemin du Camino n&rsquo;est pas toujours simple, c&rsquo;est pourquoi beaucoup optent pour un<\/span><a href=\"https:\/\/www.mundiplus.com\/fr\/\"> <b>camino de santiago organis\u00e9<\/b><\/a><span style=\"font-weight: 400;\">, ce qui facilite la logistique et permet de se concentrer sur l&rsquo;exp\u00e9rience spirituelle et culturelle. Ce type de service est disponible sur tous les principaux itin\u00e9raires et offre un soutien constant, le transport des bagages, des h\u00e9bergements s\u00e9lectionn\u00e9s et de l&rsquo;assistance en cas de besoin.<\/span><\/p>\n<p><span style=\"font-weight: 400;\">Choisir de commencer le<\/span><a href=\"https:\/\/www.mundiplus.com\/fr\/caminos\/a-pie\/camino-norte\/camino-de-santiago-desde-bilbao\/\"> <b>camino de santiago depuis Bilbao<\/b><\/a><span style=\"font-weight: 400;\"> permet de profiter d\u00e8s le premier jour de l&rsquo;architecture basque, des ports de p\u00eache et d&rsquo;une c\u00f4te d\u00e9coup\u00e9e d&rsquo;une beaut\u00e9 extraordinaire. Plus tard, le<\/span><a href=\"https:\/\/www.mundiplus.com\/fr\/caminos\/a-pie\/camino-de-santiago-desde-ribadeo\/\"> <b>camino santiago depuis Ribadeo<\/b><\/a><span style=\"font-weight: 400;\">, en Galice, offre une entr\u00e9e directe dans la Mari\u00f1a Lucense et le tron\u00e7on final de cet itin\u00e9raire atlantique.<\/span><\/p>\n<p><span style=\"font-weight: 400;\">Chaque itin\u00e9raire a ses particularit\u00e9s. Par exemple, le<\/span><a href=\"https:\/\/www.mundiplus.com\/fr\/caminos\/a-pie\/camino-portugues\/camino-de-santiago-desde-tui\/\"> <b>camino santiago depuis Tui<\/b><\/a><span style=\"font-weight: 400;\"> est l&rsquo;une des options les plus populaires. Surtout pour ceux qui disposent de peu de temps et souhaitent <\/span><b>compl\u00e9ter les derniers 100 kilom\u00e8tres jusqu&rsquo;\u00e0 Saint-Jacques-de-Compostelle<\/b><span style=\"font-weight: 400;\">. C&rsquo;est un itin\u00e9raire bien balis\u00e9 avec un profil plus doux par rapport au Camino del Norte. Id\u00e9al pour ceux qui recherchent une <\/span><b>exp\u00e9rience plus sociale ou accessible<\/b><span style=\"font-weight: 400;\">.<\/span><\/p>\n<p>&nbsp;<\/p>\n<h2><b>Le centre historique de Llanes : une promenade au Moyen \u00c2ge<\/b><\/h2>\n<p><span style=\"font-weight: 400;\">Llanes conserve un trac\u00e9 m\u00e9di\u00e9val qui invite \u00e0 l&rsquo;explorer sans h\u00e2te. Son vieux centre, class\u00e9 <\/span><b>Ensemble Historique et Artistique<\/b><span style=\"font-weight: 400;\">, est <\/span><b>l&rsquo;un des mieux pr\u00e9serv\u00e9s des Asturies<\/b><span style=\"font-weight: 400;\">. Entre rues pav\u00e9es, maisons \u00e0 blasons et murailles, le p\u00e8lerin et le voyageur peuvent se connecter \u00e0 des si\u00e8cles d&rsquo;histoire.<\/span><\/p>\n<p>&nbsp;<\/p>\n<h3><b>Sites incontournables<\/b><\/h3>\n<p><img decoding=\"async\" class=\"alignnone wp-image-119105 size-full\" src=\"https:\/\/www.mundiplus.com\/wp-content\/uploads\/2025\/04\/Basilica-de-Santa-Maria-del-Conceyu-Mundiplus.jpg\" alt=\"\" width=\"1024\" height=\"683\" srcset=\"https:\/\/www.mundiplus.com\/wp-content\/uploads\/2025\/04\/Basilica-de-Santa-Maria-del-Conceyu-Mundiplus.jpg 1024w, https:\/\/www.mundiplus.com\/wp-content\/uploads\/2025\/04\/Basilica-de-Santa-Maria-del-Conceyu-Mundiplus-300x200.jpg 300w, https:\/\/www.mundiplus.com\/wp-content\/uploads\/2025\/04\/Basilica-de-Santa-Maria-del-Conceyu-Mundiplus-768x512.jpg 768w, https:\/\/www.mundiplus.com\/wp-content\/uploads\/2025\/04\/Basilica-de-Santa-Maria-del-Conceyu-Mundiplus-600x400.jpg 600w\" sizes=\"(max-width: 1024px) 100vw, 1024px\" \/><\/p>\n<ul>\n<li style=\"font-weight: 400;\" aria-level=\"1\"><b>Basilique de Santa Mar\u00eda del Conceyu<\/b><span style=\"font-weight: 400;\"> : cette \u00e9glise gothique du XIIIe si\u00e8cle est l&rsquo;une des rares constructions religieuses de style gothique encore conserv\u00e9es en Asturies. Elle se distingue par sa sobri\u00e9t\u00e9 ext\u00e9rieure et sa richesse int\u00e9rieure, avec des retables baroques et une structure robuste qui refl\u00e8te l&rsquo;importance de Llanes pendant le Moyen \u00c2ge.<\/span><\/li>\n<\/ul>\n<p>&nbsp;<\/p>\n<ul>\n<li style=\"font-weight: 400;\" aria-level=\"1\"><b>Murailles et Tour<\/b><span style=\"font-weight: 400;\"> : construites entre les XIIIe et XV si\u00e8cles, elles prot\u00e9geaient la ville contre les incursions maritimes. Aujourd&rsquo;hui, des sections visibles et l&rsquo;imposante Tour, utilis\u00e9e pour la d\u00e9fense et la surveillance, sont encore pr\u00e9serv\u00e9es. Actuellement, elle abrite l&rsquo;office du tourisme.<\/span><\/li>\n<\/ul>\n<p>&nbsp;<\/p>\n<ul>\n<li style=\"font-weight: 400;\" aria-level=\"1\"><b>Palais<\/b><span style=\"font-weight: 400;\"> : diss\u00e9min\u00e9s dans la vieille ville, on trouve des palais \u00e9l\u00e9gants comme celui de Gasta\u00f1aga, de style Renaissance ; celui des Ducs d&rsquo;Estrada, avec des influences baroques ; et la Casa de Rivero. Ces r\u00e9sidences seigneuriales t\u00e9moignent de la prosp\u00e9rit\u00e9 \u00e9conomique de Llanes au cours des si\u00e8cles pass\u00e9s.<\/span><\/li>\n<\/ul>\n<p>&nbsp;<\/p>\n<ul>\n<li style=\"font-weight: 400;\" aria-level=\"1\"><b>Place de Santa Ana<\/b><span style=\"font-weight: 400;\"> : cette place est l&rsquo;un des coins les plus anim\u00e9s du centre historique. Entour\u00e9e de b\u00e2timents traditionnels, elle accueille des terrasses, des boutiques et des \u00e9v\u00e9nements culturels. En son centre se trouve la chapelle du m\u00eame nom, et l&rsquo;ensemble invite \u00e0 se d\u00e9tendre et observer le quotidien de la ville.<\/span><\/li>\n<\/ul>\n<p>&nbsp;<\/p>\n<h2><b>Les plages de Llanes : la nature dans toute sa splendeur<\/b><\/h2>\n<p><span style=\"font-weight: 400;\">La municipalit\u00e9 de Llanes compte <\/span><b>plus de 30 plages<\/b><span style=\"font-weight: 400;\">, dont beaucoup sont presque sauvages, faisant de ce tron\u00e7on de c\u00f4te l&rsquo;un des plus spectaculaires du nord de la p\u00e9ninsule. Certaines sont tr\u00e8s proches du Camino del Norte, offrant ainsi un acc\u00e8s facile aux p\u00e8lerins qui souhaitent se reposer pr\u00e8s de la mer.<\/span><\/p>\n<p>&nbsp;<\/p>\n<h3><b>Plages remarquables<\/b><\/h3>\n<ul>\n<li style=\"font-weight: 400;\" aria-level=\"1\"><b>Plage de Tor\u00f3<\/b><span style=\"font-weight: 400;\"> : avec ses rochers caract\u00e9ristiques pointus.<\/span><\/li>\n<\/ul>\n<p>&nbsp;<\/p>\n<ul>\n<li style=\"font-weight: 400;\" aria-level=\"1\"><b>Plage de Poo<\/b><span style=\"font-weight: 400;\"> : calme, id\u00e9ale pour se baigner apr\u00e8s une journ\u00e9e de marche.<\/span><\/li>\n<\/ul>\n<p>&nbsp;<\/p>\n<ul>\n<li style=\"font-weight: 400;\" aria-level=\"1\"><b>Plage de Gulpiyuri<\/b><span style=\"font-weight: 400;\"> : une plage int\u00e9rieure class\u00e9e monument naturel.<\/span><\/li>\n<\/ul>\n<p>&nbsp;<\/p>\n<ul>\n<li style=\"font-weight: 400;\" aria-level=\"1\"><b>Plage de Andr\u00edn<\/b><span style=\"font-weight: 400;\"> : vaste et entour\u00e9e de falaises.<\/span><\/li>\n<\/ul>\n<p>&nbsp;<\/p>\n<p><span style=\"font-weight: 400;\">Ce sont des endroits id\u00e9aux pour se connecter avec la nature, m\u00e9diter, se reposer ou simplement profiter du paysage.<\/span><\/p>\n<p>&nbsp;<\/p>\n<h2><b>Monuments et sites d&rsquo;int\u00e9r\u00eat \u00e0 ne pas manquer<\/b><\/h2>\n<p><img decoding=\"async\" class=\"alignnone wp-image-119111 size-full\" src=\"https:\/\/www.mundiplus.com\/wp-content\/uploads\/2025\/04\/Cubos-de-la-Memoria-Mundiplus.jpg\" alt=\"\" width=\"1024\" height=\"683\" srcset=\"https:\/\/www.mundiplus.com\/wp-content\/uploads\/2025\/04\/Cubos-de-la-Memoria-Mundiplus.jpg 1024w, https:\/\/www.mundiplus.com\/wp-content\/uploads\/2025\/04\/Cubos-de-la-Memoria-Mundiplus-300x200.jpg 300w, https:\/\/www.mundiplus.com\/wp-content\/uploads\/2025\/04\/Cubos-de-la-Memoria-Mundiplus-768x512.jpg 768w, https:\/\/www.mundiplus.com\/wp-content\/uploads\/2025\/04\/Cubos-de-la-Memoria-Mundiplus-600x400.jpg 600w\" sizes=\"(max-width: 1024px) 100vw, 1024px\" \/><\/p>\n<p><span style=\"font-weight: 400;\">En plus du centre historique et des plages, cet endroit dispose d&rsquo;espaces culturels et naturels de grande valeur.<\/span><\/p>\n<ul>\n<li style=\"font-weight: 400;\" aria-level=\"1\"><b>Cubos de la Memoria : <\/b><span style=\"font-weight: 400;\">cette \u0153uvre de l&rsquo;artiste basque Agust\u00edn Ibarrola transforme la jet\u00e9e du port de Llanes en une galerie en plein air. Les blocs de b\u00e9ton, d\u00e9cor\u00e9s de formes, de couleurs et de symboles, refl\u00e8tent la m\u00e9moire collective de la ville maritime, son histoire, sa culture et son identit\u00e9 visuelle face \u00e0 la mer Cantabrique.<\/span><\/li>\n<\/ul>\n<p>&nbsp;<\/p>\n<ul>\n<li style=\"font-weight: 400;\" aria-level=\"1\"><b>Promenade de San Pedro<\/b><span style=\"font-weight: 400;\"> : construite au XIXe si\u00e8cle sur une falaise, cette promenade paysag\u00e8re offre l&rsquo;une des vues les plus impressionnantes de Llanes. De l\u00e0, on contemple la mer, le port et les toits du centre historique. C&rsquo;est un endroit parfait pour se promener au coucher du soleil et profiter de la brise marine.<\/span><\/li>\n<\/ul>\n<p>&nbsp;<\/p>\n<ul>\n<li style=\"font-weight: 400;\" aria-level=\"1\"><b>Chapelles et \u00e9glises rurales<\/b><span style=\"font-weight: 400;\"> : diss\u00e9min\u00e9es dans la municipalit\u00e9 de Llanes, de petites chapelles comme celle de La Magdalena ou San Ant\u00f3n conservent l&rsquo;architecture populaire asturienne et sont t\u00e9moins des anciennes traditions religieuses. Beaucoup sont li\u00e9es aux f\u00eates locales et refl\u00e8tent la profonde d\u00e9votion qui caract\u00e9rise la communaut\u00e9 de Llanes.<\/span><\/li>\n<\/ul>\n<p>&nbsp;<\/p>\n<ul>\n<li style=\"font-weight: 400;\" aria-level=\"1\"><b>Mus\u00e9e ethnographique de l&rsquo;Orient des Asturies<\/b><span style=\"font-weight: 400;\"> : situ\u00e9 dans la localit\u00e9 de Porr\u00faa, \u00e0 seulement quelques minutes de Llanes, ce mus\u00e9e pr\u00e9sente la vie quotidienne des communaut\u00e9s rurales asturiennes. On y trouve des outils traditionnels, des v\u00eatements, des objets domestiques et des reconstitutions de maisons, offrant un pr\u00e9cieux regard sur le pass\u00e9 paysan de l&rsquo;Orient asturien.<\/span><\/li>\n<\/ul>\n<p>&nbsp;<\/p>\n<h2><b>F\u00eates et traditions locales \u00e0 vivre si tu es l\u00e0 au bon moment<\/b><\/h2>\n<p><span style=\"font-weight: 400;\">Ce merveilleux endroit conserve un calendrier festif tr\u00e8s actif, avec des c\u00e9l\u00e9brations pleines de couleur, de musique et de tradition. Si ton passage dans la ville co\u00efncide avec l&rsquo;une d&rsquo;entre elles, tu pourras profiter de l&rsquo;hospitalit\u00e9 asturienne \u00e0 son apog\u00e9e.<\/span><\/p>\n<p><span style=\"font-weight: 400;\">Parmi les principales f\u00eates, on trouve : <\/span><b>La Magdalena<\/b><span style=\"font-weight: 400;\"> (22 juillet), <\/span><b>San Roque<\/b><span style=\"font-weight: 400;\"> (16 ao\u00fbt), <\/span><b>La Virgen del Conceyu<\/b><span style=\"font-weight: 400;\"> (15 ao\u00fbt), <\/span><b>F\u00eate du Christ-Roi<\/b><span style=\"font-weight: 400;\"> (septembre).<\/span><\/p>\n<p>&nbsp;<\/p>\n<h2><b>Gastronomie de Llanes pour reprendre des forces<\/b><\/h2>\n<p><span style=\"font-weight: 400;\">La cuisine asturienne est c\u00e9l\u00e8bre pour sa g\u00e9n\u00e9rosit\u00e9 et sa saveur. \u00c0 Llanes, les p\u00e8lerins et les touristes peuvent d\u00e9guster des plats traditionnels et des produits locaux qui aident \u00e0 reprendre des forces apr\u00e8s une longue \u00e9tape. Parmi les plats typiques, on trouve la fabada asturienne, le chorizo \u00e0 la sidra, le fromage de Cabrales, les poissons de la mer Cantabrique, le pastel de cabracho et les bollos pre\u00f1aos, id\u00e9aux \u00e0 emporter dans le sac \u00e0 dos.<\/span><\/p>\n<p>&nbsp;<\/p>\n<h2><b>Itin\u00e9raires et excursions depuis Llanes pour ceux qui restent un jour de plus<\/b><\/h2>\n<p><img loading=\"lazy\" decoding=\"async\" class=\"alignnone wp-image-119099 size-full\" src=\"https:\/\/www.mundiplus.com\/wp-content\/uploads\/2025\/04\/Idolo-de-Pena-Tu-Mundiplus.jpg\" alt=\"\" width=\"1024\" height=\"683\" srcset=\"https:\/\/www.mundiplus.com\/wp-content\/uploads\/2025\/04\/Idolo-de-Pena-Tu-Mundiplus.jpg 1024w, https:\/\/www.mundiplus.com\/wp-content\/uploads\/2025\/04\/Idolo-de-Pena-Tu-Mundiplus-300x200.jpg 300w, https:\/\/www.mundiplus.com\/wp-content\/uploads\/2025\/04\/Idolo-de-Pena-Tu-Mundiplus-768x512.jpg 768w, https:\/\/www.mundiplus.com\/wp-content\/uploads\/2025\/04\/Idolo-de-Pena-Tu-Mundiplus-600x400.jpg 600w\" sizes=\"(max-width: 1024px) 100vw, 1024px\" \/><\/p>\n<p><span style=\"font-weight: 400;\">Si tu choisis de faire une pause plus longue \u00e0 Llanes, tu peux profiter de l&rsquo;occasion pour explorer les environs, riches en nature et en culture.<\/span><\/p>\n<ul>\n<li style=\"font-weight: 400;\" aria-level=\"1\"><b>Bufones de Pr\u00eda et Arenillas<\/b><span style=\"font-weight: 400;\"> : ces ph\u00e9nom\u00e8nes g\u00e9ologiques sont de v\u00e9ritables chemin\u00e9es naturelles form\u00e9es dans la roche calcaire, par lesquelles la mer s&rsquo;engouffre sous pression. Lorsque la mar\u00e9e est haute ou qu&rsquo;il y a de grosses vagues, les bufones expulsent des colonnes d&rsquo;eau et produisent un bruit assourdissant. Un spectacle naturel unique qui m\u00eale force et beaut\u00e9.<\/span><\/li>\n<\/ul>\n<p>&nbsp;<\/p>\n<ul>\n<li style=\"font-weight: 400;\" aria-level=\"1\"><b>\u00cddolo de Pe\u00f1a T\u00fa<\/b><span style=\"font-weight: 400;\"> : Il s&rsquo;agit d&rsquo;un monolithe vertical avec des gravures et peintures rupestres, situ\u00e9 sur une colline \u00e0 12 kilom\u00e8tres, offrant une vue magnifique. Ce site m\u00e9galithique, datant de l&rsquo;\u00c2ge du Bronze, est l&rsquo;un des plus importants de la r\u00e9gion et permet de d\u00e9couvrir les origines les plus anciennes de l&rsquo;art en Asturies.<\/span><\/li>\n<\/ul>\n<p>&nbsp;<\/p>\n<ul>\n<li style=\"font-weight: 400;\" aria-level=\"1\"><b>Route du Cam\u00edn Encant\u00e1u<\/b><span style=\"font-weight: 400;\"> : ce sentier circulaire d&rsquo;environ 9 kilom\u00e8tres traverse la vall\u00e9e d&rsquo;Ardisana et est parsem\u00e9 de sculptures de la mythologie asturienne : le cu\u00e9lebre, le busgosu, la xana&#8230; Il est id\u00e9al pour une promenade en famille, et allie nature, l\u00e9gendes locales et une atmosph\u00e8re magique en pleine montagne de Llanes.<\/span><\/li>\n<\/ul>\n<p>&nbsp;<\/p>\n<ul>\n<li style=\"font-weight: 400;\" aria-level=\"1\"><b>Cavernes voisines<\/b><span style=\"font-weight: 400;\"> : dans les environs de Llanes, on peut visiter des grottes comme celle de Pindal, class\u00e9e au patrimoine mondial pour ses peintures pal\u00e9olithiques, ou la grotte de Nueva, avec des stalactites et stalagmites qui t\u00e9moignent de la richesse souterraine de la r\u00e9gion. Ce sont des excursions culturelles parfaites pour les jours de pluie ou de repos.<\/span><\/li>\n<\/ul>\n<p><span style=\"font-weight: 400;\">Llanes est bien plus qu&rsquo;une simple \u00e9tape du Camino. C&rsquo;est un lieu o\u00f9 l&rsquo;histoire, la culture, la nature et la spiritualit\u00e9 se rencontrent. Que tu sois p\u00e8lerin ou voyageur, tu y trouveras un endroit pour te reposer, contempler et continuer ta route avec le c\u0153ur plein.<\/span><\/p>\n","protected":false},"excerpt":{"rendered":"<p>Situ\u00e9e entre la mer Cantabrique et les Pics d&rsquo;Europe, Llanes est l&rsquo;une des destinations les plus charmantes du nord de l&rsquo;Espagne. Cette ville asturienne se distingue non seulement par sa beaut\u00e9 naturelle et son patrimoine historique, mais aussi par son r\u00f4le en tant qu&rsquo;\u00e9tape importante du Camino de Santiago del Norte, l&rsquo;un des chemins jacobins [&hellip;]<\/p>\n","protected":false},"author":1,"featured_media":119107,"comment_status":"open","ping_status":"open","sticky":false,"template":"","format":"standard","meta":{"footnotes":""},"categories":[571,575,599],"tags":[],"class_list":["post-119144","post","type-post","status-publish","format-standard","has-post-thumbnail","hentry","category-blog-du-chemin","category-chemin-a-pied","category-villages-et-regions"],"_links":{"self":[{"href":"https:\/\/www.mundiplus.com\/fr\/wp-json\/wp\/v2\/posts\/119144","targetHints":{"allow":["GET"]}}],"collection":[{"href":"https:\/\/www.mundiplus.com\/fr\/wp-json\/wp\/v2\/posts"}],"about":[{"href":"https:\/\/www.mundiplus.com\/fr\/wp-json\/wp\/v2\/types\/post"}],"author":[{"embeddable":true,"href":"https:\/\/www.mundiplus.com\/fr\/wp-json\/wp\/v2\/users\/1"}],"replies":[{"embeddable":true,"href":"https:\/\/www.mundiplus.com\/fr\/wp-json\/wp\/v2\/comments?post=119144"}],"version-history":[{"count":0,"href":"https:\/\/www.mundiplus.com\/fr\/wp-json\/wp\/v2\/posts\/119144\/revisions"}],"wp:featuredmedia":[{"embeddable":true,"href":"https:\/\/www.mundiplus.com\/fr\/wp-json\/wp\/v2\/media\/119107"}],"wp:attachment":[{"href":"https:\/\/www.mundiplus.com\/fr\/wp-json\/wp\/v2\/media?parent=119144"}],"wp:term":[{"taxonomy":"category","embeddable":true,"href":"https:\/\/www.mundiplus.com\/fr\/wp-json\/wp\/v2\/categories?post=119144"},{"taxonomy":"post_tag","embeddable":true,"href":"https:\/\/www.mundiplus.com\/fr\/wp-json\/wp\/v2\/tags?post=119144"}],"curies":[{"name":"wp","href":"https:\/\/api.w.org\/{rel}","templated":true}]}}