{"id":119259,"date":"2025-04-16T17:17:26","date_gmt":"2025-04-16T17:17:26","guid":{"rendered":"https:\/\/www.mundiplus.com\/?p=119259"},"modified":"2025-04-24T13:41:18","modified_gmt":"2025-04-24T13:41:18","slug":"que-voir-a-ribadesella","status":"publish","type":"post","link":"https:\/\/www.mundiplus.com\/fr\/que-voir-a-ribadesella-et-sur-le-camino-del-norte\/","title":{"rendered":"Que voir \u00e0 Ribadesella"},"content":{"rendered":"<p><img fetchpriority=\"high\" decoding=\"async\" class=\"alignnone wp-image-118987 size-full\" src=\"https:\/\/www.mundiplus.com\/wp-content\/uploads\/2025\/04\/Blog-Mundiplus.png\" alt=\"\" width=\"1023\" height=\"539\" srcset=\"https:\/\/www.mundiplus.com\/wp-content\/uploads\/2025\/04\/Blog-Mundiplus.png 1023w, https:\/\/www.mundiplus.com\/wp-content\/uploads\/2025\/04\/Blog-Mundiplus-300x158.png 300w, https:\/\/www.mundiplus.com\/wp-content\/uploads\/2025\/04\/Blog-Mundiplus-768x405.png 768w, https:\/\/www.mundiplus.com\/wp-content\/uploads\/2025\/04\/Blog-Mundiplus-600x316.png 600w\" sizes=\"(max-width: 1023px) 100vw, 1023px\" \/><\/p>\n<p><b>Ribadesella<\/b><span style=\"font-weight: 400;\">, l&rsquo;un des villages c\u00f4tiers les plus charmants des Asturies, est bien plus qu&rsquo;un lieu pittoresque au bord de la mer Cantabrique. <\/span><\/p>\n<p><span style=\"font-weight: 400;\">Ce coin entre mer et montagne conserve l&rsquo;<\/span><b>authenticit\u00e9 du Prince<\/b><span style=\"font-weight: 400;\">, la spiritualit\u00e9 des anciennes routes de p\u00e8lerinage et un patrimoine qui en fait une \u00e9tape incontournable. La localit\u00e9 invite \u00e0 marcher lentement, \u00e0 d\u00e9couvrir ses ruelles, \u00e0 admirer son environnement naturel et \u00e0 respirer l&rsquo;air de si\u00e8cles d&rsquo;histoire.<\/span><\/p>\n<p><span style=\"font-weight: 400;\">Dans ce guide, vous d\u00e9couvrirez les <\/span><b>endroits les plus embl\u00e9matiques \u00e0 voir \u00e0 Ribadesella<\/b><span style=\"font-weight: 400;\">. Nous profiterons de l&rsquo;occasion pour vous parler de son lien avec le <\/span><b>Camino del Norte<\/b><span style=\"font-weight: 400;\">, o\u00f9 il est bien plus qu&rsquo;un simple point de passage. Avant de vous parler de toutes ses merveilles, permettez-nous de vous parler plus en d\u00e9tail de cette route, afin que vous compreniez son importance.<\/span><\/p>\n<p>&nbsp;<\/p>\n<h2><b>Ribadesella et le Camino de Santiago : un carrefour de chemins avec une essence de p\u00e8lerinage<\/b><\/h2>\n<p><span style=\"font-weight: 400;\">Le Camino del Norte est l&rsquo;une des routes jacquaires <\/span><b>les plus anciennes<\/b><span style=\"font-weight: 400;\"> et aussi l&rsquo;une des <\/span><b>plus impressionnantes<\/b><span style=\"font-weight: 400;\"> sur le plan paysager. <\/span><\/p>\n<p><span style=\"font-weight: 400;\">Il traverse la corniche cantabrique depuis Ir\u00fan jusqu&rsquo;\u00e0 Saint-Jacques-de-Compostelle, passant par des lieux comme Saint-S\u00e9bastien, Bilbao, Santander, Ribadesella ou Gij\u00f3n. Ribadesella, situ\u00e9e au c\u0153ur de ce parcours, devient une \u00e9tape cl\u00e9 pour ceux qui recherchent une exp\u00e9rience plus introspective, loin des foules du Camino Franc\u00e9s.<\/span><\/p>\n<p><span style=\"font-weight: 400;\">Contrairement \u00e0 d&rsquo;autres options qui peuvent sembler plus populaires, il offre un <\/span><b>contact plus intime avec la nature<\/b><span style=\"font-weight: 400;\"> et une <\/span><b>diversit\u00e9 culturelle<\/b><span style=\"font-weight: 400;\"> qui combine mer, montagne et tradition. <\/span><\/p>\n<p><span style=\"font-weight: 400;\">Par exemple, ceux qui choisissent de faire le<\/span><a href=\"https:\/\/www.mundiplus.com\/fr\/caminos\/a-pie\/camino-norte\/camino-de-santiago-desde-bilbao\/\"> <b>camino de Santiago depuis Bilbao<\/b><\/a><span style=\"font-weight: 400;\"> commencent leur parcours dans l&rsquo;une des zones les plus dynamiques du Pays Basque. Ils traverseront des paysages spectaculaires comme les falaises de Lekeitio ou la c\u00f4te de Cantabrie, avant de p\u00e9n\u00e9trer dans le vert des Asturies. Cette section combine histoire industrielle et paysages uniques, offrant une exp\u00e9rience riche en nuances d\u00e8s le premier jour.<\/span><\/p>\n<p><span style=\"font-weight: 400;\">Plus loin, le<\/span><a href=\"https:\/\/www.mundiplus.com\/fr\/caminos\/a-pie\/camino-de-santiago-desde-ribadeo\/\"> <b>camino Santiago depuis Ribadeo<\/b><\/a><span style=\"font-weight: 400;\"> longe les montagnes galiciennes et de petits villages charmants, offrant une exp\u00e9rience plus calme et rurale, avec un fort aspect spirituel. Ce tron\u00e7on est tr\u00e8s appr\u00e9ci\u00e9 par ceux qui, en plus de marcher, souhaitent se reconnecter avec l&rsquo;essence la plus profonde du p\u00e8lerinage.<\/span><\/p>\n<p>&nbsp;<\/p>\n<h3><b>Diff\u00e9rences avec d&rsquo;autres routes<\/b><\/h3>\n<p><span style=\"font-weight: 400;\">En comparaison, ceux qui optent pour le<\/span><a href=\"https:\/\/www.mundiplus.com\/fr\/caminos\/a-pie\/camino-portugues\/camino-de-santiago-desde-tui\/\"> <b>camino santiago depuis Tui<\/b><\/a><span style=\"font-weight: 400;\"> traversent uniquement la Galice, un trajet plus court et, g\u00e9n\u00e9ralement, plus plat. Bien qu&rsquo;il soit id\u00e9al pour ceux qui ont peu de temps et pr\u00e9f\u00e8rent un itin\u00e9raire avec moins de d\u00e9nivel\u00e9, il n&rsquo;offre pas la m\u00eame richesse paysag\u00e8re ni la vari\u00e9t\u00e9 des \u00e9cosyst\u00e8mes qui caract\u00e9risent le Camino del Norte.<\/span><\/p>\n<p><span style=\"font-weight: 400;\">Le <\/span><b>Camino Franc\u00e9s<\/b><span style=\"font-weight: 400;\"> reste la route la plus fr\u00e9quent\u00e9e et embl\u00e9matique du Camino de Santiago. Avec une excellente infrastructure pour les p\u00e8lerins, elle est id\u00e9ale pour <\/span><b>ceux qui appr\u00e9cient la convivialit\u00e9 et le contact<\/b><span style=\"font-weight: 400;\"> avec des marcheurs du monde entier. Bien que sa popularit\u00e9 fasse que certains tron\u00e7ons puissent \u00eatre bond\u00e9s en haute saison, elle garantit une atmosph\u00e8re hospitali\u00e8re et festive.<\/span><\/p>\n<p><span style=\"font-weight: 400;\">Pour sa part, le <\/span><b>Camino Primitivo<\/b><span style=\"font-weight: 400;\"> est parfait pour ceux qui recherchent un <\/span><b>plus grand d\u00e9fi physique<\/b><span style=\"font-weight: 400;\">. Son trac\u00e9, qui traverse l&rsquo;int\u00e9rieur des Asturies et de la Galice, est plus exigeant en raison des d\u00e9nivel\u00e9s, mais aussi plus solitaire et montagneux. Comparativement, le Camino del Norte combine l&rsquo;effort avec le stimulus constant du paysage c\u00f4tier, alternant mer et montagne avec \u00e9quilibre.<\/span><\/p>\n<p><span style=\"font-weight: 400;\">Un autre itin\u00e9raire qui gagne en popularit\u00e9 chaque ann\u00e9e est le <\/span><b>Camino Portugu\u00e9s par la Costa<\/b><span style=\"font-weight: 400;\">. Cette variante maritime du traditionnel Camino Portugu\u00e9s offre une exp\u00e9rience similaire \u00e0 celle du Camino del Norte gr\u00e2ce \u00e0 sa proximit\u00e9 de l&rsquo;Atlantique, mais avec un <\/span><b>profil plus doux et moins escarp\u00e9<\/b><span style=\"font-weight: 400;\">. Contrairement \u00e0 l&rsquo;itin\u00e9raire cantabrique, le parcours depuis Porto jusqu&rsquo;\u00e0 Saint-Jacques invite \u00e0 marcher entre plages et zones moins abruptes, <\/span><\/p>\n<p><span style=\"font-weight: 400;\">Quel que soit votre choix, nous vous sugg\u00e9rons de faire le <\/span><a href=\"https:\/\/www.mundiplus.com\/fr\/\"><b>Camino de Santiago organis\u00e9<\/b><\/a><span style=\"font-weight: 400;\">. Depuis Mundiplus, nous vous aidons \u00e0 choisir l&rsquo;itin\u00e9raire d\u00e9sir\u00e9 et \u00e0 r\u00e9server votre h\u00e9bergement, avec transport de bagages et assistance. Si vous cherchez du confort sans renoncer \u00e0 l&rsquo;essence du p\u00e8lerinage, nous pouvons vous aider.<\/span><\/p>\n<p>&nbsp;<\/p>\n<h2><b>Que voir \u00e0 Ribadesella<\/b><\/h2>\n<p><img decoding=\"async\" class=\"alignnone wp-image-119213 size-full\" src=\"https:\/\/www.mundiplus.com\/wp-content\/uploads\/2025\/04\/Ribadesella-Mundiplus.jpg\" alt=\"\" width=\"1024\" height=\"768\" srcset=\"https:\/\/www.mundiplus.com\/wp-content\/uploads\/2025\/04\/Ribadesella-Mundiplus.jpg 1024w, https:\/\/www.mundiplus.com\/wp-content\/uploads\/2025\/04\/Ribadesella-Mundiplus-300x225.jpg 300w, https:\/\/www.mundiplus.com\/wp-content\/uploads\/2025\/04\/Ribadesella-Mundiplus-768x576.jpg 768w, https:\/\/www.mundiplus.com\/wp-content\/uploads\/2025\/04\/Ribadesella-Mundiplus-600x450.jpg 600w\" sizes=\"(max-width: 1024px) 100vw, 1024px\" \/><\/p>\n<h3><b>Promenade dans l&rsquo;histoire : le centre historique<\/b><\/h3>\n<p><span style=\"font-weight: 400;\">Le c\u0153ur historique de la ville est un joyau \u00e0 d\u00e9couvrir. Son <\/span><b>centre ancien<\/b><span style=\"font-weight: 400;\"> conserve son trac\u00e9 m\u00e9di\u00e9val avec des rues pav\u00e9es, des maisons color\u00e9es et des balcons fleuris. Parmi les b\u00e2timents les plus remarquables se trouve l&rsquo;<\/span><b>\u00e9glise paroissiale de Santa Mar\u00eda Magdalena<\/b><span style=\"font-weight: 400;\">, un temple d&rsquo;origine m\u00e9di\u00e9vale reconstruit au XXe si\u00e8cle, qui conserve encore certains \u00e9l\u00e9ments gothiques.<\/span><\/p>\n<p><span style=\"font-weight: 400;\">Se promener dans ces rues, c&rsquo;est revivre l&rsquo;histoire d&rsquo;un village qui a \u00e9t\u00e9 <\/span><b>port, place d\u00e9fensive et centre de p\u00e8lerinage<\/b><span style=\"font-weight: 400;\">. \u00c0 chaque coin de rue, on peut trouver un blason h\u00e9raldique, une fontaine centenaire ou une maison d&rsquo;indianas rappelant l&rsquo;\u00e9migration asturienne en Am\u00e9rique.<\/span><\/p>\n<p>&nbsp;<\/p>\n<h3><b>La grotte de Tito Bustillo : art rupestre et myst\u00e8re pr\u00e9historique<\/b><\/h3>\n<p><span style=\"font-weight: 400;\">L&rsquo;un des plus grands tr\u00e9sors est la <\/span><b>Grotte de Tito Bustillo<\/b><span style=\"font-weight: 400;\">, class\u00e9e <\/span><b>Patrimoine de l&rsquo;Humanit\u00e9 par l&rsquo;UNESCO<\/b><span style=\"font-weight: 400;\">. Ce site impressionnant d&rsquo;art rupestre contient des peintures pal\u00e9olithiques datant de plus de 14 000 ans, consid\u00e9r\u00e9es parmi les plus importantes au monde.<\/span><\/p>\n<p><span style=\"font-weight: 400;\">La grotte n&rsquo;est pas seulement un site arch\u00e9ologique, mais aussi un lieu profond\u00e9ment spirituel. Certains p\u00e8lerins font une pause dans leur cheminement pour visiter ce lieu et r\u00e9fl\u00e9chir sur la connexion entre les premi\u00e8res expressions humaines et leur qu\u00eate int\u00e9rieure actuelle.<\/span><\/p>\n<p><span style=\"font-weight: 400;\">De plus, le <\/span><b>centre d&rsquo;art rupestre<\/b><span style=\"font-weight: 400;\">, attenant \u00e0 la grotte, offre une exp\u00e9rience interactive qui compl\u00e8te la visite, id\u00e9ale pour tous les \u00e2ges.<\/span><\/p>\n<p>&nbsp;<\/p>\n<h3><b>Le port et la promenade maritime : essence maritime et vues sur la mer Cantabrique<\/b><\/h3>\n<p><span style=\"font-weight: 400;\">L&rsquo;\u00e2me maritime de Ribadesella se respire dans son <\/span><b>port de p\u00eache<\/b><span style=\"font-weight: 400;\">, actif et pittoresque, o\u00f9 les barques color\u00e9es oscillent au rythme de la mar\u00e9e. Dans la zone du port, il est courant de voir des p\u00eacheurs r\u00e9parer leurs filets ou d\u00e9charger le poisson du jour. Cette ambiance traditionnelle se m\u00eale \u00e0 des terrasses et restaurants o\u00f9 l&rsquo;on peut d\u00e9guster du poisson frais et du cidre asturien.<\/span><\/p>\n<p><span style=\"font-weight: 400;\">La <\/span><b>Promenade de la Gr\u00faa<\/b><span style=\"font-weight: 400;\">, qui longe la ria, propose un parcours riche en histoire gr\u00e2ce \u00e0 ses <\/span><b>mosa\u00efques c\u00e9ramiques<\/b><span style=\"font-weight: 400;\"> qui racontent les \u00e9tapes cl\u00e9s de Ribadesella, depuis la pr\u00e9histoire jusqu&rsquo;\u00e0 aujourd&rsquo;hui.<\/span><\/p>\n<p>&nbsp;<\/p>\n<h3><b>L&rsquo;ermitage de la Vierge de Gu\u00eda : spiritualit\u00e9 au sommet des falaises<\/b><\/h3>\n<p><img decoding=\"async\" class=\"alignnone wp-image-119225 size-full\" src=\"https:\/\/www.mundiplus.com\/wp-content\/uploads\/2025\/04\/ermita-de-la-virgen-de-Guia-Mundiplus.jpg\" alt=\"\" width=\"1024\" height=\"768\" srcset=\"https:\/\/www.mundiplus.com\/wp-content\/uploads\/2025\/04\/ermita-de-la-virgen-de-Guia-Mundiplus.jpg 1024w, https:\/\/www.mundiplus.com\/wp-content\/uploads\/2025\/04\/ermita-de-la-virgen-de-Guia-Mundiplus-300x225.jpg 300w, https:\/\/www.mundiplus.com\/wp-content\/uploads\/2025\/04\/ermita-de-la-virgen-de-Guia-Mundiplus-768x576.jpg 768w, https:\/\/www.mundiplus.com\/wp-content\/uploads\/2025\/04\/ermita-de-la-virgen-de-Guia-Mundiplus-600x450.jpg 600w\" sizes=\"(max-width: 1024px) 100vw, 1024px\" \/><\/p>\n<p><span style=\"font-weight: 400;\">Situ\u00e9e sur un promontoire, l&rsquo;<\/span><b>ermitage de la Vierge de Gu\u00eda<\/b><span style=\"font-weight: 400;\"> est l&rsquo;un des lieux les plus magiques et spirituels du coin. Ce petit temple blanc, d\u00e9di\u00e9 \u00e0 la patronne des marins, offre l&rsquo;une des plus belles vues panoramiques sur la ville : la ria, le centre historique, la plage et le bleu infini de la mer.<\/span><\/p>\n<p><span style=\"font-weight: 400;\">La mont\u00e9e vers l&rsquo;ermitage est courte mais symbolique, en particulier pour les p\u00e8lerins qui recherchent des moments d&rsquo;introspection. La d\u00e9votion populaire a maintenu cet ermitage vivant pendant des si\u00e8cles, en faisant un point de connexion entre le spirituel et le terrestre.<\/span><\/p>\n<p>&nbsp;<\/p>\n<h3><b>La plage de Santa Marina : nature, d\u00e9tente et architecture indienne<\/b><\/h3>\n<p><span style=\"font-weight: 400;\">La <\/span><b>plage de Santa Marina<\/b><span style=\"font-weight: 400;\"> est l&rsquo;un des principaux attraits naturels de Ribadesella. Ses plus de un kilom\u00e8tre de sable dor\u00e9 sont bord\u00e9s par une \u00e9l\u00e9gante promenade maritime remplie de <\/span><b>maisons d&rsquo;indianos<\/b><span style=\"font-weight: 400;\">, construites par les \u00e9migrants asturiens revenus d&rsquo;Am\u00e9rique au d\u00e9but du XXe si\u00e8cle.<\/span><\/p>\n<p><span style=\"font-weight: 400;\">En plus de sa beaut\u00e9, cette plage est un endroit id\u00e9al pour le repos des p\u00e8lerins. Apr\u00e8s une longue journ\u00e9e de marche, beaucoup en profitent pour se d\u00e9chausser, sentir le sable sous leurs pieds et se laisser caresser par la brise marine. Il est \u00e9galement courant de voir des surfeurs, des familles et des voyageurs profiter de son environnement naturel privil\u00e9gi\u00e9.<\/span><\/p>\n<p>&nbsp;<\/p>\n<h3><b>Les falaises de l&rsquo;Enfer : nature sauvage et vues saisissantes<\/b><\/h3>\n<p><span style=\"font-weight: 400;\">\u00c0 quelques kilom\u00e8tres du centre urbain se trouvent les <\/span><b>Falaises de l&rsquo;Enfer<\/b><span style=\"font-weight: 400;\">, un site naturel d&rsquo;une grande beaut\u00e9 qui offre l&rsquo;une des meilleures panoramas du littoral asturien. Depuis son belv\u00e9d\u00e8re, on peut contempler la force de la mer Cantabrique frappant les parois rocheuses, dans un spectacle qui laisse sans voix.<\/span><span style=\"font-weight: 400;\"><br \/>\n<\/span><span style=\"font-weight: 400;\">L&rsquo;acc\u00e8s est facile et la promenade vaut la peine, <\/span><b>particuli\u00e8rement au coucher du soleil<\/b><span style=\"font-weight: 400;\">, lorsque la lumi\u00e8re accentue les contrastes entre le vert des prairies, le bleu profond de la mer et le gris des rochers.<\/span><\/p>\n<p>&nbsp;<\/p>\n<h2><b>Festivals et traditions : Ribadesella comme point de rencontre culturel<\/b><\/h2>\n<p><img loading=\"lazy\" decoding=\"async\" class=\"alignnone wp-image-119219 size-full\" src=\"https:\/\/www.mundiplus.com\/wp-content\/uploads\/2025\/04\/Descenso-del-Sella-Mundiplus.jpg\" alt=\"\" width=\"1024\" height=\"768\" srcset=\"https:\/\/www.mundiplus.com\/wp-content\/uploads\/2025\/04\/Descenso-del-Sella-Mundiplus.jpg 1024w, https:\/\/www.mundiplus.com\/wp-content\/uploads\/2025\/04\/Descenso-del-Sella-Mundiplus-300x225.jpg 300w, https:\/\/www.mundiplus.com\/wp-content\/uploads\/2025\/04\/Descenso-del-Sella-Mundiplus-768x576.jpg 768w, https:\/\/www.mundiplus.com\/wp-content\/uploads\/2025\/04\/Descenso-del-Sella-Mundiplus-600x450.jpg 600w\" sizes=\"(max-width: 1024px) 100vw, 1024px\" \/><\/p>\n<p><span style=\"font-weight: 400;\">Ce lieu garde vivantes ses traditions tout au long de l&rsquo;ann\u00e9e, avec des festivals qui m\u00e9langent le religieux, le culturel et le sportif. <\/span><\/p>\n<p><span style=\"font-weight: 400;\">Le plus c\u00e9l\u00e8bre de tous est le <\/span><b>descenso internacional del Sella<\/b><span style=\"font-weight: 400;\">, qui chaque ao\u00fbt transforme la ville en un bouillon de culture, de couleurs et de joie. Bien que ce soit une f\u00eate principalement sportive, elle a aussi une profonde ancrage local qui en fait une exp\u00e9rience culturelle unique.<\/span><\/p>\n<p><span style=\"font-weight: 400;\">Les festivit\u00e9s en l&rsquo;honneur de <\/span><b>Sainte Mar\u00eda Magdalena<\/b><span style=\"font-weight: 400;\">, c\u00e9l\u00e9br\u00e9es en <\/span><b>juillet<\/b><span style=\"font-weight: 400;\">, ont un aspect spirituel qui se connecte avec la tradition du p\u00e8lerinage. Les processions, messes et bals populaires offrent au visiteur une vision authentique de la culture asturienne.<\/span><\/p>\n<p>&nbsp;<\/p>\n<h2><b>Gastronomie \u00e0 Ribadesella : saveurs de la mer et de la montagne<\/b><\/h2>\n<p><span style=\"font-weight: 400;\">Le lieu propose une offre gastronomique qui combine le meilleur de la mer Cantabrique avec les saveurs traditionnelles de la cuisine asturienne. <\/span><\/p>\n<p><span style=\"font-weight: 400;\">Des poissons et fruits de mer frais aux plats mijot\u00e9s comme la <\/span><b>fabada<\/b><span style=\"font-weight: 400;\">, sans oublier le embl\u00e9matique <\/span><b>cachopo<\/b><span style=\"font-weight: 400;\"> ou le <\/span><b>riz au lait<\/b><span style=\"font-weight: 400;\">. Le <\/span><b>cidre asturien<\/b><span style=\"font-weight: 400;\"> accompagne bon nombre de ces repas, servi \u00e0 la mani\u00e8re traditionnelle dans des cidreries qui sont \u00e9galement des points de rencontre populaires.<\/span><\/p>\n","protected":false},"excerpt":{"rendered":"<p>Ribadesella, l&rsquo;un des villages c\u00f4tiers les plus charmants des Asturies, est bien plus qu&rsquo;un lieu pittoresque au bord de la mer Cantabrique. Ce coin entre mer et montagne conserve l&rsquo;authenticit\u00e9 du Prince, la spiritualit\u00e9 des anciennes routes de p\u00e8lerinage et un patrimoine qui en fait une \u00e9tape incontournable. La localit\u00e9 invite \u00e0 marcher lentement, \u00e0 [&hellip;]<\/p>\n","protected":false},"author":1,"featured_media":119215,"comment_status":"open","ping_status":"open","sticky":false,"template":"","format":"standard","meta":{"footnotes":""},"categories":[571,575,599],"tags":[],"class_list":["post-119259","post","type-post","status-publish","format-standard","has-post-thumbnail","hentry","category-blog-du-chemin","category-chemin-a-pied","category-villages-et-regions"],"_links":{"self":[{"href":"https:\/\/www.mundiplus.com\/fr\/wp-json\/wp\/v2\/posts\/119259","targetHints":{"allow":["GET"]}}],"collection":[{"href":"https:\/\/www.mundiplus.com\/fr\/wp-json\/wp\/v2\/posts"}],"about":[{"href":"https:\/\/www.mundiplus.com\/fr\/wp-json\/wp\/v2\/types\/post"}],"author":[{"embeddable":true,"href":"https:\/\/www.mundiplus.com\/fr\/wp-json\/wp\/v2\/users\/1"}],"replies":[{"embeddable":true,"href":"https:\/\/www.mundiplus.com\/fr\/wp-json\/wp\/v2\/comments?post=119259"}],"version-history":[{"count":0,"href":"https:\/\/www.mundiplus.com\/fr\/wp-json\/wp\/v2\/posts\/119259\/revisions"}],"wp:featuredmedia":[{"embeddable":true,"href":"https:\/\/www.mundiplus.com\/fr\/wp-json\/wp\/v2\/media\/119215"}],"wp:attachment":[{"href":"https:\/\/www.mundiplus.com\/fr\/wp-json\/wp\/v2\/media?parent=119259"}],"wp:term":[{"taxonomy":"category","embeddable":true,"href":"https:\/\/www.mundiplus.com\/fr\/wp-json\/wp\/v2\/categories?post=119259"},{"taxonomy":"post_tag","embeddable":true,"href":"https:\/\/www.mundiplus.com\/fr\/wp-json\/wp\/v2\/tags?post=119259"}],"curies":[{"name":"wp","href":"https:\/\/api.w.org\/{rel}","templated":true}]}}