{"id":120366,"date":"2025-05-28T17:03:26","date_gmt":"2025-05-28T17:03:26","guid":{"rendered":"https:\/\/www.mundiplus.com\/?p=120366"},"modified":"2025-05-28T17:04:11","modified_gmt":"2025-05-28T17:04:11","slug":"que-sont-les-horreos","status":"publish","type":"post","link":"https:\/\/www.mundiplus.com\/fr\/quels-sont-les-horreos-du-chemin-de-saint-jacques\/","title":{"rendered":"Que sont les h\u00f3rreos ?"},"content":{"rendered":"<p><img fetchpriority=\"high\" decoding=\"async\" class=\"alignnone wp-image-118987 size-full\" src=\"https:\/\/www.mundiplus.com\/wp-content\/uploads\/2025\/04\/Blog-Mundiplus.png\" alt=\"\" width=\"1023\" height=\"539\" srcset=\"https:\/\/www.mundiplus.com\/wp-content\/uploads\/2025\/04\/Blog-Mundiplus.png 1023w, https:\/\/www.mundiplus.com\/wp-content\/uploads\/2025\/04\/Blog-Mundiplus-300x158.png 300w, https:\/\/www.mundiplus.com\/wp-content\/uploads\/2025\/04\/Blog-Mundiplus-768x405.png 768w, https:\/\/www.mundiplus.com\/wp-content\/uploads\/2025\/04\/Blog-Mundiplus-600x316.png 600w\" sizes=\"(max-width: 1023px) 100vw, 1023px\" \/><\/p>\n<p><span style=\"font-weight: 400;\">Parmi les montagnes verdoyantes et les sentiers centenaires, surgissent en silence les<\/span><b> h\u00f3rreos<\/b><span style=\"font-weight: 400;\">, \u00e9nigmatiques <\/span><b>constructions en bois et en pierre<\/b><span style=\"font-weight: 400;\"> qui conservent les secrets du pass\u00e9 et les parfums du pr\u00e9sent. Pour de nombreux p\u00e8lerins du Chemin de Saint-Jacques-de-Compostelle, leur image est aussi embl\u00e9matique que les coquilles jacquaires ou les bornes jaunes.<\/span><\/p>\n<p><span style=\"font-weight: 400;\">Mais <\/span><b>qu\u2019est-ce que c\u2019est r\u00e9ellement ?<\/b> <b>Pourquoi en trouve-t-on dans tant de villages du nord de l\u2019Espagne ?<\/b><span style=\"font-weight: 400;\"> Cet article vous invite \u00e0 d\u00e9couvrir leur histoire, leur lien avec le Chemin de Saint-Jacques et pourquoi vous devriez les inclure dans votre prochain itin\u00e9raire.<\/span><\/p>\n<p><span style=\"font-weight: 400;\">Si vous aimez la tradition, l\u2019architecture rurale et les destinations authentiques, les h\u00f3rreos ont beaucoup \u00e0 raconter.<\/span><\/p>\n<p>&nbsp;<\/p>\n<h2><b>Histoire des h\u00f3rreos : gardiens du grain et du temps<\/b><\/h2>\n<p><span style=\"font-weight: 400;\">L\u2019origine des h\u00f3rreos remonte \u00e0 des <\/span><b>\u00e9poques pr\u00e9romaines<\/b><span style=\"font-weight: 400;\">, bien que leur d\u00e9veloppement le plus connu se situe au <\/span><b>Moyen \u00c2ge<\/b><span style=\"font-weight: 400;\">. Il s\u2019agit de constructions traditionnelles destin\u00e9es \u00e0 <\/span><b>stocker le grain et d\u2019autres produits agricoles<\/b><span style=\"font-weight: 400;\">, en les maintenant au sec et \u00e0 l\u2019abri des rongeurs et des intemp\u00e9ries.<\/span><\/p>\n<p><span style=\"font-weight: 400;\">Leur structure sur\u00e9lev\u00e9e, <\/span><b>soutenue par des piliers<\/b><span style=\"font-weight: 400;\"> (pegollos), avec des dalles horizontales emp\u00eachant le passage des animaux, refl\u00e8te une solution pratique qui a travers\u00e9 les si\u00e8cles.<\/span><\/p>\n<p><span style=\"font-weight: 400;\">Les plus anciennes r\u00e9f\u00e9rences \u00e9crites apparaissent dans des documents m\u00e9di\u00e9vaux de <\/span><b>Galice et des Asturies<\/b><span style=\"font-weight: 400;\">. Cependant, les \u00e9tudes arch\u00e9ologiques sugg\u00e8rent que leurs pr\u00e9d\u00e9cesseurs pourraient avoir exist\u00e9 <\/span><b>d\u00e8s la culture castre\u00f1a<\/b><span style=\"font-weight: 400;\">.<\/span><\/p>\n<p><span style=\"font-weight: 400;\">Avec le temps, <\/span><b>la typologie s\u2019est adapt\u00e9e \u00e0 chaque r\u00e9gion<\/b><span style=\"font-weight: 400;\"> : en Galice, on trouve surtout des h\u00f3rreos en pierre et en bois, avec des toits \u00e0 deux versants, tandis qu\u2019aux Asturies, on voit \u00e9galement des paneras (plus grandes, avec des toits \u00e0 quatre pans).<\/span><\/p>\n<p><span style=\"font-weight: 400;\">Au-del\u00e0 de leur fonction \u00e9conomique, ils ont acquis une dimension symbolique : ils \u00e9taient signe de <\/span><b>prosp\u00e9rit\u00e9 familiale, d\u2019h\u00e9ritage, d\u2019identit\u00e9 culturelle<\/b><span style=\"font-weight: 400;\"> et, dans de nombreux cas, des \u00e9l\u00e9ments de prestige.<\/span><\/p>\n<p>&nbsp;<\/p>\n<h2><b>Les h\u00f3rreos sur les diff\u00e9rents itin\u00e9raires du Chemin de Saint-Jacques-de-Compostelle<\/b><\/h2>\n<p><span style=\"font-weight: 400;\">Les h\u00f3rreos sont un \u00e9l\u00e9ment embl\u00e9matique du paysage rural galicien, mais tous les chemins de Saint-Jacques ne les traversent pas de la m\u00eame mani\u00e8re. Leur pr\u00e9sence d\u00e9pend de facteurs g\u00e9ographiques, culturels et architecturaux qui varient selon l\u2019itin\u00e9raire choisi.<\/span><\/p>\n<p><span style=\"font-weight: 400;\">Par exemple, sur le<\/span><a href=\"https:\/\/www.mundiplus.com\/fr\/caminos\/a-pie\/camino-de-santiago-desde-ribadeo\/\"> <b>Chemin Ribadeo Saint-Jacques<\/b><\/a><span style=\"font-weight: 400;\">, qui passe par le nord de Lugo, ils sont <\/span><b>fr\u00e9quents d\u00e8s les premiers jours<\/b><span style=\"font-weight: 400;\">, notamment dans des villages comme <\/span><b>Vilela, Gond\u00e1n<\/b><span style=\"font-weight: 400;\"> ou <\/span><b>San Xusto<\/b><span style=\"font-weight: 400;\">. On les trouve \u00e0 c\u00f4t\u00e9 de maisons en pierre, entre prairies et for\u00eats, faisant partie du quotidien du p\u00e8lerin.<\/span><\/p>\n<p><span style=\"font-weight: 400;\">En revanche, sur ce m\u00eame Chemin du Nord, en particulier sur le <\/span><a href=\"https:\/\/www.mundiplus.com\/fr\/caminos\/a-pie\/camino-norte\/camino-de-santiago-desde-bilbao\/\"><b>Chemin de Saint-Jacques de Bilbao<\/b><\/a> <b>jusqu\u2019\u00e0 Santander<\/b><span style=\"font-weight: 400;\">, le parcours est davantage caract\u00e9ris\u00e9 par l\u2019architecture basque, les fermes traditionnelles et les structures d\u2019\u00e9levage. Ce n\u2019est qu\u2019\u00e0 l\u2019entr\u00e9e en Cantabrie et plus tard en Galice que l\u2019on commence \u00e0 en apercevoir.<\/span><\/p>\n<p><span style=\"font-weight: 400;\">Sur le <\/span><b>Chemin Fran\u00e7ais<\/b><span style=\"font-weight: 400;\"> et le <\/span><b>Chemin Primitif<\/b><span style=\"font-weight: 400;\">, d\u00e9j\u00e0 en terres galiciennes, les h\u00f3rreos font partie du paysage rural <\/span><b>depuis des si\u00e8cles<\/b><span style=\"font-weight: 400;\">. Ils surgissent le long des chemins pav\u00e9s, dans de petits villages. \u00c0 des endroits comme Palas de Rei, Triacastela ou A Fonsagrada, ces \u00e9l\u00e9ments ne se contentent pas de survivre : <\/span><b>ils sont encore utilis\u00e9s<\/b><span style=\"font-weight: 400;\"> ou conserv\u00e9s comme symbole d\u2019identit\u00e9 locale.<\/span><\/p>\n<p><span style=\"font-weight: 400;\">Sur le <\/span><b>Chemin Anglais<\/b><span style=\"font-weight: 400;\">, ils apparaissent \u00e9galement, en particulier <\/span><b>dans la seconde moiti\u00e9 de l\u2019itin\u00e9raire<\/b><span style=\"font-weight: 400;\">. La proximit\u00e9 de la mer, les vall\u00e9es verdoyantes et les petits villages galiciens offrent le d\u00e9cor id\u00e9al pour les apercevoir au bord du chemin.<\/span><\/p>\n<p>&nbsp;<\/p>\n<h2><b>H\u00f3rreos remarquables sur le Chemin de Saint-Jacques<\/b><\/h2>\n<p><span style=\"font-weight: 400;\">Certains h\u00f3rreos sont devenus c\u00e9l\u00e8bres pour leur beaut\u00e9, leur taille ou leur situation unique. Si vous pr\u00e9voyez un <\/span><a href=\"https:\/\/www.mundiplus.com\/fr\/\"><b>voyage sur le Chemin de Saint-Jacques<\/b><\/a><span style=\"font-weight: 400;\">, voici quelques-uns des plus remarquables que vous pouvez visiter durant votre p\u00e8lerinage :<\/span><\/p>\n<p>&nbsp;<\/p>\n<h3><b>H\u00f3rreos de Combarro (Pontevedra)<\/b><\/h3>\n<p><img decoding=\"async\" class=\"alignnone wp-image-120353 size-full\" src=\"https:\/\/www.mundiplus.com\/wp-content\/uploads\/2025\/05\/Horreos-de-Combarro-Mundiplus.jpg\" alt=\"\" width=\"1024\" height=\"768\" srcset=\"https:\/\/www.mundiplus.com\/wp-content\/uploads\/2025\/05\/Horreos-de-Combarro-Mundiplus.jpg 1024w, https:\/\/www.mundiplus.com\/wp-content\/uploads\/2025\/05\/Horreos-de-Combarro-Mundiplus-300x225.jpg 300w, https:\/\/www.mundiplus.com\/wp-content\/uploads\/2025\/05\/Horreos-de-Combarro-Mundiplus-768x576.jpg 768w, https:\/\/www.mundiplus.com\/wp-content\/uploads\/2025\/05\/Horreos-de-Combarro-Mundiplus-600x450.jpg 600w\" sizes=\"(max-width: 1024px) 100vw, 1024px\" \/><\/p>\n<p><span style=\"font-weight: 400;\">Situ\u00e9s litt\u00e9ralement <\/span><b>au bord de la mer<\/b><span style=\"font-weight: 400;\">, ce sont parmi les plus photographi\u00e9s de Galice. Bien qu\u2019ils <\/span><b>ne fassent pas directement partie des itin\u00e9raires traditionnels du Chemin<\/b><span style=\"font-weight: 400;\">, leur proximit\u00e9 avec le <\/span><a href=\"https:\/\/www.mundiplus.com\/fr\/caminos\/a-pie\/camino-portugues\/camino-de-santiago-desde-tui\/\"><b>Chemin de Tui \u00e0 Saint-Jacques-de-Compostelle<\/b><\/a><span style=\"font-weight: 400;\"> en fait un arr\u00eat optionnel incontournable.<\/span><\/p>\n<p>&nbsp;<\/p>\n<h3><b>H\u00f3rreo de Carnota (La Corogne)<\/b><\/h3>\n<p><img decoding=\"async\" class=\"alignnone wp-image-120347 size-full\" src=\"https:\/\/www.mundiplus.com\/wp-content\/uploads\/2025\/05\/Horreo-de-Carnota-Mundiplus.jpg\" alt=\"\" width=\"1024\" height=\"768\" srcset=\"https:\/\/www.mundiplus.com\/wp-content\/uploads\/2025\/05\/Horreo-de-Carnota-Mundiplus.jpg 1024w, https:\/\/www.mundiplus.com\/wp-content\/uploads\/2025\/05\/Horreo-de-Carnota-Mundiplus-300x225.jpg 300w, https:\/\/www.mundiplus.com\/wp-content\/uploads\/2025\/05\/Horreo-de-Carnota-Mundiplus-768x576.jpg 768w, https:\/\/www.mundiplus.com\/wp-content\/uploads\/2025\/05\/Horreo-de-Carnota-Mundiplus-600x450.jpg 600w\" sizes=\"(max-width: 1024px) 100vw, 1024px\" \/><\/p>\n<p><span style=\"font-weight: 400;\">Avec <\/span><b>plus de 34 m\u00e8tres de long<\/b><span style=\"font-weight: 400;\">, c\u2019est l\u2019un des plus longs de Galice et d\u2019Espagne. Situ\u00e9 sur le Chemin de Fisterra, il repr\u00e9sente un v\u00e9ritable monument ethnographique. \u00c0 ses c\u00f4t\u00e9s se trouve un autre plus petit, formant un ensemble unique.<\/span><\/p>\n<p>&nbsp;<\/p>\n<h3><b>H\u00f3rreos de Piornedo (Lugo)<\/b><\/h3>\n<p><span style=\"font-weight: 400;\">Au c\u0153ur des Ancares,<\/span><b> Piornedo est un village-mus\u00e9e<\/b><span style=\"font-weight: 400;\"> o\u00f9 les pallozas et h\u00f3rreos coexistent comme autrefois. Bien qu\u2019il soit \u00e9loign\u00e9 du trac\u00e9 principal du Chemin, il constitue un d\u00e9tour vivement recommand\u00e9 pour les amateurs d\u2019architecture traditionnelle.<\/span><\/p>\n<p>&nbsp;<\/p>\n<h3><b>H\u00f3rreo de Lira (Carnota)<\/b><\/h3>\n<p><span style=\"font-weight: 400;\">De structure similaire \u00e0 celui de Carnota, mais dans un environnement plus paisible, il <\/span><b>impressionne \u00e9galement par sa longueur et son excellent \u00e9tat de conservation<\/b><span style=\"font-weight: 400;\">. Son cadre est parfait pour le repos et la contemplation apr\u00e8s plusieurs jours de marche.<\/span><\/p>\n<p>&nbsp;<\/p>\n<h3><b>H\u00f3rreo de Ara\u00f1o (Rianxo, La Corogne)<\/b><\/h3>\n<p><span style=\"font-weight: 400;\">Consid\u00e9r\u00e9 comme le plus long de Galice, avec une <\/span><b>longueur de 37,05 m\u00e8tres<\/b><span style=\"font-weight: 400;\">, il se distingue par sa taille impressionnante et son excellent \u00e9tat de conservation. Vous le trouverez \u00e0 proximit\u00e9 du Chemin Portugais.<\/span><\/p>\n<p>&nbsp;<\/p>\n<h3><b>Ensemble de h\u00f3rreos d\u2019A Merca (Ourense)<\/b><\/h3>\n<p><img loading=\"lazy\" decoding=\"async\" class=\"alignnone wp-image-120341 size-full\" src=\"https:\/\/www.mundiplus.com\/wp-content\/uploads\/2025\/05\/horreos-de-A-Merca-Mundiplus.jpg\" alt=\"\" width=\"1024\" height=\"576\" srcset=\"https:\/\/www.mundiplus.com\/wp-content\/uploads\/2025\/05\/horreos-de-A-Merca-Mundiplus.jpg 1024w, https:\/\/www.mundiplus.com\/wp-content\/uploads\/2025\/05\/horreos-de-A-Merca-Mundiplus-300x169.jpg 300w, https:\/\/www.mundiplus.com\/wp-content\/uploads\/2025\/05\/horreos-de-A-Merca-Mundiplus-768x432.jpg 768w, https:\/\/www.mundiplus.com\/wp-content\/uploads\/2025\/05\/horreos-de-A-Merca-Mundiplus-600x338.jpg 600w\" sizes=\"(max-width: 1024px) 100vw, 1024px\" \/><\/p>\n<p><span style=\"font-weight: 400;\">Cet ensemble, tout <\/span><b>pr\u00e8s du Chemin Sanabr\u00e9s<\/b><span style=\"font-weight: 400;\">, est compos\u00e9 de <\/span><b>33 unit\u00e9s en bois et deux mixtes<\/b><span style=\"font-weight: 400;\">. C\u2019est l\u2019un des plus grands de Galice et il offre une vision unique de l\u2019architecture traditionnelle galicienne.<\/span><\/p>\n<p>&nbsp;<\/p>\n<h3><b>H\u00f3rreos de Santiago de Olveiroa (Dumbr\u00eda, La Corogne)<\/b><\/h3>\n<p><span style=\"font-weight: 400;\">Situ\u00e9s sur le <\/span><b>Chemin de Fisterra<\/b><span style=\"font-weight: 400;\">, ils font partie d\u2019un ensemble ethnographique qui comprend un calvaire et plusieurs constructions traditionnelles.<\/span><\/p>\n<p>&nbsp;<\/p>\n<h2><b>H\u00e9bergements avec h\u00f3rreos : dormir au c\u0153ur de l\u2019histoire<\/b><\/h2>\n<p><span style=\"font-weight: 400;\">Dormir pr\u00e8s d\u2019un h\u00f3rreo ou m\u00eame dans une ancienne construction r\u00e9habilit\u00e9e peut \u00eatre une exp\u00e9rience inoubliable pour le p\u00e8lerin. De nombreux h\u00e9bergements ruraux ont choisi de restaurer ces b\u00e2timents comme<\/span><b> \u00e9l\u00e9ments d\u00e9coratifs ou fonctionnels<\/b><span style=\"font-weight: 400;\">, les int\u00e9grant dans des jardins, patios ou espaces communs.<\/span><\/p>\n<p><span style=\"font-weight: 400;\">Dans des zones telles que <\/span><b>O Cebreiro, Sarria, Arz\u00faa ou Palas de Rei<\/b><span style=\"font-weight: 400;\"> (toutes situ\u00e9es sur le Chemin Fran\u00e7ais), il est possible de trouver des maisons rurales qui les conservent \u00e0 l\u2019\u00e9tat original. Cependant, dans la plupart des cas, ils sont utilis\u00e9s comme entrep\u00f4ts, petits mus\u00e9es ou belv\u00e9d\u00e8res.<\/span><\/p>\n<p><span style=\"font-weight: 400;\">D\u2019autres h\u00e9bergements vont encore plus loin en les transformant en <\/span><b>chambres ind\u00e9pendantes<\/b><span style=\"font-weight: 400;\">, \u00e9quip\u00e9es de tout le confort moderne tout en respectant leur structure d\u2019origine. Cette tendance, tr\u00e8s pr\u00e9sente dans les <\/span><b>R\u00edas Baixas et dans la Mari\u00f1a lucense<\/b><span style=\"font-weight: 400;\">, allie durabilit\u00e9, tourisme slow et authenticit\u00e9.<\/span><\/p>\n<p>&nbsp;<\/p>\n<h2><b>Conseils pour visiter les h\u00f3rreos pendant votre voyage<\/b><\/h2>\n<p><span style=\"font-weight: 400;\">Si vous envisagez de parcourir le nord de l\u2019Espagne ou de faire l\u2019un des itin\u00e9raires du Chemin de Saint-Jacques, voici quelques conseils pour profiter pleinement des h\u00f3rreos :<\/span><\/p>\n<ul>\n<li style=\"font-weight: 400;\" aria-level=\"1\"><b>Renseignez-vous sur les itin\u00e9raires ruraux<\/b><span style=\"font-weight: 400;\"> : bien que beaucoup soient directement accessibles, d\u2019autres n\u00e9cessitent de petits d\u00e9tours. Consultez les cartes locales ou demandez aux habitants.<\/span><\/li>\n<\/ul>\n<p>&nbsp;<\/p>\n<ul>\n<li style=\"font-weight: 400;\" aria-level=\"1\"><b>Respectez leur environnement<\/b><span style=\"font-weight: 400;\"> : ce sont des biens culturels prot\u00e9g\u00e9s. Ne montez pas dessus, ne les touchez pas sans autorisation et \u00e9vitez de manipuler leur structure.<\/span><\/li>\n<\/ul>\n<p>&nbsp;<\/p>\n<ul>\n<li style=\"font-weight: 400;\" aria-level=\"1\"><b>Faites des pauses conscientes<\/b><span style=\"font-weight: 400;\"> : prenez quelques minutes pour observer leur architecture, les mat\u00e9riaux, les symboles grav\u00e9s dans la pierre ou le bois. Chacun d\u2019eux raconte une histoire.<\/span><\/li>\n<\/ul>\n<p>&nbsp;<\/p>\n<ul>\n<li style=\"font-weight: 400;\" aria-level=\"1\"><b>Choisissez des h\u00e9bergements au patrimoine remarquable<\/b><span style=\"font-weight: 400;\"> : dormir dans une maison avec h\u00f3rreo ou visiter un mus\u00e9e ethnographique peut enrichir consid\u00e9rablement votre exp\u00e9rience..<\/span><\/li>\n<\/ul>\n<p>&nbsp;<\/p>\n<ul>\n<li style=\"font-weight: 400;\" aria-level=\"1\"><b>Alliez tourisme et gastronomie<\/b><span style=\"font-weight: 400;\"> : profitez-en pour go\u00fbter aux produits locaux li\u00e9s \u00e0 leur histoire. De nombreux petits producteurs vendent du miel, du pain, de la charcuterie ou des conserves dans les villages voisins.<\/span><\/li>\n<\/ul>\n<p>&nbsp;<\/p>\n<p><span style=\"font-weight: 400;\">Les h\u00f3rreos ne sont pas seulement des constructions rurales : ce sont des fragments vivants de l\u2019histoire du nord de la p\u00e9ninsule. Ils incarnent le savoir populaire, l\u2019adaptation \u00e0 l\u2019environnement et le respect du cycle agricole. En visiter un, c\u2019est plonger dans une autre \u00e9poque, sentir le rythme lent de la terre et se connecter \u00e0 un mode de vie qui bat encore dans les villages et hameaux du nord.<\/span><\/p>\n","protected":false},"excerpt":{"rendered":"<p>Parmi les montagnes verdoyantes et les sentiers centenaires, surgissent en silence les h\u00f3rreos, \u00e9nigmatiques constructions en bois et en pierre qui conservent les secrets du pass\u00e9 et les parfums du pr\u00e9sent. Pour de nombreux p\u00e8lerins du Chemin de Saint-Jacques-de-Compostelle, leur image est aussi embl\u00e9matique que les coquilles jacquaires ou les bornes jaunes. Mais qu\u2019est-ce que [&hellip;]<\/p>\n","protected":false},"author":1,"featured_media":120355,"comment_status":"open","ping_status":"open","sticky":false,"template":"","format":"standard","meta":{"footnotes":""},"categories":[571,575,583],"tags":[],"class_list":["post-120366","post","type-post","status-publish","format-standard","has-post-thumbnail","hentry","category-blog-du-chemin","category-chemin-a-pied","category-histoire"],"_links":{"self":[{"href":"https:\/\/www.mundiplus.com\/fr\/wp-json\/wp\/v2\/posts\/120366","targetHints":{"allow":["GET"]}}],"collection":[{"href":"https:\/\/www.mundiplus.com\/fr\/wp-json\/wp\/v2\/posts"}],"about":[{"href":"https:\/\/www.mundiplus.com\/fr\/wp-json\/wp\/v2\/types\/post"}],"author":[{"embeddable":true,"href":"https:\/\/www.mundiplus.com\/fr\/wp-json\/wp\/v2\/users\/1"}],"replies":[{"embeddable":true,"href":"https:\/\/www.mundiplus.com\/fr\/wp-json\/wp\/v2\/comments?post=120366"}],"version-history":[{"count":3,"href":"https:\/\/www.mundiplus.com\/fr\/wp-json\/wp\/v2\/posts\/120366\/revisions"}],"predecessor-version":[{"id":120400,"href":"https:\/\/www.mundiplus.com\/fr\/wp-json\/wp\/v2\/posts\/120366\/revisions\/120400"}],"wp:featuredmedia":[{"embeddable":true,"href":"https:\/\/www.mundiplus.com\/fr\/wp-json\/wp\/v2\/media\/120355"}],"wp:attachment":[{"href":"https:\/\/www.mundiplus.com\/fr\/wp-json\/wp\/v2\/media?parent=120366"}],"wp:term":[{"taxonomy":"category","embeddable":true,"href":"https:\/\/www.mundiplus.com\/fr\/wp-json\/wp\/v2\/categories?post=120366"},{"taxonomy":"post_tag","embeddable":true,"href":"https:\/\/www.mundiplus.com\/fr\/wp-json\/wp\/v2\/tags?post=120366"}],"curies":[{"name":"wp","href":"https:\/\/api.w.org\/{rel}","templated":true}]}}