{"id":121434,"date":"2025-06-20T20:06:00","date_gmt":"2025-06-20T20:06:00","guid":{"rendered":"https:\/\/www.mundiplus.com\/?p=121434"},"modified":"2025-06-20T20:13:39","modified_gmt":"2025-06-20T20:13:39","slug":"que-voir-a-a-caridad","status":"publish","type":"post","link":"https:\/\/www.mundiplus.com\/fr\/que-voir-a-a-caridad\/","title":{"rendered":"Que voir \u00e0 A Caridad"},"content":{"rendered":"<p><img fetchpriority=\"high\" decoding=\"async\" class=\"alignnone wp-image-118987 size-full\" src=\"https:\/\/www.mundiplus.com\/wp-content\/uploads\/2025\/04\/Blog-Mundiplus.png\" alt=\"\" width=\"1023\" height=\"539\" srcset=\"https:\/\/www.mundiplus.com\/wp-content\/uploads\/2025\/04\/Blog-Mundiplus.png 1023w, https:\/\/www.mundiplus.com\/wp-content\/uploads\/2025\/04\/Blog-Mundiplus-300x158.png 300w, https:\/\/www.mundiplus.com\/wp-content\/uploads\/2025\/04\/Blog-Mundiplus-768x405.png 768w, https:\/\/www.mundiplus.com\/wp-content\/uploads\/2025\/04\/Blog-Mundiplus-600x316.png 600w\" sizes=\"(max-width: 1023px) 100vw, 1023px\" \/><\/p>\n<p><b>A Caridad<\/b><span style=\"font-weight: 400;\">, la capitale de la municipalit\u00e9 d&rsquo;El Franco, dans l&rsquo;ouest des Asturies, est un point de passage pour les p\u00e8lerins du Camino del Norte. Cette ville c\u00f4ti\u00e8re, avec son ambiance tranquille, offre un repos bien m\u00e9rit\u00e9 et l&rsquo;opportunit\u00e9 de plonger dans l&rsquo;<\/span><b>authenticit\u00e9 de l&rsquo;Asturies rurale et maritime<\/b><span style=\"font-weight: 400;\">. <\/span><\/p>\n<p><span style=\"font-weight: 400;\">Sa situation en fait un arr\u00eat essentiel pour ceux qui cherchent \u00e0 reprendre des forces et \u00e0 profiter de la beaut\u00e9 du paysage avant de continuer leur voyage vers Saint-Jacques-de-Compostelle. Avec votre permission, avant de vous parler de tout ce que vous pourrez voir ici, laissez-nous vous parler du Camino del Norte, la route sur laquelle se trouve la localit\u00e9.<\/span><\/p>\n<p>&nbsp;<\/p>\n<h2><b>Le Camino del Norte : Une route de contrastes et de beaut\u00e9 incomparable<\/b><\/h2>\n<p><span style=\"font-weight: 400;\">Le Camino de Santiago offre une diversit\u00e9 de routes qui s&rsquo;adaptent \u00e0 chaque p\u00e8lerin. <\/span><\/p>\n<p><span style=\"font-weight: 400;\">Pour ceux qui recherchent une exp\u00e9rience o\u00f9<\/span><b> la nature, la culture et l&rsquo;histoire se m\u00ealent \u00e0 des paysages c\u00f4tiers et montagneux<\/b><span style=\"font-weight: 400;\">, le Camino del Norte se pr\u00e9sente comme une option incomparable. <\/span><\/p>\n<p><span style=\"font-weight: 400;\">Cette route, qui longe la corniche cantabrique, est un v\u00e9ritable d\u00e9lice pour les sens. Elle offre des vues spectaculaires sur la mer, des falaises, des plages recul\u00e9es et des vall\u00e9es verdoyantes qui s&rsquo;enfoncent \u00e0 l&rsquo;int\u00e9rieur des terres. <\/span><\/p>\n<p><span style=\"font-weight: 400;\">Sa <\/span><b>richesse paysag\u00e8re<\/b><span style=\"font-weight: 400;\"> est l&rsquo;un de ses plus grands atouts. Elle permet au p\u00e8lerin de profiter de la brise marine et de l&rsquo;ar\u00f4me de l&rsquo;air salin tout en marchant sur des sentiers qui serpentent entre des villages de p\u00eacheurs et des for\u00eats luxuriantes. <\/span><\/p>\n<p><span style=\"font-weight: 400;\">De la majest\u00e9 de la c\u00f4te galicienne, avec des points de d\u00e9part comme le <\/span><a href=\"https:\/\/www.mundiplus.com\/fr\/caminos\/a-pie\/camino-de-santiago-desde-ribadeo\/\"><b>Camino del Norte depuis Ribadeo<\/b><\/a><span style=\"font-weight: 400;\">, \u00e0 la culture vibrante du Pays Basque, avec des d\u00e9parts comme le <\/span><a href=\"https:\/\/www.mundiplus.com\/fr\/caminos\/a-pie\/camino-de-santiago-desde-bilbao\/\"><b>Camino de Santiago depuis Bilbao<\/b><\/a><span style=\"font-weight: 400;\">, chaque \u00e9tape est une occasion de <\/span><b>d\u00e9couvrir la diversit\u00e9 de la g\u00e9ographie du nord de l&rsquo;Espagne<\/b><span style=\"font-weight: 400;\">. <\/span><\/p>\n<p><span style=\"font-weight: 400;\">Contrairement \u00e0 d&rsquo;autres routes, comme le <\/span><a href=\"https:\/\/www.mundiplus.com\/fr\/caminos\/a-pie\/camino-portugues\/camino-de-santiago-desde-tui\/\"><b>Camino Portugais depuis Tui<\/b><\/a><span style=\"font-weight: 400;\">, elle se distingue par sa <\/span><b>moindre affluence et l&rsquo;authenticit\u00e9 de ses villages<\/b><span style=\"font-weight: 400;\">. Ainsi, elle permet une connexion plus profonde avec l&rsquo;environnement et l&rsquo;essence du p\u00e8lerinage. <\/span><\/p>\n<p><span style=\"font-weight: 400;\">La possibilit\u00e9 de b\u00e9n\u00e9ficier du soutien d&rsquo;une <\/span><a href=\"https:\/\/www.mundiplus.com\/fr\/\"><b>agence du Camino de Santiago<\/b><\/a><span style=\"font-weight: 400;\"> facilite la planification et le plaisir de cette aventure. De l\u00e0, ils s&rsquo;occupent d&rsquo;aspects tels que l&rsquo;h\u00e9bergement et le transport des bagages, permettant au p\u00e8lerin de se concentrer sur l&rsquo;exp\u00e9rience.<\/span><\/p>\n<p>&nbsp;<\/p>\n<h2><b>A Caridad : Un havre de paix sur le Camino<\/b><\/h2>\n<p><img decoding=\"async\" class=\"alignnone wp-image-121393 size-full\" src=\"https:\/\/www.mundiplus.com\/wp-content\/uploads\/2025\/06\/A-Caridad-Mundiplus.jpg\" alt=\"\" width=\"1024\" height=\"600\" srcset=\"https:\/\/www.mundiplus.com\/wp-content\/uploads\/2025\/06\/A-Caridad-Mundiplus.jpg 1024w, https:\/\/www.mundiplus.com\/wp-content\/uploads\/2025\/06\/A-Caridad-Mundiplus-300x176.jpg 300w, https:\/\/www.mundiplus.com\/wp-content\/uploads\/2025\/06\/A-Caridad-Mundiplus-768x450.jpg 768w, https:\/\/www.mundiplus.com\/wp-content\/uploads\/2025\/06\/A-Caridad-Mundiplus-600x352.jpg 600w\" sizes=\"(max-width: 1024px) 100vw, 1024px\" \/><\/p>\n<p><span style=\"font-weight: 400;\">A Caridad, avec son atmosph\u00e8re accueillante, offre au p\u00e8lerin un endroit id\u00e9al pour se reposer et reprendre des forces. Bien qu&rsquo;il soit vrai que ce ne soit pas une localit\u00e9 avec de grands monuments, son charme r\u00e9side dans l&rsquo;<\/span><b>authenticit\u00e9 de sa vie quotidienne et la gentillesse de ses habitants<\/b><span style=\"font-weight: 400;\">. Le p\u00e8lerin y trouvera un endroit o\u00f9 la tranquillit\u00e9 et la simplicit\u00e9 sont les ma\u00eetres mots.<\/span><\/p>\n<p>&nbsp;<\/p>\n<h3><b>Points d&rsquo;int\u00e9r\u00eat pour le p\u00e8lerin<\/b><\/h3>\n<p><img decoding=\"async\" class=\"alignnone wp-image-121399 size-full\" src=\"https:\/\/www.mundiplus.com\/wp-content\/uploads\/2025\/06\/Iglesia-de-San-Miguel-de-Mohices-Mundiplus.jpg\" alt=\"\" width=\"1024\" height=\"683\" srcset=\"https:\/\/www.mundiplus.com\/wp-content\/uploads\/2025\/06\/Iglesia-de-San-Miguel-de-Mohices-Mundiplus.jpg 1024w, https:\/\/www.mundiplus.com\/wp-content\/uploads\/2025\/06\/Iglesia-de-San-Miguel-de-Mohices-Mundiplus-300x200.jpg 300w, https:\/\/www.mundiplus.com\/wp-content\/uploads\/2025\/06\/Iglesia-de-San-Miguel-de-Mohices-Mundiplus-768x512.jpg 768w, https:\/\/www.mundiplus.com\/wp-content\/uploads\/2025\/06\/Iglesia-de-San-Miguel-de-Mohices-Mundiplus-600x400.jpg 600w\" sizes=\"(max-width: 1024px) 100vw, 1024px\" \/><\/p>\n<p><span style=\"font-weight: 400;\">Le principal point d&rsquo;int\u00e9r\u00eat pour le p\u00e8lerin \u00e0 A Caridad est son <\/span><b>Albergue de Peregrinos<\/b><span style=\"font-weight: 400;\">, un lieu essentiel pour la convivialit\u00e9. Cet albergue offre non seulement un toit et un lit, mais aussi un espace de rencontre o\u00f9 les p\u00e8lerins peuvent partager des exp\u00e9riences, des conseils et des anecdotes sur le chemin. <\/span><\/p>\n<p><span style=\"font-weight: 400;\">L&rsquo;<\/span><b>\u00c9glise de San Miguel de Moh\u00edces<\/b><span style=\"font-weight: 400;\">, bien que modeste en taille, est un bon exemple de l&rsquo;architecture religieuse locale et un espace de r\u00e9flexion et de recueillement spirituel. Sa simplicit\u00e9 et ses racines profondes dans la communaut\u00e9 en font un lieu important pour de nombreux p\u00e8lerins. <\/span><\/p>\n<p><span style=\"font-weight: 400;\">Une promenade dans le <\/span><b>Parc de Mar\u00eda Cristina<\/b><span style=\"font-weight: 400;\">, avec son monument \u00e9mouvant d\u00e9di\u00e9 \u00e0 l&rsquo;\u00e9migrant, permet de profiter d&rsquo;un moment de calme et d&rsquo;observer la vie locale. Ce lieu est le poumon de la ville, id\u00e9al pour une courte pause ou pour \u00e9tirer les jambes apr\u00e8s une journ\u00e9e de marche. <\/span><\/p>\n<p><span style=\"font-weight: 400;\">Bien qu&rsquo;elle soit petite, la ville dispose de services de base essentiels (\u00e9piceries, pharmacies et plusieurs restaurants et bars).<\/span><\/p>\n<p>&nbsp;<\/p>\n<h2><b>Gastronomie \u00e0 A Caridad : Saveurs authentiques de l&rsquo;ouest des Asturies<\/b><\/h2>\n<p><span style=\"font-weight: 400;\">Sa gastronomie, tout comme celle de l&rsquo;ensemble de la municipalit\u00e9 d&rsquo;El Franco, se caract\u00e9rise par la qualit\u00e9 de ses produits locaux, <\/span><b>aussi bien de la mer que de la terre<\/b><span style=\"font-weight: 400;\">. Pour le p\u00e8lerin, c&rsquo;est l&rsquo;occasion de go\u00fbter \u00e0 la cuisine traditionnelle asturienne, avec des plats copieux et savoureux qui aident \u00e0 reprendre des forces.<\/span><\/p>\n<p>&nbsp;<\/p>\n<h3><b>De la mer et de l&rsquo;estuaire \u00e0 la table<\/b><\/h3>\n<p><span style=\"font-weight: 400;\">En raison de sa proximit\u00e9 avec la c\u00f4te et de la riche tradition de p\u00eache de la r\u00e9gion, <\/span><b>les poissons et fruits de mer frais<\/b><span style=\"font-weight: 400;\"> sont, sans aucun doute, les grands protagonistes de la table \u00e0 A Caridad. Bien que la localit\u00e9 ne soit pas caract\u00e9ris\u00e9e par de grands restaurants de luxe, les \u00e9tablissements locaux, souvent familiaux, offrent une cuisine maison et authentique. <\/span><\/p>\n<p><span style=\"font-weight: 400;\">Les p\u00e8lerins auront l&rsquo;occasion de d\u00e9guster des d\u00e9lices fra\u00eechement captur\u00e9s, tels que le <\/span><b>saumon<\/b><span style=\"font-weight: 400;\">, qui remonte les rivi\u00e8res asturiennes, ou la <\/span><b>truite<\/b><span style=\"font-weight: 400;\">, p\u00each\u00e9e dans les eaux cristallines de l&rsquo;int\u00e9rieur. De plus, la vari\u00e9t\u00e9 des fruits de mer est impressionnante, allant des <\/span><b>percebes<\/b><span style=\"font-weight: 400;\"> et des <\/span><b>n\u00e9coras<\/b><span style=\"font-weight: 400;\"> aux <\/span><b>homards<\/b><span style=\"font-weight: 400;\"> et aux <\/span><b>centolles<\/b><span style=\"font-weight: 400;\">, tous ayant le go\u00fbt inimitable de la mer Cantabrique.\u00a0<\/span><\/p>\n<p><span style=\"font-weight: 400;\">Les <\/span><b>empanadas de poisson et de fruits de mer<\/b><span style=\"font-weight: 400;\">, pr\u00e9par\u00e9es avec une p\u00e2te fine et une garniture g\u00e9n\u00e9reuse, sont une option populaire et savoureuse pour un d\u00e9jeuner rapide ou un d\u00eener r\u00e9confortant.\u00a0<\/span><\/p>\n<p>&nbsp;<\/p>\n<h3><b>Saveurs de la terre<\/b><\/h3>\n<p><span style=\"font-weight: 400;\">Comme nous l&rsquo;avons mentionn\u00e9, sa cuisine ne se limite pas aux produits de la mer. Elle s&rsquo;enrichit \u00e9galement des tr\u00e9sors de l&rsquo;horticulture et de l&rsquo;\u00e9levage local, offrant une vari\u00e9t\u00e9 de plats copieux et r\u00e9confortants, id\u00e9als pour le p\u00e8lerin qui a besoin de reprendre des forces.\u00a0<\/span><\/p>\n<p><span style=\"font-weight: 400;\">Les plats embl\u00e9matiques de la gastronomie asturienne que vous pourrez go\u00fbter ici sont :\u00a0<\/span><\/p>\n<ul>\n<li style=\"font-weight: 400;\" aria-level=\"1\"><span style=\"font-weight: 400;\">La <\/span><b>fabada asturienne<\/b><span style=\"font-weight: 400;\">, avec ses haricots blancs, chorizo, boudin et lac\u00f3n, est un choix parfait pour les journ\u00e9es plus fra\u00eeches.\u00a0<\/span><\/li>\n<\/ul>\n<p>&nbsp;<\/p>\n<ul>\n<li style=\"font-weight: 400;\" aria-level=\"1\"><span style=\"font-weight: 400;\">Les <\/span><b>potes de berzas<\/b><span style=\"font-weight: 400;\">, une soupe \u00e9paisse \u00e0 base de chou, pommes de terre et compango (chorizo, lac\u00f3n, etc.), sont une autre d\u00e9lice traditionnelle \u00e0 ne pas manquer.\u00a0<\/span><\/li>\n<\/ul>\n<p>&nbsp;<\/p>\n<ul>\n<li style=\"font-weight: 400;\" aria-level=\"1\"><span style=\"font-weight: 400;\">Les <\/span><b>tripes<\/b><span style=\"font-weight: 400;\">, pr\u00e9par\u00e9es avec ma\u00eetrise, sont un plat au go\u00fbt intense et \u00e0 la texture douce qui ravira les palais les plus audacieux.\u00a0<\/span><\/li>\n<\/ul>\n<p>&nbsp;<\/p>\n<ul>\n<li style=\"font-weight: 400;\" aria-level=\"1\"><span style=\"font-weight: 400;\">Les <\/span><b>viandes grill\u00e9es<\/b><span style=\"font-weight: 400;\">, issues de l&rsquo;\u00e9levage local, offrent une qualit\u00e9 exceptionnelle et un go\u00fbt authentique.\u00a0<\/span><\/li>\n<\/ul>\n<p>&nbsp;<\/p>\n<ul>\n<li style=\"font-weight: 400;\" aria-level=\"1\"><span style=\"font-weight: 400;\">Le <\/span><b>cachopo<\/b><span style=\"font-weight: 400;\">, un plat iconique des Asturies compos\u00e9 de deux escalopes de b\u0153uf farcies de jambon et de fromage, pan\u00e9es et frites, est une option g\u00e9n\u00e9reuse et d\u00e9licieuse.\u00a0<\/span><\/li>\n<\/ul>\n<p>&nbsp;<\/p>\n<p><span style=\"font-weight: 400;\">Les p\u00e2tisseries traditionnelles, avec des douceurs maison pr\u00e9par\u00e9es selon des recettes ancestrales, sont la touche parfaite pour cl\u00f4turer n&rsquo;importe quel repas. Parmi les sp\u00e9cialit\u00e9s, on trouve les <\/span><b>frixuelos<\/b><span style=\"font-weight: 400;\"> (cr\u00eapes fines), le <\/span><b>riz au lait<\/b><span style=\"font-weight: 400;\"> cr\u00e9meux et caram\u00e9lis\u00e9, et d&rsquo;autres d\u00e9lices qui varient selon la saison et la tradition familiale.\u00a0<\/span><\/p>\n<p>&nbsp;<\/p>\n<h2><b>Festivit\u00e9s et coutumes<\/b><\/h2>\n<p><span style=\"font-weight: 400;\">Cette localit\u00e9, comme beaucoup d&rsquo;autres dans les Asturies, maintient vivantes ses traditions et c\u00e9l\u00e8bre diverses festivit\u00e9s tout au long de l&rsquo;ann\u00e9e. Bien qu&rsquo;il ne s&rsquo;agisse pas de f\u00eates massives, elles offrent au p\u00e8lerin une vision authentique de la culture locale et l&rsquo;opportunit\u00e9 d&rsquo;interagir avec ses habitants.<\/span><\/p>\n<p>&nbsp;<\/p>\n<h3><b>Carnaval : Couleurs et joie<\/b><\/h3>\n<p><span style=\"font-weight: 400;\">Le <\/span><b>Carnaval de A Caridad<\/b><span style=\"font-weight: 400;\">, bien qu&rsquo;\u00e0 une \u00e9chelle plus r\u00e9duite que dans d&rsquo;autres villes asturiennes, est une c\u00e9l\u00e9bration qui emplit les rues de la ville de couleurs et de joie. Pendant ces jours, les habitants se parent de costumes cr\u00e9atifs et participent \u00e0 des d\u00e9fil\u00e9s et des activit\u00e9s ludiques pour tous les \u00e2ges.\u00a0<\/span><\/p>\n<p>&nbsp;<\/p>\n<h3><b>F\u00eates patronales et march\u00e9s traditionnels<\/b><\/h3>\n<p><span style=\"font-weight: 400;\">Les f\u00eates patronales, <\/span><b>dedicadas a San Miguel Arc\u00e1ngel<\/b><span style=\"font-weight: 400;\">, sont des moments de rencontre et de c\u00e9l\u00e9bration qui unissent la communaut\u00e9. Bien qu&rsquo;elles ne soient pas caract\u00e9ris\u00e9es par des p\u00e8lerinages massifs, elles comportent diverses activit\u00e9s religieuses et r\u00e9cr\u00e9atives qui refl\u00e8tent la d\u00e9votion et l&rsquo;esprit festif de ses habitants.\u00a0<\/span><\/p>\n<p><span style=\"font-weight: 400;\">Un autre \u00e9v\u00e9nement important du calendrier de A Caridad est le <\/span><b>March\u00e9 Traditionnel de El Franco<\/b><span style=\"font-weight: 400;\">, qui se d\u00e9roule <\/span><b>le premier week-end de juillet<\/b><span style=\"font-weight: 400;\">. Il ne s&rsquo;agit pas simplement d&rsquo;un lieu de commerce ; c&rsquo;est une v\u00e9ritable immersion dans la culture et les coutumes de la r\u00e9gion. Ici, les visiteurs peuvent trouver une grande vari\u00e9t\u00e9 de produits artisanaux fabriqu\u00e9s par des mains expertes, allant des textiles et de la c\u00e9ramique aux objets en bois et en cuir.\u00a0<\/span><\/p>\n<p><span style=\"font-weight: 400;\">La gastronomie locale joue \u00e9galement un r\u00f4le central, avec des stands proposant des d\u00e9lices traditionnels et la possibilit\u00e9 de d\u00e9guster des saveurs authentiques. L&rsquo;ambiance est compl\u00e9t\u00e9e par des performances folkloriques, de la musique traditionnelle et des d\u00e9monstrations de m\u00e9tiers anciens, ce qui transforme le march\u00e9 en une exp\u00e9rience sensorielle et culturelle tr\u00e8s enrichissante.\u00a0<\/span><\/p>\n<p>&nbsp;<\/p>\n<h2><b>Escapades proches pour le p\u00e8lerin curieux<\/b><\/h2>\n<p><img loading=\"lazy\" decoding=\"async\" class=\"alignnone wp-image-121405 size-full\" src=\"https:\/\/www.mundiplus.com\/wp-content\/uploads\/2025\/06\/Covas-de-Andia-Mundiplus.jpg\" alt=\"\" width=\"1024\" height=\"768\" srcset=\"https:\/\/www.mundiplus.com\/wp-content\/uploads\/2025\/06\/Covas-de-Andia-Mundiplus.jpg 1024w, https:\/\/www.mundiplus.com\/wp-content\/uploads\/2025\/06\/Covas-de-Andia-Mundiplus-300x225.jpg 300w, https:\/\/www.mundiplus.com\/wp-content\/uploads\/2025\/06\/Covas-de-Andia-Mundiplus-768x576.jpg 768w, https:\/\/www.mundiplus.com\/wp-content\/uploads\/2025\/06\/Covas-de-Andia-Mundiplus-600x450.jpg 600w\" sizes=\"(max-width: 1024px) 100vw, 1024px\" \/><\/p>\n<p><span style=\"font-weight: 400;\">Si le temps et les forces le permettent, les environs de A Caridad offrent des paysages naturels d&rsquo;une grande beaut\u00e9 qui valent vraiment la peine d&rsquo;\u00eatre visit\u00e9s. De petits d\u00e9tours qui r\u00e9compensent le p\u00e8lerin avec des paysages inoubliables et des moments de connexion avec la nature dans son \u00e9tat le plus pur.<\/span><\/p>\n<ul>\n<li style=\"font-weight: 400;\" aria-level=\"1\"><b>Port de Viav\u00e9lez<\/b><span style=\"font-weight: 400;\"> (\u00e0 3 km) : ce petit et charmant port de p\u00eache conserve l&rsquo;essence maritime de l&rsquo;ouest des Asturies. Ses maisons color\u00e9es, perch\u00e9es sur les collines, offrent une vue idyllique, surtout au coucher du soleil. C&rsquo;est un endroit id\u00e9al pour se promener au bord de la mer, observer les bateaux et profiter du bruit des vagues se brisant contre le quai.<\/span><\/li>\n<\/ul>\n<p>&nbsp;<\/p>\n<ul>\n<li style=\"font-weight: 400;\" aria-level=\"1\"><b>Le Castro de Cabo Blanco<\/b><span style=\"font-weight: 400;\"> (\u00e0 6 km) : situ\u00e9 sur une falaise, ce village celte ancien offre une combinaison unique d&rsquo;histoire et de paysage. Du sommet, on contemple la mer dans toute sa splendeur, tout en s&rsquo;aventurant dans les vestiges d&rsquo;une culture pr\u00e9romaine qui conserve encore une partie de ses structures d\u00e9fensives.\u00a0<\/span><\/li>\n<\/ul>\n<p>&nbsp;<\/p>\n<ul>\n<li style=\"font-weight: 400;\" aria-level=\"1\"><b>Plage de Porc\u00eda<\/b><span style=\"font-weight: 400;\"> (\u00e0 7 km) : entour\u00e9e de v\u00e9g\u00e9tation et prot\u00e9g\u00e9e du vent par des formations rocheuses, cet endroit est un havre de paix. Ses eaux cristallines et son environnement naturel invitent \u00e0 la d\u00e9tente.<\/span><\/li>\n<\/ul>\n<p>&nbsp;<\/p>\n<ul>\n<li style=\"font-weight: 400;\" aria-level=\"1\"><b>Chute d&rsquo;eau de Penadecabras<\/b><span style=\"font-weight: 400;\"> (\u00e0 12 km) : nich\u00e9e dans un environnement bois\u00e9, elle surprend par sa beaut\u00e9 sauvage. Le bruit de l&rsquo;eau tombant entre les mousses et les foug\u00e8res cr\u00e9e une atmosph\u00e8re presque magique. L&rsquo;acc\u00e8s est facile et la randonn\u00e9e, bien que courte, offre une connexion profonde avec la nature la plus pure des Asturies.<\/span><\/li>\n<\/ul>\n<p>&nbsp;<\/p>\n<ul>\n<li style=\"font-weight: 400;\" aria-level=\"1\"><b>Les Covas de And\u00eda<\/b><span style=\"font-weight: 400;\"> (\u00e0 10 km) : ces cavit\u00e9s naturelles, fa\u00e7onn\u00e9es par l&rsquo;eau et le passage du temps, forment un paysage curieux et myst\u00e9rieux. Explorer ses recoins est une petite aventure qui permet d&rsquo;observer de pr\u00e8s la g\u00e9ologie de la r\u00e9gion et de laisser libre cours \u00e0 son imagination.\u00a0<\/span><\/li>\n<\/ul>\n","protected":false},"excerpt":{"rendered":"<p>A Caridad, la capitale de la municipalit\u00e9 d&rsquo;El Franco, dans l&rsquo;ouest des Asturies, est un point de passage pour les p\u00e8lerins du Camino del Norte. Cette ville c\u00f4ti\u00e8re, avec son ambiance tranquille, offre un repos bien m\u00e9rit\u00e9 et l&rsquo;opportunit\u00e9 de plonger dans l&rsquo;authenticit\u00e9 de l&rsquo;Asturies rurale et maritime. Sa situation en fait un arr\u00eat essentiel [&hellip;]<\/p>\n","protected":false},"author":1,"featured_media":121401,"comment_status":"open","ping_status":"open","sticky":false,"template":"","format":"standard","meta":{"footnotes":""},"categories":[571,575,599],"tags":[],"class_list":["post-121434","post","type-post","status-publish","format-standard","has-post-thumbnail","hentry","category-blog-du-chemin","category-chemin-a-pied","category-villages-et-regions"],"_links":{"self":[{"href":"https:\/\/www.mundiplus.com\/fr\/wp-json\/wp\/v2\/posts\/121434","targetHints":{"allow":["GET"]}}],"collection":[{"href":"https:\/\/www.mundiplus.com\/fr\/wp-json\/wp\/v2\/posts"}],"about":[{"href":"https:\/\/www.mundiplus.com\/fr\/wp-json\/wp\/v2\/types\/post"}],"author":[{"embeddable":true,"href":"https:\/\/www.mundiplus.com\/fr\/wp-json\/wp\/v2\/users\/1"}],"replies":[{"embeddable":true,"href":"https:\/\/www.mundiplus.com\/fr\/wp-json\/wp\/v2\/comments?post=121434"}],"version-history":[{"count":2,"href":"https:\/\/www.mundiplus.com\/fr\/wp-json\/wp\/v2\/posts\/121434\/revisions"}],"predecessor-version":[{"id":121443,"href":"https:\/\/www.mundiplus.com\/fr\/wp-json\/wp\/v2\/posts\/121434\/revisions\/121443"}],"wp:featuredmedia":[{"embeddable":true,"href":"https:\/\/www.mundiplus.com\/fr\/wp-json\/wp\/v2\/media\/121401"}],"wp:attachment":[{"href":"https:\/\/www.mundiplus.com\/fr\/wp-json\/wp\/v2\/media?parent=121434"}],"wp:term":[{"taxonomy":"category","embeddable":true,"href":"https:\/\/www.mundiplus.com\/fr\/wp-json\/wp\/v2\/categories?post=121434"},{"taxonomy":"post_tag","embeddable":true,"href":"https:\/\/www.mundiplus.com\/fr\/wp-json\/wp\/v2\/tags?post=121434"}],"curies":[{"name":"wp","href":"https:\/\/api.w.org\/{rel}","templated":true}]}}