{"id":121578,"date":"2025-06-30T17:32:42","date_gmt":"2025-06-30T17:32:42","guid":{"rendered":"https:\/\/www.mundiplus.com\/?p=121578"},"modified":"2025-06-30T17:33:46","modified_gmt":"2025-06-30T17:33:46","slug":"el-caminito-del-rey-comme-entrainement-pour-le-camino","status":"publish","type":"post","link":"https:\/\/www.mundiplus.com\/fr\/caminito-del-rey-comme-entrainement-pour-le-camino\/","title":{"rendered":"El Caminito del Rey comme entra\u00eenement pour le Camino"},"content":{"rendered":"<p><img fetchpriority=\"high\" decoding=\"async\" class=\"alignnone wp-image-118987 size-full\" src=\"https:\/\/www.mundiplus.com\/wp-content\/uploads\/2025\/04\/Blog-Mundiplus.png\" alt=\"\" width=\"1023\" height=\"539\" srcset=\"https:\/\/www.mundiplus.com\/wp-content\/uploads\/2025\/04\/Blog-Mundiplus.png 1023w, https:\/\/www.mundiplus.com\/wp-content\/uploads\/2025\/04\/Blog-Mundiplus-300x158.png 300w, https:\/\/www.mundiplus.com\/wp-content\/uploads\/2025\/04\/Blog-Mundiplus-768x405.png 768w, https:\/\/www.mundiplus.com\/wp-content\/uploads\/2025\/04\/Blog-Mundiplus-600x316.png 600w\" sizes=\"(max-width: 1023px) 100vw, 1023px\" \/><\/p>\n<p><span style=\"font-weight: 400;\">De plus en plus de passionn\u00e9s de randonn\u00e9e, avant de se lancer dans l&rsquo;itin\u00e9raire du Camino de Santiago, cherchent des sentiers qui leur permettent <\/span><b>d&rsquo;\u00e9prouver leur endurance<\/b><span style=\"font-weight: 400;\">. Le <\/span><b>Caminito del Rey<\/b><span style=\"font-weight: 400;\">, \u00e0 Malaga, est devenu l&rsquo;une des options pr\u00e9f\u00e9r\u00e9es pour ceux qui souhaitent vivre une exp\u00e9rience intense, courte mais inoubliable, avant de se lancer dans une travers\u00e9e de plusieurs jours.<\/span><\/p>\n<p><span style=\"font-weight: 400;\">Avec ses passerelles suspendues \u00e0 <\/span><b>plus de 100 m\u00e8tres<\/b><span style=\"font-weight: 400;\"> au-dessus du fleuve Guadalhorce et son paysage escarp\u00e9 de parois verticales, ce sentier offre un \u00e9quilibre parfait entre d\u00e9fi physique et beaut\u00e9 naturelle.<\/span><\/p>\n<p>&nbsp;<\/p>\n<h2><b>Qu&rsquo;est-ce que le Caminito del Rey et pourquoi s\u00e9duit-il les randonneurs ?<\/b><\/h2>\n<p><img decoding=\"async\" class=\"alignnone wp-image-121560 size-full\" src=\"https:\/\/www.mundiplus.com\/wp-content\/uploads\/2025\/06\/Caminito-del-Rey-Mundiplus.jpg\" alt=\"\" width=\"1023\" height=\"683\" srcset=\"https:\/\/www.mundiplus.com\/wp-content\/uploads\/2025\/06\/Caminito-del-Rey-Mundiplus.jpg 1023w, https:\/\/www.mundiplus.com\/wp-content\/uploads\/2025\/06\/Caminito-del-Rey-Mundiplus-300x200.jpg 300w, https:\/\/www.mundiplus.com\/wp-content\/uploads\/2025\/06\/Caminito-del-Rey-Mundiplus-768x513.jpg 768w, https:\/\/www.mundiplus.com\/wp-content\/uploads\/2025\/06\/Caminito-del-Rey-Mundiplus-600x401.jpg 600w\" sizes=\"(max-width: 1023px) 100vw, 1023px\" \/><\/p>\n<p><span style=\"font-weight: 400;\">Le Caminito del Rey est <\/span><b>l&rsquo;un des sentiers les plus spectaculaires<\/b><span style=\"font-weight: 400;\"> \u2014et les plus photographi\u00e9s\u2014 <\/span><b>d&rsquo;Espagne<\/b><span style=\"font-weight: 400;\">. <\/span><\/p>\n<p><span style=\"font-weight: 400;\">Son histoire commence au <\/span><b>d\u00e9buts du XXe si\u00e8cle<\/b><span style=\"font-weight: 400;\">, lorsqu&rsquo;il fut construit comme <\/span><b>acc\u00e8s pour les ouvriers<\/b><span style=\"font-weight: 400;\"> charg\u00e9s de l&rsquo;entretien des canaux hydrauliques entre les r\u00e9servoirs de El Chorro et Gaitanejo. La passerelle, ancr\u00e9e aux parois du ravin de los Gaitanes, facilitait le passage entre les barrages dans une zone escarp\u00e9e et inaccessibile.<\/span><\/p>\n<p><span style=\"font-weight: 400;\">Il doit son nom au roi <\/span><b>Alphonse XIII<\/b><span style=\"font-weight: 400;\">, qui en 1921 a parcouru une partie du chemin pour inaugurer le barrage du Comte de Guadalhorce. Depuis lors, la passerelle est pass\u00e9e d&rsquo;une \u0153uvre fonctionnelle \u00e0 un mythe parmi les amateurs de montagne. Cependant, apr\u00e8s des d\u00e9cennies d&rsquo;abandon, le trac\u00e9 original est tomb\u00e9 en ruine et <\/span><b>est devenu tristement c\u00e9l\u00e8bre pour sa dangerosit\u00e9<\/b><span style=\"font-weight: 400;\">.<\/span><\/p>\n<p><span style=\"font-weight: 400;\">Tout a chang\u00e9 en <\/span><b>2015<\/b><span style=\"font-weight: 400;\">, lorsque le chemin a \u00e9t\u00e9 enti\u00e8rement restaur\u00e9 avec <\/span><b>des mesures de s\u00e9curit\u00e9 modernes<\/b><span style=\"font-weight: 400;\">, respectant son trac\u00e9 original tout en le rendant accessible et r\u00e9gul\u00e9.<\/span><\/p>\n<p>&nbsp;<\/p>\n<h2><b>Informations pratiques pour parcourir le Caminito del Rey<\/b><\/h2>\n<p><img decoding=\"async\" class=\"alignnone wp-image-121554 size-full\" src=\"https:\/\/www.mundiplus.com\/wp-content\/uploads\/2025\/06\/Pasarela-Camino-del-Rey-Mundiplus.jpg\" alt=\"\" width=\"1024\" height=\"709\" srcset=\"https:\/\/www.mundiplus.com\/wp-content\/uploads\/2025\/06\/Pasarela-Camino-del-Rey-Mundiplus.jpg 1024w, https:\/\/www.mundiplus.com\/wp-content\/uploads\/2025\/06\/Pasarela-Camino-del-Rey-Mundiplus-300x208.jpg 300w, https:\/\/www.mundiplus.com\/wp-content\/uploads\/2025\/06\/Pasarela-Camino-del-Rey-Mundiplus-768x532.jpg 768w, https:\/\/www.mundiplus.com\/wp-content\/uploads\/2025\/06\/Pasarela-Camino-del-Rey-Mundiplus-600x415.jpg 600w\" sizes=\"(max-width: 1024px) 100vw, 1024px\" \/><\/p>\n<h4><b>Difficult\u00e9 et dur\u00e9e<\/b><\/h4>\n<p><span style=\"font-weight: 400;\">Bien que sa renomm\u00e9e puisse intimider, le Caminito del Rey est aujourd&rsquo;hui un <\/span><b>sentier s\u00fbr<\/b><span style=\"font-weight: 400;\"> et accessible pour la plupart des personnes ayant une condition physique moyenne. Le parcours total mesure environ <\/span><b>7,7 kilom\u00e8tres<\/b><span style=\"font-weight: 400;\">, mais seulement <\/span><b>2,9 km<\/b><span style=\"font-weight: 400;\"> correspondent au tron\u00e7on des passerelles suspendues. Le reste se compose de sentiers naturels et d&rsquo;acc\u00e8s traversant l&rsquo;environnement du ravin.<\/span><\/p>\n<p><span style=\"font-weight: 400;\">La dur\u00e9e habituelle du trajet varie entre <\/span><b>3 et 4 heures<\/b><span style=\"font-weight: 400;\">, selon le rythme et le nombre d&rsquo;arr\u00eats. Il n&rsquo;y a pas de fortes pentes ni de zones techniquement difficiles, mais il y a des sections longues sans ombre ni aires de repos. C&rsquo;est pourquoi il est conseill\u00e9 de pr\u00e9voir suffisamment de temps et d&rsquo;\u00e9viter les heures de forte chaleur, surtout en \u00e9t\u00e9.<\/span><\/p>\n<p><span style=\"font-weight: 400;\">Quant au niveau d&rsquo;exigence, nous pourrions le consid\u00e9rer comme <\/span><b>difficile moyen-faible<\/b><span style=\"font-weight: 400;\">. C&rsquo;est une excellente option pour ceux qui veulent se tester avant de partir sur des itin\u00e9raires plus longs comme ceux du Camino de Santiago.<\/span><\/p>\n<p>&nbsp;<\/p>\n<h4><b>Le Caminito del Rey est-il dangereux ?<\/b><\/h4>\n<p><img loading=\"lazy\" decoding=\"async\" class=\"alignnone wp-image-121566 size-full\" src=\"https:\/\/www.mundiplus.com\/wp-content\/uploads\/2025\/06\/rio-Guadalhorce-Mundiplus.jpg\" alt=\"\" width=\"1024\" height=\"768\" srcset=\"https:\/\/www.mundiplus.com\/wp-content\/uploads\/2025\/06\/rio-Guadalhorce-Mundiplus.jpg 1024w, https:\/\/www.mundiplus.com\/wp-content\/uploads\/2025\/06\/rio-Guadalhorce-Mundiplus-300x225.jpg 300w, https:\/\/www.mundiplus.com\/wp-content\/uploads\/2025\/06\/rio-Guadalhorce-Mundiplus-768x576.jpg 768w, https:\/\/www.mundiplus.com\/wp-content\/uploads\/2025\/06\/rio-Guadalhorce-Mundiplus-600x450.jpg 600w\" sizes=\"(max-width: 1024px) 100vw, 1024px\" \/><\/p>\n<p><span style=\"font-weight: 400;\">La question revient fr\u00e9quemment, et la r\u00e9ponse d\u00e9pend davantage de la perception du visiteur que de la r\u00e9alit\u00e9 actuelle. <\/span><\/p>\n<p><span style=\"font-weight: 400;\">Apr\u00e8s sa restauration, c&rsquo;est un sentier <\/span><b>totalement s\u00fbr<\/b><span style=\"font-weight: 400;\">, avec des passerelles renforc\u00e9es, des rampes en acier et des casques obligatoires fournis \u00e0 l&rsquo;entr\u00e9e. N\u00e9anmoins, le parcours <\/span><b>n&rsquo;est pas adapt\u00e9 aux personnes ayant le vertige<\/b><span style=\"font-weight: 400;\"> ou une peur des hauteurs, car une grande partie du trajet se fait suspendue dans le vide, avec des vues panoramiques spectaculaires\u2026 et aussi intimidantes.<\/span><\/p>\n<p><span style=\"font-weight: 400;\">Les conditions m\u00e9t\u00e9orologiques peuvent affecter l&rsquo;acc\u00e8s, surtout en cas de fortes pluies ou de rafales de vent, car<\/span> <span style=\"font-weight: 400;\">par s\u00e9curit\u00e9, l&rsquo;acc\u00e8s peut \u00eatre temporairement ferm\u00e9. Il est donc conseill\u00e9 de <\/span><b>v\u00e9rifier les pr\u00e9visions<\/b><span style=\"font-weight: 400;\"> avant la visite et d&rsquo;\u00eatre flexible sur les dates, si possible.<\/span><\/p>\n<p>&nbsp;<\/p>\n<h4><b>Conseils pour profiter de l&rsquo;exp\u00e9rience<\/b><\/h4>\n<p><span style=\"font-weight: 400;\">Pour tirer le meilleur parti de cette exp\u00e9rience unique, il est utile de suivre quelques conseils pratiques :<\/span><\/p>\n<ul>\n<li style=\"font-weight: 400;\" aria-level=\"1\"><b>R\u00e9servez \u00e0 l&rsquo;avance<\/b><span style=\"font-weight: 400;\"> : l&rsquo;acc\u00e8s est r\u00e9gul\u00e9 et limit\u00e9. Il est obligatoire d&rsquo;acheter les billets en ligne et de choisir un horaire d&rsquo;entr\u00e9e sp\u00e9cifique.<\/span><\/li>\n<\/ul>\n<p>&nbsp;<\/p>\n<ul>\n<li style=\"font-weight: 400;\" aria-level=\"1\"><b>Choisissez bien votre \u00e9quipement<\/b><span style=\"font-weight: 400;\"> : il est recommand\u00e9 de porter des chaussures confortables, de pr\u00e9f\u00e9rence des bottes ou des chaussures de montagne avec une bonne semelle. Il est interdit d&rsquo;entrer avec des b\u00e2tons, des sacs \u00e0 dos volumineux ou des parapluies.<\/span><\/li>\n<\/ul>\n<p>&nbsp;<\/p>\n<ul>\n<li style=\"font-weight: 400;\" aria-level=\"1\"><b>Prot\u00e9gez-vous du soleil<\/b><span style=\"font-weight: 400;\"> : une grande partie du parcours n&rsquo;a pas d&rsquo;ombre. Prenez une casquette, des lunettes de soleil et de la cr\u00e8me solaire, surtout si vous y allez pendant les mois chauds.<\/span><\/li>\n<\/ul>\n<p>&nbsp;<\/p>\n<ul>\n<li style=\"font-weight: 400;\" aria-level=\"1\"><b>Hydratation et repas l\u00e9ger<\/b><span style=\"font-weight: 400;\"> : il n&rsquo;y a pas de fontaines ni de zones de pique-nique sur le parcours, il est donc important d&#8217;emporter une bouteille d&rsquo;eau (au moins 1 litre) et des encas \u00e9nerg\u00e9tiques.<\/span><\/li>\n<\/ul>\n<p>&nbsp;<\/p>\n<ul>\n<li style=\"font-weight: 400;\" aria-level=\"1\"><b>Arrivez avec du temps<\/b><span style=\"font-weight: 400;\"> : l&rsquo;acc\u00e8s se fait depuis la municipalit\u00e9 d&rsquo;Ardales et se termine \u00e0 El Chorro. Il existe un service de navette (bus) qui relie les deux points, mais il est important de bien calculer le temps de trajet.<\/span><\/li>\n<\/ul>\n<p>&nbsp;<\/p>\n<h2><b>Le Caminito del Rey comme entra\u00eenement pour le Camino de Santiago<\/b><\/h2>\n<h3><b>Similitudes : nature, effort physique et r\u00e9compense \u00e9motionnelle<\/b><\/h3>\n<p><span style=\"font-weight: 400;\">Pour de nombreux amoureux de la randonn\u00e9e, le Caminito del Rey ne repr\u00e9sente pas seulement une aventure en soi. Plus que cela, c&rsquo;est une excellente <\/span><b>pr\u00e9paration mentale et physique pour des d\u00e9fis plus longs<\/b><span style=\"font-weight: 400;\">, comme les diff\u00e9rents itin\u00e9raires du Camino de Santiago.<\/span><\/p>\n<p><span style=\"font-weight: 400;\">Bien que la dur\u00e9e ne soit pas comparable, ces deux exp\u00e9riences partagent des \u00e9l\u00e9ments cl\u00e9s : le contact avec la nature, la n\u00e9cessit\u00e9 de maintenir la concentration et un profond sens de d\u00e9passement de soi.<\/span><\/p>\n<p><span style=\"font-weight: 400;\">Par exemple, ceux qui ont parcouru le <\/span><a href=\"https:\/\/www.mundiplus.com\/fr\/caminos\/a-pie\/camino-norte\/camino-de-santiago-desde-bilbao\/\"><b>Camino de Santiago depuis Bilbao<\/b><\/a><span style=\"font-weight: 400;\"> jusqu&rsquo;\u00e0 Santander savent que ses premi\u00e8res \u00e9tapes offrent des sections c\u00f4ti\u00e8res, des mont\u00e9es intenses et des paysages spectaculaires qui n\u00e9cessitent une certaine pr\u00e9paration pr\u00e9alable. Le Caminito, bien que court, peut \u00eatre un bon indicateur pour savoir <\/span><b>comment le corps r\u00e9agit face aux d\u00e9nivel\u00e9s, \u00e0 la chaleur et \u00e0 une certaine exposition \u00e0 l&rsquo;environnement<\/b><span style=\"font-weight: 400;\">.<\/span><\/p>\n<p><span style=\"font-weight: 400;\">De m\u00eame, le <\/span><a href=\"https:\/\/www.mundiplus.com\/fr\/caminos\/a-pie\/camino-de-santiago-desde-ribadeo\/\"><b>Camino del Norte Ribadeo<\/b><\/a><span style=\"font-weight: 400;\"> partage avec ce sentier cette fusion de beaut\u00e9 naturelle et d&rsquo;intensit\u00e9 physique. Les falaises du Cantabrique, l&rsquo;humidit\u00e9 de l&rsquo;environnement ou les mont\u00e9es continues trouvent leur \u00e9cho dans l&rsquo;exigence de marcher sur des passerelles suspendues dans les airs, o\u00f9 chaque pas oblige \u00e0 \u00eatre pr\u00e9sent et concentr\u00e9.<\/span><\/p>\n<p><span style=\"font-weight: 400;\">Dans tous les cas, <\/span><b>la connexion avec le paysage est totale<\/b><span style=\"font-weight: 400;\">. Que ce soit en observant les rapaces survolant le ravin de Malaga ou en contemplant les falaises asturiennes, le randonneur se retrouve immerg\u00e9 dans l&rsquo;environnement.<\/span><\/p>\n<p>&nbsp;<\/p>\n<h4><b>Diff\u00e9rences : dur\u00e9e, logistique et continuit\u00e9 de l&rsquo;effort<\/b><\/h4>\n<p><span style=\"font-weight: 400;\">Malgr\u00e9 leurs similitudes en termes d&rsquo;environnement et d&rsquo;exp\u00e9rience \u00e9motionnelle, les diff\u00e9rences entre les deux sont substantielles. <\/span><\/p>\n<ul>\n<li style=\"font-weight: 400;\" aria-level=\"1\"><span style=\"font-weight: 400;\">Le Caminito est une activit\u00e9 ponctuelle, <\/span><b>de moiti\u00e9 de journ\u00e9e<\/b><span style=\"font-weight: 400;\">, avec un d\u00e9but et une fin clairement d\u00e9finis. Il ne n\u00e9cessite ni de transporter des bagages, ni de planifier o\u00f9 dormir ou quoi manger le lendemain.<\/span><\/li>\n<\/ul>\n<p>&nbsp;<\/p>\n<ul>\n<li style=\"font-weight: 400;\" aria-level=\"1\"><span style=\"font-weight: 400;\">En revanche, le Camino est une exp\u00e9rience prolong\u00e9e dans le temps. Il implique de <\/span><b>marcher pendant plusieurs jours cons\u00e9cutifs<\/b><span style=\"font-weight: 400;\"> et de g\u00e9rer des aspects comme la r\u00e9cup\u00e9ration physique quotidienne, le rythme personnel, la m\u00e9t\u00e9o changeante et la convivialit\u00e9 avec les autres marcheurs. C&rsquo;est une exp\u00e9rience plus introspective, qui exige une r\u00e9sistance progressive et une adaptation constante.<\/span><\/li>\n<\/ul>\n<p>&nbsp;<\/p>\n<p><span style=\"font-weight: 400;\">Le Caminito peut servir de \u00ab \u00e9tape z\u00e9ro \u00bb symbolique : un premier contact avec la marche prolong\u00e9e, la pr\u00e9paration pr\u00e9alable et le sentiment d&rsquo;accomplissement. Mais <\/span><b>il ne remplace pas l&rsquo;exp\u00e9rience de marcher chaque jour au rythme de son propre corps<\/b><span style=\"font-weight: 400;\">.<\/span><\/p>\n<p>&nbsp;<\/p>\n<h2><b>Pourquoi c&rsquo;est un excellent test avant le Camino<\/b><\/h2>\n<h3><b>Id\u00e9al pour ceux qui veulent \u00e9valuer leur pr\u00e9paration<\/b><\/h3>\n<p><span style=\"font-weight: 400;\">Parcourir le Caminito del Rey est une mani\u00e8re pratique d&rsquo;<\/span><b>\u00e9valuer si vous \u00eates suffisamment pr\u00e9par\u00e9<\/b><span style=\"font-weight: 400;\"> pour relever le d\u00e9fi de plusieurs jours de marche sur des sentiers variables. Bien que la distance soit bien plus courte, marcher pendant plusieurs heures sur des terrains irr\u00e9guliers, sous la chaleur, avec des d\u00e9nivel\u00e9s et <\/span><b>sans possibilit\u00e9 d&rsquo;abandonner en cours de route<\/b><span style=\"font-weight: 400;\">, est tr\u00e8s r\u00e9v\u00e9lateur.<\/span><\/p>\n<p><span style=\"font-weight: 400;\">De plus, cela permet de v\u00e9rifier <\/span><b>comment le corps r\u00e9agit<\/b><span style=\"font-weight: 400;\"> \u00e0 l&rsquo;utilisation prolong\u00e9e de chaussures techniques, comment g\u00e9rer le rythme de marche ou les petits impr\u00e9vus du chemin (ampoules, soif, fatigue, etc.). Pour ceux qui n&rsquo;ont pas encore effectu\u00e9 une travers\u00e9e de plus d&rsquo;une journ\u00e9e, cela peut servir d&rsquo;<\/span><b>exp\u00e9rience \u201cinterm\u00e9diaire\u201d entre une simple randonn\u00e9e et un itin\u00e9raire de longue distance<\/b><span style=\"font-weight: 400;\">.<\/span><\/p>\n<p>&nbsp;<\/p>\n<h4><b>Entra\u00eenement mental et physique avant plusieurs jours de marche<\/b><\/h4>\n<p><span style=\"font-weight: 400;\">Au-del\u00e0 de l&rsquo;aspect physique, marcher sur des passerelles suspendues, avec le vide sous les pieds, est un v\u00e9ritable test de <\/span><b>s\u00e9r\u00e9nit\u00e9, d&rsquo;autocontr\u00f4le et de concentration<\/b><span style=\"font-weight: 400;\">. <\/span><\/p>\n<p><span style=\"font-weight: 400;\">Bien que le parcours soit enti\u00e8rement s\u00e9curis\u00e9, il oblige le marcheur \u00e0 maintenir son attention, \u00e0 avoir confiance en son corps et \u00e0 g\u00e9rer ses \u00e9motions. Cela est particuli\u00e8rement utile si l&rsquo;on pr\u00e9voit de faire un p\u00e8lerinage, o\u00f9 non seulement l&rsquo;effort physique compte, mais aussi la capacit\u00e9 \u00e0 s&rsquo;adapter \u00e0 l&rsquo;inattendu.<\/span><\/p>\n<p><span style=\"font-weight: 400;\">Un exemple parfait pour commencer pourrait \u00eatre le <\/span><a href=\"https:\/\/www.mundiplus.com\/fr\/caminos\/a-pie\/camino-portugues\/camino-de-santiago-desde-tui\/\"><b>Camino portugais depuis Tui<\/b><\/a><span style=\"font-weight: 400;\">, l&rsquo;un des segments les plus accessibles et agr\u00e9ables pour d\u00e9buter. Avec une dur\u00e9e approximative d&rsquo;une semaine et des \u00e9tapes de difficult\u00e9 mod\u00e9r\u00e9e, il offre une exp\u00e9rience \u00e9quilibr\u00e9e de beaut\u00e9 paysag\u00e8re, d&rsquo;histoire et de tradition jacob\u00e9enne. <\/span><\/p>\n<p><span style=\"font-weight: 400;\">Et le meilleur : apr\u00e8s avoir surmont\u00e9 le Caminito, de nombreux p\u00e8lerins d\u00e9couvrent qu&rsquo;ils sont plus pr\u00e9par\u00e9s qu&rsquo;ils ne le pensaient.<\/span><\/p>\n<p>&nbsp;<\/p>\n<h2><b>Autres conseils pour les randonneurs qui souhaitent faire le saut vers le Camino de Santiago<\/b><\/h2>\n<h4><b>De l&rsquo;exp\u00e9rience ponctuelle au voyage initiatique<\/b><\/h4>\n<p><span style=\"font-weight: 400;\">Pour de nombreux randonneurs, passer du Caminito del Rey \u00e0 un itin\u00e9raire du Camino de Santiago n&rsquo;est pas simplement une question de distance ou de dur\u00e9e : <\/span><b>c&rsquo;est une \u00e9volution dans la fa\u00e7on de voyager<\/b><span style=\"font-weight: 400;\">. <\/span><\/p>\n<p><span style=\"font-weight: 400;\">Faire ce saut ne signifie pas se lancer \u00e0 traverser des centaines de kilom\u00e8tres sans plus, mais <\/span><b>adapter le d\u00e9fi \u00e0 son moment personnel<\/b><span style=\"font-weight: 400;\">. Ce qui importe, ce n&rsquo;est pas la longueur du trajet, mais la volont\u00e9 de marcher chaque jour avec un but, en profitant de ce que le chemin a \u00e0 offrir : des paysages ruraux aux conversations avec d&rsquo;autres p\u00e8lerins.<\/span><\/p>\n<p><span style=\"font-weight: 400;\">Si vous vous sentez pr\u00eat pour ce pas, il existe des options tr\u00e8s accessibles pour commencer, et vous n&rsquo;avez pas besoin d&rsquo;organiser tout cela par vous-m\u00eame. Il existe des agences sp\u00e9cialis\u00e9es dans les <\/span><a href=\"https:\/\/www.mundiplus.com\/fr\/\"><b>voyages Camino Santiago<\/b><\/a><span style=\"font-weight: 400;\"> qui vous fournissent des conseils, des id\u00e9es d&rsquo;itin\u00e9raires et des propositions adapt\u00e9es \u00e0 tous les niveaux.<\/span><\/p>\n<p>&nbsp;<\/p>\n<h4><b>Quel Camino choisir pour commencer<\/b><\/h4>\n<p><span style=\"font-weight: 400;\">En plus du d\u00e9j\u00e0 mentionn\u00e9 Camino portugais depuis Tui, il existe d&rsquo;autres itin\u00e9raires id\u00e9aux pour bien commencer, comme le <\/span><b>Camino fran\u00e7ais depuis Sarria<\/b><span style=\"font-weight: 400;\"> ou le <\/span><b>Camino anglais depuis Ferrol<\/b><span style=\"font-weight: 400;\">. L&rsquo;essentiel est de commencer avec enthousiasme, en sachant qu&rsquo;il ne s&rsquo;agit pas d&rsquo;une course, mais d&rsquo;un voyage v\u00e9cu \u00e9tape par \u00e9tape.<\/span><\/p>\n","protected":false},"excerpt":{"rendered":"<p>De plus en plus de passionn\u00e9s de randonn\u00e9e, avant de se lancer dans l&rsquo;itin\u00e9raire du Camino de Santiago, cherchent des sentiers qui leur permettent d&rsquo;\u00e9prouver leur endurance. Le Caminito del Rey, \u00e0 Malaga, est devenu l&rsquo;une des options pr\u00e9f\u00e9r\u00e9es pour ceux qui souhaitent vivre une exp\u00e9rience intense, courte mais inoubliable, avant de se lancer dans [&hellip;]<\/p>\n","protected":false},"author":1,"featured_media":121562,"comment_status":"open","ping_status":"open","sticky":false,"template":"","format":"standard","meta":{"footnotes":""},"categories":[571,575,567,595],"tags":[],"class_list":["post-121578","post","type-post","status-publish","format-standard","has-post-thumbnail","hentry","category-blog-du-chemin","category-chemin-a-pied","category-conditionnement-physique","category-preparatifs-pour-le-voyage"],"_links":{"self":[{"href":"https:\/\/www.mundiplus.com\/fr\/wp-json\/wp\/v2\/posts\/121578","targetHints":{"allow":["GET"]}}],"collection":[{"href":"https:\/\/www.mundiplus.com\/fr\/wp-json\/wp\/v2\/posts"}],"about":[{"href":"https:\/\/www.mundiplus.com\/fr\/wp-json\/wp\/v2\/types\/post"}],"author":[{"embeddable":true,"href":"https:\/\/www.mundiplus.com\/fr\/wp-json\/wp\/v2\/users\/1"}],"replies":[{"embeddable":true,"href":"https:\/\/www.mundiplus.com\/fr\/wp-json\/wp\/v2\/comments?post=121578"}],"version-history":[{"count":2,"href":"https:\/\/www.mundiplus.com\/fr\/wp-json\/wp\/v2\/posts\/121578\/revisions"}],"predecessor-version":[{"id":121587,"href":"https:\/\/www.mundiplus.com\/fr\/wp-json\/wp\/v2\/posts\/121578\/revisions\/121587"}],"wp:featuredmedia":[{"embeddable":true,"href":"https:\/\/www.mundiplus.com\/fr\/wp-json\/wp\/v2\/media\/121562"}],"wp:attachment":[{"href":"https:\/\/www.mundiplus.com\/fr\/wp-json\/wp\/v2\/media?parent=121578"}],"wp:term":[{"taxonomy":"category","embeddable":true,"href":"https:\/\/www.mundiplus.com\/fr\/wp-json\/wp\/v2\/categories?post=121578"},{"taxonomy":"post_tag","embeddable":true,"href":"https:\/\/www.mundiplus.com\/fr\/wp-json\/wp\/v2\/tags?post=121578"}],"curies":[{"name":"wp","href":"https:\/\/api.w.org\/{rel}","templated":true}]}}