{"id":122182,"date":"2025-07-25T16:07:20","date_gmt":"2025-07-25T16:07:20","guid":{"rendered":"https:\/\/www.mundiplus.com\/?p=122182"},"modified":"2025-07-25T16:08:04","modified_gmt":"2025-07-25T16:08:04","slug":"les-plus-beaux-couchers-de-soleil-sur-le-chemin-de-saint-jacques-de-compostelle","status":"publish","type":"post","link":"https:\/\/www.mundiplus.com\/fr\/des-couchers-de-soleil-inoubliables-a-camino-de-santiago\/","title":{"rendered":"Les plus beaux couchers de soleil sur le chemin de Saint-Jacques-de-Compostelle"},"content":{"rendered":"<p><img fetchpriority=\"high\" decoding=\"async\" class=\"alignnone wp-image-118987 size-full\" src=\"https:\/\/www.mundiplus.com\/wp-content\/uploads\/2025\/04\/Blog-Mundiplus.png\" alt=\"\" width=\"1023\" height=\"539\" srcset=\"https:\/\/www.mundiplus.com\/wp-content\/uploads\/2025\/04\/Blog-Mundiplus.png 1023w, https:\/\/www.mundiplus.com\/wp-content\/uploads\/2025\/04\/Blog-Mundiplus-300x158.png 300w, https:\/\/www.mundiplus.com\/wp-content\/uploads\/2025\/04\/Blog-Mundiplus-768x405.png 768w, https:\/\/www.mundiplus.com\/wp-content\/uploads\/2025\/04\/Blog-Mundiplus-600x316.png 600w\" sizes=\"(max-width: 1023px) 100vw, 1023px\" \/><\/p>\n<p><span style=\"font-weight: 400;\">Chaque jour sur le Camino de Santiago est une aventure qui m\u00eale effort physique, introspection et rencontres inoubliables. Mais il y a un moment en particulier que beaucoup de p\u00e8lerins consid\u00e8rent comme magique : <\/span><b>le coucher du soleil<\/b><span style=\"font-weight: 400;\">. Cette lumi\u00e8re chaleureuse qui caresse les champs, les falaises et les villages du nord de l&rsquo;Espagne ne peint pas seulement des paysages dignes de cartes postales, mais invite aussi \u00e0 s&rsquo;arr\u00eater, respirer et contempler.<\/span><\/p>\n<p><span style=\"font-weight: 400;\">Car l&rsquo;exp\u00e9rience se vit avec les cinq sens. Et dans cette exp\u00e9rience totale, voir le soleil se coucher en pleine route devient un rituel silencieux, intime et puissant. C&rsquo;est la mani\u00e8re dont le paysage te remercie pour l&rsquo;effort du jour, t&rsquo;enlace avec une lumi\u00e8re dor\u00e9e et te rappelle que tu es dans l&rsquo;un des endroits les plus sp\u00e9ciaux du monde.<\/span><\/p>\n<p><span style=\"font-weight: 400;\">Ci-dessous, nous te montrons o\u00f9 vivent les <\/span><b>plus beaux couchers de soleil du Camino de Santiago<\/b><span style=\"font-weight: 400;\">, organis\u00e9s par route, pour que tu te souviennes non seulement de la destination, mais aussi de chaque \u00e9tape du voyage. Et si tu envisages de commencer ton chemin, il existe de nombreuses <\/span><a href=\"https:\/\/www.mundiplus.com\/fr\/\"><b>entreprises pour faire le Camino de Santiago<\/b><\/a><span style=\"font-weight: 400;\"> qui peuvent t&rsquo;aider \u00e0 tout organiser. Ainsi, tu n&rsquo;auras qu&rsquo;\u00e0 te concentrer sur la marche\u2026 et sur regarder le ciel lorsque la nuit tombe.<\/span><\/p>\n<p>&nbsp;<\/p>\n<h2><b>Routes du Camino et leurs meilleurs couchers de soleil<\/b><\/h2>\n<p><span style=\"font-weight: 400;\">Chaque route a son essence, son paysage et, bien s\u00fbr, ses couchers de soleil. Nous t&#8217;emmenons aux points les plus spectaculaires de chacune pour que tu saches o\u00f9 il vaut la peine de faire une pause et de t&rsquo;\u00e9merveiller.<\/span><\/p>\n<p>&nbsp;<\/p>\n<h3><b>Camino Fran\u00e7ais<\/b><\/h3>\n<p><span style=\"font-weight: 400;\">La route la plus embl\u00e9matique et la plus fr\u00e9quent\u00e9e ne d\u00e9\u00e7oit pas en termes de paysages naturels. Elle traverse des montagnes, des vall\u00e9es et des plaines, et offre des couchers de soleil dignes d&rsquo;une peinture.<\/span><\/p>\n<p>&nbsp;<\/p>\n<h4><b>Roncesvalles (Navarre)<\/b><\/h4>\n<p><span style=\"font-weight: 400;\">Point de d\u00e9part pour de nombreux p\u00e8lerins, Roncesvalles impressionne non seulement par son importance historique, mais aussi par son environnement naturel. Nich\u00e9e dans les Pyr\u00e9n\u00e9es de Navarre, entour\u00e9e de h\u00eatres et de montagnes, c&rsquo;est un endroit o\u00f9 le coucher du soleil arrive comme un murmure entre les arbres. <\/span><\/p>\n<p><span style=\"font-weight: 400;\">La lumi\u00e8re dor\u00e9e filtre entre les feuilles, teintant de feu <\/span><b>les toits de pierre et la coll\u00e9giale<\/b><span style=\"font-weight: 400;\">, tandis que le silence de la for\u00eat s&rsquo;intensifie avec la tomb\u00e9e de la nuit. C&rsquo;est une sc\u00e8ne solennelle, presque mystique, qui marque le d\u00e9but du Camino avec un message clair : tu entres dans un voyage qui transformera tes jours\u2026 et tes nuits.<\/span><\/p>\n<p>&nbsp;<\/p>\n<h4><b>Alto del Perd\u00f3n (Navarre)<\/b><\/h4>\n<p><span style=\"font-weight: 400;\">Aux abords de <\/span><b>Pamplona<\/b><span style=\"font-weight: 400;\">, ce col est devenu c\u00e9l\u00e8bre pour ses <\/span><b>sculptures m\u00e9talliques de p\u00e8lerins<\/b><span style=\"font-weight: 400;\"> qui semblent marcher vers l&rsquo;horizon. Mais ce qui coupe vraiment le souffle, c&rsquo;est la vue panoramique : des champs ondul\u00e9s \u00e0 perte de vue, qui au coucher du soleil, se teintent d&rsquo;or. <\/span><\/p>\n<p><span style=\"font-weight: 400;\">Un moment id\u00e9al pour s&rsquo;asseoir en silence et prendre de l&rsquo;\u00e9nergie mentale pour affronter les \u00e9tapes \u00e0 venir. L&rsquo;immensit\u00e9 du paysage invite \u00e0 respirer profond\u00e9ment et \u00e0 rester quelques minutes de plus, m\u00eame si le corps r\u00e9clame du repos.<\/span><\/p>\n<p>&nbsp;<\/p>\n<h4><b>O Cebreiro (Lugo)<\/b><\/h4>\n<p><span style=\"font-weight: 400;\">Ce petit village d&rsquo;origine celtique, perch\u00e9 dans les montagnes galiciennes, semble suspendu dans le temps. Ses <\/span><b>pallozas de pierre et de chaume<\/b><span style=\"font-weight: 400;\"> se fondent dans une brume presque magique qui, au coucher du soleil, prend des teintes rouges et violettes. Ici, le soleil se couche lentement, comme s&rsquo;il savait que tu es dans un endroit sp\u00e9cial. <\/span><\/p>\n<p><span style=\"font-weight: 400;\">Les vues depuis l&rsquo;<\/span><b>\u00e9glise pr\u00e9romane de Santa Mar\u00eda<\/b><span style=\"font-weight: 400;\"> sont un spectacle qui te connecte avec des si\u00e8cles d&rsquo;histoire et avec le pr\u00e9sent le plus intime du p\u00e8lerin.<\/span><\/p>\n<p>&nbsp;<\/p>\n<h3><b>Camino du Nord<\/b><\/h3>\n<p><span style=\"font-weight: 400;\">Cette route longe la c\u00f4te cantabrique, et cela signifie une chose : <\/span><b>des couchers de soleil au bord de la mer<\/b><span style=\"font-weight: 400;\">. La beaut\u00e9 ici est sauvage, abrupte et profond\u00e9ment \u00e9mouvante.<\/span><\/p>\n<p>&nbsp;<\/p>\n<h4><b>Plage de la Concha (Saint-S\u00e9bastien)<\/b><\/h4>\n<p><img decoding=\"async\" class=\"alignnone wp-image-122137 size-full\" src=\"https:\/\/www.mundiplus.com\/wp-content\/uploads\/2025\/07\/Atardecer-Playa-de-la-concha-Mundiplus.jpg\" alt=\"\" width=\"1024\" height=\"683\" srcset=\"https:\/\/www.mundiplus.com\/wp-content\/uploads\/2025\/07\/Atardecer-Playa-de-la-concha-Mundiplus.jpg 1024w, https:\/\/www.mundiplus.com\/wp-content\/uploads\/2025\/07\/Atardecer-Playa-de-la-concha-Mundiplus-300x200.jpg 300w, https:\/\/www.mundiplus.com\/wp-content\/uploads\/2025\/07\/Atardecer-Playa-de-la-concha-Mundiplus-768x512.jpg 768w, https:\/\/www.mundiplus.com\/wp-content\/uploads\/2025\/07\/Atardecer-Playa-de-la-concha-Mundiplus-600x400.jpg 600w\" sizes=\"(max-width: 1024px) 100vw, 1024px\" \/><\/p>\n<p><span style=\"font-weight: 400;\">Bien qu&rsquo;elle soit au d\u00e9but du parcours, si tu peux arriver \u00e0 la plage de la Concha \u00e0 la fin de la journ\u00e9e, tu comprendras pourquoi beaucoup consid\u00e8rent ce coucher du soleil comme l&rsquo;un des <\/span><b>plus beaux de toute l&rsquo;Europe<\/b><span style=\"font-weight: 400;\">. Le soleil se cache derri\u00e8re le mont Igueldo et les vagues r\u00e9fl\u00e9chissent la derni\u00e8re lumi\u00e8re du jour comme des miroirs liquides. <\/span><\/p>\n<p><span style=\"font-weight: 400;\">Se promener le long du rivage ou simplement s&rsquo;asseoir sur le sable peut devenir l&rsquo;une des premi\u00e8res grandes cartes postales de l&rsquo;exp\u00e9rience.<\/span><\/p>\n<p>&nbsp;<\/p>\n<h4><b>C\u00f4te entre Santander et Gij\u00f3n<\/b><\/h4>\n<p><span style=\"font-weight: 400;\">Le tron\u00e7on c\u00f4tier entre ces deux villes est un d\u00e9fil\u00e9 constant de <\/span><b>falaises, plages cach\u00e9es et points de vue naturels<\/b><span style=\"font-weight: 400;\">. Chaque \u00e9tape semble con\u00e7ue pour se terminer par un coucher de soleil diff\u00e9rent : orange lors des journ\u00e9es d\u00e9gag\u00e9es, argent\u00e9 lorsque la brume marine le recouvre.<\/span><\/p>\n<p><span style=\"font-weight: 400;\">Si tu pr\u00e9vois de parcourir cette zone, jette un \u0153il au <\/span><a href=\"https:\/\/www.mundiplus.com\/fr\/caminos\/a-pie\/camino-norte\/camino-de-santiago-desde-santander\/\"><b>camino de Santiago Santander Gij\u00f3n<\/b><\/a><span style=\"font-weight: 400;\">, une option parfaite pour ceux qui cherchent \u00e0 marcher au bord de la mer et au c\u0153ur de la nature \u00e0 chaque \u00e9tape.<\/span><\/p>\n<p>&nbsp;<\/p>\n<h3><b>Camino Portugais par la C\u00f4te<\/b><\/h3>\n<p><span style=\"font-weight: 400;\">Cet itin\u00e9raire gagne des adeptes chaque ann\u00e9e gr\u00e2ce \u00e0 sa <\/span><b>proximit\u00e9 avec l&rsquo;Atlantique<\/b><span style=\"font-weight: 400;\"> et sa richesse paysag\u00e8re. Ses couchers de soleil au bord de la mer sont parmi les plus \u00e9mouvants de tout le r\u00e9seau des chemins.<\/span><\/p>\n<p>&nbsp;<\/p>\n<h4><b>Falaises d&rsquo;A Guarda<\/b><\/h4>\n<p><span style=\"font-weight: 400;\">En Galice, pr\u00e8s de l&#8217;embouchure du Mi\u00f1o, le petit village d&rsquo;<\/span><b>A Guarda<\/b><span style=\"font-weight: 400;\"> se trouve sur des collines qui plongent dans l&rsquo;oc\u00e9an. De l\u00e0, le coucher du soleil <\/span><b>se vit en hauteur<\/b><span style=\"font-weight: 400;\">, avec le bruit des vagues et les couleurs changeantes du ciel qui semblent enflammer la mer. Le sentiment d&rsquo;immensit\u00e9 est total : pas de b\u00e2timents, pas de bruit. Seulement la mer, le ciel et le silence de la fin du jour.<\/span><\/p>\n<p><span style=\"font-weight: 400;\">Une belle fa\u00e7on de commencer la p\u00e8lerinage pour toutes celles et ceux qui choisissent de faire le <\/span><a href=\"https:\/\/www.mundiplus.com\/fr\/caminos\/a-pie\/camino-portugues-costa\/camino-de-santiago-desde-a-guarda\/\"><b>chemin depuis A Guarda jusqu&rsquo;\u00e0 Saint-Jacques<\/b><\/a><span style=\"font-weight: 400;\">.<\/span><\/p>\n<p>&nbsp;<\/p>\n<h4><b>Embouchure du Mi\u00f1o<\/b><\/h4>\n<p><span style=\"font-weight: 400;\">La fronti\u00e8re naturelle entre le Portugal et la Galice offre une image de carte postale au coucher du soleil. Le fleuve rejoint la mer tandis que les mouettes et les cormorans retournent \u00e0 leurs nids. Ce tron\u00e7on peut \u00eatre consid\u00e9r\u00e9 comme la conclusion finale du <\/span><a href=\"https:\/\/www.mundiplus.com\/fr\/caminos\/a-pie\/camino-desde-oporto-a-a-guarda\/\"><b>chemin de Saint-Jacques de Porto \u00e0 A Guarda<\/b><\/a><span style=\"font-weight: 400;\">.<\/span><\/p>\n<p>&nbsp;<\/p>\n<h3><b>Chemin Primitif<\/b><\/h3>\n<p><span style=\"font-weight: 400;\">L&rsquo;itin\u00e9raire le plus ancien est \u00e9galement l&rsquo;un des plus montagneux. Le paysage asturien et galicien offre des panoramas intenses qui sont sublim\u00e9s \u00e0 la tomb\u00e9e de la nuit.<\/span><\/p>\n<p>&nbsp;<\/p>\n<h4><b>Route des H\u00f4pitaux<\/b><\/h4>\n<p><span style=\"font-weight: 400;\">L&rsquo;une des \u00e9tapes les plus exigeantes du Chemin Primitif se d\u00e9roule sur d&rsquo;anciennes voies en haut de la cr\u00eate. Ici, o\u00f9 le vent est constant et le silence presque total, les couchers de soleil sont intimes et saisissants. D&rsquo;en haut, on aper\u00e7oit des vall\u00e9es qui peu \u00e0 peu se plongent dans l&rsquo;ombre, tandis que les derniers rayons teintent les montagnes de cuivre.<\/span><\/p>\n<p>&nbsp;<\/p>\n<h4><b>Mont Naranco <\/b><span style=\"font-weight: 400;\">(Oviedo)<\/span><\/h4>\n<p><img decoding=\"async\" class=\"alignnone wp-image-122143 size-full\" src=\"https:\/\/www.mundiplus.com\/wp-content\/uploads\/2025\/07\/Atardecer-Monte-Naranco-Mundiplus.jpg\" alt=\"\" width=\"1024\" height=\"685\" srcset=\"https:\/\/www.mundiplus.com\/wp-content\/uploads\/2025\/07\/Atardecer-Monte-Naranco-Mundiplus.jpg 1024w, https:\/\/www.mundiplus.com\/wp-content\/uploads\/2025\/07\/Atardecer-Monte-Naranco-Mundiplus-300x201.jpg 300w, https:\/\/www.mundiplus.com\/wp-content\/uploads\/2025\/07\/Atardecer-Monte-Naranco-Mundiplus-768x514.jpg 768w, https:\/\/www.mundiplus.com\/wp-content\/uploads\/2025\/07\/Atardecer-Monte-Naranco-Mundiplus-600x401.jpg 600w\" sizes=\"(max-width: 1024px) 100vw, 1024px\" \/><\/p>\n<p><span style=\"font-weight: 400;\">Avant de commencer le chemin ou comme cl\u00f4ture si vous ne faites qu&rsquo;un tron\u00e7on, le Mont Naranco offre des vues spectaculaires sur la <\/span><b>ville d&rsquo;Oviedo et les Pics d&rsquo;Europe \u00e0 l&rsquo;horizon<\/b><span style=\"font-weight: 400;\">. Un endroit id\u00e9al pour recharger ses batteries ou dire au revoir au chemin avec un dernier coucher de soleil, avec la silhouette de l&rsquo;\u00e9glise de Santa Mar\u00eda del Naranco d\u00e9coup\u00e9e contre le ciel.<\/span><\/p>\n<p>&nbsp;<\/p>\n<h3><b>Chemin Anglais<\/b><\/h3>\n<p><span style=\"font-weight: 400;\">Bien que plus court, ce chemin cache des surprises paysag\u00e8res id\u00e9ales pour les amoureux de la tranquillit\u00e9 et des itin\u00e9raires moins fr\u00e9quent\u00e9s.<\/span><\/p>\n<p>&nbsp;<\/p>\n<h4><b>Ria de Ferrol<\/b><\/h4>\n<p><span style=\"font-weight: 400;\">Les eaux calmes de la ria refl\u00e8tent les couleurs du ciel comme un miroir. Si vous terminez votre \u00e9tape \u00e0 Neda ou Fene, vous serez face \u00e0 <\/span><b>un des couchers de soleil les plus sereins de toute la Galice<\/b><span style=\"font-weight: 400;\">. Les barques de p\u00eache, la brume suspendue et le chant des oiseaux marins apportent une paix difficile \u00e0 trouver ailleurs.<\/span><\/p>\n<p>&nbsp;<\/p>\n<h4><b>Alto de Bruma<\/b><\/h4>\n<p><span style=\"font-weight: 400;\">Ce point, qui marque souvent la fin de l&rsquo;\u00e9tape pour de nombreux p\u00e8lerins, est entour\u00e9 de collines bois\u00e9es et de prairies. Lorsque le soleil se couche, le brouillard commence \u00e0 descendre lentement, cr\u00e9ant une atmosph\u00e8re mystique et accueillante. Il n&rsquo;y a pas de meilleur endroit pour reprendre des forces sous la lumi\u00e8re douce du cr\u00e9puscule.<\/span><\/p>\n<p>&nbsp;<\/p>\n<h3><b>Chemin de Finisterre et Mux\u00eda<\/b><\/h3>\n<p><span style=\"font-weight: 400;\">Cette extension du Chemin au-del\u00e0 de Saint-Jacques vous emm\u00e8ne litt\u00e9ralement au \u00ab bout du monde \u00bb. Les couchers de soleil ici sont tout simplement inoubliables.<\/span><\/p>\n<p>&nbsp;<\/p>\n<h4><b>Phare de Finisterre<\/b><\/h4>\n<p><img loading=\"lazy\" decoding=\"async\" class=\"alignnone wp-image-122149 size-full\" src=\"https:\/\/www.mundiplus.com\/wp-content\/uploads\/2025\/07\/atardecer-Finisterre-Mundiplus.jpg\" alt=\"\" width=\"1024\" height=\"680\" srcset=\"https:\/\/www.mundiplus.com\/wp-content\/uploads\/2025\/07\/atardecer-Finisterre-Mundiplus.jpg 1024w, https:\/\/www.mundiplus.com\/wp-content\/uploads\/2025\/07\/atardecer-Finisterre-Mundiplus-300x199.jpg 300w, https:\/\/www.mundiplus.com\/wp-content\/uploads\/2025\/07\/atardecer-Finisterre-Mundiplus-768x510.jpg 768w, https:\/\/www.mundiplus.com\/wp-content\/uploads\/2025\/07\/atardecer-Finisterre-Mundiplus-600x398.jpg 600w\" sizes=\"(max-width: 1024px) 100vw, 1024px\" \/><\/p>\n<p><span style=\"font-weight: 400;\">Il n&rsquo;y a pas de mots pour d\u00e9crire ce que l&rsquo;on ressent en voyant le soleil se coucher au point le plus occidental de l&rsquo;Europe continentale. Le phare, les falaises, le vent et le bruit de l&rsquo;Atlantique font que ce moment reste grav\u00e9 dans la m\u00e9moire pour toujours. De nombreux p\u00e8lerins br\u00fblent symboliquement leurs bottes ici, comme cl\u00f4ture d&rsquo;une \u00e9tape vitale.<\/span><\/p>\n<p>&nbsp;<\/p>\n<h4><b>Sanctuaire da Barca <\/b><span style=\"font-weight: 400;\">(Mux\u00eda)<\/span><\/h4>\n<p><img loading=\"lazy\" decoding=\"async\" class=\"alignnone wp-image-122131 size-full\" src=\"https:\/\/www.mundiplus.com\/wp-content\/uploads\/2025\/07\/Atardecer-Muxia-Mundiplus.jpg\" alt=\"\" width=\"1024\" height=\"768\" srcset=\"https:\/\/www.mundiplus.com\/wp-content\/uploads\/2025\/07\/Atardecer-Muxia-Mundiplus.jpg 1024w, https:\/\/www.mundiplus.com\/wp-content\/uploads\/2025\/07\/Atardecer-Muxia-Mundiplus-300x225.jpg 300w, https:\/\/www.mundiplus.com\/wp-content\/uploads\/2025\/07\/Atardecer-Muxia-Mundiplus-768x576.jpg 768w, https:\/\/www.mundiplus.com\/wp-content\/uploads\/2025\/07\/Atardecer-Muxia-Mundiplus-600x450.jpg 600w\" sizes=\"(max-width: 1024px) 100vw, 1024px\" \/><\/p>\n<p><span style=\"font-weight: 400;\">Ce coin rocheux pr\u00e8s de la mer est un lieu l\u00e9gendaire. Au coucher du soleil, les vagues frappent violemment les pierres, tandis que le ciel passe du bleu \u00e0 l&rsquo;orange, au rouge et au violet. <\/span><b>Ici se termine le Chemin pour beaucoup<\/b><span style=\"font-weight: 400;\">, et il n&rsquo;est pas difficile de comprendre pourquoi.<\/span><\/p>\n<p>&nbsp;<\/p>\n<h2><b>Qu&rsquo;est-ce qui rend les couchers de soleil sur le Chemin si sp\u00e9ciaux ?<\/b><\/h2>\n<p><span style=\"font-weight: 400;\">Il ne s&rsquo;agit pas seulement du paysage. Sur le Chemin, chaque coucher de soleil a une valeur symbolique. Il marque la fin d&rsquo;une \u00e9tape, la surmont\u00e9e d&rsquo;un d\u00e9fi, le repos m\u00e9rit\u00e9.<\/span><\/p>\n<p><span style=\"font-weight: 400;\">La lumi\u00e8re en Galice, Asturies ou Castille-et-Le\u00f3n a une qualit\u00e9 particuli\u00e8re : douce, dor\u00e9e, nostalgique. Traverser les champs de bl\u00e9 de la plaine, marcher le long des falaises ou traverser des for\u00eats humides devient encore plus sp\u00e9cial avec cette derni\u00e8re lumi\u00e8re qui transforme tout.<\/span><\/p>\n<p><span style=\"font-weight: 400;\">Et puis il y a l&rsquo;\u00e9tat \u00e9motionnel du p\u00e8lerin. Fatigu\u00e9, oui, mais rempli de gratitude. Chaque coucher de soleil devient un petit rituel, une occasion de <\/span><b>r\u00e9fl\u00e9chir, remercier et simplement \u00eatre pr\u00e9sent<\/b><span style=\"font-weight: 400;\">. C&rsquo;est ce moment o\u00f9 beaucoup \u00e9crivent dans leur journal, discutent avec de nouveaux amis&#8230; ou simplement regardent en silence.<\/span><\/p>\n<p>&nbsp;<\/p>\n<h2><b>Conseils pour profiter des plus beaux couchers de soleil sur le Chemin<\/b><\/h2>\n<ul>\n<li style=\"font-weight: 400;\" aria-level=\"1\"><b>Planifie tes \u00e9tapes<\/b><span style=\"font-weight: 400;\"> pour que la fin de la journ\u00e9e te trouve dans un endroit ouvert et avec de belles vues. Il n&rsquo;est pas toujours n\u00e9cessaire d&rsquo;avancer. Parfois, le meilleur du Chemin est de rester immobile.<\/span><\/li>\n<\/ul>\n<p>&nbsp;<\/p>\n<ul>\n<li style=\"font-weight: 400;\" aria-level=\"1\"><b>Consulte l&rsquo;heure du coucher du soleil<\/b><span style=\"font-weight: 400;\"> chaque jour. Elle change l\u00e9g\u00e8rement et te permettra de t&rsquo;organiser pour arriver \u00e0 l&rsquo;heure.<\/span><\/li>\n<\/ul>\n<p>&nbsp;<\/p>\n<ul>\n<li style=\"font-weight: 400;\" aria-level=\"1\"><b>Prends une petite lampe ou une lampe frontale<\/b><span style=\"font-weight: 400;\"> si tu pr\u00e9vois de rester jusqu&rsquo;\u00e0 la fin du cr\u00e9puscule loin de l&rsquo;auberge.<\/span><\/li>\n<\/ul>\n<p>&nbsp;<\/p>\n<ul>\n<li style=\"font-weight: 400;\" aria-level=\"1\"><b>Endroits id\u00e9aux pour passer la nuit<\/b><span style=\"font-weight: 400;\"> avec des couchers de soleil : zones c\u00f4ti\u00e8res, points de vue ruraux, sommets de montagne ou villages avec des vues panoramiques.<\/span><\/li>\n<\/ul>\n<p>&nbsp;<\/p>\n<ul>\n<li style=\"font-weight: 400;\" aria-level=\"1\"><b>D\u00e9connecte-toi un moment du portable.<\/b><span style=\"font-weight: 400;\"> Prends des photos, oui, mais ensuite range-le. Le souvenir le plus fort ne se trouve pas dans la galerie : il est dans ta m\u00e9moire.<\/span><\/li>\n<\/ul>\n<p>&nbsp;<\/p>\n<ul>\n<li style=\"font-weight: 400;\" aria-level=\"1\"><b>Prends quelque chose de l\u00e9ger pour t&rsquo;asseoir<\/b><span style=\"font-weight: 400;\"> si l&rsquo;endroit le permet : un tissu, une veste pli\u00e9e\u2026 et simplement observe.<\/span><\/li>\n<\/ul>\n<p>&nbsp;<\/p>\n<ul>\n<li style=\"font-weight: 400;\" aria-level=\"1\"><b>Parle moins et ressens plus<\/b><span style=\"font-weight: 400;\">. Si tu es accompagn\u00e9, essaie de vivre au moins un coucher de soleil en silence. Tu verras comment tout change.<\/span><\/li>\n<\/ul>\n<p>&nbsp;<\/p>\n<p><span style=\"font-weight: 400;\">Le Chemin de Saint-Jacques est une exp\u00e9rience qui se vit lentement. Les paysages, les gens, les silences\u2026 et aussi la lumi\u00e8re. Les couchers de soleil sont des cadeaux quotidiens, des moments pour s&rsquo;arr\u00eater et sentir que tu es exactement l\u00e0 o\u00f9 tu dois \u00eatre.<\/span><\/p>\n<p><span style=\"font-weight: 400;\">Peu importe quel itin\u00e9raire tu choisis. Dans chacun, le soleil se couchera diff\u00e9remment. L&rsquo;important, c&rsquo;est que tu sois l\u00e0 pour le voir. Parce que le v\u00e9ritable chemin ne se mesure pas en kilom\u00e8tres, mais en instants qui restent avec toi pour toujours.<\/span><\/p>\n","protected":false},"excerpt":{"rendered":"<p>Chaque jour sur le Camino de Santiago est une aventure qui m\u00eale effort physique, introspection et rencontres inoubliables. Mais il y a un moment en particulier que beaucoup de p\u00e8lerins consid\u00e8rent comme magique : le coucher du soleil. Cette lumi\u00e8re chaleureuse qui caresse les champs, les falaises et les villages du nord de l&rsquo;Espagne ne [&hellip;]<\/p>\n","protected":false},"author":1,"featured_media":122139,"comment_status":"open","ping_status":"open","sticky":false,"template":"","format":"standard","meta":{"footnotes":""},"categories":[571,575,603],"tags":[],"class_list":["post-122182","post","type-post","status-publish","format-standard","has-post-thumbnail","hentry","category-blog-du-chemin","category-chemin-a-pied","category-sites-emblematiques"],"_links":{"self":[{"href":"https:\/\/www.mundiplus.com\/fr\/wp-json\/wp\/v2\/posts\/122182","targetHints":{"allow":["GET"]}}],"collection":[{"href":"https:\/\/www.mundiplus.com\/fr\/wp-json\/wp\/v2\/posts"}],"about":[{"href":"https:\/\/www.mundiplus.com\/fr\/wp-json\/wp\/v2\/types\/post"}],"author":[{"embeddable":true,"href":"https:\/\/www.mundiplus.com\/fr\/wp-json\/wp\/v2\/users\/1"}],"replies":[{"embeddable":true,"href":"https:\/\/www.mundiplus.com\/fr\/wp-json\/wp\/v2\/comments?post=122182"}],"version-history":[{"count":2,"href":"https:\/\/www.mundiplus.com\/fr\/wp-json\/wp\/v2\/posts\/122182\/revisions"}],"predecessor-version":[{"id":122191,"href":"https:\/\/www.mundiplus.com\/fr\/wp-json\/wp\/v2\/posts\/122182\/revisions\/122191"}],"wp:featuredmedia":[{"embeddable":true,"href":"https:\/\/www.mundiplus.com\/fr\/wp-json\/wp\/v2\/media\/122139"}],"wp:attachment":[{"href":"https:\/\/www.mundiplus.com\/fr\/wp-json\/wp\/v2\/media?parent=122182"}],"wp:term":[{"taxonomy":"category","embeddable":true,"href":"https:\/\/www.mundiplus.com\/fr\/wp-json\/wp\/v2\/categories?post=122182"},{"taxonomy":"post_tag","embeddable":true,"href":"https:\/\/www.mundiplus.com\/fr\/wp-json\/wp\/v2\/tags?post=122182"}],"curies":[{"name":"wp","href":"https:\/\/api.w.org\/{rel}","templated":true}]}}