{"id":122269,"date":"2025-07-23T17:11:05","date_gmt":"2025-07-23T17:11:05","guid":{"rendered":"https:\/\/www.mundiplus.com\/?p=122269"},"modified":"2025-07-23T17:11:43","modified_gmt":"2025-07-23T17:11:43","slug":"lieux-du-chemin-associes-a-des-apparitions-des-miracles-et-des-legendes-spirituelles","status":"publish","type":"post","link":"https:\/\/www.mundiplus.com\/fr\/lieux-du-chemin-associes-a-des-miracles\/","title":{"rendered":"Lieux du Chemin associ\u00e9s \u00e0 des apparitions, des miracles et des l\u00e9gendes spirituelles"},"content":{"rendered":"<p><img fetchpriority=\"high\" decoding=\"async\" class=\"alignnone wp-image-118987 size-full\" src=\"https:\/\/www.mundiplus.com\/wp-content\/uploads\/2025\/04\/Blog-Mundiplus.png\" alt=\"\" width=\"1023\" height=\"539\" srcset=\"https:\/\/www.mundiplus.com\/wp-content\/uploads\/2025\/04\/Blog-Mundiplus.png 1023w, https:\/\/www.mundiplus.com\/wp-content\/uploads\/2025\/04\/Blog-Mundiplus-300x158.png 300w, https:\/\/www.mundiplus.com\/wp-content\/uploads\/2025\/04\/Blog-Mundiplus-768x405.png 768w, https:\/\/www.mundiplus.com\/wp-content\/uploads\/2025\/04\/Blog-Mundiplus-600x316.png 600w\" sizes=\"(max-width: 1023px) 100vw, 1023px\" \/><\/p>\n<p><span style=\"font-weight: 400;\">Au fil des si\u00e8cles, le chemin de Saint-Jacques n\u2019a pas \u00e9t\u00e9 qu\u2019un simple itin\u00e9raire de p\u00e8lerinage. Pour des milliers de marcheurs, il a repr\u00e9sent\u00e9 une exp\u00e9rience de transformation int\u00e9rieure, de qu\u00eate et, dans bien des cas, de contact avec l&rsquo;inexplicable.<\/span><\/p>\n<p><span style=\"font-weight: 400;\">Les <\/span><b>histoires de apparitions, de miracles et de l\u00e9gendes spirituelles<\/b><span style=\"font-weight: 400;\"> marquent ses chemins depuis le Moyen \u00c2ge jusqu&rsquo;\u00e0 aujourd&rsquo;hui. Certaines se racontent lors de discussions nocturnes avec d&rsquo;autres p\u00e8lerins, tandis que d&rsquo;autres restent inscrites dans la pierre, sur les murs des \u00e9glises et des sanctuaires.<\/span><\/p>\n<p><span style=\"font-weight: 400;\">Cet article parcourt les principaux chemins de Saint-Jacques en mettant en avant les <\/span><b>lieux o\u00f9 le surnaturel a laiss\u00e9 sa marque<\/b><span style=\"font-weight: 400;\">.<\/span><\/p>\n<p>&nbsp;<\/p>\n<h2><b>Le chemin comme voie de spiritualit\u00e9 et de myst\u00e8re<\/b><\/h2>\n<p><span style=\"font-weight: 400;\">Depuis ses origines au Haut Moyen \u00c2ge, le chemin de Saint-Jacques a \u00e9t\u00e9 envelopp\u00e9 dans une atmosph\u00e8re de d\u00e9votion, de symboles et d&rsquo;exp\u00e9riences mystiques. La d\u00e9couverte m\u00eame du tombeau de l&rsquo;Ap\u00f4tre Jacques au IXe si\u00e8cle fut marqu\u00e9e par une lumi\u00e8re surnaturelle qui guida l&rsquo;ermite Pelayo jusqu&rsquo;\u00e0 la for\u00eat de Libred\u00f3n. Selon la tradition, il s\u2019agissait du <\/span><b>premier miracle jacquaire<\/b><span style=\"font-weight: 400;\">.<\/span><\/p>\n<p><span style=\"font-weight: 400;\">Au fil du temps, le r\u00e9seau de chemins menant \u00e0 Compostelle s\u2019est rempli de sanctuaires, de reliques, de t\u00e9moignages de gu\u00e9risons et de l\u00e9gendes transmises de g\u00e9n\u00e9ration en g\u00e9n\u00e9ration. Souvent, <\/span><b>la fronti\u00e8re entre foi et superstition s\u2019estompe<\/b><span style=\"font-weight: 400;\">. Mais ce qui reste, c\u2019est cette impression puissante qu&rsquo;il y a, sur le chemin, <\/span><b>quelque chose au-del\u00e0 du visible<\/b><span style=\"font-weight: 400;\">.<\/span><\/p>\n<p><span style=\"font-weight: 400;\">Aujourd&rsquo;hui, beaucoup de p\u00e8lerins ne s&rsquo;identifient pas \u00e0 une religion particuli\u00e8re, mais recherchent la m\u00eame chose qu\u2019il y a des si\u00e8cles : <\/span><b>des r\u00e9ponses, des signes, une transformation<\/b><span style=\"font-weight: 400;\">. Et parfois, ils trouvent bien plus que ce qu\u2019ils esp\u00e9raient.<\/span><\/p>\n<p>&nbsp;<\/p>\n<h2><b>Les routes du chemin de Saint-Jacques et ses lieux les plus l\u00e9gendaires<\/b><\/h2>\n<p><span style=\"font-weight: 400;\">Toutes les routes menant \u00e0 Compostelle abritent des \u00e9pisodes qui ont marqu\u00e9 la m\u00e9moire collective. Ci-dessous, nous explorons les lieux les plus repr\u00e9sentatifs de chacune d\u2019entre elles.<\/span><\/p>\n<p>&nbsp;<\/p>\n<h3><b>Le chemin fran\u00e7ais<\/b><\/h3>\n<h4><b>La Vierge du Puy <\/b><span style=\"font-weight: 400;\">(Estella)<\/span><\/h4>\n<p><span style=\"font-weight: 400;\">La l\u00e9gende raconte qu\u2019au <\/span><b>XIe si\u00e8cle<\/b><span style=\"font-weight: 400;\">, une lumi\u00e8re myst\u00e9rieuse brillait nuit apr\u00e8s nuit sur le <\/span><b>mont Puy<\/b><span style=\"font-weight: 400;\">, pr\u00e8s d\u2019Estella (Navarre). Les habitants, intrigu\u00e9s, d\u00e9cid\u00e8rent d\u2019enqu\u00eater et trouv\u00e8rent une <\/span><b>image de la Vierge enterr\u00e9e parmi les rochers<\/b><span style=\"font-weight: 400;\">. Cette apparition fut interpr\u00e9t\u00e9e comme un signe divin, et sur ce lieu fut construit le <\/span><b>santuary de Notre-Dame du Puy<\/b><span style=\"font-weight: 400;\">.<\/span><\/p>\n<p><span style=\"font-weight: 400;\">Cet \u00e9v\u00e9nement renfor\u00e7a l&rsquo;importance spirituelle de cette localit\u00e9 comme \u00e9tape incontournable sur le chemin fran\u00e7ais. M\u00eame aujourd&rsquo;hui, de nombreux p\u00e8lerins s&rsquo;arr\u00eatent ici non seulement pour se reposer, mais aussi pour contempler le myst\u00e8re qui entoure cette histoire de lumi\u00e8re et de r\u00e9v\u00e9lation.<\/span><\/p>\n<p>&nbsp;<\/p>\n<h4><b>La Vierge du Chemin <\/b><span style=\"font-weight: 400;\">(Le\u00f3n)<\/span><\/h4>\n<p><span style=\"font-weight: 400;\">Selon la tradition, la Vierge se serait manifest\u00e9e au <\/span><b>XVIe si\u00e8cle<\/b><span style=\"font-weight: 400;\"> \u00e0 un berger nomm\u00e9 Alvar Sim\u00f3n Fern\u00e1ndez et lui aurait demand\u00e9 de construire une ermite. Pour prouver son authenticit\u00e9, la Vierge lui remit des pierres que personne d&rsquo;autre ne pouvait soulever. C\u2019est un miracle fondateur de l&rsquo;un des sanctuaires mariaux les plus importants du chemin fran\u00e7ais.<\/span><\/p>\n<p>&nbsp;<\/p>\n<h4><b>Le miracle eucharistique de O Cebreiro<\/b><\/h4>\n<p><img decoding=\"async\" class=\"alignnone wp-image-122229 size-full\" src=\"https:\/\/www.mundiplus.com\/wp-content\/uploads\/2025\/07\/Santa-Maria-la-Real-de-O-Cebreiro-Mundiplus.jpg\" alt=\"\" width=\"1024\" height=\"768\" srcset=\"https:\/\/www.mundiplus.com\/wp-content\/uploads\/2025\/07\/Santa-Maria-la-Real-de-O-Cebreiro-Mundiplus.jpg 1024w, https:\/\/www.mundiplus.com\/wp-content\/uploads\/2025\/07\/Santa-Maria-la-Real-de-O-Cebreiro-Mundiplus-300x225.jpg 300w, https:\/\/www.mundiplus.com\/wp-content\/uploads\/2025\/07\/Santa-Maria-la-Real-de-O-Cebreiro-Mundiplus-768x576.jpg 768w, https:\/\/www.mundiplus.com\/wp-content\/uploads\/2025\/07\/Santa-Maria-la-Real-de-O-Cebreiro-Mundiplus-600x450.jpg 600w\" sizes=\"(max-width: 1024px) 100vw, 1024px\" \/><\/p>\n<p><span style=\"font-weight: 400;\">Dans l&rsquo;\u00e9glise de <\/span><b>Santa Mar\u00eda la Real de O Cebreiro<\/b><span style=\"font-weight: 400;\">, situ\u00e9e dans un endroit d\u2019une grande beaut\u00e9 naturelle, subsiste le souvenir d\u2019un miracle qui continue d\u2019inspirer croyants et curieux.<\/span><\/p>\n<p><span style=\"font-weight: 400;\">Un matin froid du <\/span><b>XIVe si\u00e8cle<\/b><span style=\"font-weight: 400;\">, un pr\u00eatre c\u00e9l\u00e9brait la messe sans enthousiasme, pensant que personne ne viendrait. Cependant, un paysan arriva \u00e9puis\u00e9 apr\u00e8s avoir travers\u00e9 la montagne. Le pr\u00eatre le m\u00e9prisa, mais \u00e0 ce moment pr\u00e9cis, <\/span><b>l&rsquo;hostie se transforma en chair et le vin en sang<\/b><span style=\"font-weight: 400;\">.<\/span><\/p>\n<p><b>Le calice et la pat\u00e8ne <\/b><span style=\"font-weight: 400;\">sont encore conserv\u00e9s dans le temple, et l&rsquo;histoire fut tellement marquante que l\u2019empereur Charles V ordonna de prot\u00e9ger les reliques. Beaucoup associent cet \u00e9v\u00e9nement \u00e0 la <\/span><b>l\u00e9gende du Saint Graal<\/b><span style=\"font-weight: 400;\">.<\/span><\/p>\n<p><span style=\"font-weight: 400;\">Pour ceux qui parcourent le <\/span><a href=\"https:\/\/www.mundiplus.com\/fr\/caminos\/a-pie\/camino-frances\/camino-de-santiago-desde-o-cebreiro\/\"><b>chemin depuis O Cebreiro jusqu\u2019\u00e0 Santiago<\/b><\/a><span style=\"font-weight: 400;\"> et montent jusqu&rsquo;ici, la sensation de myst\u00e8re est aussi tangible que le brouillard qui enveloppe le village.<\/span><\/p>\n<p>&nbsp;<\/p>\n<h3><b>Le chemin du Nord<\/b><\/h3>\n<h4><b>Santa Mar\u00eda de los \u00c1ngeles <\/b><span style=\"font-weight: 400;\">(San Vicente de la Barquera)<\/span><\/h4>\n<p><span style=\"font-weight: 400;\">Sur la c\u00f4te cantabrique, <\/span><b>San Vicente de la Barquera<\/b><span style=\"font-weight: 400;\"> offre bien plus que des vues sur la mer. Ici se dresse l&rsquo;ermitage de <\/span><b>Santa Mar\u00eda de los \u00c1ngeles<\/b><span style=\"font-weight: 400;\">, construit \u00e0 l&rsquo;endroit o\u00f9, selon la tradition, la Vierge apparut pour prot\u00e9ger les marins et les p\u00e8lerins traversant la ria.<\/span><\/p>\n<p><span style=\"font-weight: 400;\">Selon la l\u00e9gende, au Moyen \u00c2ge, la Vierge se manifesta aux marins de la r\u00e9gion dans un bateau<\/span> <span style=\"font-weight: 400;\">dans lequel seule <\/span><b>la Vierge de la Barquera voyageait, sans rames, sans \u00e9quipage, sans voiles<\/b><span style=\"font-weight: 400;\">, voyageant seule.<\/span><\/p>\n<p><span style=\"font-weight: 400;\">Depuis lors, son image est v\u00e9n\u00e9r\u00e9e dans la chapelle et chaque 14 avril, on c\u00e9l\u00e8bre les <\/span><b>Fiestas de la Fol\u00eda<\/b><span style=\"font-weight: 400;\"> en souvenir de son apparition. Vous pouvez la visiter sur le tron\u00e7on correspondant au <\/span><a href=\"https:\/\/www.mundiplus.com\/fr\/caminos\/a-pie\/camino-norte\/camino-de-santiago-desde-santander\/\"><b>chemin de Saint-Jacques de Santander \u00e0 Gij\u00f3n<\/b><\/a><span style=\"font-weight: 400;\">.<\/span><\/p>\n<p>&nbsp;<\/p>\n<h4><b>Zenarruza et le signe du corbeau<\/b><\/h4>\n<p><img decoding=\"async\" class=\"alignnone wp-image-122235 size-full\" src=\"https:\/\/www.mundiplus.com\/wp-content\/uploads\/2025\/07\/mMnasterio-de-Zenarruza-Mundiplus.jpg\" alt=\"\" width=\"1024\" height=\"732\" srcset=\"https:\/\/www.mundiplus.com\/wp-content\/uploads\/2025\/07\/mMnasterio-de-Zenarruza-Mundiplus.jpg 1024w, https:\/\/www.mundiplus.com\/wp-content\/uploads\/2025\/07\/mMnasterio-de-Zenarruza-Mundiplus-300x214.jpg 300w, https:\/\/www.mundiplus.com\/wp-content\/uploads\/2025\/07\/mMnasterio-de-Zenarruza-Mundiplus-768x549.jpg 768w, https:\/\/www.mundiplus.com\/wp-content\/uploads\/2025\/07\/mMnasterio-de-Zenarruza-Mundiplus-600x429.jpg 600w\" sizes=\"(max-width: 1024px) 100vw, 1024px\" \/><\/p>\n<p><span style=\"font-weight: 400;\">Dans le <\/span><b>monast\u00e8re de Zenarruza<\/b><span style=\"font-weight: 400;\"> (Cenarruza, Biscaye), se dresse un lieu o\u00f9, selon la tradition, un signe divin se manifesta. Le <\/span><b>15 ao\u00fbt<\/b><span style=\"font-weight: 400;\">, jour de l\u2019Assomption, un enterrement avait lieu \u00e0 l&rsquo;\u00e9glise de <\/span><b>Santa Luc\u00eda de Garay<\/b><span style=\"font-weight: 400;\"> lorsque, de mani\u00e8re inattendue, <\/span><b>un aigle descendit, prit un cr\u00e2ne de l&rsquo;ossuaire et s&rsquo;envola jusqu\u2019\u00e0 une colline voisine<\/b><span style=\"font-weight: 400;\">, laissant tomber le cr\u00e2ne au sommet de la colline.<\/span><\/p>\n<p><span style=\"font-weight: 400;\">Les habitants interpr\u00e9t\u00e8rent cet \u00e9v\u00e9nement comme un message c\u00e9leste. Le lieu o\u00f9 l&rsquo;aigle d\u00e9posa le cr\u00e2ne fut consid\u00e9r\u00e9 comme sacr\u00e9. Une ermite fut construite sur ce site, qui, au fil du temps, \u00e9volua pour devenir d\u2019abord un <\/span><b>monast\u00e8re pr\u00e9montr\u00e9<\/b><span style=\"font-weight: 400;\"> puis <\/span><b>b\u00e9n\u00e9dictin<\/b><span style=\"font-weight: 400;\">, \u00e9troitement li\u00e9 au chemin du Nord.<\/span><\/p>\n<p>&nbsp;<\/p>\n<h3><b>Le chemin primitif<\/b><\/h3>\n<h4><b>La cath\u00e9drale de Lugo et l\u2019adoration perp\u00e9tuelle<\/b><\/h4>\n<p><span style=\"font-weight: 400;\">L&rsquo;un des aspects les plus singuliers de la cath\u00e9drale de Lugo est que le <\/span><b>Saint-Sacrement<\/b><span style=\"font-weight: 400;\"> reste <\/span><b>expos\u00e9 en permanence<\/b><span style=\"font-weight: 400;\">, une pratique unique en Europe. Cette tradition trouve son origine dans une s\u00e9rie de visions assurant la pr\u00e9sence constante du divin en ce lieu. Certains r\u00e9cits \u00e9voquent une apparition de l&rsquo;Ap\u00f4tre Jacques encourageant les fid\u00e8les \u00e0 r\u00e9sister lors des invasions et des t\u00e9n\u00e8bres.<\/span><\/p>\n<p><span style=\"font-weight: 400;\">Cette dimension mystique fait de la localit\u00e9 un lieu particulier dans le <\/span><a href=\"https:\/\/www.mundiplus.com\/fr\/caminos\/a-pie\/camino-primitivo\/camino-de-santiago-desde-lugo\/\"><b>Camino Primitivo depuis Lugo jusqu&rsquo;\u00e0 Santiago<\/b><\/a><span style=\"font-weight: 400;\">, o\u00f9 la tradition se m\u00eale \u00e0 une spiritualit\u00e9 vivante.<\/span><\/p>\n<p>&nbsp;<\/p>\n<h4><b>Sainte Marie de O C\u00e1davo<\/b><\/h4>\n<p><span style=\"font-weight: 400;\">\u00c0 O C\u00e1davo, les anciens r\u00e9cits parlent de moines qui exp\u00e9rimentaient des extases et des visions de la Vierge. Bien que de nombreux t\u00e9moignages aient \u00e9t\u00e9 perdus au fil des si\u00e8cles, le <\/span><b>culte de Sainte Marie du Real perdure<\/b><span style=\"font-weight: 400;\">. Pour les p\u00e8lerins qui traversent ces paysages montagneux, le sentiment de solitude et d&rsquo;\u00e9l\u00e9vation spirituelle peut \u00eatre aussi intense que ce que les anciens r\u00e9cits d\u00e9crivent.<\/span><\/p>\n<p>&nbsp;<\/p>\n<h3><b>Camino Portugais<\/b><\/h3>\n<h4><b>Le miracle du Coq de Barcelos<\/b><\/h4>\n<p><img loading=\"lazy\" decoding=\"async\" class=\"alignnone wp-image-122241 size-full\" src=\"https:\/\/www.mundiplus.com\/wp-content\/uploads\/2025\/07\/Gallo-de-Bercelos-Mundiplus.jpg\" alt=\"\" width=\"1024\" height=\"691\" srcset=\"https:\/\/www.mundiplus.com\/wp-content\/uploads\/2025\/07\/Gallo-de-Bercelos-Mundiplus.jpg 1024w, https:\/\/www.mundiplus.com\/wp-content\/uploads\/2025\/07\/Gallo-de-Bercelos-Mundiplus-300x202.jpg 300w, https:\/\/www.mundiplus.com\/wp-content\/uploads\/2025\/07\/Gallo-de-Bercelos-Mundiplus-768x518.jpg 768w, https:\/\/www.mundiplus.com\/wp-content\/uploads\/2025\/07\/Gallo-de-Bercelos-Mundiplus-600x405.jpg 600w\" sizes=\"(max-width: 1024px) 100vw, 1024px\" \/><\/p>\n<p><span style=\"font-weight: 400;\">Sur le chemin du Camino Portugais, l&rsquo;un des r\u00e9cits les plus embl\u00e9matiques \u2014 avec des racines profondes dans l&rsquo;imaginaire jacob\u00e9en \u2014 est <\/span><b>la l\u00e9gende du Coq de Barcelos<\/b><span style=\"font-weight: 400;\">.\u00a0<\/span><\/p>\n<p><span style=\"font-weight: 400;\">Selon la tradition, un p\u00e8lerin galicien arriva ici et fut accus\u00e9 \u00e0 tort de vol. Il fut condamn\u00e9 \u00e0 la pendaison, malgr\u00e9 sa proclamation d&rsquo;innocence. En demandant \u00e0 voir le juge, il d\u00e9couvrit que ce dernier \u00e9tait sur le point de manger un coq r\u00f4ti. Le p\u00e8lerin d\u00e9clara : <\/span><i><span style=\"font-weight: 400;\">\u201cMon innocence est aussi vraie que ce coq chantera\u201d<\/span><\/i><span style=\"font-weight: 400;\">.<\/span><\/p>\n<p><span style=\"font-weight: 400;\">\u00c0 cet instant, alors que l&rsquo;homme \u00e9tait ex\u00e9cut\u00e9, le coq \u2014 qui \u00e9tait cens\u00e9 avoir d\u00e9j\u00e0 \u00e9t\u00e9 servi \u2014 <\/span><b>se leva et chanta<\/b><span style=\"font-weight: 400;\">, prouvant ainsi l&rsquo;innocence du p\u00e8lerin. \u00c9mu, le juge lib\u00e9ra l&rsquo;homme et, en signe de gratitude, celui-ci fit \u00e9riger un \u00ab\u00a0cruceiro\u00a0\u00bb (croix) qui est encore conserv\u00e9 \u00e0 Barcelos. La figure du coq est ainsi devenue un symbole permanent de la ville.<\/span><\/p>\n<p><span style=\"font-weight: 400;\">D\u00e9couvrez ce tron\u00e7on sp\u00e9cial du <\/span><a href=\"https:\/\/www.mundiplus.com\/fr\/caminos\/a-pie\/camino-desde-oporto-a-a-guarda\/\"><b>Camino de Santiago Portugais depuis Oporto jusqu&rsquo;\u00e0 A Guarda<\/b><\/a><span style=\"font-weight: 400;\">.<\/span><\/p>\n<p>&nbsp;<\/p>\n<h4><b>Notre-Dame de Nazar\u00e9 (Portugal)<\/b><\/h4>\n<p><span style=\"font-weight: 400;\">En <\/span><b>1182<\/b><span style=\"font-weight: 400;\">, D. Fuas Roupinho, maire du ch\u00e2teau de P\u00f3voa d\u2019Obidos, chevauchait pr\u00e8s des falaises de Nazar\u00e9, envelopp\u00e9 dans un brouillard \u00e9pais. Soudain, le cheval s\u2019arr\u00eata au bord d\u2019un pr\u00e9cipice de plus de cent m\u00e8tres. Le cavalier \u00e9tait sur le point de chuter dans le vide.<\/span><\/p>\n<p><span style=\"font-weight: 400;\">\u00c0 cet instant, tandis qu\u2019il criait : <\/span><i><span style=\"font-weight: 400;\">\u201cSainte Vierge, secours-moi !\u201d<\/span><\/i><span style=\"font-weight: 400;\">, <\/span><b>la Vierge Marie lui apparut<\/b><span style=\"font-weight: 400;\">, suspendue miraculeusement devant le cheval, le sauvant. Par la suite, elle ordonna la construction d&rsquo;une chapelle sur la grotte o\u00f9 se trouvait son image.<\/span><\/p>\n<p><span style=\"font-weight: 400;\">Depuis lors, le <\/span><b>Santuaire de Nossa Senhora de Nazar\u00e9<\/b><span style=\"font-weight: 400;\"> est devenu un lieu de d\u00e9votion. M\u00eame des explorateurs portugais comme Vasco da Gama et la royaut\u00e9, telle que la reine D. Leonor, y ont effectu\u00e9 un p\u00e8lerinage en signe de gratitude.<\/span><\/p>\n<p>&nbsp;<\/p>\n<h3><b>Camino Portugais par la c\u00f4te<\/b><\/h3>\n<h4><b>Sainte Tegra et le croisement des l\u00e9gendes<\/b><\/h4>\n<p><span style=\"font-weight: 400;\">Le mont Sainte Tegra offre non seulement des vues spectaculaires sur l&rsquo;Atlantique et le Mi\u00f1o, mais il concentre \u00e9galement des si\u00e8cles d\u2019histoire <\/span><b>celtique, romaine et chr\u00e9tienne<\/b><span style=\"font-weight: 400;\">. La l\u00e9gende locale affirme qu&rsquo;au sommet est apparue une figure lumineuse que certains identifient comme la sainte et d&rsquo;autres comme un \u00e9cho de cultes pa\u00efens anciens. Les pierres sculpt\u00e9es et les p\u00e9troglyphes renforcent cette connexion avec l\u2019ancestral.<\/span><\/p>\n<p>&nbsp;<\/p>\n<h4><b>La Vierge de la Lanzada et les rituels de fertilit\u00e9<\/b><\/h4>\n<p><span style=\"font-weight: 400;\">Pr\u00e8s de la plage de A Lanzada, les vestiges d&rsquo;une ermite m\u00e9di\u00e9vale cohabitent avec un <\/span><b>ancien rituel de fertilit\u00e9<\/b><span style=\"font-weight: 400;\"> qui a surv\u00e9cu \u00e0 travers les si\u00e8cles. Les femmes cherchant \u00e0 concevoir se rendent encore aujourd&rsquo;hui durant les f\u00eates marianes, se baignant sur la plage tout en r\u00e9citant une pri\u00e8re sp\u00e9ciale. Le m\u00e9lange du sacr\u00e9 et du magique fait de ce lieu l\u2019un des plus singuliers de la c\u00f4te galicienne.<\/span><\/p>\n<p><span style=\"font-weight: 400;\">D\u00e9couvrez-le dans le <\/span><a href=\"https:\/\/www.mundiplus.com\/fr\/caminos\/a-pie\/camino-portugues-costa\/camino-de-santiago-desde-a-guarda\/\"><b>Camino depuis A Guarda jusqu&rsquo;\u00e0 Santiago<\/b><\/a><span style=\"font-weight: 400;\">.<\/span><\/p>\n<p>&nbsp;<\/p>\n<h3><b>V\u00eda de la Plata et Camino Sanabr\u00e9s<\/b><\/h3>\n<h4><b>Le dragon du Pico Sacro<\/b><\/h4>\n<p><span style=\"font-weight: 400;\">Le <\/span><b>Pico Sacro<\/b><span style=\"font-weight: 400;\">, \u00e0 Boqueix\u00f3n (La Corogne), est li\u00e9 \u00e0 la l\u00e9gende jacob\u00e9enne de la reine Lupa et des disciples de l\u2019Ap\u00f4tre. On dit que ceux-ci ont \u00e9t\u00e9 envoy\u00e9s l\u00e0 pour r\u00e9cup\u00e9rer des b\u0153ufs pour l\u2019enterrement de Santiago et qu&rsquo;un <\/span><b>dragon<\/b><span style=\"font-weight: 400;\"> habitait dans une grotte de la montagne, symbole du mal. La foi des disciples les prot\u00e9gea du monstre et leur permit de continuer leur mission.<\/span><\/p>\n<p><span style=\"font-weight: 400;\">Avec le temps, ce lieu a \u00e9t\u00e9 associ\u00e9 \u00e0 des signes surnaturels et est devenu un point de passage du <\/span><b>Camino Sanabr\u00e9s<\/b><span style=\"font-weight: 400;\">.<\/span><\/p>\n<p>&nbsp;<\/p>\n<h4><b>Celanova : mysticisme entre les murs<\/b><\/h4>\n<p><span style=\"font-weight: 400;\">Le <\/span><b>monast\u00e8re de San Salvador<\/b><span style=\"font-weight: 400;\"> de Celanova (Ourense) a \u00e9t\u00e9 un centre de culture et de spiritualit\u00e9 pendant des si\u00e8cles. San Rosendo, son abb\u00e9 le plus c\u00e9l\u00e8bre, raconta des visions de l\u2019au-del\u00e0 qui marqu\u00e8rent la spiritualit\u00e9 de l&rsquo;endroit. Encore aujourd&rsquo;hui, de nombreux visiteurs s&rsquo;accordent \u00e0 dire que l&rsquo;\u00e9nergie qui y r\u00e8gne invite au recueillement.<\/span><\/p>\n<p>&nbsp;<\/p>\n<h3><b>Camino de Finisterre et Mux\u00eda<\/b><\/h3>\n<h4><b>La pierre de Abalar<\/b><\/h4>\n<p><img loading=\"lazy\" decoding=\"async\" class=\"alignnone wp-image-122223 size-full\" src=\"https:\/\/www.mundiplus.com\/wp-content\/uploads\/2025\/07\/Pedra-dos-Cadris-Mundiplus.jpg\" alt=\"\" width=\"1024\" height=\"578\" srcset=\"https:\/\/www.mundiplus.com\/wp-content\/uploads\/2025\/07\/Pedra-dos-Cadris-Mundiplus.jpg 1024w, https:\/\/www.mundiplus.com\/wp-content\/uploads\/2025\/07\/Pedra-dos-Cadris-Mundiplus-300x169.jpg 300w, https:\/\/www.mundiplus.com\/wp-content\/uploads\/2025\/07\/Pedra-dos-Cadris-Mundiplus-768x434.jpg 768w, https:\/\/www.mundiplus.com\/wp-content\/uploads\/2025\/07\/Pedra-dos-Cadris-Mundiplus-600x339.jpg 600w\" sizes=\"(max-width: 1024px) 100vw, 1024px\" \/><\/p>\n<p><span style=\"font-weight: 400;\">Sur les falaises de Mux\u00eda, pr\u00e8s du Sanctuaire de la Vierge de la Barca, se trouve l&rsquo;une des pierres les plus singuli\u00e8res et l\u00e9gendaires de Galice : la <\/span><b>Pedra de Abalar<\/b><span style=\"font-weight: 400;\"> (\u00e9galement connue sous le nom de \u00ab\u00a0pierre oscillante\u00a0\u00bb). Il s\u2019agit d\u2019une <\/span><b>grande dalle granitique<\/b><span style=\"font-weight: 400;\"> de forme courbe qui oscille doucement lorsqu\u2019on la pousse, malgr\u00e9 sa taille et son poids imposants.<\/span><\/p>\n<p><span style=\"font-weight: 400;\">Pendant des si\u00e8cles, ce ph\u00e9nom\u00e8ne naturel a \u00e9t\u00e9 interpr\u00e9t\u00e9 comme un <\/span><b>signe surnaturel<\/b><span style=\"font-weight: 400;\">. Selon la tradition, il \u00e9tait utilis\u00e9 comme une sorte d\u2019<\/span><b>oracle ou de test d&rsquo;innocence<\/b><span style=\"font-weight: 400;\">. Si quelqu&rsquo;un accus\u00e9 d&rsquo;un crime parvenait \u00e0 la faire osciller, on consid\u00e9rait qu\u2019il b\u00e9n\u00e9ficiait de la faveur divine et \u00e9tait donc innocent. En revanche, si la pierre restait immobile sous ses pieds, la culpabilit\u00e9 \u00e9tait confirm\u00e9e.<\/span><\/p>\n<p><span style=\"font-weight: 400;\">Outre son r\u00f4le dans le jugement moral, la pierre a \u00e9t\u00e9 utilis\u00e9e pour d\u2019autres symbolismes. Par exemple, les marins de la Costa da Morte s\u2019y rendaient pour <\/span><b>demander protection<\/b><span style=\"font-weight: 400;\">, et certaines traditions l\u2019associent \u00e0 <\/span><b>la fertilit\u00e9<\/b><span style=\"font-weight: 400;\">, \u00e0 l&rsquo;instar d\u2019autres pierres sacr\u00e9es de l&rsquo;Atlantique europ\u00e9en. Certains affirment que si une femme se balance sur la pierre, sa fertilit\u00e9 est favoris\u00e9e.<\/span><\/p>\n<p><span style=\"font-weight: 400;\">La Pedra de Abalar fait partie d\u2019un ensemble symbolique unique : \u00e0 c\u00f4t\u00e9 d\u2019elle se trouvent d\u2019autres roches aux formes \u201cnautiques\u201d (la Pedra dos Cadr\u00eds, la Pedra de Tem\u00f3n&#8230;), toutes li\u00e9es \u00e0 <\/span><b>la l\u00e9gende de la Vierge arriv\u00e9e dans une barque de pierre<\/b><span style=\"font-weight: 400;\"> pour encourager l&rsquo;Ap\u00f4tre Saint-Jacques. Ce lieu, o\u00f9 la nature se m\u00eale au sacr\u00e9, fait de Mux\u00eda l&rsquo;un des lieux les plus mystiques de tout le Camino de Santiago.<\/span><\/p>\n<p>&nbsp;<\/p>\n<h2><b>La force de l&rsquo;invisible sur le Camino : au-del\u00e0 du tourisme<\/b><\/h2>\n<p><span style=\"font-weight: 400;\">Le Camino ne se parcourt pas seulement avec les pieds. On le parcourt aussi avec les yeux de l&rsquo;\u00e2me ouverts \u00e0 ce qui ne se voit pas, mais se devine. Les l\u00e9gendes et les miracles font partie de l\u2019\u00e2me collective de ces chemins. Ils aident \u00e0 comprendre pourquoi, m\u00eame \u00e0 l\u2019\u00e8re num\u00e9rique, certains entreprennent l\u2019aventure non pas pour le sport ou le tourisme, mais par besoin de quelque chose de plus profond.<\/span><\/p>\n<p><span style=\"font-weight: 400;\">Si vous envisagez de vivre votre propre voyage, vous pouvez consulter des <\/span><a href=\"https:\/\/www.mundiplus.com\/fr\/\"><b>entreprises pour faire le Camino de Santiago<\/b><\/a><span style=\"font-weight: 400;\"> pour vous aider \u00e0 planifier chaque \u00e9tape sans perdre la magie du parcours.<\/span><\/p>\n<p><span style=\"font-weight: 400;\">Le Camino de Santiago n&rsquo;est pas seulement un chemin de terre, mais une route de symboles, de r\u00e9cits et d&rsquo;exp\u00e9riences transmises depuis plus de mille ans. Les miracles, les apparitions et les l\u00e9gendes spirituelles qui pars\u00e8ment ses routes ne sont pas de simples ornements litt\u00e9raires : elles font partie de l\u2019essence qui transforme chaque pas en une occasion de connexion profonde.\u00a0<\/span><\/p>\n","protected":false},"excerpt":{"rendered":"<p>Au fil des si\u00e8cles, le chemin de Saint-Jacques n\u2019a pas \u00e9t\u00e9 qu\u2019un simple itin\u00e9raire de p\u00e8lerinage. Pour des milliers de marcheurs, il a repr\u00e9sent\u00e9 une exp\u00e9rience de transformation int\u00e9rieure, de qu\u00eate et, dans bien des cas, de contact avec l&rsquo;inexplicable. Les histoires de apparitions, de miracles et de l\u00e9gendes spirituelles marquent ses chemins depuis le [&hellip;]<\/p>\n","protected":false},"author":1,"featured_media":122231,"comment_status":"open","ping_status":"open","sticky":false,"template":"","format":"standard","meta":{"footnotes":""},"categories":[571,575,603],"tags":[],"class_list":["post-122269","post","type-post","status-publish","format-standard","has-post-thumbnail","hentry","category-blog-du-chemin","category-chemin-a-pied","category-sites-emblematiques"],"_links":{"self":[{"href":"https:\/\/www.mundiplus.com\/fr\/wp-json\/wp\/v2\/posts\/122269","targetHints":{"allow":["GET"]}}],"collection":[{"href":"https:\/\/www.mundiplus.com\/fr\/wp-json\/wp\/v2\/posts"}],"about":[{"href":"https:\/\/www.mundiplus.com\/fr\/wp-json\/wp\/v2\/types\/post"}],"author":[{"embeddable":true,"href":"https:\/\/www.mundiplus.com\/fr\/wp-json\/wp\/v2\/users\/1"}],"replies":[{"embeddable":true,"href":"https:\/\/www.mundiplus.com\/fr\/wp-json\/wp\/v2\/comments?post=122269"}],"version-history":[{"count":2,"href":"https:\/\/www.mundiplus.com\/fr\/wp-json\/wp\/v2\/posts\/122269\/revisions"}],"predecessor-version":[{"id":122278,"href":"https:\/\/www.mundiplus.com\/fr\/wp-json\/wp\/v2\/posts\/122269\/revisions\/122278"}],"wp:featuredmedia":[{"embeddable":true,"href":"https:\/\/www.mundiplus.com\/fr\/wp-json\/wp\/v2\/media\/122231"}],"wp:attachment":[{"href":"https:\/\/www.mundiplus.com\/fr\/wp-json\/wp\/v2\/media?parent=122269"}],"wp:term":[{"taxonomy":"category","embeddable":true,"href":"https:\/\/www.mundiplus.com\/fr\/wp-json\/wp\/v2\/categories?post=122269"},{"taxonomy":"post_tag","embeddable":true,"href":"https:\/\/www.mundiplus.com\/fr\/wp-json\/wp\/v2\/tags?post=122269"}],"curies":[{"name":"wp","href":"https:\/\/api.w.org\/{rel}","templated":true}]}}