{"id":123969,"date":"2025-09-22T18:55:10","date_gmt":"2025-09-22T18:55:10","guid":{"rendered":"https:\/\/www.mundiplus.com\/?p=123969"},"modified":"2025-10-14T14:45:06","modified_gmt":"2025-10-14T14:45:06","slug":"pourquoi-faire-le-chemin-de-compostelle-en-automne","status":"publish","type":"post","link":"https:\/\/www.mundiplus.com\/fr\/pourquoi-faire-le-chemin-de-compostelle-en-automne\/","title":{"rendered":"Pourquoi faire le chemin de Compostelle en automne ?"},"content":{"rendered":"<p><img fetchpriority=\"high\" decoding=\"async\" class=\"alignnone wp-image-118987 size-full\" src=\"https:\/\/www.mundiplus.com\/wp-content\/uploads\/2025\/04\/Blog-Mundiplus.png\" alt=\"\" width=\"1023\" height=\"539\" srcset=\"https:\/\/www.mundiplus.com\/wp-content\/uploads\/2025\/04\/Blog-Mundiplus.png 1023w, https:\/\/www.mundiplus.com\/wp-content\/uploads\/2025\/04\/Blog-Mundiplus-300x158.png 300w, https:\/\/www.mundiplus.com\/wp-content\/uploads\/2025\/04\/Blog-Mundiplus-768x405.png 768w, https:\/\/www.mundiplus.com\/wp-content\/uploads\/2025\/04\/Blog-Mundiplus-600x316.png 600w\" sizes=\"(max-width: 1023px) 100vw, 1023px\" \/><\/p>\n<p><span style=\"font-weight: 400;\">Le Camino de Santiago est une exp\u00e9rience que des milliers de p\u00e8lerins vivent chaque ann\u00e9e \u00e0 la recherche d&rsquo;aventure, de spiritualit\u00e9 ou simplement pour un moment de d\u00e9connexion.<\/span><\/p>\n<p><span style=\"font-weight: 400;\">Bien que le printemps et l&rsquo;\u00e9t\u00e9 soient g\u00e9n\u00e9ralement les saisons les plus populaires pour entreprendre le chemin, <\/span><b>de plus en plus de marcheurs d\u00e9couvrent les avantages de le faire en automne<\/b><span style=\"font-weight: 400;\">. Des couleurs uniques, moins de foule et un climat plus agr\u00e9able transforment ces mois en une p\u00e9riode id\u00e9ale pour parcourir les chemins jacquaires.<\/span><\/p>\n<p><span style=\"font-weight: 400;\">Si vous pr\u00e9f\u00e9rez une planification plus pr\u00e9cise \u2014 particuli\u00e8rement lors des ponts ou des jours f\u00e9ri\u00e9s \u2014, certaines personnes choisissent de le coordonner avec des <\/span><a href=\"https:\/\/www.mundiplus.com\/fr\/\"><b>agences Camino de Santiago<\/b><\/a><span style=\"font-weight: 400;\"> de confiance. Quel que soit votre style, plan libre ou avec de l&rsquo;aide, cette saison vous offrira des journ\u00e9es parfaites pour marcher.<\/span><\/p>\n<p><span style=\"font-weight: 400;\">Dans cet article, nous explorons<\/span><b> pourquoi l&rsquo;automne est un moment id\u00e9al pour faire le Camino<\/b><span style=\"font-weight: 400;\">, comment les principales routes sont v\u00e9cues en cette saison et des conseils pratiques pour en profiter pleinement.<\/span><\/p>\n<p>&nbsp;<\/p>\n<h2><b>Le charme du Camino de Santiago en automne<\/b><\/h2>\n<p><img decoding=\"async\" class=\"alignnone wp-image-123927 size-full\" src=\"https:\/\/www.mundiplus.com\/wp-content\/uploads\/2025\/09\/Por-que-hacer-el-Camino-de-Santiago-en-otono-Mundiplus.jpg\" alt=\"\" width=\"1000\" height=\"668\" srcset=\"https:\/\/www.mundiplus.com\/wp-content\/uploads\/2025\/09\/Por-que-hacer-el-Camino-de-Santiago-en-otono-Mundiplus.jpg 1000w, https:\/\/www.mundiplus.com\/wp-content\/uploads\/2025\/09\/Por-que-hacer-el-Camino-de-Santiago-en-otono-Mundiplus-300x200.jpg 300w, https:\/\/www.mundiplus.com\/wp-content\/uploads\/2025\/09\/Por-que-hacer-el-Camino-de-Santiago-en-otono-Mundiplus-768x513.jpg 768w, https:\/\/www.mundiplus.com\/wp-content\/uploads\/2025\/09\/Por-que-hacer-el-Camino-de-Santiago-en-otono-Mundiplus-600x401.jpg 600w\" sizes=\"(max-width: 1000px) 100vw, 1000px\" \/><\/p>\n<p><span style=\"font-weight: 400;\">L&rsquo;automne transforme le Camino en un spectacle de contrastes. Les for\u00eats de ch\u00eanes, de ch\u00e2taigniers et de h\u00eatres offrent une <\/span><b>palette de couleurs chaudes<\/b><span style=\"font-weight: 400;\"> qui accompagne le p\u00e8lerin kilom\u00e8tre apr\u00e8s kilom\u00e8tre. Les vignobles en pleine vendange, les prairies couvertes de ros\u00e9e et les brumes l\u00e9g\u00e8res au lever du jour cr\u00e9ent une atmosph\u00e8re intime et tr\u00e8s photog\u00e9nique.<\/span><\/p>\n<p><span style=\"font-weight: 400;\">De plus, la <\/span><b>r\u00e9duction du nombre de marcheurs<\/b><span style=\"font-weight: 400;\"> par rapport \u00e0 juillet et ao\u00fbt rend la route plus calme. Les conversations avec d&rsquo;autres p\u00e8lerins surgissent de mani\u00e8re plus spontan\u00e9e et authentique, et les auberges retrouvent un rythme plus paisible qui favorise le repos et la convivialit\u00e9.<\/span><\/p>\n<p><span style=\"font-weight: 400;\">Le climat est favorable : <\/span><b>des temp\u00e9ratures temp\u00e9r\u00e9es<\/b><span style=\"font-weight: 400;\"> et moins de chaleur \u00e9touffante qu&rsquo;en \u00e9t\u00e9. Il est vrai que les probabilit\u00e9s de pluie augmentent, surtout dans le nord, mais cette humidit\u00e9 m\u00eame ravive la verdure des paysages et rafra\u00eechit l&rsquo;atmosph\u00e8re. Avec une bonne couche imperm\u00e9able, ces journ\u00e9es sont agr\u00e9ables m\u00eame sous une fine pluie.<\/span><\/p>\n<p>&nbsp;<\/p>\n<h2><b>Avantages de faire le p\u00e8lerinage en automne<\/b><\/h2>\n<p><img decoding=\"async\" class=\"alignnone wp-image-123933 size-full\" src=\"https:\/\/www.mundiplus.com\/wp-content\/uploads\/2025\/09\/Motivos-para-hacer-el-Camino-de-Santiago-en-otono.jpg\" alt=\"\" width=\"1000\" height=\"667\" srcset=\"https:\/\/www.mundiplus.com\/wp-content\/uploads\/2025\/09\/Motivos-para-hacer-el-Camino-de-Santiago-en-otono.jpg 1000w, https:\/\/www.mundiplus.com\/wp-content\/uploads\/2025\/09\/Motivos-para-hacer-el-Camino-de-Santiago-en-otono-300x200.jpg 300w, https:\/\/www.mundiplus.com\/wp-content\/uploads\/2025\/09\/Motivos-para-hacer-el-Camino-de-Santiago-en-otono-768x512.jpg 768w, https:\/\/www.mundiplus.com\/wp-content\/uploads\/2025\/09\/Motivos-para-hacer-el-Camino-de-Santiago-en-otono-600x400.jpg 600w\" sizes=\"(max-width: 1000px) 100vw, 1000px\" \/><\/p>\n<ul>\n<li aria-level=\"1\"><b>Plus de disponibilit\u00e9 dans les h\u00e9bergements et les services<\/b><span style=\"font-weight: 400;\">. Avec moins de monde, il est plus facile de trouver un lit et vous pouvez \u00eatre un peu plus flexible avec les \u00e9tapes. Lors des longs week-ends ou des f\u00eates locales, il est pr\u00e9f\u00e9rable de r\u00e9server, mais la pression est beaucoup moins forte qu&rsquo;en haute saison.<\/span><\/li>\n<\/ul>\n<p>&nbsp;<\/p>\n<ul>\n<li aria-level=\"1\"><b>Des randonn\u00e9es plus confortables<\/b><span style=\"font-weight: 400;\">. En septembre, octobre et novembre, les temp\u00e9ratures moyennes sont g\u00e9n\u00e9ralement dans la plage \u00ab\u00a0agr\u00e9able\u00a0\u00bb pour marcher. Cela aide \u00e0 maintenir un rythme constant et \u00e0 terminer l&rsquo;\u00e9tape avec de meilleures sensations physiques.<\/span><\/li>\n<\/ul>\n<p>&nbsp;<\/p>\n<ul>\n<li aria-level=\"1\"><b>Culture et f\u00eates locales<\/b><span style=\"font-weight: 400;\">. En automne, les vendanges, les magostos de ch\u00e2taignes, les foires gastronomiques et les c\u00e9l\u00e9brations patronales se croisent. S&rsquo;int\u00e9grer \u00e0 la vie locale ajoute de la valeur au voyage et multiplie les souvenirs : musique dans les places, produits artisanaux, cuisine de saison\u2026<\/span><\/li>\n<\/ul>\n<p>&nbsp;<\/p>\n<ul>\n<li aria-level=\"1\"><b>Gastronomie r\u00e9confortante<\/b><span style=\"font-weight: 400;\">. Champignons, bouillons, rago\u00fbts, ch\u00e2taignes grill\u00e9es et vins jeunes. La cuisine automnale donne de l&rsquo;\u00e9nergie et de la chaleur apr\u00e8s l&rsquo;\u00e9tape. De plus, le volume r\u00e9duit de visiteurs permet de profiter tranquillement des bars et des auberges.<\/span><\/li>\n<\/ul>\n<p>&nbsp;<\/p>\n<h2><b>Les diff\u00e9rentes routes du Camino de Santiago en automne<\/b><\/h2>\n<p><span style=\"font-weight: 400;\">Chaque route a son caract\u00e8re et cette saison s&rsquo;y ressent clairement. Ci-dessous, nous passons en revue les plus populaires, reliant leurs paysages aux avantages de la saison.<\/span><\/p>\n<p>&nbsp;<\/p>\n<h3><b>Camino Fran\u00e7ais<\/b><\/h3>\n<p><span style=\"font-weight: 400;\">Le chemin le plus connu et avec la meilleure infrastructure toute l&rsquo;ann\u00e9e. En automne, le Camino Fran\u00e7ais \u00ab\u00a0ralentit\u00a0\u00bb : les auberges sont moins pleines, les villages sont plus tranquilles et les conversations s&rsquo;allongent.<\/span><\/p>\n<ul>\n<li style=\"font-weight: 400;\" aria-level=\"1\"><b>Paysage et climat<\/b><span style=\"font-weight: 400;\"> : les vignobles de La Rioja et du Bierzo en vendange, les plaines dor\u00e9es en Castille et les for\u00eats humides en Galice. Des temp\u00e9ratures agr\u00e9ables pendant la journ\u00e9e et fra\u00eeches au coucher du soleil.<\/span><\/li>\n<\/ul>\n<p>&nbsp;<\/p>\n<ul>\n<li style=\"font-weight: 400;\" aria-level=\"1\"><b>Afluence et infrastructures<\/b><span style=\"font-weight: 400;\"> : excellente r\u00e9seau de services ouverts ; moins de monde qu&rsquo;en \u00e9t\u00e9, ce qui facilite l&rsquo;improvisation d&rsquo;une \u00e9tape plus courte ou l&rsquo;allongement si vous en avez la force.<\/span><\/li>\n<\/ul>\n<p>&nbsp;<\/p>\n<ul>\n<li style=\"font-weight: 400;\" aria-level=\"1\"><b>Gastronomie de saison<\/b><span style=\"font-weight: 400;\"> : vins jeunes, champignons et plats r\u00e9confortants apr\u00e8s de longues journ\u00e9es.<\/span><\/li>\n<\/ul>\n<p>&nbsp;<\/p>\n<h3><b>Camino du Nord<\/b><\/h3>\n<p><span style=\"font-weight: 400;\">Un chemin c\u00f4tier de grande beaut\u00e9, avec des falaises, des plages et des montagnes qui donnent sur la mer Cantabrique. Ces mois lui conviennent particuli\u00e8rement bien, bien qu&rsquo;il faille accepter son climat changeant.<\/span><\/p>\n<ul>\n<li style=\"font-weight: 400;\" aria-level=\"1\"><b>Paysage et climat<\/b><span style=\"font-weight: 400;\"> : cieux plus dramatiques, brumes matinales et vert intense. Des temp\u00e9ratures douces, mais avec des pluies plus fr\u00e9quentes que dans l&rsquo;int\u00e9rieur.<\/span><\/li>\n<\/ul>\n<p>&nbsp;<\/p>\n<ul>\n<li style=\"font-weight: 400;\" aria-level=\"1\"><b>Afluence et infrastructures<\/b><span style=\"font-weight: 400;\"> : moins de monde qu&rsquo;en \u00e9t\u00e9 ; les villages et villes c\u00f4ti\u00e8res sont plus habitables, avec une bonne offre d&rsquo;h\u00e9bergements.<\/span><\/li>\n<\/ul>\n<p>&nbsp;<\/p>\n<ul>\n<li style=\"font-weight: 400;\" aria-level=\"1\"><b>Trac\u00e9 recommand\u00e9<\/b><span style=\"font-weight: 400;\"> : si vous recherchez une exp\u00e9rience c\u00f4ti\u00e8re plus courte et plus tranquille, le <\/span><a href=\"https:\/\/www.mundiplus.com\/fr\/caminos\/a-pie\/camino-norte\/camino-de-santiago-desde-santander\/\"><b>Camino de Santiago Santander Gij\u00f3n<\/b><\/a><span style=\"font-weight: 400;\"> concentre l&rsquo;essence maritime, de belles vues et des services suffisants en automne.<\/span><\/li>\n<\/ul>\n<p>&nbsp;<\/p>\n<ul>\n<li style=\"font-weight: 400;\" aria-level=\"1\"><b>Gastronomie<\/b><span style=\"font-weight: 400;\"> : poissons et fruits de mer frais, cidre et plats chauds qui sont merveilleux apr\u00e8s la pluie.<\/span><\/li>\n<\/ul>\n<p>&nbsp;<\/p>\n<h3><b>Camino Portugais<\/b><\/h3>\n<p><span style=\"font-weight: 400;\">Il a gagn\u00e9 en popularit\u00e9 gr\u00e2ce \u00e0 son \u00e9quilibre entre nature, patrimoine et services. Il propose des variantes int\u00e9rieure et c\u00f4ti\u00e8re, toutes deux tr\u00e8s agr\u00e9ables en automne.<\/span><\/p>\n<p>&nbsp;<\/p>\n<ul>\n<li style=\"list-style-type: none;\">\n<ul>\n<li style=\"font-weight: 400;\" aria-level=\"1\"><b>Paysage et climat<\/b><span style=\"font-weight: 400;\"> : for\u00eats et vall\u00e9es toujours vertes, avec des tons dor\u00e9s lorsque les feuilles tombent ; des temp\u00e9ratures temp\u00e9r\u00e9es et une atmosph\u00e8re humide tr\u00e8s supportable pour marcher.<\/span><\/li>\n<\/ul>\n<\/li>\n<\/ul>\n<p>&nbsp;<\/p>\n<ul>\n<li style=\"font-weight: 400;\" aria-level=\"1\"><b>Afflux et infrastructures<\/b><span style=\"font-weight: 400;\"> : moins de saturation qu&rsquo;en ao\u00fbt ; des localit\u00e9s accueillantes et bien pr\u00e9par\u00e9es pour le p\u00e8lerin.<\/span><\/li>\n<\/ul>\n<p>&nbsp;<\/p>\n<ul>\n<li style=\"font-weight: 400;\" aria-level=\"1\"><b>Variantes remarquables<\/b><span style=\"font-weight: 400;\"> :<\/span>\n<ul>\n<li style=\"font-weight: 400;\" aria-level=\"2\"><span style=\"font-weight: 400;\">Le <\/span><a href=\"https:\/\/www.mundiplus.com\/fr\/caminos\/a-pie\/camino-desde-oporto-a-a-guarda\/\"><b>Camino de Santiago Portugais depuis Oporto jusqu&rsquo;\u00e0 A Guarda<\/b><\/a><span style=\"font-weight: 400;\"> est une alternative tranquille, id\u00e9ale si vous recherchez un \u00e9quilibre entre mer et zones verdoyantes, avec moins de pression des marcheurs.<\/span><\/li>\n<\/ul>\n<\/li>\n<\/ul>\n<p>&nbsp;<\/p>\n<ul>\n<li style=\"list-style-type: none;\">\n<ul>\n<li style=\"font-weight: 400;\" aria-level=\"2\"><span style=\"font-weight: 400;\">Le <\/span><a href=\"https:\/\/www.mundiplus.com\/fr\/caminos\/a-pie\/camino-portugues-costa\/camino-de-santiago-desde-a-guarda\/\"><b>Camino depuis A Guarda jusqu&rsquo;\u00e0 Santiago de Compostela<\/b><\/a><span style=\"font-weight: 400;\"> offre un caract\u00e8re maritime, des phares, des promenades le long de l&rsquo;Atlantique et une cuisine atlantique (poissons, fruits de mer).<\/span><\/li>\n<\/ul>\n<\/li>\n<\/ul>\n<p>&nbsp;<\/p>\n<ul>\n<li style=\"font-weight: 400;\" aria-level=\"1\"><b>Gastronomie<\/b><span style=\"font-weight: 400;\"> : soupes, morue, vins verts, empanadas et fruits de mer \u00e0 l&rsquo;arriv\u00e9e en Galice.<\/span><\/li>\n<\/ul>\n<p>&nbsp;<\/p>\n<h3><b>Camino Primitivo<\/b><\/h3>\n<p><span style=\"font-weight: 400;\">Montagneux, exigeant et tr\u00e8s authentique. Septembre, octobre et novembre brillent par leur tranquillit\u00e9 et leurs paysages.<\/span><\/p>\n<ul>\n<li style=\"font-weight: 400;\" aria-level=\"1\"><b>Paysage et climat<\/b><span style=\"font-weight: 400;\"> : brumes matinales qui s&rsquo;ouvrent sur des vues de vall\u00e9es, des h\u00eatraies aux tons rouges et des rivi\u00e8res \u00e0 fort d\u00e9bit. Temp\u00e9ratures fra\u00eeches ; pluie possible n\u00e9cessitant de bonnes chaussures et un imperm\u00e9able.<\/span><\/li>\n<\/ul>\n<p>&nbsp;<\/p>\n<ul>\n<li style=\"font-weight: 400;\" aria-level=\"1\"><b>Afflux et infrastructures<\/b><span style=\"font-weight: 400;\"> : moins de marcheurs, ce qui renforce la sensation d&rsquo;aventure ; il est conseill\u00e9 de v\u00e9rifier les horaires et la disponibilit\u00e9 des h\u00e9bergements sur les tron\u00e7ons les moins fr\u00e9quent\u00e9s.<\/span><\/li>\n<\/ul>\n<p>&nbsp;<\/p>\n<ul>\n<li style=\"font-weight: 400;\" aria-level=\"1\"><b>Exp\u00e9rience<\/b><span style=\"font-weight: 400;\"> : \u00e9tapes intenses r\u00e9compens\u00e9es par le silence, l&rsquo;introspection et une nature dans son \u00e9tat pur.<\/span><\/li>\n<\/ul>\n<p>&nbsp;<\/p>\n<h3><b>Camino Ingl\u00e9s<\/b><\/h3>\n<p><span style=\"font-weight: 400;\">Option id\u00e9ale si vous avez moins de jours. En automne, il est particuli\u00e8rement serein.<\/span><\/p>\n<ul>\n<li style=\"font-weight: 400;\" aria-level=\"1\"><b>Paysage et climat<\/b><span style=\"font-weight: 400;\"> : villages galiciens, carballeiras et sentiers humides ; temp\u00e9ratures douces avec possibilit\u00e9 d&rsquo;averses.<\/span><\/li>\n<\/ul>\n<p>&nbsp;<\/p>\n<ul>\n<li style=\"font-weight: 400;\" aria-level=\"1\"><b>Afflux et infrastructures<\/b><span style=\"font-weight: 400;\"> : facile de trouver un lit ; ambiance locale tr\u00e8s authentique et accueil chaleureux.<\/span><\/li>\n<\/ul>\n<p>&nbsp;<\/p>\n<ul>\n<li style=\"font-weight: 400;\" aria-level=\"1\"><b>Gastronomie<\/b><span style=\"font-weight: 400;\"> : bouillons, lac\u00f3n, empanadas et desserts traditionnels qui restaurent le corps et l&rsquo;\u00e2me.<\/span><\/li>\n<\/ul>\n<p>&nbsp;<\/p>\n<h3><b>Camino de Finisterre<\/b><\/h3>\n<p><span style=\"font-weight: 400;\">Prolongation depuis Santiago jusqu&rsquo;\u00e0 la c\u00f4te atlantique : un \u00ab marcher au-del\u00e0 \u00bb charg\u00e9 de symbolisme.<\/span><\/p>\n<ul>\n<li style=\"font-weight: 400;\" aria-level=\"1\"><b>Paysage et climat<\/b><span style=\"font-weight: 400;\"> : for\u00eats qui se terminent par des falaises et des plages ouvertes sur l&rsquo;oc\u00e9an ; couchers de soleil dignes d&rsquo;une carte postale. L&rsquo;automne apporte des ciels vibrants et moins de visiteurs.<\/span><\/li>\n<\/ul>\n<p>&nbsp;<\/p>\n<ul>\n<li style=\"font-weight: 400;\" aria-level=\"1\"><b>Afflux et infrastructures<\/b><span style=\"font-weight: 400;\"> : faible densit\u00e9 de p\u00e8lerins, rythme intime et h\u00e9bergements avec place ; c&rsquo;est un bon moment pour savourer chaque kilom\u00e8tre sans se presser.<\/span><\/li>\n<\/ul>\n<p>&nbsp;<\/p>\n<ul>\n<li style=\"font-weight: 400;\" aria-level=\"1\"><b>Exp\u00e9rience<\/b><span style=\"font-weight: 400;\"> : arriver \u00e0 Fisterra ou Mux\u00eda \u00e0 cette \u00e9poque renforce cette sensation de cl\u00f4ture de cycle ; la mer et le vent compl\u00e8tent le p\u00e8lerinage avec une touche \u00e9motionnelle difficile \u00e0 oublier.<\/span><\/li>\n<\/ul>\n<p>&nbsp;<\/p>\n<h2><b>Conseils pratiques pour faire le Camino en automne<\/b><\/h2>\n<p><img loading=\"lazy\" decoding=\"async\" class=\"alignnone wp-image-123921 size-full\" src=\"https:\/\/www.mundiplus.com\/wp-content\/uploads\/2025\/09\/Hacer-el-Camino-de-Santiago-en-otono-Mundiplus.jpg\" alt=\"\" width=\"1000\" height=\"667\" srcset=\"https:\/\/www.mundiplus.com\/wp-content\/uploads\/2025\/09\/Hacer-el-Camino-de-Santiago-en-otono-Mundiplus.jpg 1000w, https:\/\/www.mundiplus.com\/wp-content\/uploads\/2025\/09\/Hacer-el-Camino-de-Santiago-en-otono-Mundiplus-300x200.jpg 300w, https:\/\/www.mundiplus.com\/wp-content\/uploads\/2025\/09\/Hacer-el-Camino-de-Santiago-en-otono-Mundiplus-768x512.jpg 768w, https:\/\/www.mundiplus.com\/wp-content\/uploads\/2025\/09\/Hacer-el-Camino-de-Santiago-en-otono-Mundiplus-600x400.jpg 600w\" sizes=\"(max-width: 1000px) 100vw, 1000px\" \/><\/p>\n<ul>\n<li style=\"font-weight: 400;\" aria-level=\"1\"><b>V\u00eatements et \u00e9quipement en couches<\/b><span style=\"font-weight: 400;\">. T-shirts respirants, veste ou primaloft l\u00e9ger et imperm\u00e9able (de pr\u00e9f\u00e9rence avec capuche). Ajoutez une housse de sac \u00e0 dos ou un \u00e9tui \u00e9tanche et une serviette \u00e0 s\u00e9chage rapide. Des gants fins et un chapeau l\u00e9ger peuvent faire la diff\u00e9rence au matin.<\/span><\/li>\n<\/ul>\n<p>&nbsp;<\/p>\n<ul>\n<li style=\"font-weight: 400;\" aria-level=\"1\"><b>Chaussures et pieds au sec<\/b><span style=\"font-weight: 400;\">. Chaussures ou baskets de trekking avec semelle adh\u00e9rente et imperm\u00e9able (membrane type \u00ab waterproof \u00bb). Prenez deux paires de chaussettes techniques et alternez. De la vaseline ou de la cr\u00e8me antifriction pour pr\u00e9venir les ampoules sous l&rsquo;humidit\u00e9.<\/span><\/li>\n<\/ul>\n<p>&nbsp;<\/p>\n<ul>\n<li style=\"font-weight: 400;\" aria-level=\"1\"><b>Planification des \u00e9tapes et de la lumi\u00e8re<\/b><span style=\"font-weight: 400;\">. \u00c0 la fin de l&rsquo;\u00e9t\u00e9, les jours raccourcissent : levez-vous t\u00f4t pour profiter de la matin\u00e9e et \u00e9vitez d&rsquo;arriver de nuit. En moyenne, entre septembre et novembre, la lumi\u00e8re utile diminue, il est donc conseill\u00e9 d&rsquo;ajuster les distances et les rythmes.<\/span><\/li>\n<\/ul>\n<p>&nbsp;<\/p>\n<ul>\n<li style=\"font-weight: 400;\" aria-level=\"1\"><b>Services ouverts<\/b><span style=\"font-weight: 400;\">. Bien que la plupart des localit\u00e9s maintiennent des bars et des magasins ouverts, dans les sections moins peupl\u00e9es, les horaires peuvent \u00eatre r\u00e9duits. V\u00e9rifiez \u00e0 l&rsquo;avance les options de nourriture et d&rsquo;eau ; emportez des encas \u00e9nerg\u00e9tiques (fruits secs, barres).<\/span><\/li>\n<\/ul>\n<p>&nbsp;<\/p>\n<ul>\n<li style=\"font-weight: 400;\" aria-level=\"1\"><b>S\u00e9curit\u00e9 et m\u00e9t\u00e9o<\/b><span style=\"font-weight: 400;\">. V\u00e9rifiez les pr\u00e9visions avant de partir. Si des pluies fortes ou des vents violents sont attendus, \u00e9vitez les cr\u00eates expos\u00e9es et adaptez l&rsquo;\u00e9tape. Les b\u00e2tons sont utiles pour les descentes boueuses. Un sifflet et une lampe frontale (avec piles charg\u00e9es) sont des alli\u00e9s simples et tr\u00e8s utiles.<\/span><\/li>\n<\/ul>\n<p>&nbsp;<\/p>\n<ul>\n<li style=\"font-weight: 400;\" aria-level=\"1\"><b>Cr\u00e9dential, tampons et Compostela<\/b><span style=\"font-weight: 400;\">. La Cr\u00e9dential reste active toute l&rsquo;ann\u00e9e, et les tampons peuvent \u00eatre obtenus dans les auberges, les \u00e9glises, les bars et les offices de tourisme. Gardez l&rsquo;habitude de tamponner au moins deux fois par jour sur les \u00e9tapes galiciennes pour obtenir la Compostela.<\/span><\/li>\n<\/ul>\n<p>&nbsp;<\/p>\n<ul>\n<li style=\"font-weight: 400;\" aria-level=\"1\"><b>Transport et logistique<\/b><span style=\"font-weight: 400;\">. En automne, il y a g\u00e9n\u00e9ralement une bonne connectivit\u00e9 avec les villes de d\u00e9part et d&rsquo;arriv\u00e9e des \u00e9tapes, et moins de saturation dans les trains et les bus. Si vous d\u00e9cidez de diviser une \u00e9tape, consultez les transports locaux ou les taxis ruraux de la r\u00e9gion.<\/span><\/li>\n<\/ul>\n<p>&nbsp;<\/p>\n<h2><b>Quel mois d&rsquo;automne choisir ?<\/b><\/h2>\n<ul>\n<li style=\"font-weight: 400;\" aria-level=\"1\"><b>Septembre<\/b><span style=\"font-weight: 400;\"> : transition douce depuis l&rsquo;\u00e9t\u00e9 ; temp\u00e9ratures mod\u00e9r\u00e9es, vendanges, journ\u00e9es encore longues. Un peu plus de fr\u00e9quentation en d\u00e9but de mois.<\/span><\/li>\n<\/ul>\n<p>&nbsp;<\/p>\n<ul>\n<li style=\"font-weight: 400;\" aria-level=\"1\"><b>Octobre<\/b><span style=\"font-weight: 400;\"> : le \u00ab doux \u00bb automnal pour de nombreux p\u00e8lerins : couleurs \u00e0 leur apog\u00e9e, climat agr\u00e9able et ambiance tr\u00e8s tranquille.<\/span><\/li>\n<\/ul>\n<p>&nbsp;<\/p>\n<ul>\n<li style=\"font-weight: 400;\" aria-level=\"1\"><b>Novembre<\/b><span style=\"font-weight: 400;\"> : l&rsquo;option la plus sereine et contemplative. Jours plus courts et possibilit\u00e9s de pluies plus fr\u00e9quentes, mais avec une intimit\u00e9 difficile \u00e0 \u00e9galer.<\/span><\/li>\n<\/ul>\n<p>&nbsp;<\/p>\n<h2><b>Automne sur le Camino : une exp\u00e9rience transformatrice<\/b><\/h2>\n<p><span style=\"font-weight: 400;\">Faire le Camino en automne n&rsquo;est pas seulement choisir une saison diff\u00e9rente : c&rsquo;est <\/span><b>le vivre \u00e0 un autre rythme<\/b><span style=\"font-weight: 400;\">. Le silence des for\u00eats, la chaleur des couleurs et l&rsquo;absence de surfr\u00e9quentation permettent une meilleure connexion avec soi-m\u00eame et son environnement. Le cycle des feuilles tombantes symbolise la cl\u00f4ture et les nouveaux commencements, en harmonie avec ce que de nombreux p\u00e8lerins ressentent en arrivant \u00e0 Santiago\u2026 ou en continuant jusqu&rsquo;\u00e0 l&rsquo;oc\u00e9an \u00e0 Finisterre.<\/span><\/p>\n<p><span style=\"font-weight: 400;\">Quelle que soit la route choisie, cette saison vous offrira des marches plus confortables, des villages paisibles et des saveurs de saison qui rappellent la maison. Avec une planification judicieuse, un \u00e9quipement adapt\u00e9 \u00e0 la pluie et l&rsquo;envie de profiter, faire le p\u00e8lerinage \u00e0 ces dates devient une exp\u00e9rience profonde, authentique et m\u00e9morable.<\/span><\/p>\n","protected":false},"excerpt":{"rendered":"<p>Le Camino de Santiago est une exp\u00e9rience que des milliers de p\u00e8lerins vivent chaque ann\u00e9e \u00e0 la recherche d&rsquo;aventure, de spiritualit\u00e9 ou simplement pour un moment de d\u00e9connexion. Bien que le printemps et l&rsquo;\u00e9t\u00e9 soient g\u00e9n\u00e9ralement les saisons les plus populaires pour entreprendre le chemin, de plus en plus de marcheurs d\u00e9couvrent les avantages de [&hellip;]<\/p>\n","protected":false},"author":1,"featured_media":123929,"comment_status":"open","ping_status":"open","sticky":false,"template":"","format":"standard","meta":{"footnotes":""},"categories":[571,575],"tags":[],"class_list":["post-123969","post","type-post","status-publish","format-standard","has-post-thumbnail","hentry","category-blog-du-chemin","category-chemin-a-pied"],"_links":{"self":[{"href":"https:\/\/www.mundiplus.com\/fr\/wp-json\/wp\/v2\/posts\/123969","targetHints":{"allow":["GET"]}}],"collection":[{"href":"https:\/\/www.mundiplus.com\/fr\/wp-json\/wp\/v2\/posts"}],"about":[{"href":"https:\/\/www.mundiplus.com\/fr\/wp-json\/wp\/v2\/types\/post"}],"author":[{"embeddable":true,"href":"https:\/\/www.mundiplus.com\/fr\/wp-json\/wp\/v2\/users\/1"}],"replies":[{"embeddable":true,"href":"https:\/\/www.mundiplus.com\/fr\/wp-json\/wp\/v2\/comments?post=123969"}],"version-history":[{"count":2,"href":"https:\/\/www.mundiplus.com\/fr\/wp-json\/wp\/v2\/posts\/123969\/revisions"}],"predecessor-version":[{"id":124007,"href":"https:\/\/www.mundiplus.com\/fr\/wp-json\/wp\/v2\/posts\/123969\/revisions\/124007"}],"wp:featuredmedia":[{"embeddable":true,"href":"https:\/\/www.mundiplus.com\/fr\/wp-json\/wp\/v2\/media\/123929"}],"wp:attachment":[{"href":"https:\/\/www.mundiplus.com\/fr\/wp-json\/wp\/v2\/media?parent=123969"}],"wp:term":[{"taxonomy":"category","embeddable":true,"href":"https:\/\/www.mundiplus.com\/fr\/wp-json\/wp\/v2\/categories?post=123969"},{"taxonomy":"post_tag","embeddable":true,"href":"https:\/\/www.mundiplus.com\/fr\/wp-json\/wp\/v2\/tags?post=123969"}],"curies":[{"name":"wp","href":"https:\/\/api.w.org\/{rel}","templated":true}]}}