{"id":124207,"date":"2025-10-20T16:28:41","date_gmt":"2025-10-20T16:28:41","guid":{"rendered":"https:\/\/www.mundiplus.com\/?p=124207"},"modified":"2025-10-20T16:30:25","modified_gmt":"2025-10-20T16:30:25","slug":"comment-organiser-un-chemin-de-randonnee-dentreprise-travail-dequipe-et-leadership-sur-la-route","status":"publish","type":"post","link":"https:\/\/www.mundiplus.com\/fr\/comment-organiser-un-pelerinage-sur-le-chemin-de-compostelle-pour-votre-entreprise\/","title":{"rendered":"Comment organiser un chemin de randonn\u00e9e d&rsquo;entreprise : travail d&rsquo;\u00e9quipe et leadership sur la route"},"content":{"rendered":"<p><img fetchpriority=\"high\" decoding=\"async\" class=\"alignnone wp-image-118987 size-full\" src=\"https:\/\/www.mundiplus.com\/wp-content\/uploads\/2025\/04\/Blog-Mundiplus.png\" alt=\"\" width=\"1023\" height=\"539\" srcset=\"https:\/\/www.mundiplus.com\/wp-content\/uploads\/2025\/04\/Blog-Mundiplus.png 1023w, https:\/\/www.mundiplus.com\/wp-content\/uploads\/2025\/04\/Blog-Mundiplus-300x158.png 300w, https:\/\/www.mundiplus.com\/wp-content\/uploads\/2025\/04\/Blog-Mundiplus-768x405.png 768w, https:\/\/www.mundiplus.com\/wp-content\/uploads\/2025\/04\/Blog-Mundiplus-600x316.png 600w\" sizes=\"(max-width: 1023px) 100vw, 1023px\" \/><\/p>\n<p>Organiser un <b>Chemin de Saint-Jacques en \u00e9quipe<\/b> peut devenir l\u2019une des exp\u00e9riences les plus transformatrices pour une entreprise. Il ne s\u2019agit pas seulement de parcourir des kilom\u00e8tres, mais d\u2019apprendre \u00e0 avancer ensemble, \u00e0 r\u00e9soudre les difficult\u00e9s, \u00e0 d\u00e9couvrir les forces individuelles et, surtout, \u00e0 renforcer la coh\u00e9sion entre coll\u00e8gues en dehors du cadre professionnel.<\/p>\n<p>Chaque \u00e9tape, chaque conversation et chaque d\u00e9fi sur le Chemin deviennent une occasion de pratiquer <b>le leadership, la communication et l\u2019empathie<\/b>. C\u2019est pourquoi de nombreuses organisations consid\u00e8rent aujourd\u2019hui cet itin\u00e9raire mill\u00e9naire comme un v\u00e9ritable outil de d\u00e9veloppement professionnel et humain.<\/p>\n<p>&nbsp;<\/p>\n<h2><b>Pourquoi le Chemin de Saint-Jacques renforce les liens d\u2019\u00e9quipe<\/b><\/h2>\n<p><img decoding=\"async\" class=\"alignnone wp-image-124146 size-full\" src=\"https:\/\/www.mundiplus.com\/wp-content\/uploads\/2025\/10\/Organizar-un-Camino-de-empresa-Mundiplus.jpg\" alt=\"\" width=\"1000\" height=\"667\" srcset=\"https:\/\/www.mundiplus.com\/wp-content\/uploads\/2025\/10\/Organizar-un-Camino-de-empresa-Mundiplus.jpg 1000w, https:\/\/www.mundiplus.com\/wp-content\/uploads\/2025\/10\/Organizar-un-Camino-de-empresa-Mundiplus-300x200.jpg 300w, https:\/\/www.mundiplus.com\/wp-content\/uploads\/2025\/10\/Organizar-un-Camino-de-empresa-Mundiplus-768x512.jpg 768w, https:\/\/www.mundiplus.com\/wp-content\/uploads\/2025\/10\/Organizar-un-Camino-de-empresa-Mundiplus-600x400.jpg 600w\" sizes=\"(max-width: 1000px) 100vw, 1000px\" \/><\/p>\n<p>Le Chemin de Saint-Jacques offre quelque chose que peu d\u2019activit\u00e9s d\u2019entreprise parviennent \u00e0 r\u00e9aliser : <b>une v\u00e9ritable vie en communaut\u00e9<\/b>. Pendant plusieurs jours, les coll\u00e8gues partagent des r\u00e9veils matinaux, des efforts physiques, des d\u00e9cisions logistiques et des moments d\u2019\u00e9motion. Dans ce contexte, <b>les titres et hi\u00e9rarchies disparaissent<\/b>, et l\u2019essentiel \u00e9merge : la collaboration, la solidarit\u00e9 et la confiance.<\/p>\n<p>Sur le plan psychologique, ce type d\u2019exp\u00e9rience <b>cr\u00e9e de la coh\u00e9sion<\/b>. En affrontant ensemble la fatigue, l\u2019incertitude ou l\u2019effort, les \u00e9quipes d\u00e9veloppent une communication plus empathique et un profond sentiment d\u2019appartenance. De plus, cet itin\u00e9raire favorise des comp\u00e9tences tr\u00e8s appr\u00e9ci\u00e9es dans le monde professionnel : <b>l\u2019\u00e9coute active, la gestion de la frustration et la prise de d\u00e9cision collective<\/b>.<\/p>\n<p>En d\u2019autres termes, il devient une v\u00e9ritable \u201cformation en leadership et en travail d\u2019\u00e9quipe\u201d en plein air, o\u00f9 chaque journ\u00e9e enseigne quelque chose de nouveau sur la r\u00e9silience, l\u2019organisation et la coop\u00e9ration.<\/p>\n<p>&nbsp;<\/p>\n<h2><b>Comment organiser un Chemin d\u2019entreprise \u00e9tape par \u00e9tape<\/b><\/h2>\n<p><img decoding=\"async\" class=\"alignnone wp-image-124140 size-full\" src=\"https:\/\/www.mundiplus.com\/wp-content\/uploads\/2025\/10\/Como-organizar-un-Camino-de-empresa-Mundiplus.jpg\" alt=\"\" width=\"1000\" height=\"667\" srcset=\"https:\/\/www.mundiplus.com\/wp-content\/uploads\/2025\/10\/Como-organizar-un-Camino-de-empresa-Mundiplus.jpg 1000w, https:\/\/www.mundiplus.com\/wp-content\/uploads\/2025\/10\/Como-organizar-un-Camino-de-empresa-Mundiplus-300x200.jpg 300w, https:\/\/www.mundiplus.com\/wp-content\/uploads\/2025\/10\/Como-organizar-un-Camino-de-empresa-Mundiplus-768x512.jpg 768w, https:\/\/www.mundiplus.com\/wp-content\/uploads\/2025\/10\/Como-organizar-un-Camino-de-empresa-Mundiplus-600x400.jpg 600w\" sizes=\"(max-width: 1000px) 100vw, 1000px\" \/><\/p>\n<p>Planifier un <b>Chemin d\u2019entreprise<\/b> ne n\u00e9cessite pas d\u2019\u00eatre un expert en randonn\u00e9e, mais demande de prendre en compte certains aspects essentiels afin que l\u2019exp\u00e9rience soit fluide, s\u00fbre et enrichissante.<\/p>\n<p>&nbsp;<\/p>\n<h3><b>D\u00e9finir les objectifs et la dur\u00e9e<\/b><\/h3>\n<p>Avant de choisir un itin\u00e9raire, il est utile de d\u00e9terminer ce que l\u2019entreprise recherche : <i>coh\u00e9sion entre d\u00e9partements ? renforcement du leadership ? am\u00e9lioration de la communication interne ?<\/i><\/p>\n<p>Une fois les objectifs fix\u00e9s, il est recommand\u00e9 d\u2019opter pour un parcours de <b>5 \u00e0 7 \u00e9tapes<\/b>, suffisamment long pour favoriser la vie de groupe, mais sans \u00e9puiser physiquement les participants.<\/p>\n<p>&nbsp;<\/p>\n<h3><b>Pr\u00e9paration physique et mentale<\/b><\/h3>\n<p>Il n\u2019est pas n\u00e9cessaire d\u2019\u00eatre un athl\u00e8te, mais il est conseill\u00e9 <b>d\u2019effectuer quelques marches pr\u00e9paratoires<\/b> (individuelles ou en groupe) pour habituer le corps \u00e0 plusieurs heures de marche quotidienne. Il est aussi important de pr\u00e9parer l\u2019esprit : le Chemin est autant \u00e9motionnel que physique, et demande patience, adaptabilit\u00e9 et esprit de collaboration.<\/p>\n<p>&nbsp;<\/p>\n<h3><b>Planification des h\u00e9bergements et des repas<\/b><\/h3>\n<p>C\u2019est souvent l\u00e0 que se pr\u00e9sentent les premiers d\u00e9fis. En haute saison, la disponibilit\u00e9 des h\u00e9bergements peut \u00eatre limit\u00e9e ; il est donc pr\u00e9f\u00e9rable de <b>r\u00e9server \u00e0 l\u2019avance<\/b>. Les \u00e9quipes doivent d\u00e9cider si elles pr\u00e9f\u00e8rent des auberges partag\u00e9es (favorisant la convivialit\u00e9) ou de petits h\u00f4tels ruraux, plus confortables.<\/p>\n<p>La meilleure option est de confier cette organisation \u00e0 des <a href=\"https:\/\/www.mundiplus.com\/fr\/\"><b>entreprises sp\u00e9cialis\u00e9es sur le Chemin de Saint-Jacques<\/b><\/a>. Elles s\u2019assureront que chaque membre du groupe b\u00e9n\u00e9ficie du repos qu\u2019il m\u00e9rite, sans avoir \u00e0 se soucier des d\u00e9tails logistiques.<\/p>\n<p>Les repas doivent \u00eatre planifi\u00e9s en tenant compte des allergies et pr\u00e9f\u00e9rences alimentaires. Certains groupes choisissent de partager les d\u00eeners pour renforcer les liens et \u00e9changer sur la journ\u00e9e.<\/p>\n<p>&nbsp;<\/p>\n<h3><b>Logistique des bagages et du transport<\/b><\/h3>\n<p>M\u00eame si la philosophie du Chemin encourage \u00e0 voyager l\u00e9ger, pour un groupe d\u2019entreprise il peut \u00eatre plus pratique de disposer d\u2019un <b>service de transfert de bagages entre les \u00e9tapes<\/b>. Cela permet de se concentrer pleinement sur l\u2019exp\u00e9rience, sans porter de poids inutile ni risquer de blessure.<\/p>\n<p>&nbsp;<\/p>\n<h3><b>Dynamiques de groupe<\/b><\/h3>\n<p>Chaque journ\u00e9e peut <b>se conclure par une courte activit\u00e9 de groupe<\/b> : partager les apprentissages, d\u00e9signer un \u201cchef d\u2019\u00e9tape\u201d ou simplement \u00e9voquer les moments forts. Ces dynamiques renforcent la coh\u00e9sion et aident \u00e0 transposer les enseignements du Chemin dans le contexte professionnel.<\/p>\n<p>&nbsp;<\/p>\n<h2><b>Les d\u00e9fis r\u00e9els du Chemin lorsqu\u2019on voyage en groupe<\/b><\/h2>\n<p>Le Chemin de Saint-Jacques n\u2019est pas une simple promenade touristique, mais un itin\u00e9raire comportant de vrais d\u00e9fis qui, bien g\u00e9r\u00e9s, deviennent des sources d\u2019apprentissage collectif.<\/p>\n<ul>\n<li aria-level=\"1\"><b>Rythme et diff\u00e9rences individuelles<\/b>. Dans tout groupe, certains marchent plus vite que d\u2019autres. Coordonner les rythmes demande empathie et flexibilit\u00e9. L\u2019objectif n\u2019est pas d\u2019arriver le premier, mais d\u2019avancer ensemble. Apprendre \u00e0 attendre, \u00e0 accompagner et \u00e0 s\u2019adapter renforce l\u2019esprit d\u2019\u00e9quipe.<\/li>\n<\/ul>\n<p>&nbsp;<\/p>\n<ul>\n<li aria-level=\"1\"><b>Conditions m\u00e9t\u00e9orologiques<\/b>. La pluie, la chaleur ou la boue sont in\u00e9vitables. Ces impr\u00e9vus testent la capacit\u00e9 d\u2019organisation et le moral du groupe. Avec une bonne pr\u00e9paration (v\u00eatements techniques, imperm\u00e9ables, eau, cr\u00e8me solaire) et une attitude positive, m\u00eame les intemp\u00e9ries deviennent des anecdotes partag\u00e9es.<\/li>\n<\/ul>\n<p>&nbsp;<\/p>\n<ul>\n<li aria-level=\"1\"><b>Orientation et signalisation<\/b>. Bien que les fl\u00e8ches jaunes soient embl\u00e9matiques du Chemin, les indications peuvent parfois pr\u00eater \u00e0 confusion. Il est conseill\u00e9 d\u2019emporter des cartes \u00e0 jour ou des applications mobiles pour \u00e9viter de se perdre, surtout pour les groupes nombreux.<\/li>\n<\/ul>\n<p>&nbsp;<\/p>\n<ul>\n<li aria-level=\"1\"><b>Gestion \u00e9motionnelle<\/b>. Tous les membres du groupe ne vivent pas le Chemin de la m\u00eame fa\u00e7on. Certains peuvent \u00eatre \u00e9mus par les paysages, tandis que d\u2019autres se sentent frustr\u00e9s par la fatigue. \u00c9couter, soutenir et ne pas juger sont des attitudes essentielles. Les \u00e9motions partag\u00e9es g\u00e9n\u00e8rent confiance et unit\u00e9.<\/li>\n<\/ul>\n<p>&nbsp;<\/p>\n<p>Surmonter ensemble ces situations transforme le voyage en bien plus qu\u2019une simple marche : en une v\u00e9ritable exp\u00e9rience d\u2019apprentissage et de leadership partag\u00e9.<\/p>\n<p>&nbsp;<\/p>\n<h2><b>Itin\u00e9raires id\u00e9aux pour un Chemin d\u2019entreprise : avantages et caract\u00e9ristiques<\/b><\/h2>\n<p><img loading=\"lazy\" decoding=\"async\" class=\"alignnone wp-image-124152 size-full\" src=\"https:\/\/www.mundiplus.com\/wp-content\/uploads\/2025\/10\/Camino-de-Santiago-de-empresa-Mundiplus.jpg\" alt=\"\" width=\"1000\" height=\"667\" srcset=\"https:\/\/www.mundiplus.com\/wp-content\/uploads\/2025\/10\/Camino-de-Santiago-de-empresa-Mundiplus.jpg 1000w, https:\/\/www.mundiplus.com\/wp-content\/uploads\/2025\/10\/Camino-de-Santiago-de-empresa-Mundiplus-300x200.jpg 300w, https:\/\/www.mundiplus.com\/wp-content\/uploads\/2025\/10\/Camino-de-Santiago-de-empresa-Mundiplus-768x512.jpg 768w, https:\/\/www.mundiplus.com\/wp-content\/uploads\/2025\/10\/Camino-de-Santiago-de-empresa-Mundiplus-600x400.jpg 600w\" sizes=\"(max-width: 1000px) 100vw, 1000px\" \/><\/p>\n<p>Tous les chemins n\u2019offrent pas la m\u00eame exp\u00e9rience. Certains sont plus exigeants physiquement, d\u2019autres se distinguent par leur spiritualit\u00e9 ou la qualit\u00e9 de leurs services. Le choix d\u00e9pend du profil du groupe, du temps disponible et des objectifs vis\u00e9s.<\/p>\n<p>&nbsp;<\/p>\n<h3><b>Chemin Portugais : \u00e9quilibre entre nature et convivialit\u00e9<\/b><\/h3>\n<p>Le <b>Chemin Portugais<\/b> est l\u2019une des options les plus recommand\u00e9es pour les groupes d\u2019entreprise. Son parcours combine zones rurales, villages pittoresques et services bien r\u00e9partis. L\u2019un des tron\u00e7ons les plus attractifs pour les entreprises est le <a href=\"https:\/\/www.mundiplus.com\/fr\/caminos\/a-pie\/camino-portugues\/camino-de-santiago-desde-oporto\/\"><b>Chemin Portugais de Porto \u00e0 Tui<\/b><\/a>, offrant une distance mod\u00e9r\u00e9e et une excellente infrastructure.<\/p>\n<p><b>Avantages<\/b>:<\/p>\n<ul>\n<li aria-level=\"1\">Bon \u00e9quilibre entre effort physique et confort.<\/li>\n<\/ul>\n<p>&nbsp;<\/p>\n<ul>\n<li aria-level=\"1\">Paysages verts et paisibles favorisant les \u00e9changes.<\/li>\n<\/ul>\n<p>&nbsp;<\/p>\n<ul>\n<li aria-level=\"1\">Large choix d\u2019h\u00e9bergements vari\u00e9s.<\/li>\n<\/ul>\n<p>&nbsp;<\/p>\n<p>C\u2019est une option id\u00e9ale pour les \u00e9quipes recherchant la convivialit\u00e9, la r\u00e9flexion et le contact avec la nature sans grandes exigences physiques.<\/p>\n<p>&nbsp;<\/p>\n<h4><b>Variante Spirituelle : introspection et leadership conscient<\/b><\/h4>\n<p>Le <a href=\"https:\/\/www.mundiplus.com\/fr\/caminos\/a-pie\/variante-espiritual\/\"><b>Chemin de Saint-Jacques \u2013 Variante Spirituelle<\/b><\/a> est parfait pour les petits groupes ou les cadres dirigeants en qu\u00eate d\u2019une exp\u00e9rience <b>plus symbolique et \u00e9motionnelle<\/b>. Il combine des tron\u00e7ons c\u00f4tiers, des sentiers ruraux et une travers\u00e9e fluviale en bateau, ce qui en fait un itin\u00e9raire unique.<\/p>\n<p><b>Avantages<\/b> :<\/p>\n<ul>\n<li aria-level=\"1\">Environnements naturels d\u2019une grande beaut\u00e9, entre mer et for\u00eat.<\/li>\n<\/ul>\n<p>&nbsp;<\/p>\n<ul>\n<li aria-level=\"1\">Moments de calme et de r\u00e9flexion, propices au d\u00e9veloppement d\u2019un leadership conscient.<\/li>\n<\/ul>\n<p>&nbsp;<\/p>\n<ul>\n<li aria-level=\"1\">Moins de p\u00e8lerins, ce qui facilite la connexion entre coll\u00e8gues.<\/li>\n<\/ul>\n<p>&nbsp;<\/p>\n<p>Ce n\u2019est pas le plus facile, mais c\u2019est <b>l\u2019un des plus enrichissants<\/b> pour les \u00e9quipes souhaitant renforcer leur identit\u00e9 commune et partager des apprentissages personnels.<\/p>\n<p>&nbsp;<\/p>\n<h3><b>Chemin Sanabr\u00e9s : d\u00e9passement de soi et esprit d\u2019aventure<\/b><\/h3>\n<p>L\u2019itin\u00e9raire <a href=\"https:\/\/www.mundiplus.com\/fr\/caminos\/a-pie\/camino-sanabres\/camino-de-santiago-desde-orense\/\"><b>Ourense Saint-Jacques par le Sanabr\u00e9s<\/b><\/a> est une excellente option pour les <b>\u00e9quipes consolid\u00e9es ou en bonne condition physique<\/b>. Moins fr\u00e9quent\u00e9, il offre des paysages montagneux spectaculaires.<\/p>\n<p><b>Avantages<\/b> :<\/p>\n<ul>\n<li aria-level=\"1\">Environnement rural et authentique, id\u00e9al pour se d\u00e9connecter du stress professionnel.<\/li>\n<\/ul>\n<p>&nbsp;<\/p>\n<ul>\n<li aria-level=\"1\">D\u00e9fis physiques qui renforcent la coop\u00e9ration et la r\u00e9sistance mentale.<\/li>\n<\/ul>\n<p>&nbsp;<\/p>\n<ul>\n<li aria-level=\"1\">Portions tranquilles o\u00f9 les conversations se d\u00e9roulent naturellement.<\/li>\n<\/ul>\n<p>&nbsp;<\/p>\n<p>En raison de son niveau d\u2019exigence, il est recommand\u00e9 aux entreprises souhaitant <b>travailler la pers\u00e9v\u00e9rance et la gestion de l\u2019effort collectif<\/b>.<\/p>\n<p>&nbsp;<\/p>\n<h3><b>Chemin du Nord : beaut\u00e9, effort et esprit d\u2019\u00e9quipe<\/b><\/h3>\n<p>Le Chemin du Nord traverse la c\u00f4te cantabrique et combine mer, montagne et villes charmantes telles que Santander ou Gij\u00f3n. C\u2019est une route id\u00e9ale <b>pour les \u00e9quipes dynamiques, habitu\u00e9es au sport et avides d\u2019aventure<\/b>.<\/p>\n<p><b>Avantages<\/b> :<\/p>\n<ul>\n<li aria-level=\"1\">Paysages magnifiques, entre falaises, plages et for\u00eats.<\/li>\n<\/ul>\n<p>&nbsp;<\/p>\n<ul>\n<li aria-level=\"1\">\u00c9tapes intenses favorisant l\u2019entraide et la planification.<\/li>\n<\/ul>\n<p>&nbsp;<\/p>\n<ul>\n<li aria-level=\"1\">Large diversit\u00e9 d\u2019h\u00e9bergements et de services dans les zones urbaines.<\/li>\n<\/ul>\n<p>&nbsp;<\/p>\n<p>Bien qu\u2019il soit <b>plus exigeant que d\u2019autres itin\u00e9raires<\/b>, il s\u2019av\u00e8re inspirant pour les entreprises \u00e0 l\u2019esprit innovant, habitu\u00e9es aux d\u00e9fis et \u00e0 la progression constante.<\/p>\n<p>&nbsp;<\/p>\n<h3><b>Chemin Fran\u00e7ais : l\u2019itin\u00e9raire le plus social et complet<\/b><\/h3>\n<p>Le <b>Chemin Fran\u00e7ais<\/b> est l\u2019itin\u00e9raire <b>le plus populaire et le mieux \u00e9quip\u00e9<\/b>. Il traverse des localit\u00e9s embl\u00e9matiques comme Pampelune, Le\u00f3n ou Sarria, et offre un <b>vaste r\u00e9seau d\u2019h\u00e9bergements et de services<\/b>. Il est parfait pour les \u00e9quipes cherchant un \u00e9quilibre entre d\u00e9fi et convivialit\u00e9.<\/p>\n<p><b>Avantages<\/b> :<\/p>\n<ul>\n<li aria-level=\"1\">Signalisation excellente et grande vari\u00e9t\u00e9 d\u2019h\u00e9bergements.<\/li>\n<\/ul>\n<p>&nbsp;<\/p>\n<ul>\n<li aria-level=\"1\">Ambiance internationale et nombreuses opportunit\u00e9s de connexion avec d\u2019autres p\u00e8lerins.<\/li>\n<\/ul>\n<p>&nbsp;<\/p>\n<ul>\n<li aria-level=\"1\">Id\u00e9al pour les \u00e9quipes mixtes, avec diff\u00e9rents niveaux d\u2019exp\u00e9rience.<\/li>\n<\/ul>\n<p>&nbsp;<\/p>\n<p>Sa richesse culturelle et paysag\u00e8re en fait un chemin id\u00e9al pour <b>favoriser la convivialit\u00e9 et le leadership naturel<\/b> au sein du groupe.<\/p>\n<p>&nbsp;<\/p>\n<h3><b>Chemin Anglais : court, accessible et motivant<\/b><\/h3>\n<p>Le <b>Chemin Anglais<\/b> est parfait pour les entreprises disposant de peu de jours. Ses \u00e9tapes sont mod\u00e9r\u00e9es et traversent des zones rurales et c\u00f4ti\u00e8res pleines de charme. En moins d\u2019une semaine, le groupe peut atteindre Saint-Jacques avec un v\u00e9ritable sentiment d\u2019accomplissement partag\u00e9.<\/p>\n<p><b>Avantages<\/b> :<\/p>\n<ul>\n<li aria-level=\"1\">Parcours court (5 \u00e0 6 \u00e9tapes), id\u00e9al pour une escapade d\u2019entreprise.<\/li>\n<\/ul>\n<p>&nbsp;<\/p>\n<ul>\n<li aria-level=\"1\">\u00c9tapes accessibles \u00e0 tous les niveaux physiques.<\/li>\n<\/ul>\n<p>&nbsp;<\/p>\n<ul>\n<li aria-level=\"1\">Environnement paisible et excellente gastronomie locale.<\/li>\n<\/ul>\n<p>&nbsp;<\/p>\n<p>C\u2019est une option tr\u00e8s recommand\u00e9e pour <b>renforcer la coh\u00e9sion et l\u2019esprit d\u2019\u00e9quipe en peu de temps<\/b>.<\/p>\n<p>&nbsp;<\/p>\n<h3><b>Chemin Primitif : authenticit\u00e9 et esprit de d\u00e9passement<\/b><\/h3>\n<p>Consid\u00e9r\u00e9 comme le plus ancien, le <b>Chemin Primitif<\/b> relie Oviedo \u00e0 Saint-Jacques en traversant montagnes et vall\u00e9es d\u2019une beaut\u00e9 impressionnante. Exigeant sur le plan physique, il est id\u00e9al pour les \u00e9quipes cherchant <b>un d\u00e9fi collectif et une exp\u00e9rience authentique<\/b> loin des foules.<\/p>\n<p><b>Avantages<\/b> :<\/p>\n<ul>\n<li aria-level=\"1\">Itin\u00e9raire peu fr\u00e9quent\u00e9, parfait pour l\u2019introspection et le travail d\u2019\u00e9quipe.<\/li>\n<\/ul>\n<p>&nbsp;<\/p>\n<ul>\n<li aria-level=\"1\">Paysages de haute montagne, tr\u00e8s inspirants.<\/li>\n<\/ul>\n<p>&nbsp;<\/p>\n<ul>\n<li aria-level=\"1\">Id\u00e9al pour renforcer la confiance et la r\u00e9silience du groupe.<\/li>\n<\/ul>\n<p>&nbsp;<\/p>\n<p>Bien qu\u2019il demande une bonne pr\u00e9paration physique, il r\u00e9compense les marcheurs par un fort sentiment de d\u00e9passement collectif.<\/p>\n<p>&nbsp;<\/p>\n<h3><b>Chemin de Fisterra : cl\u00f4ture symbolique et r\u00e9flexion partag\u00e9e<\/b><\/h3>\n<p>De nombreux groupes le choisissent comme <b>\u00e9pilogue symbolique<\/b> apr\u00e8s \u00eatre arriv\u00e9s \u00e0 la cath\u00e9drale, pour r\u00e9fl\u00e9chir ensemble \u00e0 l\u2019exp\u00e9rience v\u00e9cue et c\u00e9l\u00e9brer les r\u00e9ussites du parcours.<\/p>\n<p><b>Avantages<\/b> :<\/p>\n<ul>\n<li aria-level=\"1\">Itin\u00e9raire paisible et peu fr\u00e9quent\u00e9, id\u00e9al pour la cl\u00f4ture \u00e9motionnelle du voyage.<\/li>\n<\/ul>\n<p>&nbsp;<\/p>\n<ul>\n<li aria-level=\"1\">Vues spectaculaires sur l\u2019Atlantique et couchers de soleil uniques.<\/li>\n<\/ul>\n<p>&nbsp;<\/p>\n<ul>\n<li aria-level=\"1\">Favorise la r\u00e9flexion et la coh\u00e9sion finale du groupe avant le retour.<\/li>\n<\/ul>\n<p>&nbsp;<\/p>\n<p>Terminer l\u2019exp\u00e9rience \u00e0 Fisterra est une <b>fa\u00e7on symbolique de clore un cycle d\u2019apprentissage<\/b>, de motivation et de camaraderie qui marquera durablement toute l\u2019\u00e9quipe.<\/p>\n<p>&nbsp;<\/p>\n<h2><b>Meilleures p\u00e9riodes pour organiser un Chemin d\u2019entreprise<\/b><\/h2>\n<p>Le choix de la p\u00e9riode de l\u2019ann\u00e9e influence directement le climat, l\u2019affluence des p\u00e8lerins, la disponibilit\u00e9 des h\u00e9bergements et le moral de l\u2019\u00e9quipe. Voici les p\u00e9riodes les plus recommand\u00e9es selon les objectifs et le profil du groupe :<\/p>\n<h3><b>Printemps <\/b>(avril\u2013juin) :<\/h3>\n<ul>\n<li aria-level=\"1\"><b>Climat doux et journ\u00e9es plus longues<\/b> : favorise la performance et la convivialit\u00e9, avec un moindre risque de chaleur extr\u00eame.<\/li>\n<\/ul>\n<p>&nbsp;<\/p>\n<ul>\n<li aria-level=\"1\"><b>Affluence mod\u00e9r\u00e9e<\/b> : meilleure disponibilit\u00e9 d\u2019h\u00e9bergements qu\u2019en \u00e9t\u00e9 et ambiance de p\u00e8lerinage tr\u00e8s agr\u00e9able.<\/li>\n<\/ul>\n<p>&nbsp;<\/p>\n<ul>\n<li aria-level=\"1\"><b>Recommand\u00e9 pour<\/b> : \u00e9quipes mixtes et premi\u00e8res exp\u00e9riences d\u2019entreprise.<\/li>\n<\/ul>\n<p>&nbsp;<\/p>\n<h3><b>Automne <\/b>(septembre\u2013octobre) :<\/h3>\n<ul>\n<li aria-level=\"1\"><b>Temp\u00e9ratures douces<\/b> et <b>faible exposition solaire<\/b> : parfait pour maintenir un rythme homog\u00e8ne en groupe.<\/li>\n<\/ul>\n<p>&nbsp;<\/p>\n<ul>\n<li aria-level=\"1\"><b>Moins de foule<\/b> qu\u2019en ao\u00fbt, avec une bonne offre d\u2019h\u00e9bergements et de services.<\/li>\n<\/ul>\n<p>&nbsp;<\/p>\n<ul>\n<li aria-level=\"1\"><b>Recommand\u00e9 pour<\/b> : \u00e9quipes privil\u00e9giant la r\u00e9flexion, le travail sur les valeurs et la coh\u00e9sion.<\/li>\n<\/ul>\n<p>&nbsp;<\/p>\n<h3><b>\u00c9t\u00e9 <\/b>(juillet\u2013ao\u00fbt) :<\/h3>\n<ul>\n<li aria-level=\"1\"><b>Chaleur et forte affluence<\/b> : il est conseill\u00e9 de partir tr\u00e8s t\u00f4t, de faire des pauses \u00e0 l\u2019ombre et de bien s\u2019hydrater.<\/li>\n<\/ul>\n<p>&nbsp;<\/p>\n<ul>\n<li aria-level=\"1\"><b>Forte demande<\/b> : les r\u00e9servations d\u2019h\u00e9bergements doivent \u00eatre faites bien \u00e0 l\u2019avance, surtout sur les tron\u00e7ons populaires.<\/li>\n<\/ul>\n<p>&nbsp;<\/p>\n<ul>\n<li aria-level=\"1\"><b>Recommand\u00e9 pour<\/b> : groupes habitu\u00e9s \u00e0 l\u2019activit\u00e9 physique et \u00e0 la gestion de l\u2019effort par temps chaud.<\/li>\n<\/ul>\n<p>&nbsp;<\/p>\n<h3><b>Hiver <\/b>(novembre\u2013mars) :<\/h3>\n<ul>\n<li aria-level=\"1\"><b>Moins d\u2019affluence<\/b> et plus de recueillement, mais avec des pluies fr\u00e9quentes et <b>des risques de neige ou de gel<\/b> en montagne.<\/li>\n<\/ul>\n<p>&nbsp;<\/p>\n<ul>\n<li aria-level=\"1\"><b>Services limit\u00e9s<\/b> sur certaines sections et <b>journ\u00e9es plus courtes<\/b> : il faut pr\u00e9voir des \u00e9tapes plus br\u00e8ves et un \u00e9quipement imperm\u00e9able\/thermique.<\/li>\n<\/ul>\n<p>&nbsp;<\/p>\n<ul>\n<li aria-level=\"1\"><b>Recommand\u00e9 pour<\/b> : petites \u00e9quipes exp\u00e9riment\u00e9es recherchant introspection et travail sur la r\u00e9silience.<\/li>\n<\/ul>\n<p>&nbsp;<\/p>\n<h3><b>Dates sp\u00e9ciales et jours f\u00e9ri\u00e9s : points d\u2019attention<\/b><\/h3>\n<ul>\n<li aria-level=\"1\"><b>Ponts et Semaine Sainte<\/b> : plus d\u2019occupation et prix plus \u00e9lev\u00e9s ; r\u00e9server \u00e0 l\u2019avance.<\/li>\n<\/ul>\n<p>&nbsp;<\/p>\n<ul>\n<li aria-level=\"1\"><b>Autour du 25 juillet<\/b> (Saint Jacques Ap\u00f4tre) : forte affluence en Galice ; ajuster la logistique et les horaires.<\/li>\n<\/ul>\n<p>&nbsp;<\/p>\n<ul>\n<li aria-level=\"1\"><b>Week-ends prolong\u00e9s<\/b> : option pratique pour des <i>mini-parcours<\/i> d\u2019entreprise de 3 \u00e0 4 jours.<\/li>\n<\/ul>\n<p>&nbsp;<\/p>\n<h3><b>Conseils pratiques selon la saison<\/b><\/h3>\n<ul>\n<li aria-level=\"1\"><b>Printemps\/Automne<\/b> : v\u00eatements l\u00e9gers en couches, imperm\u00e9able, v\u00e9rifier la m\u00e9t\u00e9o et l\u2019\u00e9tat des sentiers.<\/li>\n<\/ul>\n<p>&nbsp;<\/p>\n<ul>\n<li aria-level=\"1\"><b>\u00c9t\u00e9<\/b> : d\u00e9part \u00e0 l\u2019aube, cr\u00e8me solaire, casquette, sels min\u00e9raux et pauses \u00e0 mi-journ\u00e9e.<\/li>\n<\/ul>\n<p>&nbsp;<\/p>\n<ul>\n<li aria-level=\"1\"><b>Hiver<\/b> : \u00e9tapes plus courtes, lampe frontale, v\u00eatements thermiques et imperm\u00e9ables, et plan B en cas de mauvais temps.<\/li>\n<\/ul>\n<p>&nbsp;<\/p>\n<h2><b>Travail d\u2019\u00e9quipe et leadership tout au long du parcours<\/b><\/h2>\n<p>Le Chemin r\u00e9v\u00e8le rapidement le r\u00f4le de chacun au sein du groupe. Certains prennent naturellement les r\u00eanes, d\u2019autres se distinguent par leur empathie ou leur capacit\u00e9 \u00e0 motiver. Observer et faire tourner ces r\u00f4les constitue une excellente pratique de leadership partag\u00e9.<\/p>\n<ul>\n<li aria-level=\"1\"><b>Chef d\u2019\u00e9tape<\/b> : coordonne les horaires et le rythme.<\/li>\n<\/ul>\n<p>&nbsp;<\/p>\n<ul>\n<li aria-level=\"1\"><b>Motivateur<\/b> : maintient le moral lors des moments de fatigue.<\/li>\n<\/ul>\n<p>&nbsp;<\/p>\n<ul>\n<li aria-level=\"1\"><b>Responsable logistique<\/b> : g\u00e8re les aspects pratiques (eau, nourriture, signalisation).<\/li>\n<\/ul>\n<p>&nbsp;<\/p>\n<ul>\n<li aria-level=\"1\"><b>Communicant<\/b> : favorise la r\u00e9flexion et le dialogue entre coll\u00e8gues.<\/li>\n<\/ul>\n<p>&nbsp;<\/p>\n<p>Ces dynamiques enrichissent non seulement l\u2019exp\u00e9rience, mais d\u00e9veloppent aussi des comp\u00e9tences directement applicables dans le monde professionnel : gestion d\u2019\u00e9quipe, r\u00e9silience et vision collective.<\/p>\n<p>&nbsp;<\/p>\n<h2><b>Conseils finaux pour vivre un Chemin d\u2019entreprise inoubliable<\/b><\/h2>\n<ul>\n<li aria-level=\"1\"><b>Privil\u00e9giez la s\u00e9curit\u00e9 et le bien-\u00eatre<\/b> : v\u00e9rifiez la m\u00e9t\u00e9o, emportez une trousse de premiers secours et assurez-vous que tous les participants soient bien inform\u00e9s.<\/li>\n<\/ul>\n<p>&nbsp;<\/p>\n<ul>\n<li aria-level=\"1\"><b>\u00c9vitez la surplanification<\/b> : laissez de la place \u00e0 la spontan\u00e9it\u00e9 et aux moments inattendus, souvent les plus pr\u00e9cieux.<\/li>\n<\/ul>\n<p>&nbsp;<\/p>\n<ul>\n<li aria-level=\"1\"><b>C\u00e9l\u00e9brez les r\u00e9ussites<\/b> : une petite c\u00e9r\u00e9monie en fin d\u2019\u00e9tape ou un repas sp\u00e9cial \u00e0 l\u2019arriv\u00e9e \u00e0 Saint-Jacques renforce le sentiment d\u2019appartenance.<\/li>\n<\/ul>\n<p>&nbsp;<\/p>\n<ul>\n<li aria-level=\"1\"><b>R\u00e9fl\u00e9chissez apr\u00e8s le voyage<\/b> : organiser une r\u00e9union de retour pour partager les apprentissages aide \u00e0 transposer l\u2019exp\u00e9rience dans le cadre professionnel.<\/li>\n<\/ul>\n<p>&nbsp;<\/p>\n<p>Le Chemin de Saint-Jacques ne relie pas seulement les personnes ; il inspire aussi de nouvelles fa\u00e7ons de diriger, de communiquer et de coop\u00e9rer. Marcher ensemble vers un objectif commun \u2014 litt\u00e9ralement et symboliquement \u2014 est la meilleure m\u00e9taphore d\u2019une \u00e9quipe qui avance unie.<\/p>\n","protected":false},"excerpt":{"rendered":"<p>Organiser un Chemin de Saint-Jacques en \u00e9quipe peut devenir l\u2019une des exp\u00e9riences les plus transformatrices pour une entreprise. Il ne s\u2019agit pas seulement de parcourir des kilom\u00e8tres, mais d\u2019apprendre \u00e0 avancer ensemble, \u00e0 r\u00e9soudre les difficult\u00e9s, \u00e0 d\u00e9couvrir les forces individuelles et, surtout, \u00e0 renforcer la coh\u00e9sion entre coll\u00e8gues en dehors du cadre professionnel. Chaque [&hellip;]<\/p>\n","protected":false},"author":1,"featured_media":124142,"comment_status":"open","ping_status":"open","sticky":false,"template":"","format":"standard","meta":{"footnotes":""},"categories":[571,575,567,595],"tags":[],"class_list":["post-124207","post","type-post","status-publish","format-standard","has-post-thumbnail","hentry","category-blog-du-chemin","category-chemin-a-pied","category-conditionnement-physique","category-preparatifs-pour-le-voyage"],"_links":{"self":[{"href":"https:\/\/www.mundiplus.com\/fr\/wp-json\/wp\/v2\/posts\/124207","targetHints":{"allow":["GET"]}}],"collection":[{"href":"https:\/\/www.mundiplus.com\/fr\/wp-json\/wp\/v2\/posts"}],"about":[{"href":"https:\/\/www.mundiplus.com\/fr\/wp-json\/wp\/v2\/types\/post"}],"author":[{"embeddable":true,"href":"https:\/\/www.mundiplus.com\/fr\/wp-json\/wp\/v2\/users\/1"}],"replies":[{"embeddable":true,"href":"https:\/\/www.mundiplus.com\/fr\/wp-json\/wp\/v2\/comments?post=124207"}],"version-history":[{"count":4,"href":"https:\/\/www.mundiplus.com\/fr\/wp-json\/wp\/v2\/posts\/124207\/revisions"}],"predecessor-version":[{"id":124229,"href":"https:\/\/www.mundiplus.com\/fr\/wp-json\/wp\/v2\/posts\/124207\/revisions\/124229"}],"wp:featuredmedia":[{"embeddable":true,"href":"https:\/\/www.mundiplus.com\/fr\/wp-json\/wp\/v2\/media\/124142"}],"wp:attachment":[{"href":"https:\/\/www.mundiplus.com\/fr\/wp-json\/wp\/v2\/media?parent=124207"}],"wp:term":[{"taxonomy":"category","embeddable":true,"href":"https:\/\/www.mundiplus.com\/fr\/wp-json\/wp\/v2\/categories?post=124207"},{"taxonomy":"post_tag","embeddable":true,"href":"https:\/\/www.mundiplus.com\/fr\/wp-json\/wp\/v2\/tags?post=124207"}],"curies":[{"name":"wp","href":"https:\/\/api.w.org\/{rel}","templated":true}]}}