{"id":124320,"date":"2025-10-22T14:41:37","date_gmt":"2025-10-22T14:41:37","guid":{"rendered":"https:\/\/www.mundiplus.com\/?p=124320"},"modified":"2025-10-22T14:42:55","modified_gmt":"2025-10-22T14:42:55","slug":"camino-torres-lautre-variante-hispano-portugaise","status":"publish","type":"post","link":"https:\/\/www.mundiplus.com\/fr\/camino-torres-la-route-hispano-portugaise-vers-saint-jacques-de-compostelle\/","title":{"rendered":"Camino Torres : l&rsquo;autre variante hispano-portugaise"},"content":{"rendered":"<p><img fetchpriority=\"high\" decoding=\"async\" class=\"alignnone wp-image-118987 size-full\" src=\"https:\/\/www.mundiplus.com\/wp-content\/uploads\/2025\/04\/Blog-Mundiplus.png\" alt=\"\" width=\"1023\" height=\"539\" srcset=\"https:\/\/www.mundiplus.com\/wp-content\/uploads\/2025\/04\/Blog-Mundiplus.png 1023w, https:\/\/www.mundiplus.com\/wp-content\/uploads\/2025\/04\/Blog-Mundiplus-300x158.png 300w, https:\/\/www.mundiplus.com\/wp-content\/uploads\/2025\/04\/Blog-Mundiplus-768x405.png 768w, https:\/\/www.mundiplus.com\/wp-content\/uploads\/2025\/04\/Blog-Mundiplus-600x316.png 600w\" sizes=\"(max-width: 1023px) 100vw, 1023px\" \/><\/p>\n<p>Le <b>Chemin Torres<\/b> est un itin\u00e9raire jacquaire peu fr\u00e9quent\u00e9 qui relie la ville de <b>Salamanque<\/b> \u00e0 <b>Santiago de Compostela<\/b> sur environ <b>580 km<\/b>, divis\u00e9s en 23 \u00e9tapes. C\u2019est un parcours historique inspir\u00e9 du voyage entrepris en 1737 par <b>Don Diego de Torres Villarroel<\/b>, professeur \u00e0 l\u2019Universit\u00e9 de Salamanque. Il choisit de p\u00e8leriner en traversant le Portugal plut\u00f4t que de suivre la tr\u00e8s emprunt\u00e9e Via de la Plata.<\/p>\n<p>Gr\u00e2ce \u00e0 sa connaissance du pays lusitanien (il y avait v\u00e9cu en exil), il tra\u00e7a un itin\u00e9raire alternatif alliant crit\u00e8res pratiques et spirituels : <b>\u00e9viter les routes les plus fr\u00e9quent\u00e9es tout en reliant des lieux d\u2019une grande importance historique en Espagne et au Portugal<\/b>.<\/p>\n<p>Pr\u00e8s de trois si\u00e8cles plus tard, cet itin\u00e9raire a \u00e9t\u00e9 red\u00e9couvert et mis en valeur pour les p\u00e8lerins recherchant une exp\u00e9rience diff\u00e9rente du Chemin de Saint-Jacques. Avant de poursuivre, nous pr\u00e9cisons que cet article est purement informatif et que cet itin\u00e9raire n\u2019est pas propos\u00e9 par Mundiplus, sp\u00e9cialistes des <a href=\"https:\/\/www.mundiplus.com\/fr\/\"><b>voyages organis\u00e9s sur le Chemin de Saint-Jacques<\/b><\/a>.<\/p>\n<p>&nbsp;<\/p>\n<h2><b>Que propose le Chemin Torres ?<\/b><\/h2>\n<p><img decoding=\"async\" class=\"alignnone wp-image-124311 size-full\" src=\"https:\/\/www.mundiplus.com\/wp-content\/uploads\/2025\/10\/Camino-Torres-Ciudad-Rodrigo-Mundiplus.jpg\" alt=\"\" width=\"1024\" height=\"576\" srcset=\"https:\/\/www.mundiplus.com\/wp-content\/uploads\/2025\/10\/Camino-Torres-Ciudad-Rodrigo-Mundiplus.jpg 1024w, https:\/\/www.mundiplus.com\/wp-content\/uploads\/2025\/10\/Camino-Torres-Ciudad-Rodrigo-Mundiplus-300x169.jpg 300w, https:\/\/www.mundiplus.com\/wp-content\/uploads\/2025\/10\/Camino-Torres-Ciudad-Rodrigo-Mundiplus-768x432.jpg 768w, https:\/\/www.mundiplus.com\/wp-content\/uploads\/2025\/10\/Camino-Torres-Ciudad-Rodrigo-Mundiplus-600x338.jpg 600w\" sizes=\"(max-width: 1024px) 100vw, 1024px\" \/><\/p>\n<p>Le Chemin Torres, \u00e9galement connu sous le nom de \u00ab variante hispano-portugaise \u00bb, suit d\u2019anciennes chauss\u00e9es et sentiers ruraux d\u2019<b>Espagne<\/b> et du <b>Portugal<\/b>. Tout au long de son parcours, le p\u00e8lerin traverse des paysages tr\u00e8s vari\u00e9s : les dehesas de Salamanque, les terres de la Beira Alta portugaise, les vall\u00e9es fluviales du Douro, du T\u00e1mega, du Lima et du Mi\u00f1o, avant de p\u00e9n\u00e9trer dans les vertes r\u00edas de Galice.<\/p>\n<p>L\u2019itin\u00e9raire passe par des villes et villages charg\u00e9s d\u2019histoire, dont certains sont class\u00e9s <b>au patrimoine mondial<\/b> par l\u2019UNESCO. Parmi les \u00e9tapes les plus remarquables figurent :<\/p>\n<ul>\n<li aria-level=\"1\"><b>Salamanque<\/b>, avec sa c\u00e9l\u00e8bre Plaza Mayor et ses cath\u00e9drales.<\/li>\n<\/ul>\n<p>&nbsp;<\/p>\n<ul>\n<li aria-level=\"1\"><b>Ciudad Rodrigo<\/b>, cit\u00e9 fortifi\u00e9e d\u2019origine m\u00e9di\u00e9vale.<\/li>\n<\/ul>\n<p>&nbsp;<\/p>\n<ul>\n<li aria-level=\"1\"><b>Guimar\u00e3es<\/b>, au Portugal, avec un centre historique m\u00e9di\u00e9val.<\/li>\n<\/ul>\n<p>&nbsp;<\/p>\n<ul>\n<li aria-level=\"1\"><b>Braga<\/b>, et son sanctuaire du Bom Jesus do Monte.<\/li>\n<\/ul>\n<p>&nbsp;<\/p>\n<ul>\n<li aria-level=\"1\"><b>Tui<\/b>, avec sa majestueuse cath\u00e9drale-forteresse \u00e0 la fronti\u00e8re gal\u00e9go-portugaise.<\/li>\n<\/ul>\n<p>&nbsp;<\/p>\n<ul>\n<li aria-level=\"1\"><b>Pontevedra<\/b>, au charme marin et \u00e0 l\u2019ambiance typiquement galicienne.<\/li>\n<\/ul>\n<p>&nbsp;<\/p>\n<p>Enfin, apr\u00e8s environ trois semaines de marche, le parcours s\u2019ach\u00e8ve \u00e0 la <b>cath\u00e9drale de Saint-Jacques-de-Compostelle<\/b>, destination ultime de tous les p\u00e8lerinages jacquaires.<\/p>\n<p>L\u2019une des caract\u00e9ristiques distinctives de ce chemin est sa <b>richesse historique et culturelle<\/b>. Le trac\u00e9 emprunte d\u2019<b>anciennes voies<\/b> telles que la <b>Ca\u00f1ada Real de Extremadura<\/b>, la <b>voie romaine XIX<\/b> de l\u2019Itin\u00e9raire d\u2019Antonin (ancienne route romaine reliant Braga \u00e0 Astorga) et m\u00eame certains tron\u00e7ons du <b>Chemin Portugais<\/b>.<\/p>\n<p>En effet, il <b>rejoint la route portugaise traditionnelle en Galice<\/b> : de Tui \u00e0 Saint-Jacques, il partage exactement les derni\u00e8res \u00e9tapes avec le Chemin Portugais central.<\/p>\n<p>Moins fr\u00e9quent\u00e9 que d\u2019autres itin\u00e9raires, il offre une exp\u00e9rience de <b>calme, de nature et d\u2019introspection<\/b>. Cependant, il exige aussi davantage de pr\u00e9paration : certaines \u00e9tapes sont longues et traversent des zones isol\u00e9es, il est donc conseill\u00e9 de bien planifier les h\u00e9bergements disponibles, d\u2019emporter suffisamment d\u2019eau et de nourriture et d\u2019avoir une bonne condition physique.<\/p>\n<p>La signalisation avec les fl\u00e8ches jaunes est pr\u00e9sente, bien qu\u2019<b>insuffisante sur certains tron\u00e7ons<\/b>. Ces derni\u00e8res ann\u00e9es (2020-2021), <b>de nouveaux jalons et balises<\/b> ont \u00e9t\u00e9 install\u00e9s, mais il est recommand\u00e9 d\u2019utiliser des cartes ou des traces GPS pour \u00e9viter de s\u2019\u00e9carter de la route.<\/p>\n<p>&nbsp;<\/p>\n<h2><b>Les \u00e9tapes du Chemin Torres<\/b><\/h2>\n<p><img decoding=\"async\" class=\"alignnone wp-image-124299 size-full\" src=\"https:\/\/www.mundiplus.com\/wp-content\/uploads\/2025\/10\/Camino-Torres-Salamanca-Mundiplus.jpg\" alt=\"\" width=\"1024\" height=\"680\" srcset=\"https:\/\/www.mundiplus.com\/wp-content\/uploads\/2025\/10\/Camino-Torres-Salamanca-Mundiplus.jpg 1024w, https:\/\/www.mundiplus.com\/wp-content\/uploads\/2025\/10\/Camino-Torres-Salamanca-Mundiplus-300x199.jpg 300w, https:\/\/www.mundiplus.com\/wp-content\/uploads\/2025\/10\/Camino-Torres-Salamanca-Mundiplus-768x510.jpg 768w, https:\/\/www.mundiplus.com\/wp-content\/uploads\/2025\/10\/Camino-Torres-Salamanca-Mundiplus-600x398.jpg 600w\" sizes=\"(max-width: 1024px) 100vw, 1024px\" \/><\/p>\n<p>Voici le d\u00e9tail des 23 \u00e9tapes propos\u00e9es du Chemin Torres, avec leurs points de d\u00e9part, d\u2019arriv\u00e9e et la distance approximative de chacune. Cet itin\u00e9raire cherche \u00e0 recr\u00e9er fid\u00e8lement le parcours original de Don Diego de Torres Villarroel.<\/p>\n<ul>\n<li aria-level=\"1\"><b>\u00c9tape 1 : Salamanque \u2013 Robliza de Cojos <\/b>(32,9 km) \u2013 D\u00e9part \u00e0 la Cueva de Salamanca (km 0), \u00e0 c\u00f4t\u00e9 du buste de Torres Villarroel. \u00c9tape longue, pratiquement sans localit\u00e9s interm\u00e9diaires, jusqu\u2019au petit village de Robliza de Cojos, qui dispose d\u2019un refuge de p\u00e8lerins en fin d\u2019\u00e9tape.<\/li>\n<\/ul>\n<p>&nbsp;<\/p>\n<ul>\n<li aria-level=\"1\"><b>\u00c9tape 2 : Robliza de Cojos \u2013 San Mu\u00f1oz <\/b>(20,9 km) \u2013 Tron\u00e7on \u00e0 travers la r\u00e9gion du Campo Charro de Salamanque. Le parcours suit la Ca\u00f1ada Real entre dehesas et p\u00e2turages. Il faut franchir des ruisseaux comme l\u2019Arganza, ce qui peut mouiller les pieds en p\u00e9riode de pluie. San Mu\u00f1oz offre les services de base pour le p\u00e8lerin.<\/li>\n<\/ul>\n<p>&nbsp;<\/p>\n<ul>\n<li aria-level=\"1\"><b>\u00c9tape 3 : San Mu\u00f1oz \u2013 Alba de Yeltes <\/b>(26,6 km) \u2013 \u00c9tape \u00e0 l\u2019atmosph\u00e8re tr\u00e8s rurale. On traverse la dehesa et plusieurs rivi\u00e8res (Huebra, Yeltes), alternant pistes et sentiers \u00e9troits bord\u00e9s de cistes et de ch\u00eanes verts. Prudence en p\u00e9riode de crues. L\u2019\u00e9tape se termine dans la petite localit\u00e9 d\u2019Alba de Yeltes.<\/li>\n<\/ul>\n<p>&nbsp;<\/p>\n<ul>\n<li aria-level=\"1\"><b>\u00c9tape 4 : Alba de Yeltes \u2013 Ciudad Rodrigo <\/b>(25 km) \u2013 Apr\u00e8s trois jours en pleine nature, cette \u00e9tape m\u00e8ne \u00e0 la premi\u00e8re grande ville. On marche sur des tron\u00e7ons goudronn\u00e9s tranquilles (voie de Bocacara) et sur des sentiers bord\u00e9s de ch\u00eanes-li\u00e8ges. La r\u00e9compense est <b>Ciudad Rodrigo<\/b>, cit\u00e9 historique fortifi\u00e9e o\u00f9 le p\u00e8lerin d\u00e9couvre un riche patrimoine monumental.<\/li>\n<\/ul>\n<p>&nbsp;<\/p>\n<ul>\n<li aria-level=\"1\"><b>\u00c9tape 5 : Ciudad Rodrigo \u2013 Aldea del Obispo <\/b>(30,4 km) \u2013 On quitte Ciudad Rodrigo par le pont m\u00e9di\u00e9val sur la rivi\u00e8re \u00c1gueda. Le chemin traverse Gallegos de Arga\u00f1\u00e1n (\u00e9glise de Santiago) et Alameda de Gard\u00f3n avant d\u2019atteindre Aldea del Obispo, derni\u00e8re localit\u00e9 espagnole. On y trouve le <b>fort de La Concepci\u00f3n<\/b>, forteresse du XVIII\u1d49 si\u00e8cle situ\u00e9e \u00e0 la fronti\u00e8re portugaise.<\/li>\n<\/ul>\n<p>&nbsp;<\/p>\n<ul>\n<li aria-level=\"1\"><b>\u00c9tape 6 : Aldea del Obispo \u2013 Pinhel <\/b>(34,1 km) \u2013 \u00c9tape longue marquant l\u2019entr\u00e9e au Portugal. Apr\u00e8s avoir franchi la fronti\u00e8re par la rivi\u00e8re Turones\/Tour\u00f5es, on passe par Vale da Mula et on atteint Almeida, c\u00e9l\u00e8bre cit\u00e9 fortifi\u00e9e portugaise. De l\u00e0, le chemin continue jusqu\u2019\u00e0 Pinhel, domin\u00e9e par son ch\u00e2teau.<\/li>\n<\/ul>\n<p>&nbsp;<\/p>\n<ul>\n<li aria-level=\"1\"><b>\u00c9tape 7 : Pinhel \u2013 Trancoso <\/b>(30,8 km) \u2013 Parcours exigeant traversant de nombreuses vall\u00e9es fluviales. Depuis Pinhel, on descend vers la rive de P\u00eaga, puis on alterne pistes \u00e0 travers vignes, for\u00eats et villages. On franchit d\u2019anciens ponts (comme celui de Vale de Mouro) avant la mont\u00e9e finale menant \u00e0 Trancoso, bourg m\u00e9di\u00e9val fortifi\u00e9 perch\u00e9 sur une colline.<\/li>\n<\/ul>\n<p>&nbsp;<\/p>\n<ul>\n<li aria-level=\"1\"><b>\u00c9tape 8 : Trancoso \u2013 Sernancelhe <\/b>(27,5 km) \u2013 Depuis Trancoso, descente vers la vall\u00e9e du T\u00e1vora par des sentiers o\u00f9 subsistent des vestiges de chauss\u00e9es romaines. Le parcours suit la rivi\u00e8re T\u00e1vora, passant par des ponts historiques (Ponte do Abade) et des villages ruraux. Sernancelhe, fin d\u2019\u00e9tape, est connue comme la \u00ab terre de la ch\u00e2taigne \u00bb et poss\u00e8de une \u00e9glise romane du XII\u1d49 si\u00e8cle.<\/li>\n<\/ul>\n<p>&nbsp;<\/p>\n<ul>\n<li aria-level=\"1\"><b>\u00c9tape 9 : Sernancelhe \u2013 Moimenta da Beira<\/b> (19,3 km) \u2013 \u00c9tape relativement courte. L\u2019itin\u00e9raire \u00e9vite la route N-226 en montant jusqu\u2019au sanctuaire de Nossa Senhora das Necessidades. Il passe par des villages comme Penso et Arcozelo, entre vignobles et demeures seigneuriales, jusqu\u2019\u00e0 Moimenta da Beira.<\/li>\n<\/ul>\n<p>&nbsp;<\/p>\n<ul>\n<li aria-level=\"1\"><b>\u00c9tape 10 : Moimenta da Beira \u2013 Lamego <\/b>(30,0 km) \u2013 \u00c9tape exigeante, avec mont\u00e9es et descentes continues dans la r\u00e9gion du Douro. Depuis Moimenta, on traverse Beira Valente et l\u2019on grimpe \u00e0 travers les vignes jusqu\u2019\u00e0 Sarzedo. Apr\u00e8s Granja Nova, descente vers la vall\u00e9e du Varosa pour la franchir par le pont m\u00e9di\u00e9val d\u2019<b>Ucanha<\/b> (avec sa tour fortifi\u00e9e cistercienne). Ensuite, mont\u00e9e \u00e0 travers des villages historiques (Gouvi\u00e3es, M\u00f3s) et travers\u00e9e de la rivi\u00e8re Balsem\u00e3o pour entrer dans <b>Lamego<\/b>, importante cit\u00e9 dot\u00e9e d\u2019une cath\u00e9drale et de sanctuaires.<\/li>\n<\/ul>\n<p>&nbsp;<\/p>\n<ul>\n<li aria-level=\"1\"><b>\u00c9tape 11 : Lamego \u2013 Mes\u00e3o Frio <\/b>(28,4 km) \u2013 Le chemin quitte Lamego en direction de la vall\u00e9e du Douro. D\u2019abord, on descend vers la rivi\u00e8re Varosa (que l\u2019on franchit par un pont romain cach\u00e9 dans un lieu appel\u00e9 \u00ab Sala do Diablo \u00bb), puis on avance en admirant les vignes de l\u2019Alto Douro Vinhateiro (class\u00e9 au patrimoine mondial). \u00c0 Peso da R\u00e9gua, le Douro est travers\u00e9 par une passerelle m\u00e9tallique pi\u00e9tonne. Enfin, une forte mont\u00e9e entre les vignes m\u00e8ne \u00e0 Mes\u00e3o Frio.<\/li>\n<\/ul>\n<p>&nbsp;<\/p>\n<ul>\n<li aria-level=\"1\"><b>\u00c9tape 12 : Mes\u00e3o Frio \u2013 Amarante <\/b>(26,8 km) \u2013 \u00c9tape montagneuse \u00e0 travers la Sierra de Mar\u00e3o. Le parcours d\u00e9bute doucement le long de la rivi\u00e8re Teixeira, puis grimpe de plus de 800 m de d\u00e9nivel\u00e9 jusqu\u2019au Alto de Quintela (880 m). De l\u00e0, une longue descente par l\u2019ancienne \u00ab Estrada Real \u00bb conduit \u00e0 la ville d\u2019<b>Amarante<\/b>, c\u00e9l\u00e8bre pour son pont de S\u00e3o Gon\u00e7alo.<\/li>\n<\/ul>\n<p>&nbsp;<\/p>\n<ul>\n<li aria-level=\"1\"><b>\u00c9tape 13 : Amarante \u2013 Felgueiras <\/b>(21,2 km) \u2013 Tron\u00e7on plus court, au nord du Portugal, au relief mod\u00e9r\u00e9. Le chemin relie plusieurs villages ruraux (Tel\u00f5es, Covelas) et p\u00e9n\u00e8tre dans la municipalit\u00e9 de Felgueiras, terre de vins verts. L\u2019\u00e9tape s\u2019ach\u00e8ve \u00e0 Felgueiras ou dans ses environs (Lixa), pr\u00e9lude \u00e0 la prochaine grande ville historique.<\/li>\n<\/ul>\n<p>&nbsp;<\/p>\n<ul>\n<li aria-level=\"1\"><b>\u00c9tape 14 : Felgueiras \u2013 Guimar\u00e3es<\/b> (19,3 km) \u2013 Courte \u00e9tape jusqu\u2019\u00e0 Guimar\u00e3es, ville consid\u00e9r\u00e9e comme le \u00ab berceau du Portugal \u00bb. Le parcours passe pr\u00e8s du monast\u00e8re de Santa Maria de Pombeiro et franchit la rivi\u00e8re Vizela par le pont en arc d\u2019origine romaine, marquant l\u2019entr\u00e9e dans la commune de Guimar\u00e3es.<\/li>\n<\/ul>\n<p>&nbsp;<\/p>\n<ul>\n<li aria-level=\"1\"><b>\u00c9tape 15 : Guimar\u00e3es \u2013 Braga <\/b>(20,2 km) \u2013 Relie deux importantes villes m\u00e9di\u00e9vales portugaises. On quitte Guimar\u00e3es en traversant le pont m\u00e9di\u00e9val de Roldes sur la rivi\u00e8re Selho. Plus loin, on atteint Caldas das Taipas, une ville thermale travers\u00e9e par l\u2019ancienne voie romaine menant \u00e0 Braga (on y trouve l\u2019Ara de Trajano, autel romain). Apr\u00e8s avoir franchi la rivi\u00e8re Ave par le pont des Taipas, le dernier tron\u00e7on grimpe jusqu\u2019au col de Falperra avant de redescendre vers Braga, pour se terminer pr\u00e8s de sa c\u00e9l\u00e8bre cath\u00e9drale.<\/li>\n<\/ul>\n<p>&nbsp;<\/p>\n<ul>\n<li aria-level=\"1\"><b>\u00c9tape 16 : Braga \u2013 Ponte de Lima <\/b>(36,1 km) \u2013 L\u2019\u00e9tape la plus longue et la plus exigeante. On traverse rapidement la rivi\u00e8re C\u00e1vado par le pont de Prado. \u00c0 partir de l\u00e0, le chemin co\u00efncide sur de nombreux tron\u00e7ons avec la <b>voie romaine XIX<\/b> et le <b>Chemin Portugais Int\u00e9rieur<\/b>, o\u00f9 l\u2019on trouve les marques des deux itin\u00e9raires. On traverse de nombreux villages (Moure, Go\u00e3es, Queijada, etc.) jusqu\u2019\u00e0 <b>Ponte de Lima<\/b>, la plus ancienne ville du Portugal.<\/li>\n<\/ul>\n<p>&nbsp;<\/p>\n<ul>\n<li aria-level=\"1\"><b>\u00c9tape 17 : Ponte de Lima \u2013 Rubi\u00e3es <\/b>(22,1 km) \u2013 \u00c0 partir d\u2019ici, le trac\u00e9 co\u00efncide avec le Chemin Portugais central traditionnel. \u00c9tape c\u00e9l\u00e8bre pour la mont\u00e9e de la Serra de Labruja, le plus grand obstacle montagneux entre Ponte de Lima et Saint-Jacques. La journ\u00e9e se d\u00e9roule entre for\u00eats de pins et d\u2019eucalyptus, ponctu\u00e9es de petits hameaux ruraux.<\/li>\n<\/ul>\n<p>&nbsp;<\/p>\n<ul>\n<li aria-level=\"1\"><b>\u00c9tape 18 : Rubi\u00e3es \u2013 Tui <\/b>(19,3 km) \u2013 Derni\u00e8re \u00e9tape au Portugal, qui se termine par le passage de la fronti\u00e8re vers l\u2019Espagne. On traverse la ville fortifi\u00e9e de Valen\u00e7a do Minho sur la rive portugaise, en passant \u00e0 travers son enceinte mur\u00e9e. Puis, on franchit la rivi\u00e8re Mi\u00f1o par le pont international (ou par un pont pi\u00e9ton r\u00e9cent) pour entrer \u00e0 Tui, en Galice.<\/li>\n<\/ul>\n<p>&nbsp;<\/p>\n<ul>\n<li aria-level=\"1\"><b>\u00c9tape 19 : Tui \u2013 Redondela <\/b>(30,0 km) \u2013 Premi\u00e8re journ\u00e9e compl\u00e8te en Galice, assez longue. En suivant les fl\u00e8ches jaunes, on traverse la vall\u00e9e de la rivi\u00e8re Louro, puis la ville de Porri\u00f1o, avant de monter l\u00e9g\u00e8rement jusqu\u2019\u00e0 Redondela, d\u00e9j\u00e0 au bord de la ria de Vigo. Ce village c\u00f4tier est connu pour ses viaducs ferroviaires, et c\u2019est ici que rejoignent \u00e9galement les p\u00e8lerins venant par la route portugaise c\u00f4ti\u00e8re.<\/li>\n<\/ul>\n<p>&nbsp;<\/p>\n<ul>\n<li aria-level=\"1\"><b>\u00c9tape 20 : Redondela \u2013 Pontevedra <\/b>(15,5 km) \u2013 \u00c9tape courte. Le parcours emprunte des sentiers et chemins ruraux traversant des for\u00eats de pins et d\u2019eucalyptus. On passe par des villages comme Arcade (c\u00e9l\u00e8bre pour son pont m\u00e9di\u00e9val de Pontesampaio sur la rivi\u00e8re Verdugo), avant de continuer jusqu\u2019\u00e0 la ville de <b>Pontevedra<\/b>.<\/li>\n<\/ul>\n<p>&nbsp;<\/p>\n<ul>\n<li aria-level=\"1\"><b>\u00c9tape 21 : Pontevedra \u2013 Caldas de Reis <\/b>(21,5 km) \u2013 Le chemin traverse le village de Barro et ses vignobles, puis atteint Caldas de Reis, ville r\u00e9put\u00e9e pour ses eaux thermales. Son nom vient des sources d\u2019eau chaude qui jaillissent au centre du bourg, lieu id\u00e9al pour d\u00e9tendre ses pieds apr\u00e8s la marche.<\/li>\n<\/ul>\n<p>&nbsp;<\/p>\n<ul>\n<li aria-level=\"1\"><b>\u00c9tape 22 : Caldas de Reis \u2013 Padr\u00f3n <\/b>(19,5 km) \u2013 On marche \u00e0 travers la vall\u00e9e de la rivi\u00e8re Ulla, entre potagers et for\u00eats riveraines. En passant par les villages de Valga et Pontecesures, l\u2019\u00e9tape se termine \u00e0 Padr\u00f3n, localit\u00e9 cl\u00e9 dans la tradition jacquaire : selon la l\u00e9gende, c\u2019est ici qu\u2019aurait accost\u00e9 la barque de pierre transportant le corps de l\u2019Ap\u00f4tre Saint-Jacques.<\/li>\n<\/ul>\n<p>&nbsp;<\/p>\n<ul>\n<li aria-level=\"1\"><b>\u00c9tape 23 : Padr\u00f3n \u2013 Saint-Jacques-de-Compostelle <\/b>(24,3 km) \u2013 Derni\u00e8re \u00e9tape. Le paysage alterne zones rurales et p\u00e9riph\u00e9rie de Saint-Jacques. Apr\u00e8s avoir quitt\u00e9 Padr\u00f3n, on monte le mont A Escravitude (avec son sanctuaire baroque), puis Milladoiro (belv\u00e9d\u00e8re naturel d\u2019o\u00f9 l\u2019on aper\u00e7oit pour la premi\u00e8re fois les tours de la cath\u00e9drale), avant d\u2019entrer enfin dans Saint-Jacques-de-Compostelle.<\/li>\n<\/ul>\n<p>&nbsp;<\/p>\n<h2><b>Principaux points d\u2019int\u00e9r\u00eat sur le Chemin Torres<\/b><\/h2>\n<p><img loading=\"lazy\" decoding=\"async\" class=\"alignnone wp-image-124305 size-full\" src=\"https:\/\/www.mundiplus.com\/wp-content\/uploads\/2025\/10\/Camino-Torres-Guimaraes-Mundiplus.jpg\" alt=\"\" width=\"1024\" height=\"683\" srcset=\"https:\/\/www.mundiplus.com\/wp-content\/uploads\/2025\/10\/Camino-Torres-Guimaraes-Mundiplus.jpg 1024w, https:\/\/www.mundiplus.com\/wp-content\/uploads\/2025\/10\/Camino-Torres-Guimaraes-Mundiplus-300x200.jpg 300w, https:\/\/www.mundiplus.com\/wp-content\/uploads\/2025\/10\/Camino-Torres-Guimaraes-Mundiplus-768x512.jpg 768w, https:\/\/www.mundiplus.com\/wp-content\/uploads\/2025\/10\/Camino-Torres-Guimaraes-Mundiplus-600x400.jpg 600w\" sizes=\"(max-width: 1024px) 100vw, 1024px\" \/><\/p>\n<ul>\n<li aria-level=\"1\"><b>Salamanque<\/b> : Plaza Mayor, anciennes et nouvelles cath\u00e9drales, universit\u00e9, pont romain et Cueva de Salamanca, point symbolique de d\u00e9part.<\/li>\n<\/ul>\n<p>&nbsp;<\/p>\n<ul>\n<li aria-level=\"1\"><b>Ciudad Rodrigo \u2013 Fort de La Concepci\u00f3n \u2013 Almeida<\/b> : fortifications bastionn\u00e9es du XVIII\u1d49 si\u00e8cle illustrant l\u2019histoire frontali\u00e8re hispano-portugaise.<\/li>\n<\/ul>\n<p>&nbsp;<\/p>\n<ul>\n<li aria-level=\"1\"><b>Ucanha<\/b> (pont et tour m\u00e9di\u00e9vale) <b>et Lamego<\/b> : cath\u00e9drale et sanctuaire de Nossa Senhora dos Rem\u00e9dios, symboles de la vall\u00e9e du Varosa et du Douro.<\/li>\n<\/ul>\n<p>&nbsp;<\/p>\n<ul>\n<li aria-level=\"1\"><b>Guimar\u00e3es et Braga<\/b> : centres historiques, ch\u00e2teau de Guimar\u00e3es et sanctuaire du Bom Jesus do Monte (UNESCO), joyaux de l\u2019identit\u00e9 portugaise.<\/li>\n<\/ul>\n<p>&nbsp;<\/p>\n<ul>\n<li aria-level=\"1\"><b>Ponte de Lima et Valen\u00e7a\u2013Tui<\/b> : pont romano-m\u00e9di\u00e9val sur le Lima et cath\u00e9drale-forteresse de Tui, avec des remparts sur les deux rives du Mi\u00f1o.<\/li>\n<\/ul>\n<p>&nbsp;<\/p>\n<h2><b>Le Chemin Torres face aux autres itin\u00e9raires du Chemin de Saint-Jacques<\/b><\/h2>\n<p>Le Chemin de Saint-Jacques n\u2019est pas un itin\u00e9raire unique, mais un vaste r\u00e9seau de sentiers historiques partant de diff\u00e9rents points d\u2019Europe vers Compostelle. Chacun poss\u00e8de son propre caract\u00e8re, sa distance et son degr\u00e9 de popularit\u00e9. Nous comparerons ci-dessous le Chemin Torres avec <b>d\u2019autres grandes routes jacquaires<\/b> afin d\u2019en comprendre les particularit\u00e9s :<\/p>\n<ul>\n<li aria-level=\"1\"><b>Chemin Fran\u00e7ais<\/b> : le plus c\u00e9l\u00e8bre et le plus fr\u00e9quent\u00e9. Il parcourt environ 780 km depuis Saint-Jean-Pied-de-Port (dans les Pyr\u00e9n\u00e9es fran\u00e7aises) jusqu\u2019\u00e0 Saint-Jacques, g\u00e9n\u00e9ralement en 30 \u00e0 35 \u00e9tapes. Traversant le nord de l\u2019Espagne, il passe par des villes comme Pampelune, Burgos et Le\u00f3n.<\/li>\n<\/ul>\n<p>&nbsp;<\/p>\n<ul>\n<li style=\"list-style-type: none;\">\n<ul>\n<li aria-level=\"2\">Comparativement, le Chemin Torres est bien moins fr\u00e9quent\u00e9 et offre une exp\u00e9rience plus solitaire. Cependant, tous deux partagent la m\u00eame destination finale et le m\u00eame esprit de p\u00e8lerinage.<\/li>\n<\/ul>\n<\/li>\n<\/ul>\n<p>&nbsp;<\/p>\n<ul>\n<li aria-level=\"1\"><b>Chemin Portugais<\/b> : c\u2019est le deuxi\u00e8me itin\u00e9raire le plus parcouru apr\u00e8s le Fran\u00e7ais. Il part traditionnellement de Lisbonne (environ 600 km jusqu\u2019\u00e0 Saint-Jacques) ou vous pouvez aussi choisir la <a href=\"https:\/\/www.mundiplus.com\/fr\/caminos\/a-pie\/camino-portugues\/camino-de-santiago-desde-oporto\/\"><b>route depuis Porto jusqu\u2019\u00e0 Tui<\/b><\/a>.<\/li>\n<\/ul>\n<p>&nbsp;<\/p>\n<ul>\n<li style=\"list-style-type: none;\">\n<ul>\n<li aria-level=\"2\">Comme mentionn\u00e9, il partage avec le Chemin Portugais son caract\u00e8re hispano-lusitanien. En effet, ils se rejoignent \u00e0 Tui et suivent ensemble le m\u00eame trac\u00e9 jusqu\u2019\u00e0 Saint-Jacques. Toutefois, le Torres traverse auparavant des zones de l\u2019int\u00e9rieur du Portugal que le Chemin Portugais central ne couvre pas (comme Pinhel, Trancoso, Lamego, etc.).<\/li>\n<\/ul>\n<\/li>\n<\/ul>\n<p>&nbsp;<\/p>\n<p>Outre ces deux variantes principales, il existe la <a href=\"https:\/\/www.mundiplus.com\/fr\/caminos\/a-pie\/variante-espiritual\/\"><b>Variante Spirituelle<\/b><\/a>, entre Pontevedra et Vilanova de Arousa, qui inclut un parcours en bateau \u00e0 travers la ria d\u2019Arousa jusqu\u2019\u00e0 Padr\u00f3n.<\/p>\n<p>Toutes ces variantes portugaises disposent d\u2019une bonne signalisation et de services d\u00e9velopp\u00e9s, cons\u00e9quence de leur popularit\u00e9 croissante. Le Chemin Torres reste quant \u00e0 lui plus <b>authentique et solitaire<\/b>, destin\u00e9 aux p\u00e8lerins passionn\u00e9s d\u2019histoire et d\u2019aventure.<\/p>\n<ul>\n<li aria-level=\"1\">D\u2019autres routes remarquables sont le <b>Chemin du Nord<\/b> (environ 820 km le long de la c\u00f4te cantabrique) et le <b>Chemin Primitif<\/b> (environ 320 km depuis Oviedo).<\/li>\n<\/ul>\n<p>&nbsp;<\/p>\n<ul>\n<li style=\"list-style-type: none;\">\n<ul>\n<li aria-level=\"2\">Comparativement, ces itin\u00e9raires offrent aussi des paysages spectaculaires et sont moins fr\u00e9quent\u00e9s que le Chemin Fran\u00e7ais, bien qu\u2019ils le soient davantage que le Torres. En termes de services et de signalisation, ils sont bien pourvus, tandis que le Chemin Torres, plus r\u00e9cent, demande au p\u00e8lerin davantage d\u2019autonomie.<\/li>\n<\/ul>\n<\/li>\n<\/ul>\n<p>&nbsp;<\/p>\n<ul>\n<li aria-level=\"1\">La <b>Via de la Plata<\/b> s\u2019\u00e9tend sur plus de 700 km jusqu\u2019\u00e0 Astorga, o\u00f9 elle rejoint le Chemin Fran\u00e7ais, ou bien continue comme Chemin Sanabr\u00e9s vers Saint-Jacques. C\u2019est l\u2019alternative que Don Diego de Torres choisit d\u2019\u00e9viter en 1737, pr\u00e9f\u00e9rant passer par le Portugal. Aujourd\u2019hui, la Via de la Plata est un itin\u00e9raire tr\u00e8s long et peu fr\u00e9quent\u00e9 en \u00e9t\u00e9 \u00e0 cause de la chaleur, mais dot\u00e9 d\u2019un patrimoine romain exceptionnel.<\/li>\n<\/ul>\n<p>&nbsp;<\/p>\n<ul>\n<li style=\"list-style-type: none;\">\n<ul>\n<li aria-level=\"2\">Sa continuation, le <a href=\"https:\/\/www.mundiplus.com\/fr\/caminos\/a-pie\/camino-sanabres\/camino-de-santiago-desde-orense\/\"><b>Chemin Sanabr\u00e9s depuis Ourense<\/b><\/a>, part de <b>Granja de Moreruela<\/b> ou de <b>Ourense<\/b> (environ 110 derniers km) jusqu\u2019\u00e0 Saint-Jacques, en \u00e9vitant le passage par Astorga.<\/li>\n<\/ul>\n<\/li>\n<\/ul>\n<p>&nbsp;<\/p>\n<p><b>Il est int\u00e9ressant de noter que le Chemin Torres est presque un hybride<\/b> : il commence \u00e0 Salamanque (ville situ\u00e9e sur la Via de la Plata), mais au lieu de continuer vers Zamora\u2013Ourense, il bifurque vers le Portugal pour rejoindre plus tard le <b>Chemin Portugais<\/b>.<\/p>\n","protected":false},"excerpt":{"rendered":"<p>Le Chemin Torres est un itin\u00e9raire jacquaire peu fr\u00e9quent\u00e9 qui relie la ville de Salamanque \u00e0 Santiago de Compostela sur environ 580 km, divis\u00e9s en 23 \u00e9tapes. C\u2019est un parcours historique inspir\u00e9 du voyage entrepris en 1737 par Don Diego de Torres Villarroel, professeur \u00e0 l\u2019Universit\u00e9 de Salamanque. Il choisit de p\u00e8leriner en traversant le [&hellip;]<\/p>\n","protected":false},"author":1,"featured_media":124301,"comment_status":"open","ping_status":"open","sticky":false,"template":"","format":"standard","meta":{"footnotes":""},"categories":[571,575,583],"tags":[],"class_list":["post-124320","post","type-post","status-publish","format-standard","has-post-thumbnail","hentry","category-blog-du-chemin","category-chemin-a-pied","category-histoire"],"_links":{"self":[{"href":"https:\/\/www.mundiplus.com\/fr\/wp-json\/wp\/v2\/posts\/124320","targetHints":{"allow":["GET"]}}],"collection":[{"href":"https:\/\/www.mundiplus.com\/fr\/wp-json\/wp\/v2\/posts"}],"about":[{"href":"https:\/\/www.mundiplus.com\/fr\/wp-json\/wp\/v2\/types\/post"}],"author":[{"embeddable":true,"href":"https:\/\/www.mundiplus.com\/fr\/wp-json\/wp\/v2\/users\/1"}],"replies":[{"embeddable":true,"href":"https:\/\/www.mundiplus.com\/fr\/wp-json\/wp\/v2\/comments?post=124320"}],"version-history":[{"count":2,"href":"https:\/\/www.mundiplus.com\/fr\/wp-json\/wp\/v2\/posts\/124320\/revisions"}],"predecessor-version":[{"id":124336,"href":"https:\/\/www.mundiplus.com\/fr\/wp-json\/wp\/v2\/posts\/124320\/revisions\/124336"}],"wp:featuredmedia":[{"embeddable":true,"href":"https:\/\/www.mundiplus.com\/fr\/wp-json\/wp\/v2\/media\/124301"}],"wp:attachment":[{"href":"https:\/\/www.mundiplus.com\/fr\/wp-json\/wp\/v2\/media?parent=124320"}],"wp:term":[{"taxonomy":"category","embeddable":true,"href":"https:\/\/www.mundiplus.com\/fr\/wp-json\/wp\/v2\/categories?post=124320"},{"taxonomy":"post_tag","embeddable":true,"href":"https:\/\/www.mundiplus.com\/fr\/wp-json\/wp\/v2\/tags?post=124320"}],"curies":[{"name":"wp","href":"https:\/\/api.w.org\/{rel}","templated":true}]}}