{"id":124325,"date":"2025-10-23T10:25:32","date_gmt":"2025-10-23T10:25:32","guid":{"rendered":"https:\/\/www.mundiplus.com\/?p=124325"},"modified":"2025-10-23T10:31:55","modified_gmt":"2025-10-23T10:31:55","slug":"comment-choisir-litineraire-du-chemin-de-compostelle-en-fonction-de-votre-age-et-de-votre-condition-physique","status":"publish","type":"post","link":"https:\/\/www.mundiplus.com\/fr\/comment-choisir-litineraire-du-chemin-de-compostelle\/","title":{"rendered":"Comment choisir l&rsquo;itin\u00e9raire du Chemin de Compostelle en fonction de votre \u00e2ge et de votre condition physique"},"content":{"rendered":"<p><img fetchpriority=\"high\" decoding=\"async\" class=\"alignnone wp-image-118987 size-full\" src=\"https:\/\/www.mundiplus.com\/wp-content\/uploads\/2025\/04\/Blog-Mundiplus.png\" alt=\"\" width=\"1023\" height=\"539\" srcset=\"https:\/\/www.mundiplus.com\/wp-content\/uploads\/2025\/04\/Blog-Mundiplus.png 1023w, https:\/\/www.mundiplus.com\/wp-content\/uploads\/2025\/04\/Blog-Mundiplus-300x158.png 300w, https:\/\/www.mundiplus.com\/wp-content\/uploads\/2025\/04\/Blog-Mundiplus-768x405.png 768w, https:\/\/www.mundiplus.com\/wp-content\/uploads\/2025\/04\/Blog-Mundiplus-600x316.png 600w\" sizes=\"(max-width: 1023px) 100vw, 1023px\" \/><\/p>\n<p>Choisir le bon itin\u00e9raire fait toute la diff\u00e9rence entre profiter de chaque \u00e9tape\u2026 ou en souffrir plus que n\u00e9cessaire. Voici un guide clair et utile \u2014 avec des informations r\u00e9elles, des conseils pratiques et des solutions \u2014 pour d\u00e9cider <b>quelle route te convient selon ta forme physique, ton \u00e2ge et le temps dont tu disposes<\/b>.<\/p>\n<p>&nbsp;<\/p>\n<h2><b>Avant de d\u00e9cider : les facteurs qui comptent vraiment<\/b><\/h2>\n<p><img decoding=\"async\" class=\"alignnone wp-image-124279 size-full\" src=\"https:\/\/www.mundiplus.com\/wp-content\/uploads\/2025\/10\/Como-elegir-la-ruta-del-Camino-de-Santiago-Mundiplus.jpg\" alt=\"\" width=\"1000\" height=\"667\" srcset=\"https:\/\/www.mundiplus.com\/wp-content\/uploads\/2025\/10\/Como-elegir-la-ruta-del-Camino-de-Santiago-Mundiplus.jpg 1000w, https:\/\/www.mundiplus.com\/wp-content\/uploads\/2025\/10\/Como-elegir-la-ruta-del-Camino-de-Santiago-Mundiplus-300x200.jpg 300w, https:\/\/www.mundiplus.com\/wp-content\/uploads\/2025\/10\/Como-elegir-la-ruta-del-Camino-de-Santiago-Mundiplus-768x512.jpg 768w, https:\/\/www.mundiplus.com\/wp-content\/uploads\/2025\/10\/Como-elegir-la-ruta-del-Camino-de-Santiago-Mundiplus-600x400.jpg 600w\" sizes=\"(max-width: 1000px) 100vw, 1000px\" \/><\/p>\n<h3><b>Distance totale et kilom\u00e8tres par journ\u00e9e<\/b><\/h3>\n<p>D\u00e9termine combien de jours tu as et combien de kilom\u00e8tres tu peux parcourir confortablement. Comme r\u00e9f\u00e9rence indicative :<\/p>\n<ul>\n<li aria-level=\"1\"><b>Fran\u00e7ais<\/b> (Saint-Jean\u2013Santiago) : ~790 km.<\/li>\n<\/ul>\n<p>&nbsp;<\/p>\n<ul>\n<li aria-level=\"1\"><b>Nord<\/b> (Ir\u00fan\u2013Santiago) : ~820 km.<\/li>\n<\/ul>\n<p>&nbsp;<\/p>\n<ul>\n<li aria-level=\"1\"><b>Primitif<\/b> (Oviedo\u2013Santiago) : ~313 km.<\/li>\n<\/ul>\n<p>&nbsp;<\/p>\n<ul>\n<li aria-level=\"1\"><b>Portugais Central<\/b> (Porto\u2013Santiago) : ~240 km;<\/li>\n<\/ul>\n<p>&nbsp;<\/p>\n<ul>\n<li style=\"list-style-type: none;\">\n<ul>\n<li aria-level=\"2\"><b>par la C\u00f4te<\/b> : ~260\u2013280 km.<\/li>\n<\/ul>\n<\/li>\n<\/ul>\n<p>&nbsp;<\/p>\n<ul>\n<li aria-level=\"1\"><b>Anglais<\/b> (Ferrol\u2013Santiago) : ~119\u2013120 km.<\/li>\n<\/ul>\n<p>&nbsp;<\/p>\n<ul>\n<li aria-level=\"1\"><b>Sanabr\u00e9s<\/b> (Granja de Moreruela\u2013Santiago) : ~370 km.<\/li>\n<\/ul>\n<p>&nbsp;<\/p>\n<ul>\n<li aria-level=\"1\"><b>Hivernal<\/b> (Ponferrada\u2013Santiago) : ~239\u2013260 km.<\/li>\n<\/ul>\n<p>&nbsp;<\/p>\n<ul>\n<li aria-level=\"1\"><b>Finisterre\/Mux\u00eda<\/b> (\u00e9pilogue depuis Santiago) : ~90 km jusqu\u2019\u00e0 Fisterra ; ~86 km jusqu\u2019\u00e0 Mux\u00eda ; ~115\u2013120 km si tu fais les deux caps.<\/li>\n<\/ul>\n<p>&nbsp;<\/p>\n<p><b>Moyenne recommand\u00e9e de kilom\u00e8tres par jour<\/b> : 18\u201324 km\/jour (15\u201320 km si tu d\u00e9butes ; 22\u201328 km si tu as d\u00e9j\u00e0 une bonne base et que le terrain s\u2019y pr\u00eate).<\/p>\n<p>&nbsp;<\/p>\n<p><b>Les 100 derniers kilom\u00e8tres<\/b> (points de d\u00e9part recommand\u00e9s) :<\/p>\n<ul>\n<li aria-level=\"1\"><b>Fran\u00e7ais :<\/b> <a href=\"https:\/\/www.mundiplus.com\/fr\/caminos\/a-pie\/camino-frances\/camino-de-santiago-desde-sarria\/\"><b>Chemin Fran\u00e7ais depuis Sarria<\/b><\/a> (\u2248111\u2013116 km).<\/li>\n<\/ul>\n<p>&nbsp;<\/p>\n<ul>\n<li aria-level=\"1\"><b>Nord :<\/b> <a href=\"https:\/\/www.mundiplus.com\/fr\/caminos\/a-pie\/camino-norte\/camino-de-santiago-desde-vilalba\/\"><b>Chemin du Nord depuis Vilalba<\/b><\/a> (\u2248122 km).<\/li>\n<\/ul>\n<p>&nbsp;<\/p>\n<ul>\n<li aria-level=\"1\"><b>Primitif :<\/b> <a href=\"https:\/\/www.mundiplus.com\/fr\/caminos\/a-pie\/camino-primitivo\/camino-de-santiago-desde-lugo\/\"><b>Chemin Primitif depuis Lugo<\/b><\/a> (\u224898\u2013100 km ; valable pour la Compostela).<\/li>\n<\/ul>\n<p>&nbsp;<\/p>\n<ul>\n<li aria-level=\"1\"><b>Portugais Central :<\/b> <a href=\"https:\/\/www.mundiplus.com\/fr\/caminos\/a-pie\/camino-portugues\/camino-de-santiago-desde-tui\/\"><b>Chemin Portugais depuis Tui<\/b><\/a> (\u2248116\u2013117 km).<\/li>\n<\/ul>\n<p>&nbsp;<\/p>\n<ul>\n<li aria-level=\"1\"><b>Portugais par la C\u00f4te :<\/b> <a href=\"https:\/\/www.mundiplus.com\/fr\/caminos\/a-pie\/camino-portugues-costa\/camino-de-santiago-desde-a-guarda\/\"><b>Chemin Portugais par la C\u00f4te depuis A Guarda<\/b><\/a> (\u2248140 km).<\/li>\n<\/ul>\n<p>&nbsp;<\/p>\n<ul>\n<li aria-level=\"1\"><b>Sanabr\u00e9s :<\/b> <a href=\"https:\/\/www.mundiplus.com\/fr\/caminos\/a-pie\/camino-sanabres\/camino-de-santiago-desde-orense\/\"><b>Chemin depuis Ourense<\/b><\/a> (\u2248103\u2013111 km selon le trac\u00e9).<\/li>\n<\/ul>\n<p>&nbsp;<\/p>\n<p><b>Astuce utile<\/b> : fais tamponner ta cr\u00e9dentiale au d\u00e9but et \u00e0 la fin de chaque \u00e9tape ; dans les zones rurales, demande un tampon dans les bars, \u00e9glises ou mairies. Sur les derni\u00e8res \u00e9tapes, deux tampons par jour sont souvent recommand\u00e9s pour \u00e9viter tout probl\u00e8me \u00e0 l\u2019arriv\u00e9e.<\/p>\n<p>&nbsp;<\/p>\n<h3><b>D\u00e9nivel\u00e9 et difficult\u00e9<\/b><\/h3>\n<p><b>L\u2019effort ne d\u00e9pend pas uniquement des kilom\u00e8tres<\/b>. Des itin\u00e9raires comme le Primitif ou le Nord comportent de nombreuses mont\u00e9es et descentes qui sollicitent jambes et articulations. Le Portugais (qu\u2019il soit central ou c\u00f4tier) est g\u00e9n\u00e9ralement plus doux, sauf pour quelques cols comme la Portela da Labruja.<\/p>\n<p>&nbsp;<\/p>\n<h3><b>Terrain et climat<\/b><\/h3>\n<ul>\n<li aria-level=\"1\"><b>C\u00f4te cantabrique<\/b> : verte et humide ; sol parfois glissant.<\/li>\n<\/ul>\n<p>&nbsp;<\/p>\n<ul>\n<li aria-level=\"1\"><b>Plateau castillan<\/b> : longues lignes droites, exposition au soleil et chaleur estivale.<\/li>\n<\/ul>\n<p>&nbsp;<\/p>\n<ul>\n<li aria-level=\"1\"><b>Galice<\/b> : chemins bois\u00e9s, boueux en saison humide, avec des mont\u00e9es courtes mais intenses.<\/li>\n<\/ul>\n<p>&nbsp;<\/p>\n<p>Choisis le printemps ou l\u2019automne pour des temp\u00e9ratures agr\u00e9ables et moins d\u2019affluence.<\/p>\n<p>&nbsp;<\/p>\n<h3><b>Infrastructures<\/b><\/h3>\n<p>La signalisation est toujours bonne sur les itin\u00e9raires principaux. Le Fran\u00e7ais et le Portugais offrent la meilleure infrastructure d\u2019h\u00e9bergement, de restauration et de transport ; le Nord et le Primitif se sont am\u00e9lior\u00e9s, mais les distances entre services peuvent y \u00eatre plus longues.<\/p>\n<p>&nbsp;<\/p>\n<h3><b>Logistique personnelle<\/b><\/h3>\n<p>Poids du sac \u00e0 dos (id\u00e9alement \u226410 % de ton poids corporel), \u00e9ventuelles douleurs pr\u00e9existantes (genoux, hanches, plante des pieds), besoin d\u2019\u00e9tapes courtes et pr\u00e9f\u00e9rence pour des zones bien desservies par le train ou le bus.<\/p>\n<p>&nbsp;<\/p>\n<h2><b>Les principales routes : profil, pour qui et comment les doser<\/b><\/h2>\n<p><img decoding=\"async\" class=\"alignnone wp-image-124291 size-full\" src=\"https:\/\/www.mundiplus.com\/wp-content\/uploads\/2025\/10\/Consejos-para-elegir-la-ruta-del-Camino-de-Santiago-Mundiplus.jpg\" alt=\"\" width=\"1000\" height=\"667\" srcset=\"https:\/\/www.mundiplus.com\/wp-content\/uploads\/2025\/10\/Consejos-para-elegir-la-ruta-del-Camino-de-Santiago-Mundiplus.jpg 1000w, https:\/\/www.mundiplus.com\/wp-content\/uploads\/2025\/10\/Consejos-para-elegir-la-ruta-del-Camino-de-Santiago-Mundiplus-300x200.jpg 300w, https:\/\/www.mundiplus.com\/wp-content\/uploads\/2025\/10\/Consejos-para-elegir-la-ruta-del-Camino-de-Santiago-Mundiplus-768x512.jpg 768w, https:\/\/www.mundiplus.com\/wp-content\/uploads\/2025\/10\/Consejos-para-elegir-la-ruta-del-Camino-de-Santiago-Mundiplus-600x400.jpg 600w\" sizes=\"(max-width: 1000px) 100vw, 1000px\" \/><\/p>\n<h3><b>Chemin Fran\u00e7ais<\/b><\/h3>\n<ul>\n<li aria-level=\"1\"><b>Pourquoi le choisir<\/b> : c\u2019est le classique, vari\u00e9 et convivial. Tu y trouveras des villages charg\u00e9s d\u2019histoire, une ambiance p\u00e8lerine chaleureuse et un vaste r\u00e9seau d\u2019h\u00e9bergements.<\/li>\n<\/ul>\n<p>&nbsp;<\/p>\n<ul>\n<li aria-level=\"1\"><b>Difficult\u00e9 :<\/b> mod\u00e9r\u00e9e. Il alterne des journ\u00e9es douces avec d\u2019autres de moyenne montagne au d\u00e9but (Pyr\u00e9n\u00e9es) et en Galice.<\/li>\n<\/ul>\n<p>&nbsp;<\/p>\n<ul>\n<li aria-level=\"1\"><b>Pour qui<\/b> : pour ceux qui appr\u00e9cient le patrimoine culturel et la s\u00e9curit\u00e9 d\u2019avoir des services fr\u00e9quents. Parfait si tu pr\u00e9f\u00e8res le faire par sections : Navarre\u2013Rioja, plateau, Galice ou simplement les \u201c100 derniers km\u201d depuis Sarria.<\/li>\n<\/ul>\n<p>&nbsp;<\/p>\n<ul>\n<li aria-level=\"1\"><b>Rythme recommand\u00e9 :<\/b> 20\u201325 km\/jour si tu es entra\u00een\u00e9 ; 15\u201320 km\/jour si tu d\u00e9butes.<\/li>\n<\/ul>\n<p>&nbsp;<\/p>\n<h3><b>Chemin du Nord<\/b><\/h3>\n<ul>\n<li aria-level=\"1\"><b>Pourquoi le choisir<\/b> : nature sauvage, panoramas c\u00f4tiers et villages de p\u00eacheurs. Moins de foule que sur le Fran\u00e7ais \u00e0 de nombreuses p\u00e9riodes.<\/li>\n<\/ul>\n<p>&nbsp;<\/p>\n<ul>\n<li aria-level=\"1\"><b>Difficult\u00e9<\/b> : moyenne \u00e0 \u00e9lev\u00e9e en raison du d\u00e9nivel\u00e9 constant et de certains terrains exigeants.<\/li>\n<\/ul>\n<p>&nbsp;<\/p>\n<ul>\n<li aria-level=\"1\"><b>Pour qui<\/b> : marcheurs ayant une bonne base et aimant la mer, la brise et les \u00e9tapes plus physiques.<\/li>\n<\/ul>\n<p>&nbsp;<\/p>\n<ul>\n<li aria-level=\"1\"><b>Rythme recommand\u00e9<\/b> : 18\u201325 km\/jour selon ton exp\u00e9rience. Pr\u00e9vois 1\u20132 jours de repos suppl\u00e9mentaires si tu fais le parcours complet.<\/li>\n<\/ul>\n<p>&nbsp;<\/p>\n<h3><b>Chemin Primitif<\/b><\/h3>\n<ul>\n<li aria-level=\"1\"><b>Pourquoi le choisir<\/b> : montagnes, authenticit\u00e9 et paysages de l\u2019int\u00e9rieur. \u00c9tapes intenses au charme rural.<\/li>\n<\/ul>\n<p>&nbsp;<\/p>\n<ul>\n<li aria-level=\"1\"><b>Difficult\u00e9<\/b> : \u00e9lev\u00e9e. Mont\u00e9es prolong\u00e9es et descentes \u00e9prouvantes si tu n\u2019utilises pas de b\u00e2tons.<\/li>\n<\/ul>\n<p>&nbsp;<\/p>\n<ul>\n<li aria-level=\"1\"><b>Pour qui<\/b> : p\u00e8lerins bien pr\u00e9par\u00e9s ou sportifs en qu\u00eate de d\u00e9fi.<\/li>\n<\/ul>\n<p>&nbsp;<\/p>\n<ul>\n<li aria-level=\"1\"><b>Rythme recommand\u00e9<\/b> : 15\u201322 km\/jour, en tenant compte du d\u00e9nivel\u00e9. Choisis des chaussures bien amorties avec une bonne adh\u00e9rence.<\/li>\n<\/ul>\n<p>&nbsp;<\/p>\n<h3><b>Chemin Portugais<\/b> (Central et par la C\u00f4te)<\/h3>\n<ul>\n<li aria-level=\"1\"><b>Pourquoi le choisir<\/b> : accessible, bien balis\u00e9 et ponctu\u00e9 de charmantes localit\u00e9s \u00e0 taille humaine.<\/li>\n<\/ul>\n<p>&nbsp;<\/p>\n<ul>\n<li aria-level=\"1\"><b>Difficult\u00e9<\/b> : faible \u00e0 moyenne. Le parcours central comprend quelques sections casse-pattes, tandis que la c\u00f4te est plus douce, avec des passerelles et promenades maritimes sur plusieurs tron\u00e7ons.<\/li>\n<\/ul>\n<p>&nbsp;<\/p>\n<ul>\n<li aria-level=\"1\"><b>Pour qui<\/b> : d\u00e9butants, familles et voyageurs souhaitant combiner culture, gastronomie et \u00e9tapes raisonnables.<\/li>\n<\/ul>\n<p>&nbsp;<\/p>\n<ul>\n<li aria-level=\"1\"><b>Rythme recommand\u00e9<\/b> : 18\u201324 km\/jour. Id\u00e9al pour une premi\u00e8re exp\u00e9rience compl\u00e8te depuis Porto.<\/li>\n<\/ul>\n<p>&nbsp;<\/p>\n<h4><b>Variante Spirituelle du Chemin Portugais<\/b><\/h4>\n<p>La <a href=\"https:\/\/www.mundiplus.com\/fr\/caminos\/a-pie\/variante-espiritual\/\"><b>Variante Spirituelle du Chemin Portugais<\/b><\/a> part de Vigo et ajoute une magnifique dimension symbolique avec la travers\u00e9e de l\u2019estuaire de l\u2019Arousa et du fleuve Ulla (Traslatio). Elle se parcourt g\u00e9n\u00e9ralement en 3 \u00e0 4 jours suppl\u00e9mentaires.<\/p>\n<ul>\n<li aria-level=\"1\"><b>Pour qui :<\/b> ceux qui recherchent une exp\u00e9rience mixte terre\u2013mer et une fin de parcours empreinte de sens.<\/li>\n<\/ul>\n<p>&nbsp;<\/p>\n<h3><b>Chemin Anglais<\/b><\/h3>\n<ul>\n<li aria-level=\"1\"><b>Pourquoi le choisir<\/b> : compact (5 \u00e0 6 jours depuis Ferrol), verdoyant et paisible.<\/li>\n<\/ul>\n<p>&nbsp;<\/p>\n<ul>\n<li aria-level=\"1\"><b>Difficult\u00e9<\/b> : mod\u00e9r\u00e9e. Id\u00e9al si vous ne pouvez pas consacrer plus d\u2019une semaine.<\/li>\n<\/ul>\n<p>&nbsp;<\/p>\n<ul>\n<li aria-level=\"1\"><b>Pour qui :<\/b> les d\u00e9butants souhaitant essayer sans y passer trop de jours, ou les p\u00e8lerins disposant de peu de temps.<\/li>\n<\/ul>\n<p>&nbsp;<\/p>\n<h3><b>Via de la Plata et Chemin Sanabr\u00e9s<\/b><\/h3>\n<ul>\n<li aria-level=\"1\"><b>Pourquoi les choisir<\/b> : vastes espaces, patrimoine romain et sensation de tranquillit\u00e9.<\/li>\n<\/ul>\n<p>&nbsp;<\/p>\n<ul>\n<li aria-level=\"1\"><b>Difficult\u00e9<\/b> : variable ; la Via de la Plata est longue et tr\u00e8s chaude en \u00e9t\u00e9 ; le Sanabr\u00e9s alterne \u00e9tapes douces et plus exigeantes.<\/li>\n<\/ul>\n<p>&nbsp;<\/p>\n<h3><b>Fisterra et Mux\u00eda<\/b><\/h3>\n<p><b>Pourquoi le faire<\/b> : prolonger jusqu\u2019\u00e0 \u201cla fin de la terre\u201d offre une conclusion \u00e9motive face \u00e0 l\u2019Atlantique.<\/p>\n<p>&nbsp;<\/p>\n<p><b>Difficult\u00e9<\/b> : mod\u00e9r\u00e9e ; pr\u00e9voyez 3 \u00e0 4 jours suppl\u00e9mentaires.<\/p>\n<p>&nbsp;<\/p>\n<p><b>Pour qui :<\/b> ceux qui terminent en pleine forme et souhaitent prolonger l\u2019aventure.<\/p>\n<p>&nbsp;<\/p>\n<p>&nbsp;<\/p>\n<h2><b>Quelle route choisir selon votre \u00e2ge et votre condition physique ? <\/b>(avec ressources utiles)<\/h2>\n<p><img loading=\"lazy\" decoding=\"async\" class=\"alignnone wp-image-124285 size-full\" src=\"https:\/\/www.mundiplus.com\/wp-content\/uploads\/2025\/10\/Como-elegir-el-Camino-de-Santiago-Mundiplus.jpg\" alt=\"\" width=\"1000\" height=\"667\" srcset=\"https:\/\/www.mundiplus.com\/wp-content\/uploads\/2025\/10\/Como-elegir-el-Camino-de-Santiago-Mundiplus.jpg 1000w, https:\/\/www.mundiplus.com\/wp-content\/uploads\/2025\/10\/Como-elegir-el-Camino-de-Santiago-Mundiplus-300x200.jpg 300w, https:\/\/www.mundiplus.com\/wp-content\/uploads\/2025\/10\/Como-elegir-el-Camino-de-Santiago-Mundiplus-768x512.jpg 768w, https:\/\/www.mundiplus.com\/wp-content\/uploads\/2025\/10\/Como-elegir-el-Camino-de-Santiago-Mundiplus-600x400.jpg 600w\" sizes=\"(max-width: 1000px) 100vw, 1000px\" \/><\/p>\n<h3><b>Si vous d\u00e9butez ou reprenez la marche apr\u00e8s une pause<\/b><\/h3>\n<ul>\n<li aria-level=\"1\"><b>Portugais Central depuis Porto :<\/b> \u00e9tapes \u00e9quilibr\u00e9es, localit\u00e9s fr\u00e9quentes et services r\u00e9guliers. Permet d\u2019ajuster les journ\u00e9es entre 18 et 24 km. Il n\u2019est pas indispensable d\u2019aller jusqu\u2019\u00e0 Compostelle. Pour une premi\u00e8re approche, le <a href=\"https:\/\/www.mundiplus.com\/fr\/caminos\/a-pie\/camino-portugues\/camino-de-santiago-desde-oporto\/\"><b>Chemin de Saint-Jacques de Porto \u00e0 Tui<\/b><\/a> est tr\u00e8s accessible.<\/li>\n<\/ul>\n<p>&nbsp;<\/p>\n<ul>\n<li aria-level=\"1\"><b>Anglais<\/b> (Ferrol\u2013Saint-Jacques) : 5 \u00e0 6 \u00e9tapes. Parfait pour essayer sans se surmener.<\/li>\n<\/ul>\n<p>&nbsp;<\/p>\n<ul>\n<li aria-level=\"1\"><b>Tron\u00e7ons du Fran\u00e7ais en Galice :<\/b> pour une ambiance p\u00e8lerine et une logistique ais\u00e9e, avec un relief mod\u00e9r\u00e9.<\/li>\n<\/ul>\n<p>&nbsp;<\/p>\n<p><b>Solution pratique :<\/b> alternez 3\u20134 jours de marche avec 1 jour de repos, commencez par 15\u201320 km et augmentez si vous vous sentez bien.<\/p>\n<p>&nbsp;<\/p>\n<h3><b>Familles avec enfants ou adolescents<\/b><\/h3>\n<ul>\n<li aria-level=\"1\"><b>Portugais par la c\u00f4te<\/b> : parcours agr\u00e9able, passerelles et vues sur la mer ; id\u00e9al pour alterner jeux de plage et villages bien \u00e9quip\u00e9s.<\/li>\n<\/ul>\n<p>&nbsp;<\/p>\n<ul>\n<li aria-level=\"1\"><b>Fran\u00e7ais<\/b> (sections faciles)<b> :<\/b> nombreux h\u00e9bergements familiaux et espaces pour se d\u00e9tendre.<\/li>\n<\/ul>\n<p>&nbsp;<\/p>\n<p><b>Solution pratique<\/b> : \u00e9tapes de 12\u201318 km, pique-nique en milieu de matin\u00e9e et marge pour les impr\u00e9vus. Emportez cr\u00e8me solaire et v\u00eatements l\u00e9gers contre le vent.<\/p>\n<p>&nbsp;<\/p>\n<h3><b>P\u00e8lerins seniors (60+)<\/b><\/h3>\n<ul>\n<li aria-level=\"1\"><b>Portugais Central<\/b> ou <b>Ourense\u2013Saint-Jacques (Sanabr\u00e9s)<\/b> pour leur bon \u00e9quilibre entre distance et services.<\/li>\n<\/ul>\n<p>&nbsp;<\/p>\n<ul>\n<li aria-level=\"1\"><b>Anglais<\/b> si vous pr\u00e9f\u00e9rez un chemin court mais authentique.<\/li>\n<\/ul>\n<p>&nbsp;<\/p>\n<p><b>Solution pratique :<\/b> b\u00e2tons pour r\u00e9duire l\u2019impact dans les descentes, bas de contention l\u00e9gers et rythme contr\u00f4l\u00e9 (12\u201318 km au d\u00e9part).<\/p>\n<p>&nbsp;<\/p>\n<h3><b>Sportifs et amateurs de d\u00e9fis<\/b><\/h3>\n<ul>\n<li aria-level=\"1\"><b>Primitif ou Nord<\/b> pour travailler endurance et d\u00e9nivel\u00e9.<\/li>\n<\/ul>\n<p>&nbsp;<\/p>\n<ul>\n<li aria-level=\"1\"><b>Fran\u00e7ais complet ou Via de la Plata<\/b> si une grande travers\u00e9e vous motive.<\/li>\n<\/ul>\n<p>&nbsp;<\/p>\n<p><b>Solution pratique :<\/b> planifiez : incluez 1\u20132 \u00e9tapes de plus de 30 km, surveillez votre alimentation (glucides + sels min\u00e9raux) et respectez les temps de repos apr\u00e8s les longues journ\u00e9es.<\/p>\n<p>&nbsp;<\/p>\n<h2><b>Conseils de planification pour \u00e9viter les probl\u00e8mes<\/b><\/h2>\n<ul>\n<li aria-level=\"1\"><b>D\u00e9finissez votre \u201crythme durable\u201d<\/b>. La plupart appr\u00e9cient entre <b>18 et 24 km par jour<\/b>. Si vous h\u00e9sitez, commencez par le bas de la fourchette. L\u2019objectif est d\u2019avoir encore envie de se promener l\u2019apr\u00e8s-midi, pas de se coucher \u00e0 17 h.<\/li>\n<\/ul>\n<p>&nbsp;<\/p>\n<ul>\n<li aria-level=\"1\"><b>Diviser pour mieux avancer<\/b>. Les longs itin\u00e9raires peuvent se faire par sections lors de voyages diff\u00e9rents. Par exemple, sur le Fran\u00e7ais, vous pouvez parcourir Navarre\u2013Rioja, revenir plus tard pour la Meseta, puis terminer en Galice.<\/li>\n<\/ul>\n<p>&nbsp;<\/p>\n<ul>\n<li aria-level=\"1\"><b>Soignez vos pieds et articulations.<\/b><\/li>\n<\/ul>\n<ul>\n<li aria-level=\"1\">Chaussures d\u00e9j\u00e0 rod\u00e9es, chaussettes techniques et vaseline sur les zones de frottement.<\/li>\n<\/ul>\n<p>&nbsp;<\/p>\n<ul>\n<li aria-level=\"1\">B\u00e2tons pour soulager les genoux en descente et am\u00e9liorer la posture en mont\u00e9e.<\/li>\n<\/ul>\n<p>&nbsp;<\/p>\n<ul>\n<li aria-level=\"1\">\u00c9tirements de base (mollet, ischio, quadriceps, fessier) \u00e0 la fin de la journ\u00e9e.<\/li>\n<\/ul>\n<p>&nbsp;<\/p>\n<ul>\n<li style=\"list-style-type: none;\">\n<ul>\n<li aria-level=\"1\"><b>Sac \u00e0 dos l\u00e9ger<\/b> Pensez en couches (t-shirt technique, polaire fine, imperm\u00e9able), eau, fruits secs et une petite trousse de secours (Compeed, bandages \u00e9lastiques, anti-inflammatoire prescrit par votre m\u00e9decin). Gardez le poids en dessous de 10 % de votre propre poids. Vous pouvez m\u00eame faire appel \u00e0 des agences sp\u00e9cialis\u00e9es dans le <a href=\"https:\/\/www.mundiplus.com\/fr\/\"><b>voyage sur le Chemin de Saint-Jacques<\/b><\/a> pour transporter vos bagages.<\/li>\n<\/ul>\n<\/li>\n<\/ul>\n<p>&nbsp;<\/p>\n<ul>\n<li aria-level=\"1\"><b>Climat et saison<\/b><\/li>\n<\/ul>\n<ul>\n<li aria-level=\"1\"><b>Printemps et automne<\/b> : temp\u00e9ratures douces et moins d\u2019affluence.<\/li>\n<\/ul>\n<p>&nbsp;<\/p>\n<ul>\n<li aria-level=\"1\"><b>\u00c9t\u00e9<\/b> : hydratez-vous, partez t\u00f4t et prot\u00e9gez t\u00eate et cou.<\/li>\n<\/ul>\n<p>&nbsp;<\/p>\n<ul>\n<li aria-level=\"1\"><b>Hiver<\/b> : journ\u00e9es courtes, boue et froid ; envisagez le Chemin d\u2019Hiver ou des \u00e9tapes plus courtes.<\/li>\n<\/ul>\n<p>&nbsp;<\/p>\n<ul>\n<li aria-level=\"1\"><b>Logistique quotidienne<\/b>. Prenez un bon petit d\u00e9jeuner, faites une pause en milieu de matin\u00e9e pour reconstituer les sels min\u00e9raux et, \u00e0 la fin, consacrez 15\u201320 minutes aux \u00e9tirements et au soin des ampoules naissantes. Mieux vaut pr\u00e9venir que gu\u00e9rir.<\/li>\n<\/ul>\n<p>&nbsp;<\/p>\n<h2><b>Checklist finale pour choisir intelligemment<\/b><\/h2>\n<h3><b>Temps r\u00e9el dont vous disposez<\/b><\/h3>\n<p><b>5\u20136 jours, 10\u201312 ou un mois ?<\/b> Avant de choisir votre itin\u00e9raire, d\u00e9finissez bien la dur\u00e9e que vous pouvez consacrer au Chemin.<\/p>\n<ul>\n<li aria-level=\"1\">Si vous avez moins d\u2019une semaine, choisissez un tron\u00e7on court comme le <b>Chemin Portugais depuis Tui<\/b> ou le <b>Chemin Anglais depuis Ferrol<\/b>. Ces deux parcours permettent d\u2019atteindre Saint-Jacques tout en remplissant la distance minimale pour obtenir la Compostela.<\/li>\n<\/ul>\n<p>&nbsp;<\/p>\n<ul>\n<li aria-level=\"1\">Si vous disposez de 10 \u00e0 15 jours, envisagez des itin\u00e9raires interm\u00e9diaires comme le <b>Chemin Portugais par la c\u00f4te<\/b> ou le <b>Chemin Primitif<\/b>.<\/li>\n<\/ul>\n<p>&nbsp;<\/p>\n<ul>\n<li aria-level=\"1\">Et si vous avez un mois ou plus, vous pouvez entreprendre un parcours complet depuis ses origines \u2014 par exemple, le <b>Chemin Fran\u00e7ais depuis Saint-Jean-Pied-de-Port<\/b>.<\/li>\n<\/ul>\n<p>&nbsp;<\/p>\n<h3><b>Kilom\u00e9trage par \u00e9tape que vous trouvez confortable sans \u00eatre \u00e9puis\u00e9<\/b><\/h3>\n<p><b>\u00c9valuez honn\u00eatement votre condition physique<\/b>. Marcher 15 km sur terrain plat n\u2019a rien \u00e0 voir avec 25 km vallonn\u00e9s ou sous le soleil galicien.<br \/>\nLa moyenne id\u00e9ale pour la majorit\u00e9 des p\u00e8lerins se situe entre <b>20 et 25 km par jour<\/b>, mais adaptez selon votre forme. Si vous d\u00e9butez, planifiez des \u00e9tapes plus courtes au d\u00e9part et augmentez progressivement.<br \/>\nSouvenez-vous : un rythme r\u00e9gulier et des pauses fr\u00e9quentes sont plus efficaces que vouloir \u201carriver le plus vite possible\u201d. Trop d\u2019ambition les premiers jours peut ruiner le reste du Chemin \u00e0 cause d\u2019ampoules ou de courbatures.<\/p>\n<p>&nbsp;<\/p>\n<h3><b>D\u00e9nivel\u00e9 que vous tol\u00e9rez : terrain doux ou montagneux ?<\/b><\/h3>\n<p>Choisissez la route selon <b>votre endurance et votre go\u00fbt pour la montagne<\/b>.<br \/>\nSi vous pr\u00e9f\u00e9rez les terrains doux, optez pour des chemins <b>au relief mod\u00e9r\u00e9<\/b> comme le Portugais, l\u2019Anglais ou celui de Fisterra. Si vous aimez <b>les d\u00e9fis et la nature sauvage<\/b>, le <b>Chemin Primitif<\/b> ou le <b>Chemin du Nord<\/b> offrent des ascensions spectaculaires, mais exigeantes. Certaines \u00e9tapes pr\u00e9sentent plus de 1000 m\u00e8tres de d\u00e9nivel\u00e9 cumul\u00e9.<br \/>\nEn g\u00e9n\u00e9ral, les itin\u00e9raires c\u00f4tiers et portugais de l\u2019int\u00e9rieur sont plus doux pour les articulations, tandis que les routes de montagne demandent davantage de pr\u00e9paration et de bonnes chaussures techniques.<\/p>\n<p>&nbsp;<\/p>\n<h3><b>Climat pr\u00e9vu \u00e0 vos dates et \u00e9quipement adapt\u00e9<\/b><\/h3>\n<p>Le climat influence totalement l\u2019exp\u00e9rience.<\/p>\n<ul>\n<li aria-level=\"1\">Au <b>printemps et \u00e0 l\u2019automne<\/b>, les temp\u00e9ratures sont douces et les chemins moins fr\u00e9quent\u00e9s, bien que le nord du Portugal et la Galice puissent conna\u00eetre des pluies.<\/li>\n<\/ul>\n<p>&nbsp;<\/p>\n<ul>\n<li aria-level=\"1\">En <b>\u00e9t\u00e9<\/b>, les journ\u00e9es sont longues mais la chaleur et l\u2019affluence augmentent, surtout sur le Chemin Fran\u00e7ais. Si vous partez \u00e0 cette p\u00e9riode, emportez cr\u00e8me solaire, casquette et suffisamment d\u2019eau.<\/li>\n<\/ul>\n<p>&nbsp;<\/p>\n<ul>\n<li aria-level=\"1\">En <b>hiver<\/b>, certains itin\u00e9raires pr\u00e9sentent de la boue, du brouillard ou des auberges ferm\u00e9es. Pr\u00e9voyez des alternatives. Dans tous les cas, emportez un imperm\u00e9able, des v\u00eatements respirants, des chaussures \u00e9tanches et des b\u00e2tons pour les descentes glissantes.<\/li>\n<\/ul>\n<p>&nbsp;<\/p>\n<h3><b>Services n\u00e9cessaires : pour une premi\u00e8re fois, privil\u00e9giez les chemins bien \u00e9quip\u00e9s<\/b><\/h3>\n<p>Si vous n\u2019avez jamais fait le Chemin, choisissez des itin\u00e9raires bien dot\u00e9s en h\u00e9bergements, bars et pharmacies. Le <b>Chemin Fran\u00e7ais<\/b> et le <b>Chemin Portugais<\/b> sont les plus recommand\u00e9s, car vous trouverez des lieux pour dormir ou manger tous les quelques kilom\u00e8tres.<br \/>\nD\u2019autres variantes, comme le <b>Chemin Sanabr\u00e9s<\/b> ou le <b>Chemin du Nord<\/b>, comportent des sections plus isol\u00e9es ou moins \u00e9quip\u00e9es, n\u00e9cessitant une planification pr\u00e9alable.<\/p>\n<p>&nbsp;<\/p>\n<h3><b>Plan B pour les jours difficiles : \u00e9tape plus courte, repos ou transport local<\/b><\/h3>\n<p>Tous les jours ne se ressemblent pas. Il peut pleuvoir, vous blesser ou simplement avoir besoin de repos. D\u2019o\u00f9 l\u2019importance d\u2019un <b>plan B flexible<\/b>. Renseignez-vous sur les <b>bus ou taxis locaux<\/b> entre villages : de nombreux tron\u00e7ons offrent ces options sans quitter la route.<br \/>\nAutre alternative : <b>diviser une longue \u00e9tape en deux<\/b> ou loger dans un point interm\u00e9diaire. Vous pouvez aussi utiliser un service de transport de bagages si le poids vous limite. <b>\u00c9coutez votre corps<\/b> : un jour de repos \u00e0 temps vaut mieux que d\u2019abandonner \u00e0 cause d\u2019une blessure.<\/p>\n<p>&nbsp;<\/p>\n<h2><b>Exemples de combinaisons gagnantes<\/b><\/h2>\n<ul>\n<li aria-level=\"1\"><b>Premi\u00e8re exp\u00e9rience de 7\u20139 jours<\/b> : Porto\u2013Valen\u00e7a\/Tui par le Portugais Central, \u00e9tapes de 18\u201322 km.<\/li>\n<\/ul>\n<p>&nbsp;<\/p>\n<ul>\n<li aria-level=\"1\"><b>Une semaine libre et peu de d\u00e9nivel\u00e9<\/b> : Anglais depuis Ferrol.<\/li>\n<\/ul>\n<p>&nbsp;<\/p>\n<ul>\n<li aria-level=\"1\"><b>D\u00e9fi de 10\u201312 jours en bord de mer<\/b> : Portugais par la c\u00f4te depuis Porto.<\/li>\n<\/ul>\n<p>&nbsp;<\/p>\n<ul>\n<li aria-level=\"1\"><b>Montagne et authenticit\u00e9<\/b> (10\u201314 jours) : Primitif depuis Oviedo.<\/li>\n<\/ul>\n<p>&nbsp;<\/p>\n<ul>\n<li aria-level=\"1\"><b>Derniers 100 km confortables<\/b> : Sanabr\u00e9s ou Fran\u00e7ais depuis Sarria.<\/li>\n<\/ul>\n<p>&nbsp;<\/p>\n<p>Il n\u2019existe pas de \u201cmeilleur chemin\u201d universel. Il existe le chemin id\u00e9al pour vous, ici et maintenant, selon votre forme, votre \u00e2ge et le temps dont vous disposez. Commencez par un itin\u00e9raire qui vous donne confiance, \u00e9vitez d\u2019en faire trop les premiers jours et souvenez-vous : cette exp\u00e9rience est un p\u00e8lerinage personnel, pas une course.<\/p>\n","protected":false},"excerpt":{"rendered":"<p>Choisir le bon itin\u00e9raire fait toute la diff\u00e9rence entre profiter de chaque \u00e9tape\u2026 ou en souffrir plus que n\u00e9cessaire. Voici un guide clair et utile \u2014 avec des informations r\u00e9elles, des conseils pratiques et des solutions \u2014 pour d\u00e9cider quelle route te convient selon ta forme physique, ton \u00e2ge et le temps dont tu disposes. [&hellip;]<\/p>\n","protected":false},"author":1,"featured_media":124281,"comment_status":"open","ping_status":"open","sticky":false,"template":"","format":"standard","meta":{"footnotes":""},"categories":[571,567,583,587,595],"tags":[],"class_list":["post-124325","post","type-post","status-publish","format-standard","has-post-thumbnail","hentry","category-blog-du-chemin","category-conditionnement-physique","category-histoire","category-le-sac-a-dos","category-preparatifs-pour-le-voyage"],"_links":{"self":[{"href":"https:\/\/www.mundiplus.com\/fr\/wp-json\/wp\/v2\/posts\/124325","targetHints":{"allow":["GET"]}}],"collection":[{"href":"https:\/\/www.mundiplus.com\/fr\/wp-json\/wp\/v2\/posts"}],"about":[{"href":"https:\/\/www.mundiplus.com\/fr\/wp-json\/wp\/v2\/types\/post"}],"author":[{"embeddable":true,"href":"https:\/\/www.mundiplus.com\/fr\/wp-json\/wp\/v2\/users\/1"}],"replies":[{"embeddable":true,"href":"https:\/\/www.mundiplus.com\/fr\/wp-json\/wp\/v2\/comments?post=124325"}],"version-history":[{"count":3,"href":"https:\/\/www.mundiplus.com\/fr\/wp-json\/wp\/v2\/posts\/124325\/revisions"}],"predecessor-version":[{"id":124350,"href":"https:\/\/www.mundiplus.com\/fr\/wp-json\/wp\/v2\/posts\/124325\/revisions\/124350"}],"wp:featuredmedia":[{"embeddable":true,"href":"https:\/\/www.mundiplus.com\/fr\/wp-json\/wp\/v2\/media\/124281"}],"wp:attachment":[{"href":"https:\/\/www.mundiplus.com\/fr\/wp-json\/wp\/v2\/media?parent=124325"}],"wp:term":[{"taxonomy":"category","embeddable":true,"href":"https:\/\/www.mundiplus.com\/fr\/wp-json\/wp\/v2\/categories?post=124325"},{"taxonomy":"post_tag","embeddable":true,"href":"https:\/\/www.mundiplus.com\/fr\/wp-json\/wp\/v2\/tags?post=124325"}],"curies":[{"name":"wp","href":"https:\/\/api.w.org\/{rel}","templated":true}]}}