{"id":126523,"date":"2026-02-13T09:42:58","date_gmt":"2026-02-13T09:42:58","guid":{"rendered":"https:\/\/www.mundiplus.com\/?p=126523"},"modified":"2026-02-13T09:44:13","modified_gmt":"2026-02-13T09:44:13","slug":"le-chemin-dhiver-lalternative-historique-au-chemin-francais-pendant-les-mois-froids","status":"publish","type":"post","link":"https:\/\/www.mundiplus.com\/fr\/chemin-dhiver-etapes-depuis-ponferrada\/","title":{"rendered":"Le Chemin d&rsquo;hiver : l&rsquo;alternative historique au Chemin fran\u00e7ais pendant les mois froids"},"content":{"rendered":"<p><img fetchpriority=\"high\" decoding=\"async\" class=\"alignnone wp-image-118987 size-full\" src=\"https:\/\/www.mundiplus.com\/wp-content\/uploads\/2025\/04\/Blog-Mundiplus.png\" alt=\"\" width=\"1023\" height=\"539\" srcset=\"https:\/\/www.mundiplus.com\/wp-content\/uploads\/2025\/04\/Blog-Mundiplus.png 1023w, https:\/\/www.mundiplus.com\/wp-content\/uploads\/2025\/04\/Blog-Mundiplus-300x158.png 300w, https:\/\/www.mundiplus.com\/wp-content\/uploads\/2025\/04\/Blog-Mundiplus-768x405.png 768w, https:\/\/www.mundiplus.com\/wp-content\/uploads\/2025\/04\/Blog-Mundiplus-600x316.png 600w\" sizes=\"(max-width: 1023px) 100vw, 1023px\" \/><\/p>\n<p>Le <b>Chemin d\u2019Hiver<\/b> est un itin\u00e9raire jacquaire qui part de <b>Ponferrada<\/b>. Il p\u00e9n\u00e8tre en Galice en suivant, pour une grande partie, le couloir fluvial du <b>Sil<\/b> \u00e0 travers des comarques comme Valdeorras et la Ribeira Sacra, jusqu\u2019\u00e0 rejoindre \u00e0 <b>Lal\u00edn\/A Laxe<\/b> le trac\u00e9 qui se poursuit vers Saint-Jacques-de-Compostelle.<\/p>\n<p>Son identit\u00e9 historique se comprend par contraste avec le Chemin Fran\u00e7ais : en p\u00e9riode hivernale, l\u2019itin\u00e9raire proposait un <b>parcours \u00e0 des altitudes plus basses<\/b> afin d\u2019\u00e9viter l\u2019ascension des sommets enneig\u00e9s d\u2019O Cebreiro, r\u00e9duisant ainsi les risques li\u00e9s \u00e0 la m\u00e9t\u00e9o en montagne.<\/p>\n<p>Aujourd\u2019hui, il reste minoritaire (ce qui attire les p\u00e8lerins en qu\u00eate de calme), mais il est <b>bien balis\u00e9<\/b> et offre un <b>profil paysager et culturel tr\u00e8s riche<\/b> : Las M\u00e9dulas, vignobles, patrimoine roman et belv\u00e9d\u00e8res int\u00e9rieurs.<\/p>\n<p>&nbsp;<\/p>\n<h2><b>Avant de partir en p\u00e8lerinage, que faut-il savoir ?<\/b><\/h2>\n<p>Pour le planifier de mani\u00e8re r\u00e9aliste en p\u00e9riode froide, il convient de prendre en compte trois points :<\/p>\n<p>&nbsp;<\/p>\n<ul>\n<li aria-level=\"1\">Il n\u2019existe pas de \u00ab liste officielle \u00bb unique et universelle des \u00e9tapes.<\/li>\n<\/ul>\n<p>&nbsp;<\/p>\n<ul>\n<li aria-level=\"1\">En hiver, les services ouverts sont moins nombreux et la logistique plus incertaine.<\/li>\n<\/ul>\n<p>&nbsp;<\/p>\n<ul>\n<li aria-level=\"1\">Le trac\u00e9 comprend des points avec <b>une altitude notable<\/b> (la Serra do Faro atteint environ 1 153 m, le point culminant du parcours), ainsi que des zones susceptibles de fortes pluies et m\u00eame d\u2019inondations ponctuelles.<\/li>\n<\/ul>\n<p>&nbsp;<\/p>\n<p>Ce texte est <b>uniquement informatif<\/b>. <b>Mundiplus<\/b> <b>ne couvre actuellement pas le Chemin d\u2019Hiver<\/b>. Notre unique objectif ici est de fournir des informations sur cette alternative. Si vous souhaitez vivre l\u2019exp\u00e9rience avec nous, nous vous invitons \u00e0 consulter nos <a href=\"https:\/\/www.mundiplus.com\/fr\/\"><b>autres itin\u00e9raires du Chemin de Saint-Jacques<\/b><\/a>.<\/p>\n<p>&nbsp;<\/p>\n<h2><b>Histoire, trac\u00e9 et raison d\u2019\u00eatre hivernale<\/b><\/h2>\n<p><img decoding=\"async\" class=\"alignnone wp-image-126475 size-full\" src=\"https:\/\/www.mundiplus.com\/wp-content\/uploads\/2026\/02\/Rio-Sil-Mundiplus.jpg\" alt=\"\" width=\"1024\" height=\"768\" srcset=\"https:\/\/www.mundiplus.com\/wp-content\/uploads\/2026\/02\/Rio-Sil-Mundiplus.jpg 1024w, https:\/\/www.mundiplus.com\/wp-content\/uploads\/2026\/02\/Rio-Sil-Mundiplus-300x225.jpg 300w, https:\/\/www.mundiplus.com\/wp-content\/uploads\/2026\/02\/Rio-Sil-Mundiplus-768x576.jpg 768w, https:\/\/www.mundiplus.com\/wp-content\/uploads\/2026\/02\/Rio-Sil-Mundiplus-600x450.jpg 600w\" sizes=\"(max-width: 1024px) 100vw, 1024px\" \/><\/p>\n<p>En r\u00e9alit\u00e9, le Chemin d\u2019Hiver peut \u00eatre consid\u00e9r\u00e9 comme une <b>\u00ab porte naturelle vers la Galice \u00bb<\/b> depuis la Meseta et montre une origine li\u00e9e \u00e0 <b>l\u2019\u00e9poque romaine<\/b> : une voie secondaire est document\u00e9e, associ\u00e9e aux exploitations aurif\u00e8res de Las M\u00e9dulas, et le tunnel romain de Montefurado en est une preuve tangible.<\/p>\n<p>Cette m\u00eame source ajoute des couches historiques ult\u00e9rieures. L\u2019itin\u00e9raire a \u00e9t\u00e9 utilis\u00e9 par diff\u00e9rents peuples au fil du temps : il a servi de voie d\u2019entr\u00e9e aux troupes de <b>Napol\u00e9on Bonaparte<\/b> au d\u00e9but du XIXe si\u00e8cle. Plus tard, il a \u00e9t\u00e9 un corridor pour le <b>premier trac\u00e9 ferroviaire<\/b> qui reliait la Galice au reste de la p\u00e9ninsule en 1883.<\/p>\n<p>Comme nous l\u2019avons d\u00e9j\u00e0 mentionn\u00e9, le terme \u00ab Hiver \u00bb se rapporte \u00e0 la logique pratique d\u2019\u00e9viter un point critique du Chemin fran\u00e7ais : l\u2019ascension d\u2019O Cebreiro en conditions de neige. C\u2019est ainsi que l\u2019expliquent \u00e0 la fois les guides contemporains et les institutions jacquaires. Cela permet de ne pas affronter le passage du col en plein hiver, en avan\u00e7ant \u00e0 l\u2019abri des vall\u00e9es fluviales.<\/p>\n<p>En termes de reconnaissance institutionnelle, la Xunta de Galicia a annonc\u00e9 en 2016 l\u2019entr\u00e9e en vigueur de la <b>Loi sur le Patrimoine Culturel<\/b> qui officialise le Chemin d\u2019Hiver comme itin\u00e9raire de p\u00e8lerinage. Il se distingue comme <b>le seul chemin traversant les quatre provinces galiciennes<\/b>, avec un trac\u00e9 balis\u00e9 d\u2019environ 210 km en Galice (donn\u00e9es institutionnelles) et un passage par des comarques comme Valdeorras et Deza.<\/p>\n<p>Il s\u2019agit d\u2019un itin\u00e9raire d\u2019environ <b>260\u2013270 km<\/b> depuis Ponferrada, en tenant compte de petites variations dues \u00e0 des d\u00e9tours, travaux ou alternatives \u00e9cologiques (par exemple, la variante par la Serra da Enci\u00f1a da Lastra).<\/p>\n<p>Pour r\u00e9sumer le trac\u00e9 pour le p\u00e8lerin (ordre approximatif des principaux points), l\u2019itin\u00e9raire relie : Ponferrada \u2192 Las M\u00e9dulas \u2192 O Barco de Valdeorras \u2192 A R\u00faa de Valdeorras \u2192 Quiroga \u2192 A Pobra do Broll\u00f3n \u2192 Monforte de Lemos \u2192 Chantada \u2192 Rodeiro \u2192 Lal\u00edn \u2192 Silleda \u2192 Outeiro (Vedra) \u2192 Saint-Jacques-de-Compostelle.<\/p>\n<p>&nbsp;<\/p>\n<h2><b>\u00c9tapes recommand\u00e9es du Chemin d\u2019Hiver en 2026<\/b><\/h2>\n<p>Les <b>\u00e9tapes<\/b> sur le Chemin d\u2019Hiver ne sont pas un dogme : l\u2019\u00e9cosyst\u00e8me jacquaire lui-m\u00eame propose diff\u00e9rents \u00ab partages \u00bb. Nous sugg\u00e9rons un itin\u00e9raire interm\u00e9diaire. Le tableau suivant r\u00e9sume une proposition de 12 journ\u00e9es :<\/p>\n<p>&nbsp;<\/p>\n<ul>\n<li aria-level=\"1\"><b>Journ\u00e9e 1<\/b> : Ponferrada \u2192 Las M\u00e9dulas (28 km)<\/li>\n<li aria-level=\"1\"><b>Journ\u00e9e 2<\/b> : Las M\u00e9dulas \u2192 O Barco de Valdeorras (27 km)<\/li>\n<li aria-level=\"1\"><b>Journ\u00e9e 3<\/b> : O Barco de Valdeorras \u2192 A R\u00faa de Valdeorras (13 km)<\/li>\n<li aria-level=\"1\"><b>Journ\u00e9e 4<\/b> : A R\u00faa de Valdeorras \u2192 Quiroga (28 km)<\/li>\n<li aria-level=\"1\"><b>Journ\u00e9e 5<\/b> : Quiroga \u2192 A Pobra do Broll\u00f3n (23 km)<\/li>\n<li aria-level=\"1\"><b>Journ\u00e9e 6<\/b> : A Pobra do Broll\u00f3n \u2192 Monforte de Lemos (13 km)<\/li>\n<li aria-level=\"1\"><b>Journ\u00e9e 7<\/b> : Monforte de Lemos \u2192 Chantada (30 km)<\/li>\n<li aria-level=\"1\"><b>Journ\u00e9e 8<\/b> : Chantada \u2192 Rodeiro (25 km)<\/li>\n<li aria-level=\"1\"><b>Journ\u00e9e 9<\/b> : Rodeiro \u2192 Lal\u00edn (22 km)<\/li>\n<li aria-level=\"1\"><b>Journ\u00e9e 10<\/b> : Lal\u00edn \u2192 Silleda (16 km)<\/li>\n<li aria-level=\"1\"><b>Journ\u00e9e 11<\/b> : Silleda \u2192 Outeiro (Vedra) (24 km)<\/li>\n<li aria-level=\"1\"><b>Journ\u00e9e 12<\/b> : Outeiro (Vedra) \u2192 Saint-Jacques-de-Compostelle (17 km)<\/li>\n<\/ul>\n<p>&nbsp;<\/p>\n<h3><b>Variantes et ajustements pratiques sur le terrain<\/b><\/h3>\n<p>Le Chemin d\u2019Hiver int\u00e8gre des variantes historiques et des \u00ab microd\u00e9cisions \u00bb pouvant affecter les kilom\u00e8tres, le temps et la s\u00e9curit\u00e9 :<\/p>\n<p>&nbsp;<\/p>\n<ul>\n<li aria-level=\"1\">Une bifurcation notable appara\u00eet apr\u00e8s <b>Santalla<\/b> (exactement lors de la premi\u00e8re \u00e9tape : il existe \u00ab deux alternatives possibles \u00bb qui convergent \u00e0 nouveau pr\u00e8s du ch\u00e2teau de Cornatel (Alto de Ferreiros), avant la descente vers Las M\u00e9dulas).<\/li>\n<\/ul>\n<p>&nbsp;<\/p>\n<ul>\n<li aria-level=\"1\">La variante la plus claire (et utile pour comprendre pourquoi il est conseill\u00e9 de consulter la carte avant de partir) se situe \u00e0 la deuxi\u00e8me \u00e9tape : le p\u00e8lerin peut se d\u00e9tourner \u00e0 Quere\u00f1o vers la <b>Serra da Enci\u00f1a da Lastra<\/b> : ce sont 14 km suppl\u00e9mentaires par rapport au parcours par la rive du Sil, bien que les deux options se rejoignent \u00e0 O Barco de Valdeorras.<\/li>\n<\/ul>\n<p>&nbsp;<\/p>\n<ul>\n<li aria-level=\"1\">\u00c0 la cinqui\u00e8me \u00e9tape, depuis Quiroga, vous pouvez passer par \u00ab <b>San Clodio, Ribas de Sil<\/b> \u00bb et revenir sur l\u2019itin\u00e9raire apr\u00e8s avoir travers\u00e9 le pont un peu plus loin.<\/li>\n<\/ul>\n<p>&nbsp;<\/p>\n<ul>\n<li aria-level=\"1\">Comme vous le voyez, l\u2019\u00e9tape <b>Monforte\u2013Chantada<\/b> est assez longue et compte peu de services interm\u00e9diaires. Cependant, elle peut \u00eatre raccourcie en dormant \u00e0 Diomondi. \u00c0 Chantada, il reste environ 103 km jusqu\u2019\u00e0 Saint-Jacques, ce qui peut \u00e9galement servir de point de d\u00e9part.<\/li>\n<\/ul>\n<p>&nbsp;<\/p>\n<h2><b>Points d\u2019int\u00e9r\u00eat et services cl\u00e9s<\/b><\/h2>\n<p>L\u2019un des grands atouts du Chemin d\u2019Hiver est sa <b>densit\u00e9 de patrimoine et de paysages<\/b> en relativement peu de jours : du Bierzo \u00e0 l\u2019int\u00e9rieur de la Galice le long du Sil, la Ribeira Sacra, et enfin l\u2019arriv\u00e9e \u00e0 Saint-Jacques-de-Compostelle. Voici une lecture de l\u2019itin\u00e9raire centr\u00e9e sur les points d\u2019int\u00e9r\u00eat.<\/p>\n<p>&nbsp;<\/p>\n<h3><b>Ponferrada et le Ch\u00e2teau des Templiers : un d\u00e9part au parfum m\u00e9di\u00e9val<\/b><\/h3>\n<p><img decoding=\"async\" class=\"alignnone wp-image-126457 size-full\" src=\"https:\/\/www.mundiplus.com\/wp-content\/uploads\/2026\/02\/Castillo-de-los-Templarios-Mundiplus.jpg\" alt=\"\" width=\"1023\" height=\"682\" srcset=\"https:\/\/www.mundiplus.com\/wp-content\/uploads\/2026\/02\/Castillo-de-los-Templarios-Mundiplus.jpg 1023w, https:\/\/www.mundiplus.com\/wp-content\/uploads\/2026\/02\/Castillo-de-los-Templarios-Mundiplus-300x200.jpg 300w, https:\/\/www.mundiplus.com\/wp-content\/uploads\/2026\/02\/Castillo-de-los-Templarios-Mundiplus-768x512.jpg 768w, https:\/\/www.mundiplus.com\/wp-content\/uploads\/2026\/02\/Castillo-de-los-Templarios-Mundiplus-600x400.jpg 600w\" sizes=\"(max-width: 1023px) 100vw, 1023px\" \/><\/p>\n<p>Le d\u00e9part \u00e0 <b>Ponferrada<\/b> vous plonge imm\u00e9diatement dans un d\u00e9cor impressionnant : la ville conserve une atmosph\u00e8re de fronti\u00e8re historique entre chemins, rivi\u00e8res et passages vers la Galice.<\/p>\n<p>Le point fort est le <b>Ch\u00e2teau des Templiers<\/b>, une forteresse complexe (par phases et r\u00e9novations) qui fonctionne comme un \u00ab seuil narratif \u00bb du Chemin : vous partez avec une image m\u00e9di\u00e9vale claire en t\u00eate, ce qui donne du contexte \u00e0 ce qui suit. M\u00eame sans entrer, le voir et en faire le tour aide \u00e0 comprendre pourquoi le Bierzo fut un territoire strat\u00e9gique. C\u2019est \u00e9galement un point d\u2019int\u00e9r\u00eat int\u00e9gr\u00e9 d\u00e8s le d\u00e9but de l\u2019itin\u00e9raire.<\/p>\n<p>&nbsp;<\/p>\n<h3><b>Las M\u00e9dulas : le paysage romain qui d\u00e9finit la premi\u00e8re partie du Chemin<\/b><\/h3>\n<p><img loading=\"lazy\" decoding=\"async\" class=\"alignnone wp-image-126451 size-full\" src=\"https:\/\/www.mundiplus.com\/wp-content\/uploads\/2026\/02\/Las-Medulas-Mundiplus.jpg\" alt=\"\" width=\"1024\" height=\"768\" srcset=\"https:\/\/www.mundiplus.com\/wp-content\/uploads\/2026\/02\/Las-Medulas-Mundiplus.jpg 1024w, https:\/\/www.mundiplus.com\/wp-content\/uploads\/2026\/02\/Las-Medulas-Mundiplus-300x225.jpg 300w, https:\/\/www.mundiplus.com\/wp-content\/uploads\/2026\/02\/Las-Medulas-Mundiplus-768x576.jpg 768w, https:\/\/www.mundiplus.com\/wp-content\/uploads\/2026\/02\/Las-Medulas-Mundiplus-600x450.jpg 600w\" sizes=\"(max-width: 1024px) 100vw, 1024px\" \/><\/p>\n<p>Si vous deviez choisir un seul point \u00ab embl\u00e9matique \u00bb du Chemin d\u2019Hiver, ce serait <b>Las M\u00e9dulas<\/b>. Ce paysage, r\u00e9sultat de la <b>mini\u00e8re aurif\u00e8re romaine<\/b>, poss\u00e8de un aspect tr\u00e8s appr\u00e9ci\u00e9 des p\u00e8lerins : ce n\u2019est pas un monument isol\u00e9, mais un <b>territoire entier transform\u00e9 par l\u2019histoire<\/b>.<\/p>\n<p>Le contraste entre les tons rouges, ch\u00e2tains et les profils d\u00e9coup\u00e9s rend le lieu reconnaissable m\u00eame sous un ciel gris. De plus, cela s\u2019accorde parfaitement avec l\u2019esprit du Camino de Invierno : un itin\u00e9raire int\u00e9rieur qui \u00ab parle \u00bb de Rome, de mines et de voies historiques, et pas seulement de cath\u00e9drales ou de grandes villes.<\/p>\n<p>&nbsp;<\/p>\n<h3><b>Le couloir du r\u00edo Sil : vall\u00e9e, pentes et esth\u00e9tique int\u00e9rieure fluviale<\/b><\/h3>\n<p>Depuis le Bierzo jusqu\u2019en Galice, le parcours s\u2019appuie sur le <b>r\u00edo Sil<\/b> comme fil conducteur. Cela se ressent dans l\u2019exp\u00e9rience : alternance de sections o\u00f9 le paysage s\u2019ouvre (vall\u00e9e) et d\u2019autres plus encaiss\u00e9es (pentes et m\u00e9andres du r\u00edo), rendant la marche presque \u00ab g\u00e9ographique \u00bb : on avance en lisant le terrain.<\/p>\n<p>L\u2019int\u00e9r\u00eat ici ne r\u00e9side pas dans un point unique nomm\u00e9, mais dans la <b>sensaci\u00f3n d\u2019un couloir naturel<\/b> : berges, ponts, longues vues sur l\u2019eau et changements de lumi\u00e8re lorsque le ciel est ferm\u00e9. Les jours froids, ce tron\u00e7on offre un type de beaut\u00e9 tr\u00e8s sp\u00e9cifique : un paysage sobre, humide et silencieux.<\/p>\n<p>&nbsp;<\/p>\n<h3><b>Valdeorras et les portes de la Ribeira Sacra : vignoble, pierre et culture int\u00e9rieure<\/b><\/h3>\n<p>En entrant dans des comarques comme <b>Valdeorras<\/b> et en se rapprochant de l\u2019univers de la <b>Ribeira Sacra<\/b>, le Camino commence \u00e0 r\u00e9v\u00e9ler une de ses identit\u00e9s les plus fortes : celle d\u2019un territoire travaill\u00e9 pendant des si\u00e8cles. Apparaissent des pentes viticoles, des murs de pierre, de petits villages et un paysage qui combine \u00ab l\u2019humain \u00bb et \u00ab l\u2019abrupt \u00bb.<\/p>\n<p>Ce n\u2019est pas tant un tron\u00e7on de grands monuments \u00ab carte postale \u00bb que du patrimoine dispers\u00e9 : chapelles, croix de carrefour, anciens chemins pav\u00e9s par endroits et vues \u00e0 m\u00e9riter au fil de la marche.<\/p>\n<p>&nbsp;<\/p>\n<h3><b>Montefurado : une \u00ab preuve \u00bb mat\u00e9rielle du pass\u00e9 romain<\/b><\/h3>\n<p>Sur le Camino de Invierno, le lien romain n\u2019est pas seulement historique : il est tangible au <b>tunnel romain de Montefurado<\/b>. Ce lieu fonctionne tr\u00e8s bien comme \u00e9tape culturelle car il est concret et facile \u00e0 comprendre : il s\u2019agit d\u2019une \u0153uvre qui renvoie \u00e0 l\u2019ing\u00e9nierie ancienne et \u00e0 la relation entre territoire et exploitation des ressources.<\/p>\n<p>Dans un itin\u00e9raire qui revendique les voies secondaires et les connexions mini\u00e8res, Montefurado agit comme un \u00ab argument \u00bb en pierre : il rappelle que ce chemin, avant d\u2019\u00eatre jacob\u00e9en, \u00e9tait un couloir fonctionnel.<\/p>\n<p>&nbsp;<\/p>\n<h3><b>Monforte de Lemos et le c\u0153ur int\u00e9rieur : histoire urbaine et pr\u00e9sence monumentale<\/b><\/h3>\n<p><img loading=\"lazy\" decoding=\"async\" class=\"alignnone wp-image-126463 size-full\" src=\"https:\/\/www.mundiplus.com\/wp-content\/uploads\/2026\/02\/Monforte-de-Lemos-Mundiplus.jpg\" alt=\"\" width=\"1023\" height=\"682\" srcset=\"https:\/\/www.mundiplus.com\/wp-content\/uploads\/2026\/02\/Monforte-de-Lemos-Mundiplus.jpg 1023w, https:\/\/www.mundiplus.com\/wp-content\/uploads\/2026\/02\/Monforte-de-Lemos-Mundiplus-300x200.jpg 300w, https:\/\/www.mundiplus.com\/wp-content\/uploads\/2026\/02\/Monforte-de-Lemos-Mundiplus-768x512.jpg 768w, https:\/\/www.mundiplus.com\/wp-content\/uploads\/2026\/02\/Monforte-de-Lemos-Mundiplus-600x400.jpg 600w\" sizes=\"(max-width: 1023px) 100vw, 1023px\" \/><\/p>\n<p>Le passage par <b>Monforte de Lemos<\/b> apporte un changement de registre : des sections plus rurales et fluviales \u00e0 un cadre \u00e0 plus forte densit\u00e9 historique. Ici, l\u2019int\u00e9r\u00eat r\u00e9side dans son caract\u00e8re de noyau int\u00e9rieur avec des strates temporelles : la Galice, ce n\u2019est pas seulement la c\u00f4te ou les grandes cath\u00e9drales. Selon la fa\u00e7on dont vous planifiez votre \u00e9tape, Monforte est un point o\u00f9 le Camino prend un ton plus \u00ab urbain \u00bb et monumental, avec des espaces invitant \u00e0 lever les yeux et \u00e0 lire la ville comme partie int\u00e9grante du voyage.<\/p>\n<p>&nbsp;<\/p>\n<h3><b>Coudes de Belesar et la Ribeira Sacra visuelle : m\u00e9andres, terrasses et belv\u00e9d\u00e8res naturels<\/b><\/h3>\n<p><img loading=\"lazy\" decoding=\"async\" class=\"alignnone wp-image-126469 size-full\" src=\"https:\/\/www.mundiplus.com\/wp-content\/uploads\/2026\/02\/Ribeira-Sacra-Mundiplus.jpg\" alt=\"\" width=\"1024\" height=\"683\" srcset=\"https:\/\/www.mundiplus.com\/wp-content\/uploads\/2026\/02\/Ribeira-Sacra-Mundiplus.jpg 1024w, https:\/\/www.mundiplus.com\/wp-content\/uploads\/2026\/02\/Ribeira-Sacra-Mundiplus-300x200.jpg 300w, https:\/\/www.mundiplus.com\/wp-content\/uploads\/2026\/02\/Ribeira-Sacra-Mundiplus-768x512.jpg 768w, https:\/\/www.mundiplus.com\/wp-content\/uploads\/2026\/02\/Ribeira-Sacra-Mundiplus-600x400.jpg 600w\" sizes=\"(max-width: 1024px) 100vw, 1024px\" \/><\/p>\n<p>Sur le tron\u00e7on associ\u00e9 \u00e0 la Ribeira Sacra, un des noms qui synth\u00e9tise le mieux l\u2019exp\u00e9rience paysag\u00e8re est celui des <b>Coudes de Belesar<\/b> : courbes du r\u00edo, vignobles en terrasses et esth\u00e9tique de pente impressionnante par sa verticalit\u00e9.<\/p>\n<p>Ici, l\u2019int\u00e9r\u00eat n\u2019est pas de \u00ab faire du tourisme viticole \u00bb, mais d\u2019observer le <b>vignoble h\u00e9ro\u00efque<\/b> comme partie int\u00e9grante du territoire : des pentes qui expliquent pourquoi l\u2019int\u00e9rieur galicien peut \u00eatre physiquement exigeant. C\u2019est un point particuli\u00e8rement photog\u00e9nique, mais c\u2019est aussi un rappel que le Camino de Invierno combine des sections faciles avec d\u2019autres o\u00f9 le relief impose sa pr\u00e9sence.<\/p>\n<p>&nbsp;<\/p>\n<h3><b>Serra do Faro et Nosa Se\u00f1ora do Faro : le toit symbolique du Camino<\/b><\/h3>\n<p>Bien que le Camino de Invierno soit n\u00e9 comme alternative pour \u00e9viter la neige d\u2019O Cebreiro, ce n\u2019est pas un chemin \u00ab plat \u00bb. Le passage par la <b>Serra do Faro<\/b> repr\u00e9sente le <b>point culminant du parcours<\/b> et offre l\u2019une des exp\u00e9riences les plus montagneuses de l\u2019itin\u00e9raire.<\/p>\n<p>Nous soulignons le d\u00e9tour vers la <b>ermitage\/belv\u00e9d\u00e8re de Nosa Se\u00f1ora do Faro<\/b>, avec cette sensation d\u2019altitude qui transforme compl\u00e8tement le paysage : l\u2019horizon s\u2019ouvre, la lumi\u00e8re change et le parcours prend un ton plus \u00ab de montagne \u00bb avant de revenir \u00e0 des zones plus douces. C\u2019est un tron\u00e7on \u00e0 forte charge symbolique : apr\u00e8s plusieurs jours de vall\u00e9e, atteindre la hauteur se vit comme un jalon psychologique.<\/p>\n<p>&nbsp;<\/p>\n<h3><b>Deza, Lal\u00edn et le chemin vers Santiago : transition vers une fin plus jacob\u00e9enne<\/b><\/h3>\n<p>\u00c0 mesure que l\u2019on avance dans l\u2019environnement de <b>Rodeiro<\/b>, <b>Lal\u00edn<\/b> et <b>Silleda<\/b>, le Camino entre dans une phase de transition : moins d\u2019\u00e9pique fluviale et plus de \u00ab couloir d\u2019arriv\u00e9e \u00bb. L\u2019int\u00e9r\u00eat ici repose sur la sensation de <b>proximit\u00e9<\/b> : paysages int\u00e9rieurs plus ouverts, alternance de for\u00eats et de zones rurales, et conscience que la route approche de sa conclusion.<\/p>\n<p>De plus, le fait de converger avec des trac\u00e9s plus connus se ressent dans l\u2019atmosph\u00e8re : sans perdre son identit\u00e9, le Camino commence \u00e0 \u00ab sentir \u00bb Santiago.<\/p>\n<p>&nbsp;<\/p>\n<h2><b>Comparaison avec d\u2019autres routes jacob\u00e9ennes<\/b><\/h2>\n<p>Si le lecteur consulte cet article en cherchant \u00ab l\u2019alternative au Camino Franc\u00e9s pour le froid \u00bb, la comparaison doit se faire selon des crit\u00e8res op\u00e9rationnels : <b>altitude, exposition m\u00e9t\u00e9orologique, densit\u00e9 des services et profil de l\u2019exp\u00e9rience<\/b> (surfr\u00e9quentation vs solitude).<\/p>\n<p>Face au <b>Camino Franc\u00e9s<\/b>, il se pr\u00e9sente justement comme une variante pour <b>\u00e9viter le passage haut et potentiellement enneig\u00e9 d\u2019O Cebreiro<\/b>. Cette motivation appara\u00eet tant dans la narration institutionnelle galicienne (route \u00e0 basse altitude de la vall\u00e9e du Sil) que dans les descriptions jacob\u00e9ennes de r\u00e9f\u00e9rence.<\/p>\n<p>En contrepartie, il y a un co\u00fbt clair : c\u2019est un parcours <b>plus long depuis la bifurcation \u00e0 Ponferrada<\/b>. Si vous choisissez cette option, vous parcourrez environ <b>56 km de plus<\/b> que sur la route fran\u00e7aise. En fait, depuis Ponferrada, il faudra 11 \u00e9tapes (et non les 12 propos\u00e9es ici) pour atteindre Santiago si vous voyagez avec Mundiplus\/fr\/.<\/p>\n<p>Compar\u00e9 aux routes c\u00f4ti\u00e8res, le <b>Camino del Norte<\/b> offre un cadre tr\u00e8s diff\u00e9rent.<\/p>\n<p>Du point de vue de Mundiplus, vous pouvez consulter le d\u00e9tail \u00e9tape par \u00e9tape de la <a href=\"https:\/\/www.mundiplus.com\/fr\/caminos\/a-pie\/camino-norte\/camino-de-santiago-desde-gijon\/\"> <b>route du Camino del Norte depuis Gij\u00f3n<\/b><\/a>. En hiver, la c\u00f4te conserve g\u00e9n\u00e9ralement des temp\u00e9ratures mod\u00e9r\u00e9es, mais peut \u00eatre plus expos\u00e9e aux temp\u00eates atlantiques ; le Camino de Invierno, en revanche, se caract\u00e9rise par <b>l\u2019int\u00e9rieur fluvial et des montagnes ponctuelles<\/b>, avec moins de p\u00e8lerins et moins de services. Pour d\u00e9cider avec discernement, il convient de croiser trois variables : disponibilit\u00e9 des h\u00e9bergements, besoin de transport d\u2019assistance et tol\u00e9rance \u00e0 marcher sous la pluie et le vent.<\/p>\n<p>Il est \u00e9galement important de comprendre que ce parcours <b>converge avec le Camino Sanabr\u00e9s autour de Lal\u00edn\u2013A Laxe<\/b>, et partage \u00e0 partir de l\u00e0 l\u2019itin\u00e9raire vers Santiago. Cela a un effet pratique : du point de vue des services (auberges, bars, tampons), la fin du parcours est souvent plus \u00ab facile \u00bb que le tron\u00e7on interm\u00e9diaire par la Ribeira Sacra, pr\u00e9cis\u00e9ment parce qu\u2019il entre dans un couloir jacob\u00e9en plus fr\u00e9quent\u00e9.<\/p>\n<p>Pour ceux qui comparent les d\u00e9parts sur le Camino Franc\u00e9s (en raison de la disponibilit\u00e9 des trains\/bus, vari\u00e9t\u00e9 des auberges et logistique tr\u00e8s mature), Mundiplus propose des guides sp\u00e9cifiques pour des tron\u00e7ons classiques comme le <a href=\"https:\/\/www.mundiplus.com\/fr\/caminos\/a-pie\/camino-frances\/camino-de-santiago-desde-logrono\/\"> <b>Camino de Santiago depuis Logro\u00f1o<\/b><\/a> et <a href=\"https:\/\/www.mundiplus.com\/fr\/caminos\/a-pie\/camino-frances\/camino-de-santiago-desde-burgos\/\"> le <b>Camino de Santiago depuis Burgos<\/b><\/a>.<\/p>\n<p>En termes comparatifs, ce parcours se distingue davantage par l\u2019exp\u00e9rience \u00ab int\u00e9rieure \u00bb et le patrimoine paysager-minier\/roman que par la densit\u00e9 des services.<\/p>\n<p>&nbsp;<\/p>\n<h2><b>Recommandations pratiques pour les p\u00e8lerins en 2026<\/b><\/h2>\n<p>Choisir le Camino de Invierno \u00ab pour les mois froids \u00bb n\u2019est pas seulement une d\u00e9cision esth\u00e9tique ou de solitude : c\u2019est une d\u00e9cision logistique. Voici des recommandations concr\u00e8tes, appuy\u00e9es sur les normes officielles concernant la cr\u00e9dential\/Compostela et sur les avertissements de parcours pour la s\u00e9curit\u00e9.<\/p>\n<p>&nbsp;<\/p>\n<ul>\n<li aria-level=\"1\">En ce qui concerne la meilleure p\u00e9riode au sein du froid, le plus \u00e9quilibr\u00e9 est g\u00e9n\u00e9ralement la <b>fin de l\u2019automne<\/b> ou la <b>fin de l\u2019hiver\/d\u00e9but du printemps<\/b>. \u00c0 ces dates, il y a moins d\u2019affluence et, en m\u00eame temps, la m\u00e9t\u00e9o est moins extr\u00eame qu\u2019au c\u0153ur de l\u2019hiver. Cependant, des \u00e9pisodes de neige\/glace peuvent survenir et obliger \u00e0 adapter rythme, horaires et chaussures.<\/li>\n<\/ul>\n<p>&nbsp;<\/p>\n<ul>\n<li aria-level=\"1\">Pour l\u2019\u00e9quipement, le crit\u00e8re est <b>\u00ab gestion de l\u2019eau et du froid \u00bb<\/b> : couches (base thermique + isolation + imperm\u00e9able), pantalon \u00e0 s\u00e9chage rapide, gants fins, bonnet\/\u00e9charpe et surtout protection contre la pluie persistante. Sur les longues \u00e9tapes ou celles avec peu de services, il convient d\u2019emporter de l\u2019eau et un peu de nourriture pour \u00e9viter de d\u00e9pendre de bars ferm\u00e9s en basse saison.<\/li>\n<\/ul>\n<p>&nbsp;<\/p>\n<ul>\n<li aria-level=\"1\">En mati\u00e8re d\u2019h\u00e9bergement, le Camino de Invierno <b>n\u2019a pas encore la \u00ab densit\u00e9 \u00bb d\u2019autres routes plus populaires<\/b>. M\u00eame les sources institutionnelles (Castille et Le\u00f3n) soulignent que les services pour l\u2019accueil des p\u00e8lerins \u00ab ne sont pas encore tr\u00e8s abondants \u00bb. En hiver, certains h\u00e9bergements peuvent \u00e9galement fermer ou avoir des horaires r\u00e9duits. Recommandation pratique : r\u00e9server quand c\u2019est possible dans les petites localit\u00e9s et confirmer par t\u00e9l\u00e9phone le jour m\u00eame en cas de doute.<\/li>\n<\/ul>\n<p>&nbsp;<\/p>\n<ul>\n<li aria-level=\"1\">La <b>cr\u00e9dential<\/b> est indispensable pour l\u2019exp\u00e9rience et la certification. L\u2019Office du P\u00e8lerin explique que la cr\u00e9dential officielle s\u2019obtient au bureau m\u00eame ou dans des institutions autoris\u00e9es (paroisses, associations, auberges, confr\u00e9ries\u2026), et qu\u2019elle permet d\u2019acc\u00e9der aux auberges et de demander la Compostela.<\/li>\n<\/ul>\n<p>&nbsp;<\/p>\n<ul>\n<li aria-level=\"1\">Concernant les tampons, il existe une r\u00e8gle pratique \u00e0 m\u00e9moriser d\u00e8s le premier jour : l\u2019Office du P\u00e8lerin rappelle l\u2019importance de disposer d\u2019au moins <b>deux tampons par jour<\/b> sur les 100 derniers km \u00e0 pied (et sur les 200 derniers km \u00e0 v\u00e9lo). Cela ne devrait pas poser probl\u00e8me dans les \u00e9tapes passant par des noyaux habit\u00e9s, mais cela exige de la discipline en hiver, lorsque certains locaux peuvent \u00eatre ferm\u00e9s.<\/li>\n<\/ul>\n<p>&nbsp;<\/p>\n<ul>\n<li aria-level=\"1\">Pour la Compostela, la r\u00e8gle officielle est claire : <b>100 km continus<\/b> \u00e0 pied ou \u00e0 cheval (200 km \u00e0 v\u00e9lo) sur un m\u00eame chemin officiel vers Santiago, et la derni\u00e8re \u00e9tape doit \u00eatre <b>au moins celle imm\u00e9diatement avant l\u2019arriv\u00e9e \u00e0 la cath\u00e9drale<\/b>. Il est \u00e9galement pr\u00e9cis\u00e9 qu\u2019il ne faut pas alterner ni m\u00e9langer des routes au sein d\u2019un m\u00eame p\u00e8lerinage certifi\u00e9.<\/li>\n<\/ul>\n<p>&nbsp;<\/p>\n<ul>\n<li aria-level=\"1\">Le processus de retrait reste pertinent en 2026 : l\u2019Office du P\u00e8lerin indique que la Compostela est remise <b>en personne et individuellement<\/b>, qu\u2019elle est <b>gratuite<\/b>, et qu\u2019\u00e0 l\u2019arriv\u00e9e au Centre International d\u2019Accueil un enregistrement (via QR) est effectu\u00e9, suivie d\u2019un code puis d\u2019un ticket d\u2019attente. L\u2019horaire indiqu\u00e9 est de 10h \u00e0 18h tous les jours, fermeture le 25 d\u00e9cembre et le 1er janvier.<\/li>\n<\/ul>\n<p>&nbsp;<\/p>\n<ul>\n<li aria-level=\"1\">Si le p\u00e8lerin souhaite un document compl\u00e9mentaire, l\u2019Office du P\u00e8lerin dispose du <b>\u00ab Certificat de Distance \u00bb<\/b>, qui enregistre des donn\u00e9es telles que le jour et le point de d\u00e9part, kilom\u00e8tres parcourus, jour d\u2019arriv\u00e9e et itin\u00e9raire. Le co\u00fbt, le format et les conditions peuvent varier, il est donc prudent de v\u00e9rifier directement au bureau ou sur son site avant le d\u00e9part.<\/li>\n<\/ul>\n<p>&nbsp;<\/p>\n<ul>\n<li aria-level=\"1\">Pour le transport, le conseil utile est <b>pr\u00e9voir l\u2019aller et le retour avec marge<\/b> : Ponferrada est le point de d\u00e9part habituel et la route revient \u00e0 un n\u0153ud principal (Santiago), mais en hiver toute incidence m\u00e9t\u00e9orologique peut affecter les connexions et le rythme.<\/li>\n<\/ul>\n<p>&nbsp;<\/p>\n<ul>\n<li aria-level=\"1\">Sur le parcours, certains tron\u00e7ons peuvent subir des inondations locales dues aux pluies ; il convient donc de <b>v\u00e9rifier chaque apr\u00e8s-midi les pr\u00e9visions m\u00e9t\u00e9orologiques<\/b> officielles et d\u2019\u00e9viter de marcher la nuit.<\/li>\n<\/ul>\n<p>&nbsp;<\/p>\n<ul>\n<li aria-level=\"1\">Enfin, une recommandation de \u00ab s\u00e9curit\u00e9 douce \u00bb particuli\u00e8rement pr\u00e9cieuse sur ce Camino : <b>emporter le track offline et ne pas se fier uniquement \u00e0 la pr\u00e9sence d\u2019autres p\u00e8lerins<\/b>. Le parcours est d\u00e9crit comme minoritaire, et c\u2019est pr\u00e9cis\u00e9ment son charme ; mais cette m\u00eame caract\u00e9ristique oblige \u00e0 planifier avec plus d\u2019autonomie.<\/li>\n<\/ul>\n","protected":false},"excerpt":{"rendered":"<p>Le Chemin d\u2019Hiver est un itin\u00e9raire jacquaire qui part de Ponferrada. Il p\u00e9n\u00e8tre en Galice en suivant, pour une grande partie, le couloir fluvial du Sil \u00e0 travers des comarques comme Valdeorras et la Ribeira Sacra, jusqu\u2019\u00e0 rejoindre \u00e0 Lal\u00edn\/A Laxe le trac\u00e9 qui se poursuit vers Saint-Jacques-de-Compostelle. Son identit\u00e9 historique se comprend par contraste [&hellip;]<\/p>\n","protected":false},"author":1,"featured_media":126453,"comment_status":"open","ping_status":"open","sticky":false,"template":"","format":"standard","meta":{"footnotes":""},"categories":[571,575,583,603],"tags":[],"class_list":["post-126523","post","type-post","status-publish","format-standard","has-post-thumbnail","hentry","category-blog-du-chemin","category-chemin-a-pied","category-histoire","category-sites-emblematiques"],"_links":{"self":[{"href":"https:\/\/www.mundiplus.com\/fr\/wp-json\/wp\/v2\/posts\/126523","targetHints":{"allow":["GET"]}}],"collection":[{"href":"https:\/\/www.mundiplus.com\/fr\/wp-json\/wp\/v2\/posts"}],"about":[{"href":"https:\/\/www.mundiplus.com\/fr\/wp-json\/wp\/v2\/types\/post"}],"author":[{"embeddable":true,"href":"https:\/\/www.mundiplus.com\/fr\/wp-json\/wp\/v2\/users\/1"}],"replies":[{"embeddable":true,"href":"https:\/\/www.mundiplus.com\/fr\/wp-json\/wp\/v2\/comments?post=126523"}],"version-history":[{"count":2,"href":"https:\/\/www.mundiplus.com\/fr\/wp-json\/wp\/v2\/posts\/126523\/revisions"}],"predecessor-version":[{"id":126548,"href":"https:\/\/www.mundiplus.com\/fr\/wp-json\/wp\/v2\/posts\/126523\/revisions\/126548"}],"wp:featuredmedia":[{"embeddable":true,"href":"https:\/\/www.mundiplus.com\/fr\/wp-json\/wp\/v2\/media\/126453"}],"wp:attachment":[{"href":"https:\/\/www.mundiplus.com\/fr\/wp-json\/wp\/v2\/media?parent=126523"}],"wp:term":[{"taxonomy":"category","embeddable":true,"href":"https:\/\/www.mundiplus.com\/fr\/wp-json\/wp\/v2\/categories?post=126523"},{"taxonomy":"post_tag","embeddable":true,"href":"https:\/\/www.mundiplus.com\/fr\/wp-json\/wp\/v2\/tags?post=126523"}],"curies":[{"name":"wp","href":"https:\/\/api.w.org\/{rel}","templated":true}]}}