{"id":126627,"date":"2026-02-20T10:10:44","date_gmt":"2026-02-20T10:10:44","guid":{"rendered":"https:\/\/www.mundiplus.com\/?p=126627"},"modified":"2026-02-20T10:11:32","modified_gmt":"2026-02-20T10:11:32","slug":"le-cidre-sur-le-chemin-du-nord-et-le-chemin-primitif-une-tradition-a-ne-pas-manquer","status":"publish","type":"post","link":"https:\/\/www.mundiplus.com\/fr\/cidre-sur-le-chemin-du-nord-et-primitif\/","title":{"rendered":"Le cidre sur le Chemin du Nord et le Chemin Primitif : une tradition \u00e0 ne pas manquer"},"content":{"rendered":"<p><img fetchpriority=\"high\" decoding=\"async\" class=\"alignnone wp-image-118987 size-full\" src=\"https:\/\/www.mundiplus.com\/wp-content\/uploads\/2025\/04\/Blog-Mundiplus.png\" alt=\"\" width=\"1023\" height=\"539\" srcset=\"https:\/\/www.mundiplus.com\/wp-content\/uploads\/2025\/04\/Blog-Mundiplus.png 1023w, https:\/\/www.mundiplus.com\/wp-content\/uploads\/2025\/04\/Blog-Mundiplus-300x158.png 300w, https:\/\/www.mundiplus.com\/wp-content\/uploads\/2025\/04\/Blog-Mundiplus-768x405.png 768w, https:\/\/www.mundiplus.com\/wp-content\/uploads\/2025\/04\/Blog-Mundiplus-600x316.png 600w\" sizes=\"(max-width: 1023px) 100vw, 1023px\" \/><\/p>\n<p>Il y a des saveurs qui restent \u00e0 jamais associ\u00e9es \u00e0 un itin\u00e9raire. Sur le <a href=\"https:\/\/www.mundiplus.com\/fr\/caminos\/a-pie\/camino-norte\/\"><b>Camino del Norte<\/b><\/a> et le <a href=\"https:\/\/www.mundiplus.com\/fr\/caminos\/a-pie\/camino-primitivo\/\"><b>Camino Primitivo<\/b><\/a>, cette saveur arrive souvent avec des bulles naturelles, un parfum de pomme et un geste qui para\u00eet simple\u2026 jusqu\u2019\u00e0 ce que l\u2019on essaie : <b>l\u2019escanciado<\/b> (le service traditionnel). Je parle bien s\u00fbr de <b>la sidra en Asturies<\/b>, o\u00f9 elle n\u2019est pas \u00ab seulement une boisson \u00bb, mais une mani\u00e8re de concevoir la table, la conversation et l\u2019hospitalit\u00e9.<\/p>\n<p>Si vous pr\u00e9parez des \u00e9tapes le long de la c\u00f4te cantabrique et \u00e0 l\u2019int\u00e9rieur des Asturies, r\u00e9servez une place (et gardez la t\u00eate claire) pour cette culture. En 2024, l\u2019UNESCO a reconnu la <b>culture cidricole asturienne<\/b> comme <b>Patrimoine culturel immat\u00e9riel de l\u2019humanit\u00e9<\/b>, mettant en valeur non seulement le produit, mais aussi ses espaces, ses rituels et ses traditions sociales.<\/p>\n<p>Dans ce guide de la <a href=\"https:\/\/www.mundiplus.com\/fr\/\"><b>gastronomie du Camino de Santiago<\/b><\/a>, vous d\u00e9couvrirez <b>comment la sidra est li\u00e9e au Camino<\/b>, quelles traditions vous pouvez vivre en tant que p\u00e8lerin et quelles sont les meilleures p\u00e9riodes pour en profiter. Nous vous expliquerons aussi comment entrer dans une sidrer\u00eda sans vous sentir \u00ab \u00e0 c\u00f4t\u00e9 de la plaque \u00bb.<\/p>\n<p>&nbsp;<\/p>\n<h2><b>Sidra et Camino : pourquoi l\u2019accord est si naturel<\/b><\/h2>\n<p><img decoding=\"async\" class=\"alignnone wp-image-126610 size-full\" src=\"https:\/\/www.mundiplus.com\/wp-content\/uploads\/2026\/02\/La-sidra-en-el-Camino-del-Norte-y-Primitivo-Mundiplus.jpg\" alt=\"\" width=\"1025\" height=\"572\" srcset=\"https:\/\/www.mundiplus.com\/wp-content\/uploads\/2026\/02\/La-sidra-en-el-Camino-del-Norte-y-Primitivo-Mundiplus.jpg 1025w, https:\/\/www.mundiplus.com\/wp-content\/uploads\/2026\/02\/La-sidra-en-el-Camino-del-Norte-y-Primitivo-Mundiplus-300x167.jpg 300w, https:\/\/www.mundiplus.com\/wp-content\/uploads\/2026\/02\/La-sidra-en-el-Camino-del-Norte-y-Primitivo-Mundiplus-768x429.jpg 768w, https:\/\/www.mundiplus.com\/wp-content\/uploads\/2026\/02\/La-sidra-en-el-Camino-del-Norte-y-Primitivo-Mundiplus-600x335.jpg 600w\" sizes=\"(max-width: 1025px) 100vw, 1025px\" \/><\/p>\n<p>Le Camino a quelque chose de rituel : faire tamponner sa cr\u00e9denciale, ajuster son sac \u00e0 dos, partager une table, demander o\u00f9 se trouve le prochain g\u00eete\u2026 La sidra aussi. En Asturies, la boire implique g\u00e9n\u00e9ralement <b>du temps, de la conversation et de la convivialit\u00e9<\/b>. Il est courant que le p\u00e8lerin rencontre cette boisson \u00e0 des moments bien pr\u00e9cis de la journ\u00e9e : \u00e0 la fin d\u2019une \u00e9tape, lors d\u2019un menu du jour, pendant un d\u00eener partag\u00e9 ou \u00e0 l\u2019occasion d\u2019une f\u00eate locale.<\/p>\n<p>De plus, le Camino del Norte comme le Primitivo traversent des territoires o\u00f9 elle fait partie int\u00e9grante de l\u2019identit\u00e9 locale, en particulier en Asturies. L\u2019UNESCO d\u00e9crit cette culture comme un ensemble <b>d\u2019espaces et de processus pour produire, servir et savourer<\/b> la sidra naturelle, li\u00e9s aux vari\u00e9t\u00e9s locales de pommes et \u00e0 la relation des communaut\u00e9s avec leur environnement.<\/p>\n<p>En bref : sur ces itin\u00e9raires, ce n\u2019est pas un \u00ab extra touristique \u00bb. C\u2019est un de ces \u00e9l\u00e9ments qui, si vous le comprenez et le vivez avec respect, <b>vous aide \u00e0 mieux saisir le lieu que vous traversez \u00e0 pied<\/b>.<\/p>\n<p>&nbsp;<\/p>\n<h2><b>Qu\u2019est-ce que la sidra asturienne exactement (et qu\u2019a-t-elle de particulier)<\/b><\/h2>\n<p>Pour \u00e9viter toute confusion : en Asturies, lorsqu\u2019on parle de la boisson au quotidien, on fait g\u00e9n\u00e9ralement r\u00e9f\u00e9rence \u00e0 la <b>sidra naturelle<\/b>. Selon le cahier des charges de l\u2019AOP Sidra de Asturias, il s\u2019agit d\u2019une boisson issue de la <b>fermentation de la pomme fra\u00eeche ou de son mo\u00fbt<\/b>. Elle est \u00e9labor\u00e9e selon des pratiques traditionnelles, <b>sans ajout de sucres<\/b> et avec un <b>gaz carbonique d\u2019origine endog\u00e8ne<\/b> (naturel).<\/p>\n<p>L\u2019AOP couvre, de mani\u00e8re g\u00e9n\u00e9rale, deux grands produits : la <b>sidra naturelle<\/b> et la <b>sidra naturelle effervescente<\/b>. Cette derni\u00e8re est obtenue gr\u00e2ce \u00e0 une seconde fermentation et conserve \u00e9galement un gaz d\u2019origine endog\u00e8ne.<\/p>\n<p>Un d\u00e9tail important pour le p\u00e8lerin : en Asturies, plusieurs modes de consommation coexistent, <b>et tous ne n\u00e9cessitent pas l\u2019escanciado<\/b>. Outre la vari\u00e9t\u00e9 naturelle traditionnelle (celle que l\u2019on sert en la versant de haut), on trouve dans les sidrer\u00edas des sidras filtr\u00e9es (de table ou \u00ab nouvelle expression \u00bb) et des sidras naturelles effervescentes, qui ne se servent pas de cette mani\u00e8re.<\/p>\n<p>&nbsp;<\/p>\n<h2><b>Rituels et traditions que vous verrez (et vivrez) en chemin<\/b><\/h2>\n<h3><b>L\u2019escanciado : le geste qui \u00ab r\u00e9veille \u00bb la sidra<\/b><\/h3>\n<p><img decoding=\"async\" class=\"alignnone wp-image-126604 size-full\" src=\"https:\/\/www.mundiplus.com\/wp-content\/uploads\/2026\/02\/Escanciado-Sidra-Mundiplus.jpg\" alt=\"\" width=\"1025\" height=\"572\" srcset=\"https:\/\/www.mundiplus.com\/wp-content\/uploads\/2026\/02\/Escanciado-Sidra-Mundiplus.jpg 1025w, https:\/\/www.mundiplus.com\/wp-content\/uploads\/2026\/02\/Escanciado-Sidra-Mundiplus-300x167.jpg 300w, https:\/\/www.mundiplus.com\/wp-content\/uploads\/2026\/02\/Escanciado-Sidra-Mundiplus-768x429.jpg 768w, https:\/\/www.mundiplus.com\/wp-content\/uploads\/2026\/02\/Escanciado-Sidra-Mundiplus-600x335.jpg 600w\" sizes=\"(max-width: 1025px) 100vw, 1025px\" \/><\/p>\n<p>Escanciar consiste \u00e0 <b>verser la sidra d\u2019une certaine hauteur<\/b> afin que le jet frappe le verre, ce qui a\u00e8re la boisson, exalte les ar\u00f4mes et active la sensation du gaz carbonique naturel. C\u2019est un rituel si embl\u00e9matique que, m\u00eame si vous ne le pratiquez pas vous-m\u00eame, vous le verrez tr\u00e8s probablement autour de vous d\u00e8s que vous vous installerez dans une sidrer\u00eda.<\/p>\n<p>&nbsp;<\/p>\n<h3><b>Le \u00ab cul\u00edn \u00bb : petites quantit\u00e9s \u00e0 boire imm\u00e9diatement<\/b><\/h3>\n<p>Un autre mot cl\u00e9 est le <b>cul\u00edn<\/b>, qui d\u00e9signe simplement le contenu du verre apr\u00e8s le service. Il faut \u00e9galement savoir que <b>le verre est sp\u00e9cifique \u00e0 cette boisson<\/b>. Le principe est simple : on sert une petite quantit\u00e9 afin de la boire imm\u00e9diatement, avant qu\u2019elle ne perde son \u00ab p\u00e9tillant \u00bb.<\/p>\n<p>&nbsp;<\/p>\n<h3><b>Espichas : sidra, tonneaux et cuisine dans une ambiance festive<\/b><\/h3>\n<p>L\u2019<b>espicha<\/b> est une tradition sociale tr\u00e8s asturienne. Elle se d\u00e9roule g\u00e9n\u00e9ralement dans un <b>llagar\/lagar<\/b> (le lieu de production), o\u00f9 la sidra est tir\u00e9e directement du tonneau dans le verre, et <b>accompagn\u00e9e de nourriture et de musique<\/b>. C\u2019est litt\u00e9ralement une fa\u00e7on de c\u00e9l\u00e9brer autour de cette boisson singuli\u00e8re.<\/p>\n<p>&nbsp;<\/p>\n<h3><b>Paysage cidricole : vergers et llagares<\/b><\/h3>\n<p><img loading=\"lazy\" decoding=\"async\" class=\"alignnone wp-image-126616 size-full\" src=\"https:\/\/www.mundiplus.com\/wp-content\/uploads\/2026\/02\/Pomarada-asturiana-Mundiplus.jpg\" alt=\"\" width=\"1025\" height=\"572\" srcset=\"https:\/\/www.mundiplus.com\/wp-content\/uploads\/2026\/02\/Pomarada-asturiana-Mundiplus.jpg 1025w, https:\/\/www.mundiplus.com\/wp-content\/uploads\/2026\/02\/Pomarada-asturiana-Mundiplus-300x167.jpg 300w, https:\/\/www.mundiplus.com\/wp-content\/uploads\/2026\/02\/Pomarada-asturiana-Mundiplus-768x429.jpg 768w, https:\/\/www.mundiplus.com\/wp-content\/uploads\/2026\/02\/Pomarada-asturiana-Mundiplus-600x335.jpg 600w\" sizes=\"(max-width: 1025px) 100vw, 1025px\" \/><\/p>\n<p>La culture de la sidra est aussi un paysage : vergers de pommiers (pomaradas), llagares, villages de tradition, mus\u00e9es et f\u00eates. La plus forte concentration de llagares et de vergers se trouve dans la Comarca de la Sidra, avec des communes comme <b>Villaviciosa<\/b> et <b>Nava<\/b> qui font figure de r\u00e9f\u00e9rences majeures.<\/p>\n<p>&nbsp;<\/p>\n<h2><b>O\u00f9 vivre la sidra sur le Camino del Norte<\/b><\/h2>\n<p>Le Camino del Norte traverse les Asturies et, sur ce tron\u00e7on, certains lieux offrent une pr\u00e9sence particuli\u00e8rement naturelle de la sidra : par tradition locale, par densit\u00e9 de sidrer\u00edas ou en raison des c\u00e9l\u00e9brations. Si vous planifiez votre itin\u00e9raire, gardez \u00e0 l\u2019esprit que le Camino del Norte comprend des \u00e9tapes dans des localit\u00e9s telles que <b>Villaviciosa<\/b>, <b>Gij\u00f3n<\/b> ou <b>Avil\u00e9s<\/b> lors de son passage en Asturies.<\/p>\n<p>Si votre organisation passe par la ville et que vous souhaitez une r\u00e9f\u00e9rence concr\u00e8te d\u2019itin\u00e9raire\/\u00e9tapes, voici le guide de <b>Mundiplus<\/b> pour ce tron\u00e7on du <a href=\"https:\/\/www.mundiplus.com\/fr\/caminos\/a-pie\/camino-norte\/camino-de-santiago-desde-gijon\/\"><b>Camino del Norte depuis Gij\u00f3n<\/b><\/a> jusqu\u2019\u00e0 Ribadeo.<\/p>\n<p>&nbsp;<\/p>\n<h3><b>Villaviciosa et la Comarca de la Sidra : comprendre l\u2019origine<\/b><\/h3>\n<p>Si vous cherchez le \u00ab pourquoi \u00bb de la sidra (au-del\u00e0 de la d\u00e9gustation), cette comarca constitue le cadre naturel id\u00e9al : un territoire comprenant des communes telles que <b>Bimenes, Cabranes, Colunga, Nava, Sariegu<\/b> et <b>Villaviciosa<\/b>, avec un d\u00e9nominateur commun clair : une production authentique et de qualit\u00e9. Villaviciosa se distingue par sa concentration de vergers et de llagares, ainsi que par la pr\u00e9sence de marques embl\u00e9matiques.<\/p>\n<p>&nbsp;<\/p>\n<h3><b>Gij\u00f3n : sidra urbaine, ambiance et f\u00eate<\/b><\/h3>\n<p>\u00c0 Gij\u00f3n, la sidra se vit dans un esprit populaire, avec la sidrer\u00eda comme espace social central. Et si votre calendrier co\u00efncide, la ville c\u00e9l\u00e8bre une grande f\u00eate estivale : la <b>Fiesta de la Sidra Natural de Gij\u00f3n<\/b> \u00e0 la fin du mois d\u2019ao\u00fbt (avec des concours d\u2019escanciadores et des tentatives de service simultan\u00e9).<\/p>\n<p>&nbsp;<\/p>\n<h3><b>Oviedo (m\u00eame si c\u2019est le \u00ab Primitivo \u00bb) : une \u00e9tape logique si vous reliez des routes ou organisez votre logistique<\/b><\/h3>\n<p>Oviedo est une autre ville o\u00f9 la sidra est tr\u00e8s pr\u00e9sente, et elle entretient en outre un <b>lien explicite<\/b> avec le d\u00e9part historique du Primitivo depuis la cath\u00e9drale.<\/p>\n<p>&nbsp;<\/p>\n<h2><b>O\u00f9 vivre la sidra sur le Camino Primitivo<\/b><\/h2>\n<p>Le Primitivo est un itin\u00e9raire de caract\u00e8re et, en Asturies, il suit un fil conducteur clair : <b>il commence \u00e0 Oviedo<\/b> et traverse des concejos m\u00ealant ruralit\u00e9, montagne et tradition. Le parcours du \u00ab d\u00e9part du Camino \u00bb \u00e0 Oviedo s\u2019explique depuis la place d\u2019Alfonso II el Casto, au pied de la cath\u00e9drale, indiquant la direction historique emprunt\u00e9e par les p\u00e8lerins du Camino Primitivo.<\/p>\n<p>&nbsp;<\/p>\n<h3><b>Oviedo : commencer par un \u00ab cul\u00edn \u00bb (ou apprendre en observant)<\/b><\/h3>\n<p>Commencer le Camino Primitivo est, pour beaucoup, un m\u00e9lange d\u2019\u00e9motion et de nervosit\u00e9. Si vous souhaitez une premi\u00e8re prise de contact, le plus judicieux est d\u2019y aller tranquillement : s\u2019asseoir, observer le service, commander quelque chose \u00e0 manger et comprendre le rythme. Rappelez-vous : le \u00ab cul\u00edn \u00bb se boit imm\u00e9diatement, ce n\u2019est pas un grand verre.<\/p>\n<p>&nbsp;<\/p>\n<h3><b>L\u2019int\u00e9rieur des Asturies : la sidra au c\u0153ur de la vie quotidienne<\/b><\/h3>\n<p>\u00c0 l\u2019int\u00e9rieur des terres, cette boisson appara\u00eet souvent sans enseigne lumineuse : elle fait partie des menus, des c\u00e9l\u00e9brations et des rencontres. Ici, l\u2019id\u00e9e que la culture cidricole est un r\u00e9seau d\u2019espaces et de pratiques sociales (et pas seulement d\u2019\u00e9tablissements) prend tout son sens, comme le souligne l\u2019UNESCO.<\/p>\n<p>&nbsp;<\/p>\n<h2><b>Quand partir : calendrier cidricole pour p\u00e8lerins<\/b><\/h2>\n<p>La \u00ab meilleure p\u00e9riode \u00bb <b>d\u00e9pend de ce que vous recherchez<\/b>. Heureusement, il existe des rep\u00e8res tr\u00e8s clairs concernant la saison et les f\u00eates.<\/p>\n<h3><b>\u00c9t\u00e9 : festivals et ambiance de rue<\/b><\/h3>\n<p>&nbsp;<\/p>\n<ul>\n<li aria-level=\"1\"><b>Festival de la Sidra de Nava<\/b> : \u00e0 la mi-juillet. C\u2019est l\u2019un des rendez-vous les plus connus, avec des concours de pr\u00e9parations et d\u2019escanciadores ainsi que des activit\u00e9s li\u00e9es \u00e0 l\u2019univers de la sidra. Turismo Asturias le recense comme f\u00eate d\u2019int\u00e9r\u00eat et la mairie de Nava publie le programme de chaque \u00e9dition.<\/li>\n<\/ul>\n<p>&nbsp;<\/p>\n<ul>\n<li aria-level=\"1\"><b>Fiesta de la Sidra Natural de Gij\u00f3n<\/b> : g\u00e9n\u00e9ralement c\u00e9l\u00e9br\u00e9e \u00e0 la fin de l\u2019\u00e9t\u00e9 (derni\u00e8re semaine d\u2019ao\u00fbt), avec march\u00e9, concours et animations autour de l\u2019escanciado.<\/li>\n<\/ul>\n<p>&nbsp;<\/p>\n<p><b>Avantage p\u00e8lerin<\/b> : si vous parcourez le Camino del Norte en \u00e9t\u00e9, il est plus facile de co\u00efncider avec des \u00e9v\u00e9nements et avec une offre cidricole tr\u00e8s visible.<\/p>\n<p>&nbsp;<\/p>\n<h3><b>Automne : pomme, r\u00e9colte et \u00ab mayar \u00bb<\/b><\/h3>\n<p>Si vous souhaitez comprendre le processus, l\u2019automne est une p\u00e9riode particuli\u00e8re. Pendant la seronda (automne), aux mois d\u2019<b>octobre et novembre<\/b>, on r\u00e9colte (\u00ab pa\u00f1a \u00bb) les pommes qui serviront de mati\u00e8re premi\u00e8re pour l\u2019ann\u00e9e suivante.<\/p>\n<p>Il existe \u00e9galement des propositions organis\u00e9es autour de ce moment : <b>\u00ab Mayando con Sidraturismo Asturias \u00bb<\/b> se d\u00e9roule de la mi-octobre \u00e0 la fin novembre, en co\u00efncidence avec le processus et la r\u00e9colte des pommes, selon ses communications et son calendrier.<\/p>\n<p>&nbsp;<\/p>\n<h3><b>Hiver et d\u00e9but du printemps (si vous commencez le Norte \u00e0 Ir\u00fan) : le clin d\u2019\u0153il basque du \u00ab txotx \u00bb<\/b><\/h3>\n<p>Si votre Camino del Norte d\u00e9bute au Pays basque, il existe une autre tradition cidricole tr\u00e8s connue : la saison du <b>txotx<\/b> dans les sidrer\u00edas basques s\u2019\u00e9tend de <b>janvier \u00e0 avril<\/b>. C\u2019est une parenth\u00e8se int\u00e9ressante avant d\u2019arriver en Asturies : une autre culture de la sidra, un autre rituel (d\u00e9gustation au tonneau), une autre fa\u00e7on de socialiser autour du produit.<\/p>\n<p>&nbsp;<\/p>\n<h2><b>Comment entrer dans une sidrer\u00eda sans faire d\u2019impair<\/b><\/h2>\n<p><img loading=\"lazy\" decoding=\"async\" class=\"alignnone wp-image-126598 size-full\" src=\"https:\/\/www.mundiplus.com\/wp-content\/uploads\/2026\/02\/Sidreria-Asturiana-Mundiplus.jpg\" alt=\"\" width=\"1025\" height=\"572\" srcset=\"https:\/\/www.mundiplus.com\/wp-content\/uploads\/2026\/02\/Sidreria-Asturiana-Mundiplus.jpg 1025w, https:\/\/www.mundiplus.com\/wp-content\/uploads\/2026\/02\/Sidreria-Asturiana-Mundiplus-300x167.jpg 300w, https:\/\/www.mundiplus.com\/wp-content\/uploads\/2026\/02\/Sidreria-Asturiana-Mundiplus-768x429.jpg 768w, https:\/\/www.mundiplus.com\/wp-content\/uploads\/2026\/02\/Sidreria-Asturiana-Mundiplus-600x335.jpg 600w\" sizes=\"(max-width: 1025px) 100vw, 1025px\" \/><\/p>\n<p>Bien s\u00fbr, personne n\u2019attend d\u2019un p\u00e8lerin qu\u2019il soit expert, mais observer et respecter les codes locaux est toujours appr\u00e9ci\u00e9.<\/p>\n<p>&nbsp;<\/p>\n<h3><b>Conseils pratiques<\/b> (tr\u00e8s simples)<\/h3>\n<p>&nbsp;<\/p>\n<ul>\n<li aria-level=\"1\"><b>Observez d\u2019abord<\/b> : regardez comment le serveur ou la personne \u00e0 table verse la sidra.<\/li>\n<\/ul>\n<p>&nbsp;<\/p>\n<ul>\n<li aria-level=\"1\"><b>Ne remplissez jamais le verre<\/b> : le \u00ab cul\u00edn \u00bb est une petite quantit\u00e9 \u00e0 boire imm\u00e9diatement.<\/li>\n<\/ul>\n<p>&nbsp;<\/p>\n<ul>\n<li aria-level=\"1\"><b>Si l\u2019on vous propose d\u2019essayer, faites-le avec humour<\/b> : il est normal d\u2019en renverser un peu au d\u00e9but. L\u2019objectif est d\u2019a\u00e9rer et de \u00ab r\u00e9veiller \u00bb la sidra.<\/li>\n<\/ul>\n<p>&nbsp;<\/p>\n<ul>\n<li aria-level=\"1\"><b>N\u2019h\u00e9sitez pas \u00e0 poser des questions<\/b> : s\u2019il existe des sidras de table\/nouvelle expression ou effervescentes, rappelez-vous qu\u2019elles ne se servent pas en escanciado.<\/li>\n<\/ul>\n<p>&nbsp;<\/p>\n<h3><b>Espicha : si vous en avez l\u2019occasion, c\u2019est une exp\u00e9rience tr\u00e8s locale<\/b><\/h3>\n<p>Si vous tombez sur une espicha (via le calendrier local ou une activit\u00e9 organis\u00e9e), vous comprendrez vite pourquoi la sidra est associ\u00e9e \u00e0 la communaut\u00e9 : <b>elle se boit \u00ab au tonneau \u00bb, la nourriture est partag\u00e9e et l\u2019ambiance est festive<\/b>.<\/p>\n<p>&nbsp;<\/p>\n<h2><b>Sidrer\u00edas sur d\u2019autres routes du Camino<\/b><\/h2>\n<p>Bien que le c\u0153ur cidricole du Camino \u2014 par sa densit\u00e9 culturelle et rituelle \u2014 soit fortement associ\u00e9 aux Asturies (Norte\/Primitivo), il est courant de trouver de la sidra sur d\u2019autres itin\u00e9raires, notamment dans les r\u00e9gions du nord de la p\u00e9ninsule o\u00f9 elle est \u00e9galement produite ou consomm\u00e9e r\u00e9guli\u00e8rement. Si vous comparez des options gastronomiques au-del\u00e0 de la c\u00f4te cantabrique, Mundiplus propose deux guides du Camino Franc\u00e9s pour \u00e9largir le contexte :<\/p>\n<p>&nbsp;<\/p>\n<ul>\n<li aria-level=\"1\"><a href=\"https:\/\/www.mundiplus.com\/fr\/caminos\/a-pie\/camino-frances\/camino-de-santiago-desde-logrono\/\"><b>Gastronomie sur le Camino Franc\u00e9s depuis Logro\u00f1o<\/b><\/a><\/li>\n<\/ul>\n<p>&nbsp;<\/p>\n<ul>\n<li aria-level=\"1\"><b>G<\/b><a href=\"https:\/\/www.mundiplus.com\/fr\/caminos\/a-pie\/camino-frances\/camino-de-santiago-desde-burgos\/\"><b>astronomie sur le Camino Franc\u00e9s depuis Burgos<\/b><\/a><\/li>\n<\/ul>\n<p>&nbsp;<\/p>\n<h2><b>Conseils de p\u00e8lerin : en profiter sans en payer le prix<\/b><\/h2>\n<p>La sidra fait partie de l\u2019exp\u00e9rience, mais le Camino exige aussi de prendre soin de son corps et de sa s\u00e9curit\u00e9. Voici quelques recommandations de bon sens (sans morale) :<\/p>\n<p>&nbsp;<\/p>\n<ul>\n<li aria-level=\"1\"><b>Plut\u00f4t en fin d\u2019\u00e9tape<\/b> : lorsque vous ne marchez plus, surtout si le terrain a \u00e9t\u00e9 exigeant.<\/li>\n<\/ul>\n<p>&nbsp;<\/p>\n<ul>\n<li aria-level=\"1\"><b>Hydratez-vous et mangez<\/b> : elle est g\u00e9n\u00e9ralement accompagn\u00e9e de nourriture, ce qui aide \u00e0 mieux en profiter.<\/li>\n<\/ul>\n<p>&nbsp;<\/p>\n<ul>\n<li aria-level=\"1\"><b>Si vous manquez de repos, privil\u00e9giez le sommeil<\/b> : le Camino del Norte et le Primitivo ne pardonnent pas l\u2019accumulation de fatigue.<\/li>\n<\/ul>\n<p>&nbsp;<\/p>\n<ul>\n<li aria-level=\"1\"><b>Respectez le contexte local<\/b> : ce n\u2019est ni un d\u00e9fi ni un \u00ab spectacle \u00bb, mais une coutume vivante.<\/li>\n<\/ul>\n<p>&nbsp;<\/p>\n<h2><b>Autres d\u00e9tails \u00e0 conna\u00eetre<\/b><\/h2>\n<h3><b>Dois-je pratiquer l\u2019escanciado pour \u00ab vivre \u00bb la sidra ?<\/b><\/h3>\n<p>Non. Vous pouvez en profiter en observant le rituel (et en apprenant) ou en commandant des vari\u00e9t\u00e9s qui ne se servent pas de cette mani\u00e8re. Dans de nombreuses sidrer\u00edas, la sidra vous sera servie d\u00e9j\u00e0 escanciada sans que vous ayez \u00e0 le faire. De plus, rappelons qu\u2019il existe des sidras de table\/nouvelle expression et effervescentes qui ne se servent pas ainsi.<\/p>\n<p>&nbsp;<\/p>\n<h3><b>Que signifie la pr\u00e9sence d\u2019un gaz \u00ab endog\u00e8ne \u00bb ?<\/b><\/h3>\n<p>Dans le cadre de l\u2019AOP, cela signifie que <b>le gaz carbonique est d\u2019origine naturelle<\/b>, issu du processus lui-m\u00eame, et non ajout\u00e9 comme dans une boisson gazeuse. C\u2019est l\u2019une des caract\u00e9ristiques d\u00e9finies dans le cahier des charges de \u00ab Sidra de Asturias \u00bb.<\/p>\n","protected":false},"excerpt":{"rendered":"<p>Il y a des saveurs qui restent \u00e0 jamais associ\u00e9es \u00e0 un itin\u00e9raire. Sur le Camino del Norte et le Camino Primitivo, cette saveur arrive souvent avec des bulles naturelles, un parfum de pomme et un geste qui para\u00eet simple\u2026 jusqu\u2019\u00e0 ce que l\u2019on essaie : l\u2019escanciado (le service traditionnel). Je parle bien s\u00fbr de [&hellip;]<\/p>\n","protected":false},"author":1,"featured_media":126612,"comment_status":"open","ping_status":"open","sticky":false,"template":"","format":"standard","meta":{"footnotes":""},"categories":[571,575,583,603],"tags":[],"class_list":["post-126627","post","type-post","status-publish","format-standard","has-post-thumbnail","hentry","category-blog-du-chemin","category-chemin-a-pied","category-histoire","category-sites-emblematiques"],"_links":{"self":[{"href":"https:\/\/www.mundiplus.com\/fr\/wp-json\/wp\/v2\/posts\/126627","targetHints":{"allow":["GET"]}}],"collection":[{"href":"https:\/\/www.mundiplus.com\/fr\/wp-json\/wp\/v2\/posts"}],"about":[{"href":"https:\/\/www.mundiplus.com\/fr\/wp-json\/wp\/v2\/types\/post"}],"author":[{"embeddable":true,"href":"https:\/\/www.mundiplus.com\/fr\/wp-json\/wp\/v2\/users\/1"}],"replies":[{"embeddable":true,"href":"https:\/\/www.mundiplus.com\/fr\/wp-json\/wp\/v2\/comments?post=126627"}],"version-history":[{"count":2,"href":"https:\/\/www.mundiplus.com\/fr\/wp-json\/wp\/v2\/posts\/126627\/revisions"}],"predecessor-version":[{"id":126641,"href":"https:\/\/www.mundiplus.com\/fr\/wp-json\/wp\/v2\/posts\/126627\/revisions\/126641"}],"wp:featuredmedia":[{"embeddable":true,"href":"https:\/\/www.mundiplus.com\/fr\/wp-json\/wp\/v2\/media\/126612"}],"wp:attachment":[{"href":"https:\/\/www.mundiplus.com\/fr\/wp-json\/wp\/v2\/media?parent=126627"}],"wp:term":[{"taxonomy":"category","embeddable":true,"href":"https:\/\/www.mundiplus.com\/fr\/wp-json\/wp\/v2\/categories?post=126627"},{"taxonomy":"post_tag","embeddable":true,"href":"https:\/\/www.mundiplus.com\/fr\/wp-json\/wp\/v2\/tags?post=126627"}],"curies":[{"name":"wp","href":"https:\/\/api.w.org\/{rel}","templated":true}]}}