{"id":126632,"date":"2026-02-24T09:17:39","date_gmt":"2026-02-24T09:17:39","guid":{"rendered":"https:\/\/www.mundiplus.com\/?p=126632"},"modified":"2026-02-24T09:20:59","modified_gmt":"2026-02-24T09:20:59","slug":"le-chemin-et-la-creativite-comment-cet-itineraire-inspire-les-artistes-et-les-ecrivains","status":"publish","type":"post","link":"https:\/\/www.mundiplus.com\/fr\/creativite-sur-le-chemin-de-compostelle\/","title":{"rendered":"Le Chemin et la cr\u00e9ativit\u00e9 : comment cet itin\u00e9raire inspire les artistes et les \u00e9crivains"},"content":{"rendered":"<p><img fetchpriority=\"high\" decoding=\"async\" class=\"alignnone wp-image-118987 size-full\" src=\"https:\/\/www.mundiplus.com\/wp-content\/uploads\/2025\/04\/Blog-Mundiplus.png\" alt=\"\" width=\"1023\" height=\"539\" srcset=\"https:\/\/www.mundiplus.com\/wp-content\/uploads\/2025\/04\/Blog-Mundiplus.png 1023w, https:\/\/www.mundiplus.com\/wp-content\/uploads\/2025\/04\/Blog-Mundiplus-300x158.png 300w, https:\/\/www.mundiplus.com\/wp-content\/uploads\/2025\/04\/Blog-Mundiplus-768x405.png 768w, https:\/\/www.mundiplus.com\/wp-content\/uploads\/2025\/04\/Blog-Mundiplus-600x316.png 600w\" sizes=\"(max-width: 1023px) 100vw, 1023px\" \/><\/p>\n<p>Il existe des voyages dont on se souvient pour les photos, et d\u2019autres dont on se souvient pour <b>ce qu\u2019ils \u201cbougent\u201d \u00e0 l\u2019int\u00e9rieur<\/b>. Le Camino est, pour beaucoup de personnes, ce deuxi\u00e8me type d\u2019exp\u00e9rience : un itin\u00e9raire qui <b>ordonne les pens\u00e9es, ouvre les conversations<\/b> et transforme le quotidien (marcher, manger, se reposer) en un rituel avec son propre rythme. Il n\u2019est donc pas surprenant que, au fil des si\u00e8cles, il ait inspir\u00e9 musique, r\u00e9cits, journaux, dessins, photographies et po\u00e8mes.<\/p>\n<p>Dans cet article, nous explorons <b>pourquoi le p\u00e8lerinage favorise la cr\u00e9ativit\u00e9<\/b>. Nous parlerons des traditions et des symboles qui agissent comme des d\u00e9clencheurs artistiques, des p\u00e9riodes de l\u2019ann\u00e9e qui facilitent un \u00ab Camino cr\u00e9atif \u00bb et des itin\u00e9raires (et sections) offrant les meilleures conditions pour \u00e9crire, cr\u00e9er ou simplement observer avec plus d\u2019attention.<\/p>\n<p>&nbsp;<\/p>\n<h2><b>Pourquoi marcher \u00e9veille les id\u00e9es<\/b><\/h2>\n<p><img decoding=\"async\" class=\"alignnone wp-image-126578 size-full\" src=\"https:\/\/www.mundiplus.com\/wp-content\/uploads\/2026\/02\/El-Camino-y-la-creatividad-Mundiplus.jpg\" alt=\"\" width=\"1025\" height=\"572\" srcset=\"https:\/\/www.mundiplus.com\/wp-content\/uploads\/2026\/02\/El-Camino-y-la-creatividad-Mundiplus.jpg 1025w, https:\/\/www.mundiplus.com\/wp-content\/uploads\/2026\/02\/El-Camino-y-la-creatividad-Mundiplus-300x167.jpg 300w, https:\/\/www.mundiplus.com\/wp-content\/uploads\/2026\/02\/El-Camino-y-la-creatividad-Mundiplus-768x429.jpg 768w, https:\/\/www.mundiplus.com\/wp-content\/uploads\/2026\/02\/El-Camino-y-la-creatividad-Mundiplus-600x335.jpg 600w\" sizes=\"(max-width: 1025px) 100vw, 1025px\" \/><\/p>\n<p>La cr\u00e9ativit\u00e9 n\u2019appara\u00eet pas seulement lorsque \u201cnous nous mettons \u00e0 r\u00e9fl\u00e9chir\u201d, mais quand le corps et l\u2019environnement aident l\u2019esprit \u00e0 changer de rythme. Marcher d\u00e9clenche ce changement de mani\u00e8re tr\u00e8s directe. Des recherches en psychologie ont montr\u00e9 que <b>la marche peut am\u00e9liorer la g\u00e9n\u00e9ration d\u2019id\u00e9es<\/b> (notamment dans les t\u00e2ches de pens\u00e9e divergente, comme produire des alternatives ou associations) et que l\u2019effet se fait sentir pendant la marche et peu apr\u00e8s.<\/p>\n<p>De plus, lorsque la marche se d\u00e9roule dans des environnements naturels \u2014 for\u00eats, chemins ruraux, littoral, montagnes \u2014 d\u2019autres facteurs s\u2019ajoutent : r\u00e9duction des interruptions, silence relatif, moindre exposition aux \u00e9crans et type d\u2019attention \u201cdouce\u201d que provoquent les paysages (regarder le ciel, \u00e9couter l\u2019eau, suivre un sentier).<\/p>\n<p>Dans l\u2019ensemble, tout cela favorise un esprit plus disponible pour connecter les souvenirs, organiser les \u00e9motions et g\u00e9n\u00e9rer de nouvelles id\u00e9es.<\/p>\n<p>Le Camino r\u00e9unit, presque par conception, plusieurs ingr\u00e9dients souvent associ\u00e9s \u00e0 des moments cr\u00e9atifs :<\/p>\n<p>&nbsp;<\/p>\n<ul>\n<li aria-level=\"1\"><b>Rythme r\u00e9p\u00e9titif<\/b> (pas, respiration, \u00e9tapes) qui calme le \u201cbruit mental\u201d.<\/li>\n<\/ul>\n<p>&nbsp;<\/p>\n<ul>\n<li aria-level=\"1\"><b>Espace de transition<\/b> : sortir de la routine cr\u00e9e une sensation de \u201cpause vitale\u201d qui facilite les r\u00e9ajustements.<\/li>\n<\/ul>\n<p>&nbsp;<\/p>\n<ul>\n<li aria-level=\"1\"><b>Contact avec la nature et le patrimoine<\/b>, qui \u00e9largit les stimulations sans saturer.<\/li>\n<\/ul>\n<p>&nbsp;<\/p>\n<ul>\n<li aria-level=\"1\"><b>Histoires partag\u00e9es<\/b> : conversations, caf\u00e9s, chemins parall\u00e8les et br\u00e8ves s\u00e9parations.3<\/li>\n<\/ul>\n<p>&nbsp;<\/p>\n<ul>\n<li aria-level=\"1\"><b>Temps sans pr\u00e9cipitation<\/b> pour observer, noter et retrouver la curiosit\u00e9.<\/li>\n<\/ul>\n<p>&nbsp;<\/p>\n<p>En termes simples : lorsque le corps bouge et que l\u2019environnement accompagne, l\u2019esprit trouve de l\u2019espace pour imaginer.<\/p>\n<p>&nbsp;<\/p>\n<h2><b>Le Camino comme \u201carchive culturelle\u201d vivante<\/b><\/h2>\n<p><img decoding=\"async\" class=\"alignnone wp-image-126572 size-full\" src=\"https:\/\/www.mundiplus.com\/wp-content\/uploads\/2026\/02\/El-Camino-como-archivo-cultural-vivo-Mundiplus.jpg\" alt=\"\" width=\"1025\" height=\"572\" srcset=\"https:\/\/www.mundiplus.com\/wp-content\/uploads\/2026\/02\/El-Camino-como-archivo-cultural-vivo-Mundiplus.jpg 1025w, https:\/\/www.mundiplus.com\/wp-content\/uploads\/2026\/02\/El-Camino-como-archivo-cultural-vivo-Mundiplus-300x167.jpg 300w, https:\/\/www.mundiplus.com\/wp-content\/uploads\/2026\/02\/El-Camino-como-archivo-cultural-vivo-Mundiplus-768x429.jpg 768w, https:\/\/www.mundiplus.com\/wp-content\/uploads\/2026\/02\/El-Camino-como-archivo-cultural-vivo-Mundiplus-600x335.jpg 600w\" sizes=\"(max-width: 1025px) 100vw, 1025px\" \/><\/p>\n<p>Au-del\u00e0 de l\u2019exp\u00e9rience personnelle, l\u2019itin\u00e9raire est un grand <b>corridor d\u2019\u00e9change culturel<\/b>. Pendant des si\u00e8cles, il a connect\u00e9 des territoires, des langues, des styles artistiques et des formes de narration. Aujourd\u2019hui, cette dimension culturelle reste visible dans les \u00e9glises, ponts, h\u00f4pitaux historiques, marques de route, chants traditionnels et l\u00e9gendes locales. Il ne s\u2019agit pas seulement d\u2019un itin\u00e9raire : c\u2019est un r\u00e9seau qui a marqu\u00e9 l\u2019histoire europ\u00e9enne.<\/p>\n<p>Cette importance est reconnue par les institutions internationales. D\u2019une part, le Camino a \u00e9t\u00e9 certifi\u00e9 <b>Itin\u00e9raire Culturel Europ\u00e9en<\/b> et est d\u00e9crit comme un symbole de revitalisation des chemins historiques de rencontre. D\u2019autre part, certains tron\u00e7ons sont reconnus comme patrimoine mondial, en partie pour leur r\u00f4le dans l\u2019\u00e9change culturel et le patrimoine mat\u00e9riel associ\u00e9 au p\u00e8lerinage.<\/p>\n<p>Il convient \u00e9galement de rappeler que l\u2019exp\u00e9rience a \u00e9t\u00e9 racont\u00e9e depuis longtemps. Un exemple fondamental est le <b>Codex Calixtinus<\/b> (XIIe si\u00e8cle), un manuscrit li\u00e9 \u00e0 la tradition jacobine, incluant, entre autres, des textes liturgiques et des mat\u00e9riaux interpr\u00e9t\u00e9s comme un <b>guide m\u00e9di\u00e9val du p\u00e8lerin<\/b>. Sa simple existence en dit long : d\u00e8s cette \u00e9poque, le chemin produisait r\u00e9cit, musique, descriptions et m\u00e9moire culturelle.<\/p>\n<p>&nbsp;<\/p>\n<h2><b>\u0152uvres, r\u00e9cits et regards contemporains<\/b><\/h2>\n<p>Plus r\u00e9cemment, le p\u00e8lerinage est apparu dans des livres, films et projets cr\u00e9atifs tr\u00e8s divers. Deux r\u00e9f\u00e9rences permettent de comprendre son impact :<\/p>\n<p>&nbsp;<\/p>\n<ul>\n<li aria-level=\"1\"><b>The Pilgrimage<\/b> (Paulo Coelho) : un roman bas\u00e9 sur l\u2019exp\u00e9rience de l\u2019auteur parcourant une variante sp\u00e9cifique, m\u00ealant voyage physique et qu\u00eate int\u00e9rieure.<\/li>\n<\/ul>\n<p>&nbsp;<\/p>\n<ul>\n<li aria-level=\"1\"><b>The Way<\/b> (Emilio Est\u00e9vez, 2010) : film devenu populaire \u00e0 l\u2019international et souvent cit\u00e9 comme d\u00e9clencheur pour se lancer dans la marche.<\/li>\n<\/ul>\n<p>&nbsp;<\/p>\n<p>Il n\u2019est pas n\u00e9cessaire que ces \u0153uvres vous plaisent pour qu\u2019elles soient utiles : <b>elles servent de miroir<\/b>. Elles montrent comment l\u2019itin\u00e9raire se pr\u00eate \u00e0 la narration car il comprend un d\u00e9but clair (d\u00e9part), un d\u00e9veloppement par \u00e9tapes (conflits, fatigue, rencontres, changements) et une fin fortement symbolique (arriv\u00e9e \u00e0 Saint-Jacques, et parfois prolongation jusqu\u2019\u00e0 la c\u00f4te).<\/p>\n<p>&nbsp;<\/p>\n<h2><b>Itin\u00e9raires et tron\u00e7ons favorables \u00e0 la cr\u00e9ativit\u00e9<\/b><\/h2>\n<p><img loading=\"lazy\" decoding=\"async\" class=\"alignnone wp-image-126584 size-full\" src=\"https:\/\/www.mundiplus.com\/wp-content\/uploads\/2026\/02\/Rutas-del-Camino-de-Santiago-para-la-creatividad-Mundiplus.jpg\" alt=\"\" width=\"1025\" height=\"572\" srcset=\"https:\/\/www.mundiplus.com\/wp-content\/uploads\/2026\/02\/Rutas-del-Camino-de-Santiago-para-la-creatividad-Mundiplus.jpg 1025w, https:\/\/www.mundiplus.com\/wp-content\/uploads\/2026\/02\/Rutas-del-Camino-de-Santiago-para-la-creatividad-Mundiplus-300x167.jpg 300w, https:\/\/www.mundiplus.com\/wp-content\/uploads\/2026\/02\/Rutas-del-Camino-de-Santiago-para-la-creatividad-Mundiplus-768x429.jpg 768w, https:\/\/www.mundiplus.com\/wp-content\/uploads\/2026\/02\/Rutas-del-Camino-de-Santiago-para-la-creatividad-Mundiplus-600x335.jpg 600w\" sizes=\"(max-width: 1025px) 100vw, 1025px\" \/><\/p>\n<p>La cr\u00e9ativit\u00e9 ne d\u00e9pend pas uniquement du lieu, mais le lieu peut la faciliter. Sur le Camino, influent la densit\u00e9 de p\u00e8lerins, le type de paysage, la disponibilit\u00e9 d\u2019espaces tranquilles, la pr\u00e9sence de la mer ou de la montagne, le climat et le \u201ctempo\u201d de chaque \u00e9tape (si elle oblige \u00e0 acc\u00e9l\u00e9rer ou si elle laisse du temps pour s\u2019arr\u00eater, regarder et \u00e9crire).<\/p>\n<p>Voici un guide pratique \u2014 sans dogme \u2014 sur la pr\u00e9disposition cr\u00e9ative de certains itin\u00e9raires et tron\u00e7ons. Utilisez-le comme carte des sensations : \u00e0 vous de d\u00e9cider ce qui vous inspire le plus.<\/p>\n<p>&nbsp;<\/p>\n<h3><b>Camino del Norte : dialogue avec la mer<\/b><\/h3>\n<p>Si votre cr\u00e9ativit\u00e9 se nourrit de <b>horizons vastes, variations de lumi\u00e8re et sons constants<\/b> (vagues, vent), le Nord est un excellent alli\u00e9. La c\u00f4te offre une narration naturelle : falaises, plages, villages de p\u00eacheurs et m\u00e9t\u00e9orologie variable influen\u00e7ant l\u2019humeur du jour. Ce \u201cchangement continu\u201d fonctionne tr\u00e8s bien pour les <b>artistes visuels<\/b> et pour les <b>\u00e9crivains travaillant sur les ambiances<\/b>.<\/p>\n<p>Un tron\u00e7on particuli\u00e8rement suggestif pour ceux qui recherchent la mer et l\u2019\u00e9criture par \u00e9tapes est l\u2019option de <a href=\"https:\/\/www.mundiplus.com\/fr\/caminos\/a-pie\/camino-norte\/camino-de-santiago-desde-gijon\/\"> <b>l\u2019inspiration sur le Camino del Norte depuis Gij\u00f3n<\/b><\/a> jusqu\u2019\u00e0 Ribadeo. Sur ces \u00e9tapes, le caract\u00e8re atlantique et le rythme des \u00e9tapes peuvent convenir \u00e0 un journal, la photographie ou des croquis rapides.<\/p>\n<p>&nbsp;<\/p>\n<ul>\n<li aria-level=\"1\"><b>Id\u00e9al pour<\/b> : journaux de voyage, photographie de paysage, \u00e9criture contemplative, projets sonores (notes de terrain), aquarelle rapide, collages de route.<\/li>\n<\/ul>\n<p>&nbsp;<\/p>\n<h3><b>Camino Franc\u00e9s : patrimoine, villages et \u201csc\u00e8nes\u201d narratives<\/b><\/h3>\n<p>Le Fran\u00e7ais pr\u00e9sente un avantage clair pour les cr\u00e9ateurs : une <b>forte concentration de patrimoine<\/b>, des localit\u00e9s avec identit\u00e9 propre et une structure d\u2019\u00e9tapes tr\u00e8s \u201ccomptable\u201d, parfaite pour construire un projet par chapitres. Si vous \u00e9crivez un <b>roman feuilleton<\/b>, un journal \u00e0 structure fixe ou une s\u00e9rie d\u2019illustrations (une par jour), cet itin\u00e9raire fonctionne tr\u00e8s bien.<\/p>\n<p>Pour ceux qui souhaitent commencer avec culture urbaine et ambiance historique, le <a href=\"https:\/\/www.mundiplus.com\/fr\/caminos\/a-pie\/camino-frances\/camino-de-santiago-desde-burgos\/\"> <b>Camino Franc\u00e9s depuis Burgos<\/b><\/a> peut \u00eatre int\u00e9ressant. Cette localit\u00e9 et son environnement favorisent le contraste entre ville monumentale et sortie vers des \u00e9tapes plus ouvertes, offrant de nombreuses possibilit\u00e9s narratives.<\/p>\n<p>Si vous recherchez un tron\u00e7on combinant paysage, culture et rythme permettant de <b>prendre le temps d\u2019\u00e9crire sans \u201carriver en retard\u201d<\/b>, le <a href=\"https:\/\/www.mundiplus.com\/fr\/caminos\/a-pie\/camino-frances\/camino-de-santiago-desde-logrono\/\"> <b>Camino Franc\u00e9s depuis Logro\u00f1o<\/b><\/a> est un excellent choix. L\u2019exp\u00e9rience de marcher dans des zones de transition entre villages et environnements ruraux est souvent fertile pour les id\u00e9es, surtout pour les descriptions, personnages observ\u00e9s ou sc\u00e8nes courtes.<\/p>\n<p>&nbsp;<\/p>\n<ul>\n<li aria-level=\"1\"><b>Id\u00e9al pour<\/b> : chroniques et reportages, roman de voyage, illustration par \u00e9tapes, architecture et d\u00e9tails (notes), projets sur gastronomie et culture locale.<\/li>\n<\/ul>\n<p>&nbsp;<\/p>\n<h3><b>Camino Primitivo : origine historique et cr\u00e9ativit\u00e9 en contexte montagnard<\/b><\/h3>\n<p>Si vous cherchez une exp\u00e9rience cr\u00e9ative plus introspective \u2014 moins \u201csc\u00e8ne sociale\u201d et plus observation int\u00e9rieure \u2014 le <b>Camino Primitivo<\/b> est parfait. Non seulement pour son profil plus exigeant sur certains tron\u00e7ons, mais aussi pour sa charge symbolique : il est consid\u00e9r\u00e9 comme <b>l\u2019itin\u00e9raire le plus ancien<\/b>, li\u00e9 au premier p\u00e8lerinage royal document\u00e9, et relie Oviedo \u00e0 Santiago \u00e0 travers des paysages o\u00f9 la nature impose le rythme.<\/p>\n<p>Creativement, c&rsquo;est un itin\u00e9raire qui invite \u00e0 <b>travailler avec le silence, la pause et l\u2019\u00e9criture de fond<\/b> : notes de r\u00e9flexion, journaux plus intimes, photographie de brouillards, textures de la for\u00eat, et r\u00e9cits o\u00f9 le \u201cclimat\u201d (au sens \u00e9motionnel et environnemental) devient un personnage.<\/p>\n<p>&nbsp;<\/p>\n<ul>\n<li aria-level=\"1\"><b>Id\u00e9al pour<\/b> : journal personnel, po\u00e9sie, photographie atmosph\u00e9rique, carnet de croquis avec paysages et d\u00e9tails naturels, projets de \u201ccarnet de bord\u201d (texte + dessin).<\/li>\n<\/ul>\n<p>&nbsp;<\/p>\n<ul>\n<li aria-level=\"1\"><b>Conseil cr\u00e9atif<\/b> : sur des itin\u00e9raires plus montagneux, l\u2019\u00e9nergie prime. Pour cr\u00e9er, il est pr\u00e9f\u00e9rable de fixer un objectif petit (par exemple, 10 lignes par soir ou 1 photo th\u00e9matique par jour) et de laisser la \u201cgrande \u0153uvre\u201d pour le retour.<\/li>\n<\/ul>\n<p>&nbsp;<\/p>\n<h3><b>Chemin Portugais : tradition, voies historiques et cr\u00e9ativit\u00e9 plus \u201chumaine\u201d<\/b><\/h3>\n<p>Le <b>Chemin Portugais<\/b> se distingue par une identit\u00e9 propre et par son importance historique depuis le Moyen \u00c2ge. Son trac\u00e9 h\u00e9rite de voies anciennes (avec des r\u00e9f\u00e9rences \u00e0 des routes romaines sur certains tron\u00e7ons) et, en g\u00e9n\u00e9ral, offre un \u00e9quilibre int\u00e9ressant entre villes anim\u00e9es, patrimoine et \u00e9tapes permettant souvent de s\u2019arr\u00eater pour observer sans rompre le rythme.<\/p>\n<p>Sur le plan cr\u00e9atif, c\u2019est un itin\u00e9raire tr\u00e8s fertile pour les <b>r\u00e9cits de rencontre<\/b> : conversations, sc\u00e8nes quotidiennes de villages, notes sur la gastronomie et petites histoires issues de la vie en communaut\u00e9 des p\u00e8lerins. Si votre projet repose sur des personnages, dialogues, chroniques ou \u201ccartes postales\u201d narratives, vous trouverez ici beaucoup de mati\u00e8re.<\/p>\n<p>&nbsp;<\/p>\n<ul>\n<li aria-level=\"1\"><b>Id\u00e9al pour<\/b> : chronique de voyage, portrait social (\u00e9crit ou photographique), projets gastronomiques et culturels, journaux ax\u00e9s sur les conversations et les sc\u00e8nes.<\/li>\n<\/ul>\n<p>&nbsp;<\/p>\n<ul>\n<li aria-level=\"1\"><b>Id\u00e9e cr\u00e9ative<\/b> : \u201ccollection de voix du Chemin\u201d. Chaque jour, notez une phrase entendue (sans donn\u00e9es personnelles) et transformez-la en micro-r\u00e9cit ou po\u00e8me de 4 lignes.<\/li>\n<\/ul>\n<p>&nbsp;<\/p>\n<h3><b>Chemin Anglais : format compact, lumi\u00e8re atlantique et itin\u00e9raire id\u00e9al pour s\u00e9ries cr\u00e9atives<\/b><\/h3>\n<p>Le <b>Chemin Anglais<\/b> est particuli\u00e8rement int\u00e9ressant si vous souhaitez r\u00e9aliser un projet cr\u00e9atif avec un d\u00e9but et une fin tr\u00e8s d\u00e9finis <b>en quelques jours<\/b>.<\/p>\n<p>Sur le plan cr\u00e9atif, il fonctionne tr\u00e8s bien pour les <b>travaux en s\u00e9rie<\/b> : une photo par \u00e9tape sur un th\u00e8me fixe, un carnet de 5\u20137 entr\u00e9es ou une collection de petites illustrations au format constant. C\u2019est \u00e9galement un itin\u00e9raire adapt\u00e9 \u00e0 ceux qui souhaitent combiner des moments urbains (d\u00e9part) avec des tron\u00e7ons int\u00e9rieurs o\u00f9 le silence est plus facile \u00e0 trouver.<\/p>\n<p>&nbsp;<\/p>\n<ul>\n<li aria-level=\"1\"><b>Id\u00e9al pour<\/b> : s\u00e9ries photographiques, mini-carnets illustr\u00e9s, r\u00e9cits courts en cha\u00eene, projets \u201cde quelques jours\u201d avec une fin claire.<\/li>\n<\/ul>\n<p>&nbsp;<\/p>\n<h3><b>Tron\u00e7ons avec rituels puissants : quand le symbole devient \u0153uvre<\/b><\/h3>\n<p>Certains lieux du Chemin se sont charg\u00e9s de signification par des traditions r\u00e9p\u00e9t\u00e9es au fil des ann\u00e9es. Ils ne sont pas \u201cobligatoires\u201d, mais peuvent \u00eatre utiles si vous souhaitez travailler avec le symbole. L\u2019exemple le plus clair est la <b>Cruz de Ferro<\/b> sur le Chemin Fran\u00e7ais, o\u00f9 de nombreux p\u00e8lerins d\u00e9posent une pierre comme geste symbolique pour l\u00e2cher du poids ou cl\u00f4turer une \u00e9tape int\u00e9rieure.<\/p>\n<p>Si votre projet cr\u00e9atif repose sur des m\u00e9taphores (deuil, changement, d\u00e9part, transformation), ce type de rituels offre des sc\u00e8nes intenses et souvent tr\u00e8s respectueuses. Un texte bref ou une photographie bien pens\u00e9e peut en dire beaucoup sans avoir besoin de trop expliquer.<\/p>\n<p>&nbsp;<\/p>\n<h3><b>Comment choisir \u201cvotre\u201d itin\u00e9raire cr\u00e9atif<\/b><\/h3>\n<p>Au lieu de demander <i>\u201cquel chemin inspire le plus ?\u201d<\/i>, il vaut mieux se poser les questions suivantes :<\/p>\n<ul>\n<li aria-level=\"1\"><i>Ai-je besoin de silence ou m\u2019inspire-t-on l\u2019ambiance sociale ?<\/i><\/li>\n<\/ul>\n<ul>\n<li aria-level=\"1\"><i>Le bord de mer, la montagne ou le patrimoine urbain m\u2019activent-ils davantage ?<\/i><\/li>\n<\/ul>\n<ul>\n<li aria-level=\"1\"><i>Veux-je cr\u00e9er chaque jour (micro-\u0153uvres) ou pr\u00e9f\u00e8rerais-je accumuler le mat\u00e9riel et produire \u00e0 la fin ?<\/i><\/li>\n<\/ul>\n<ul>\n<li aria-level=\"1\"><i>Un itin\u00e9raire avec \u201csc\u00e8nes\u201d (villages, places, caf\u00e9s) ou avec \u201cvide\u201d (horizons, r\u00e9p\u00e9tition) m\u2019aide-t-il davantage ?<\/i><\/li>\n<\/ul>\n<p>R\u00e9pondre \u00e0 ces questions vaut mieux que n\u2019importe quel classement.<\/p>\n<p>&nbsp;<\/p>\n<h2><b>Traditions et symboles qui stimulent l\u2019imagination<\/b><\/h2>\n<p><img loading=\"lazy\" decoding=\"async\" class=\"alignnone wp-image-126590 size-full\" src=\"https:\/\/www.mundiplus.com\/wp-content\/uploads\/2026\/02\/Tradiciones-y-simbolos-que-activan-la-imaginacion-Mundiplus.jpg\" alt=\"\" width=\"1025\" height=\"572\" srcset=\"https:\/\/www.mundiplus.com\/wp-content\/uploads\/2026\/02\/Tradiciones-y-simbolos-que-activan-la-imaginacion-Mundiplus.jpg 1025w, https:\/\/www.mundiplus.com\/wp-content\/uploads\/2026\/02\/Tradiciones-y-simbolos-que-activan-la-imaginacion-Mundiplus-300x167.jpg 300w, https:\/\/www.mundiplus.com\/wp-content\/uploads\/2026\/02\/Tradiciones-y-simbolos-que-activan-la-imaginacion-Mundiplus-768x429.jpg 768w, https:\/\/www.mundiplus.com\/wp-content\/uploads\/2026\/02\/Tradiciones-y-simbolos-que-activan-la-imaginacion-Mundiplus-600x335.jpg 600w\" sizes=\"(max-width: 1025px) 100vw, 1025px\" \/><\/p>\n<p>Le Chemin n\u2019est pas seulement marcher : c\u2019est une culture de signes. Et les signes sont une nourriture cr\u00e9ative car ils condensent des histoires dans de petits objets. Voici quelques-uns des plus courants :<\/p>\n<p>&nbsp;<\/p>\n<h3><b>La cr\u00e9dencial et la Compostela : raconter avec des tampons<\/b><\/h3>\n<p>La <b>cr\u00e9dencial<\/b> sert de document de passage et de m\u00e9moire. Chaque tampon est une sc\u00e8ne : un g\u00eete, une paroisse, un caf\u00e9, une rencontre. Au final, pour beaucoup, la page de tampons devient une <b>carte \u00e9motionnelle du voyage<\/b>.<\/p>\n<p>&nbsp;<\/p>\n<ul>\n<li aria-level=\"1\"><b>Id\u00e9e cr\u00e9ative :<\/b> transformer les tampons en \u201cchapitres\u201d. \u00c9crivez une phrase par tampon ou dessinez un symbole chaque jour. Le r\u00e9sultat peut devenir un carnet-\u0153uvre complet sans que vous ne le pr\u00e9voyiez.<\/li>\n<\/ul>\n<p>&nbsp;<\/p>\n<h3><b>La coquille : un ic\u00f4ne minimal avec de nombreuses significations<\/b><\/h3>\n<p>La coquille Saint-Jacques est un des symboles les plus reconnaissables du p\u00e8lerin. Elle appara\u00eet sur les jalons, la signal\u00e9tique et les objets personnels. Historiquement, elle a \u00e9t\u00e9 interpr\u00e9t\u00e9e comme un signe de p\u00e8lerinage et a aussi eu des usages pratiques traditionnels. Pour un cr\u00e9ateur, la coquille est un outil visuel parfait : simple, r\u00e9p\u00e9table, avec d\u2019infinies variations (texture, lumi\u00e8re, contexte).<\/p>\n<p>&nbsp;<\/p>\n<ul>\n<li aria-level=\"1\"><b>Id\u00e9e cr\u00e9ative<\/b> : un \u201c\u00e9tude de coquilles\u201d en 10 versions : photo macro, dessin lin\u00e9aire, aquarelle, po\u00e8me bref, collage avec tickets, r\u00e9cit de 100 mots, etc.<\/li>\n<\/ul>\n<p>&nbsp;<\/p>\n<h3><b>Le Botafumeiro : sc\u00e8ne totale (odeur, son, regard)<\/b><\/h3>\n<p>La cath\u00e9drale offre des moments \u00e0 la puissance sensorielle difficile \u00e0 reproduire. Parmi eux, le Botafumeiro se distingue comme une exp\u00e9rience liturgique et symbolique : ce n\u2019est pas un spectacle quotidien garanti, mais un usage associ\u00e9 \u00e0 des solennit\u00e9s et c\u00e9l\u00e9brations particuli\u00e8res. C\u2019est pr\u00e9cis\u00e9ment pour cela que, lorsqu\u2019il se produit, il concentre \u00e9motion, m\u00e9moire et esth\u00e9tique particuli\u00e8re (fum\u00e9e, hauteur, mouvement, silence collectif).<\/p>\n<p>&nbsp;<\/p>\n<ul>\n<li aria-level=\"1\"><b>Id\u00e9e cr\u00e9ative<\/b> : d\u00e9crire le Botafumeiro sans utiliser le mot \u201cencens\u201d. Cela oblige \u00e0 chercher des m\u00e9taphores et \u00e0 affiner le langage.<\/li>\n<\/ul>\n<p>&nbsp;<\/p>\n<h3><b>Ann\u00e9e Sainte et Porte Sainte : le temps extraordinaire<\/b><\/h3>\n<p>Lors des Ann\u00e9es Saintes compostelanes, l\u2019ouverture de la Porte Sainte et le cadre jubilaire transforment le p\u00e8lerinage en un temps \u201csp\u00e9cial\u201d pour beaucoup. Il n\u2019est pas n\u00e9cessaire de le vivre religieusement pour en sentir l\u2019impact culturel : cela change l\u2019atmosph\u00e8re, le symbolisme de l\u2019arriv\u00e9e et la mani\u00e8re de percevoir la fin du Chemin.<\/p>\n<p>&nbsp;<\/p>\n<ul>\n<li aria-level=\"1\"><b>Id\u00e9e cr\u00e9ative<\/b> : travailler sur le contraste entre \u201ctemps ordinaire et exceptionnel\u201d : que change-t-il lorsque nous sentons qu\u2019une ann\u00e9e ou un moment \u201ccompte davantage\u201d ?<\/li>\n<\/ul>\n<p>&nbsp;<\/p>\n<h3><b>Finisterre et les rituels de cl\u00f4ture : avec responsabilit\u00e9<\/b><\/h3>\n<p>Pour certains p\u00e8lerins, la fin n\u2019est pas \u00e0 Saint-Jacques, mais sur la c\u00f4te (Fisterra\/Mux\u00eda). Des rituels de cl\u00f4ture se sont popularis\u00e9s, comme abandonner des objets ou br\u00fbler des v\u00eatements. Il est important de souligner que <b>la combustion de v\u00eatements n\u2019est pas autoris\u00e9e<\/b> et est d\u00e9conseill\u00e9e pour des raisons environnementales et de s\u00e9curit\u00e9.<\/p>\n<p>Pourtant, le d\u00e9sir de \u201cclore un cycle\u201d est r\u00e9el et peut se transformer en geste cr\u00e9atif non nuisible : \u00e9crire une lettre et la garder, laisser une pierre dans un endroit autoris\u00e9 ou faire une photo finale sans laisser de trace.<\/p>\n<p>&nbsp;<\/p>\n<h2><b>Quand faire un \u201cChemin cr\u00e9atif\u201d : p\u00e9riodes, climat et tranquillit\u00e9<\/b><\/h2>\n<p><img loading=\"lazy\" decoding=\"async\" class=\"alignnone wp-image-126566 size-full\" src=\"https:\/\/www.mundiplus.com\/wp-content\/uploads\/2026\/02\/Cuando-hacer-un-Camino-creativo-Mundiplus.jpg\" alt=\"\" width=\"1025\" height=\"572\" srcset=\"https:\/\/www.mundiplus.com\/wp-content\/uploads\/2026\/02\/Cuando-hacer-un-Camino-creativo-Mundiplus.jpg 1025w, https:\/\/www.mundiplus.com\/wp-content\/uploads\/2026\/02\/Cuando-hacer-un-Camino-creativo-Mundiplus-300x167.jpg 300w, https:\/\/www.mundiplus.com\/wp-content\/uploads\/2026\/02\/Cuando-hacer-un-Camino-creativo-Mundiplus-768x429.jpg 768w, https:\/\/www.mundiplus.com\/wp-content\/uploads\/2026\/02\/Cuando-hacer-un-Camino-creativo-Mundiplus-600x335.jpg 600w\" sizes=\"(max-width: 1025px) 100vw, 1025px\" \/><\/p>\n<p>Il n\u2019existe pas de date parfaite universelle. Mais il existe des tendances utiles : l\u2019exp\u00e9rience varie beaucoup entre haute saison et p\u00e9riodes plus calmes. Les statistiques r\u00e9centes montrent des pics marqu\u00e9s au <b>printemps avanc\u00e9 et en \u00e9t\u00e9<\/b> (et aussi en septembre), ce qui se traduit g\u00e9n\u00e9ralement par plus d\u2019animation\u2026 et moins de silence.<\/p>\n<p>R\u00e8gle pratique :<\/p>\n<p>&nbsp;<\/p>\n<ul>\n<li aria-level=\"1\"><b>Si vous recherchez conversation et histoires<\/b> (mat\u00e9riel humain), les mois avec plus de p\u00e8lerins peuvent \u00eatre int\u00e9ressants.<\/li>\n<\/ul>\n<p>&nbsp;<\/p>\n<ul>\n<li aria-level=\"1\"><b>Si vous recherchez calme et concentration<\/b> (\u00e9criture longue, dessin d\u00e9taill\u00e9), il est pr\u00e9f\u00e9rable d\u2019\u00e9viter les pics et de choisir des p\u00e9riodes interm\u00e9diaires, en acceptant une m\u00e9t\u00e9o plus variable.<\/li>\n<\/ul>\n<p>&nbsp;<\/p>\n<table>\n<tbody>\n<tr>\n<td><b>P\u00e9riode<\/b><\/td>\n<td><b>Ce que cela favorise<\/b><\/td>\n<td><b>Pour quel type de projet<\/b><\/td>\n<\/tr>\n<tr>\n<td>Printemps (avril\u2013juin)<\/td>\n<td>Lumi\u00e8re douce, paysage vivant, rythme confortable<\/td>\n<td>Carnet de voyage, photographie, aquarelle, chronique<\/td>\n<\/tr>\n<tr>\n<td>\u00c9t\u00e9 (juillet\u2013ao\u00fbt)<\/td>\n<td>Beaucoup d\u2019animation sociale, longues \u00e9tapes avec heures de lumi\u00e8re<\/td>\n<td>Histoires de rencontre, portrait social, interviews<\/td>\n<\/tr>\n<tr>\n<td>Automne (septembre\u2013octobre)<\/td>\n<td>Bonne lumi\u00e8re, atmosph\u00e8re m\u00e9lancolique, moins de chaleur<\/td>\n<td>Po\u00e9sie, r\u00e9cit court, photographie de d\u00e9tails, journal intime<\/td>\n<\/tr>\n<tr>\n<td>Hiver<\/td>\n<td>Solitude et recueillement (mais climat exigeant)<\/td>\n<td>\u00c9criture introspective et minimaliste (pour personnes exp\u00e9riment\u00e9es et planifi\u00e9es)<\/td>\n<\/tr>\n<\/tbody>\n<\/table>\n<ul>\n<li aria-level=\"1\"><b>Conseil cr\u00e9atif<\/b> : si l\u2019\u0153uvre compte plus que \u201ccumuler des kilom\u00e8tres\u201d, planifiez les \u00e9tapes avec marge : arriver en avance, s\u2019arr\u00eater \u00e0 mi-parcours ou r\u00e9server un jour de repos tous les quelques jours pour organiser notes et croquis.<\/li>\n<\/ul>\n<p>&nbsp;<\/p>\n<h2><b>Pratiques simples pour cr\u00e9er sans \u201cforcer\u201d<\/b><\/h2>\n<p>La cr\u00e9ativit\u00e9 en route fonctionne mieux lorsqu\u2019elle repose sur de petites habitudes. Voici un kit de pratiques r\u00e9alistes :<\/p>\n<p>&nbsp;<\/p>\n<h3><b>Pour \u00e9crivains<\/b><\/h3>\n<p>&nbsp;<\/p>\n<ul>\n<li aria-level=\"1\"><b>Micro-journal de 10 lignes<\/b> : chaque soir, 10 lignes maximum. Sans corriger.<\/li>\n<\/ul>\n<p>&nbsp;<\/p>\n<ul>\n<li aria-level=\"1\"><b>Liste de d\u00e9tails<\/b> : notez 5 choses concr\u00e8tes par jour (une odeur, une phrase entendue, une texture, une couleur, un geste).<\/li>\n<\/ul>\n<p>&nbsp;<\/p>\n<ul>\n<li aria-level=\"1\"><b>Une sc\u00e8ne par \u00e9tape<\/b> : \u00e9crivez une sc\u00e8ne br\u00e8ve avec d\u00e9but et fin, m\u00eame minimale (un caf\u00e9, une pluie, une conversation).<\/li>\n<\/ul>\n<p>&nbsp;<\/p>\n<ul>\n<li aria-level=\"1\"><b>\u00c9criture en marchant<\/b> : enregistrez des notes vocales en marchant ; puis retranscrivez l\u2019essentiel.<\/li>\n<\/ul>\n<p>&nbsp;<\/p>\n<h3><b>Pour illustrateurs et artistes visuels<\/b><\/h3>\n<p>&nbsp;<\/p>\n<ul>\n<li aria-level=\"1\"><b>S\u00e9rie limit\u00e9e<\/b> : choisissez un format fixe (ex : 1 dessin A6 par jour). La contrainte aide.<\/li>\n<\/ul>\n<p>&nbsp;<\/p>\n<ul>\n<li aria-level=\"1\"><b>\u00c9tude d\u2019ombres<\/b> : le Chemin change constamment de lumi\u00e8re ; essayez de dessiner seulement ombres et contours.<\/li>\n<\/ul>\n<p>&nbsp;<\/p>\n<ul>\n<li aria-level=\"1\"><b>Carte \u00e9motionnelle<\/b> : au lieu de cartographier les kilom\u00e8tres, cartographiez les sensations avec des couleurs ou symboles.<\/li>\n<\/ul>\n<p>&nbsp;<\/p>\n<h3><b>Pour photographes<\/b><\/h3>\n<p>&nbsp;<\/p>\n<ul>\n<li aria-level=\"1\"><b>Un th\u00e8me unique<\/b> : mains, sacs, panneaux, portes, pieds, eau\u2026 Un th\u00e8me donne coh\u00e9rence et \u00e9vite de \u201ctirer au hasard\u201d.<\/li>\n<\/ul>\n<p>&nbsp;<\/p>\n<ul>\n<li aria-level=\"1\"><b>Triptyques<\/b> : chaque jour, 3 photos racontant une histoire (d\u00e9but\u2013n\u0153ud\u2013fin).<\/li>\n<\/ul>\n<p>&nbsp;<\/p>\n<ul>\n<li aria-level=\"1\"><b>Respect<\/b> : demandez la permission pour les portraits rapproch\u00e9s et dans les espaces sensibles (g\u00eetes, moments \u00e9motionnels).<\/li>\n<\/ul>\n<p>&nbsp;<\/p>\n<h3><b>Pour musiciens et cr\u00e9ateurs de sons<\/b><\/h3>\n<p>&nbsp;<\/p>\n<ul>\n<li aria-level=\"1\"><b>Notes de terrain<\/b> : eau, vent, cloches, pas, b\u00e2tons.<\/li>\n<\/ul>\n<p>&nbsp;<\/p>\n<ul>\n<li aria-level=\"1\"><b>Rythme de marche<\/b> : votre propre pas peut devenir un motif.<\/li>\n<\/ul>\n<p>&nbsp;<\/p>\n<ul>\n<li aria-level=\"1\"><b>Voix<\/b> : collectez des phrases (avec consentement) et cr\u00e9ez un \u201carchive du Chemin\u201d.<\/li>\n<\/ul>\n<p>&nbsp;<\/p>\n<h2><b>\u00c9thique cr\u00e9ative : cr\u00e9er sans envahir<\/b><\/h2>\n<p>Le Chemin est un espace intime pour beaucoup. Si vous cr\u00e9ez, suivez trois r\u00e8gles simples :<\/p>\n<p>&nbsp;<\/p>\n<ul>\n<li aria-level=\"1\"><b>Consentement<\/b> : si quelqu\u2019un est reconnaissable et que le mat\u00e9riel sera publi\u00e9, demandez l\u2019autorisation.<\/li>\n<\/ul>\n<p>&nbsp;<\/p>\n<ul>\n<li aria-level=\"1\"><b>Ne pas romantiser la douleur d\u2019autrui<\/b> : le Chemin fait na\u00eetre des \u00e9motions ; respectez-les.<\/li>\n<\/ul>\n<p>&nbsp;<\/p>\n<ul>\n<li aria-level=\"1\"><b>Ne pas laisser de trace<\/b> : \u00e9vitez les actions qui endommagent l\u2019environnement ou g\u00e9n\u00e8rent des d\u00e9chets \u201csymboliques\u201d.<\/li>\n<\/ul>\n<p>&nbsp;<\/p>\n<h2><b>Comment transformer l\u2019exp\u00e9rience en \u0153uvre termin\u00e9e<\/b><\/h2>\n<p>Beaucoup de projets se perdent \u00e0 la maison car le mat\u00e9riel est dispers\u00e9. Une m\u00e9thode simple pour cl\u00f4turer le processus :<\/p>\n<p>&nbsp;<\/p>\n<ul>\n<li aria-level=\"1\"><b>T\u00e9l\u00e9chargement<\/b> : sous 48 heures, mettez au propre l\u2019essentiel (notes, audios, photos favorites).<\/li>\n<\/ul>\n<p>&nbsp;<\/p>\n<ul>\n<li aria-level=\"1\"><b>Choisissez une forme<\/b> : journal \u00e9dit\u00e9, s\u00e9rie de 12 photos, carnet illustr\u00e9, r\u00e9cit long, recueil de po\u00e8mes bref.<\/li>\n<\/ul>\n<p>&nbsp;<\/p>\n<ul>\n<li aria-level=\"1\"><b>D\u00e9finissez un fil conducteur<\/b> : un th\u00e8me (mer, rencontres, silence, foi, fatigue) ou une question (\u201cqu\u2019est-ce qui a chang\u00e9 ?\u201d).<\/li>\n<\/ul>\n<p>&nbsp;<\/p>\n<ul>\n<li aria-level=\"1\"><b>Publiez petit<\/b> : partagez d\u2019abord une pi\u00e8ce courte. Cela donnera de l\u2019\u00e9nergie pour finir le grand projet.<\/li>\n<\/ul>\n<p>&nbsp;<\/p>\n<h2><b>Le Chemin comme atelier en mouvement<\/b><\/h2>\n<p>La cr\u00e9ativit\u00e9 n\u2019arrive pas toujours comme un \u201cmoment brillant\u201d. Parfois, elle na\u00eet d\u2019une somme d\u2019\u00e9tapes : r\u00e9p\u00e9tition, paysage, conversation, fatigue et calme. Le Chemin, par sa conception m\u00eame, offre ce cadre : une vie simple pendant quelques jours qui, sans rien promettre, offre souvent de la clart\u00e9.<\/p>\n<p>Si vous envisagez de vivre le chemin avec une approche cr\u00e9ative \u2014 \u00e9crire, dessiner, photographier ou simplement observer \u2014 commencez par planifier le rythme, choisir la p\u00e9riode qui convient le mieux \u00e0 votre projet et autorisez-vous \u00e0 vous arr\u00eater.<\/p>\n<p>Et si vous souhaitez compl\u00e9ter l\u2019exp\u00e9rience avec un soutien logistique pour vous concentrer sur la marche (et la cr\u00e9ation), vous pouvez explorer <a href=\"https:\/\/www.mundiplus.com\/fr\/\"> <b>exp\u00e9riences sur le chemin de Saint-Jacques<\/b><\/a> et choisir le format de parcours qui convient le mieux \u00e0 votre projet.<\/p>\n","protected":false},"excerpt":{"rendered":"<p>Il existe des voyages dont on se souvient pour les photos, et d\u2019autres dont on se souvient pour ce qu\u2019ils \u201cbougent\u201d \u00e0 l\u2019int\u00e9rieur. Le Camino est, pour beaucoup de personnes, ce deuxi\u00e8me type d\u2019exp\u00e9rience : un itin\u00e9raire qui ordonne les pens\u00e9es, ouvre les conversations et transforme le quotidien (marcher, manger, se reposer) en un rituel [&hellip;]<\/p>\n","protected":false},"author":1,"featured_media":126580,"comment_status":"open","ping_status":"open","sticky":false,"template":"","format":"standard","meta":{"footnotes":""},"categories":[571,575,595],"tags":[],"class_list":["post-126632","post","type-post","status-publish","format-standard","has-post-thumbnail","hentry","category-blog-du-chemin","category-chemin-a-pied","category-preparatifs-pour-le-voyage"],"_links":{"self":[{"href":"https:\/\/www.mundiplus.com\/fr\/wp-json\/wp\/v2\/posts\/126632","targetHints":{"allow":["GET"]}}],"collection":[{"href":"https:\/\/www.mundiplus.com\/fr\/wp-json\/wp\/v2\/posts"}],"about":[{"href":"https:\/\/www.mundiplus.com\/fr\/wp-json\/wp\/v2\/types\/post"}],"author":[{"embeddable":true,"href":"https:\/\/www.mundiplus.com\/fr\/wp-json\/wp\/v2\/users\/1"}],"replies":[{"embeddable":true,"href":"https:\/\/www.mundiplus.com\/fr\/wp-json\/wp\/v2\/comments?post=126632"}],"version-history":[{"count":2,"href":"https:\/\/www.mundiplus.com\/fr\/wp-json\/wp\/v2\/posts\/126632\/revisions"}],"predecessor-version":[{"id":126654,"href":"https:\/\/www.mundiplus.com\/fr\/wp-json\/wp\/v2\/posts\/126632\/revisions\/126654"}],"wp:featuredmedia":[{"embeddable":true,"href":"https:\/\/www.mundiplus.com\/fr\/wp-json\/wp\/v2\/media\/126580"}],"wp:attachment":[{"href":"https:\/\/www.mundiplus.com\/fr\/wp-json\/wp\/v2\/media?parent=126632"}],"wp:term":[{"taxonomy":"category","embeddable":true,"href":"https:\/\/www.mundiplus.com\/fr\/wp-json\/wp\/v2\/categories?post=126632"},{"taxonomy":"post_tag","embeddable":true,"href":"https:\/\/www.mundiplus.com\/fr\/wp-json\/wp\/v2\/tags?post=126632"}],"curies":[{"name":"wp","href":"https:\/\/api.w.org\/{rel}","templated":true}]}}