{"id":112313,"date":"2024-09-05T18:54:39","date_gmt":"2024-09-05T18:54:39","guid":{"rendered":"https:\/\/www.mundiplus.com\/perche-fare-il-cammino-di-santiago-a-settembre\/"},"modified":"2024-11-07T16:35:47","modified_gmt":"2024-11-07T16:35:47","slug":"perche-fare-il-cammino-di-santiago-a-settembre","status":"publish","type":"post","link":"https:\/\/www.mundiplus.com\/it\/blog\/perche-fare-la-passeggiata-di-settembre\/","title":{"rendered":"Perch\u00e9 fare il Cammino di Santiago a settembre?"},"content":{"rendered":"<p><img fetchpriority=\"high\" decoding=\"async\" class=\"alignnone wp-image-108586 size-full\" src=\"https:\/\/www.mundiplus.com\/wp-content\/uploads\/2024\/09\/Camino-de-Santiago-en-Septiembre-Mundiplus.jpeg\" alt=\"\" width=\"1000\" height=\"667\" srcset=\"https:\/\/www.mundiplus.com\/wp-content\/uploads\/2024\/09\/Camino-de-Santiago-en-Septiembre-Mundiplus.jpeg 1000w, https:\/\/www.mundiplus.com\/wp-content\/uploads\/2024\/09\/Camino-de-Santiago-en-Septiembre-Mundiplus-300x200.jpeg 300w, https:\/\/www.mundiplus.com\/wp-content\/uploads\/2024\/09\/Camino-de-Santiago-en-Septiembre-Mundiplus-768x512.jpeg 768w, https:\/\/www.mundiplus.com\/wp-content\/uploads\/2024\/09\/Camino-de-Santiago-en-Septiembre-Mundiplus-600x400.jpeg 600w\" sizes=\"(max-width: 1000px) 100vw, 1000px\" \/><\/p>\n<p><span style=\"font-weight: 400;\">Scegliere settembre per percorrere il Cammino di Santiago \u00e8 una decisione che unisce il meglio dell&#8217;alta stagione con i vantaggi di un periodo pi\u00f9 tranquillo. In questo mese, potrai godere di un<\/span><b> clima pi\u00f9 mite<\/b><span style=\"font-weight: 400;\">, lontano dal caldo intenso dell&#8217;estate. Inoltre, l&#8217;<\/span><b>afflusso di pellegrini diminuisce<\/b><span style=\"font-weight: 400;\">, offrendo la possibilit\u00e0 di camminare con maggiore tranquillit\u00e0 e trovare alloggi senza troppa difficolt\u00e0.<\/span><\/p>\n<p><span style=\"font-weight: 400;\">I paesaggi cominciano a <\/span><b>mostrare i primi segni dell&#8217;autunno<\/b><span style=\"font-weight: 400;\">, tingendo il Cammino con colori unici. Potrai anche approfittare delle festivit\u00e0 locali che arricchiscono ulteriormente la tua esperienza.<\/span><\/p>\n<p>&nbsp;<\/p>\n<h2><b>Il clima perfetto per godersi il Cammino di Santiago<\/b><\/h2>\n<p><img decoding=\"async\" class=\"alignnone wp-image-108592 size-full\" src=\"https:\/\/www.mundiplus.com\/wp-content\/uploads\/2024\/09\/Camino-de-Santiago-en-otono-Mundiplus.jpeg\" alt=\"\" width=\"1000\" height=\"667\" srcset=\"https:\/\/www.mundiplus.com\/wp-content\/uploads\/2024\/09\/Camino-de-Santiago-en-otono-Mundiplus.jpeg 1000w, https:\/\/www.mundiplus.com\/wp-content\/uploads\/2024\/09\/Camino-de-Santiago-en-otono-Mundiplus-300x200.jpeg 300w, https:\/\/www.mundiplus.com\/wp-content\/uploads\/2024\/09\/Camino-de-Santiago-en-otono-Mundiplus-768x512.jpeg 768w, https:\/\/www.mundiplus.com\/wp-content\/uploads\/2024\/09\/Camino-de-Santiago-en-otono-Mundiplus-600x400.jpeg 600w\" sizes=\"(max-width: 1000px) 100vw, 1000px\" \/><\/p>\n<p><span style=\"font-weight: 400;\">A settembre, il clima \u00e8 uno dei principali alleati per percorrere il Cammino. Le <\/span><b>temperature sono pi\u00f9 miti rispetto ai mesi precedenti<\/b><span style=\"font-weight: 400;\">, permettendoti di camminare senza il peso del caldo intenso. Le mattine fresche e i pomeriggi temperati creano un ambiente ideale per goderti ogni tappa, consentendoti di procedere a un ritmo comodo senza preoccuparti del caldo eccessivo.<\/span><\/p>\n<p><span style=\"font-weight: 400;\">Inoltre, questo mese offre un&#8217;<\/span><b>esperienza pi\u00f9 tranquilla<\/b><span style=\"font-weight: 400;\">, poich\u00e9 l&#8217;afflusso di pellegrini diminuisce notevolmente. Questo rende pi\u00f9 facile sia prenotare gli alloggi sia interagire con altri camminatori, creando un&#8217;<\/span><b>atmosfera pi\u00f9 rilassata e personale<\/b><span style=\"font-weight: 400;\">.\u00a0<\/span><\/p>\n<p><span style=\"font-weight: 400;\">Se cerchi un&#8217;opzione organizzata, <\/span><a href=\"https:\/\/www.mundiplus.com\/it\/\"><b>Mundiplus: azienda per fare il Cammino di Santiago<\/b><\/a><span style=\"font-weight: 400;\"> ti offre un&#8217;<\/span><a href=\"https:\/\/www.mundiplus.com\/it\/caminos\/a-pie\/camino-portugues-costa\/camino-de-santiago-desde-baiona\/\"><b>esperienza sul Cammino Portoghese lungo la Costa<\/b><\/a><span style=\"font-weight: 400;\">. Questa alternativa combina la bellezza del paesaggio con il comfort di un viaggio ben pianificato.<\/span><\/p>\n<p><span style=\"font-weight: 400;\">In definitiva, settembre \u00e8 un mese che riunisce le condizioni climatiche ideali per godersi il Cammino nel suo massimo splendore, offrendoti un&#8217;esperienza unica e piacevole.<\/span><\/p>\n<p>&nbsp;<\/p>\n<h2><b>Strade meno affollate per un&#8217;esperienza pi\u00f9 autentica<\/b><\/h2>\n<p><span style=\"font-weight: 400;\">Settembre \u00e8 il momento ideale per esplorare le strade meno affollate del Cammino di Santiago. Con la diminuzione del numero di pellegrini, puoi<\/span><b> esplorare sentieri alternativi<\/b><span style=\"font-weight: 400;\"> che offrono un&#8217;esperienza pi\u00f9 autentica e serena.<\/span><\/p>\n<p><span style=\"font-weight: 400;\">Se cerchi un percorso che combini bellezza naturale e tranquillit\u00e0, il <\/span><a href=\"https:\/\/www.mundiplus.com\/it\/caminos\/a-pie\/camino-portugues-costa\/camino-de-santiago-desde-baiona\/\"><b>Cammino Portoghese da Baiona<\/b><\/a><span style=\"font-weight: 400;\"> \u00e8 un&#8217;ottima scelta. Questo tratto, che percorre la costa gallega, ti permetter\u00e0 di godere di panorami spettacolari con vista sull&#8217;Atlantico, mentre scopri piccoli paesi affascinanti e una ricca storia.<\/span><\/p>\n<p><span style=\"font-weight: 400;\">Un&#8217;altra opzione da considerare \u00e8 il <\/span><a href=\"https:\/\/www.mundiplus.com\/it\/caminos\/a-pie\/camino-ingles\/camino-de-santiago-desde-ferrol\/\"><b>viaggio organizzato da Ferrol<\/b><\/a><span style=\"font-weight: 400;\"> sul <\/span><b>Cammino Inglese<\/b><span style=\"font-weight: 400;\">. Questa rotta ti porta attraverso sentieri storici che attraversano boschi lussureggianti e villaggi pittoreschi, offrendoti un&#8217;esperienza pi\u00f9 intima e connessa alla natura. Scegliere un viaggio organizzato ti permette di<\/span><b> goderti il cammino senza preoccuparti della logistica<\/b><span style=\"font-weight: 400;\">, concentrandoti sull&#8217;esperienza e sulla connessione con l&#8217;ambiente.<\/span><\/p>\n<p><span style=\"font-weight: 400;\">Entrambi i percorsi offrono una <\/span><b>combinazione perfetta di paesaggi, cultura e tranquillit\u00e0<\/b><span style=\"font-weight: 400;\">. Sono ideali per chi cerca un&#8217;esperienza nel Cammino di Santiago lontano dalle folle dei mesi estivi.<\/span><\/p>\n<p>&nbsp;<\/p>\n<h2><b>La tranquillit\u00e0 di settembre: opzioni di viaggio organizzato<\/b><\/h2>\n<p><img decoding=\"async\" class=\"alignnone wp-image-108580 size-full\" src=\"https:\/\/www.mundiplus.com\/wp-content\/uploads\/2024\/09\/Ventajas-hacer-el-Camino-de-Santiago-en-Septiembre-Mundiplus.jpeg\" alt=\"\" width=\"1000\" height=\"667\" srcset=\"https:\/\/www.mundiplus.com\/wp-content\/uploads\/2024\/09\/Ventajas-hacer-el-Camino-de-Santiago-en-Septiembre-Mundiplus.jpeg 1000w, https:\/\/www.mundiplus.com\/wp-content\/uploads\/2024\/09\/Ventajas-hacer-el-Camino-de-Santiago-en-Septiembre-Mundiplus-300x200.jpeg 300w, https:\/\/www.mundiplus.com\/wp-content\/uploads\/2024\/09\/Ventajas-hacer-el-Camino-de-Santiago-en-Septiembre-Mundiplus-768x512.jpeg 768w, https:\/\/www.mundiplus.com\/wp-content\/uploads\/2024\/09\/Ventajas-hacer-el-Camino-de-Santiago-en-Septiembre-Mundiplus-600x400.jpeg 600w\" sizes=\"(max-width: 1000px) 100vw, 1000px\" \/><\/p>\n<p><span style=\"font-weight: 400;\">Optare per un viaggio organizzato a settembre ti offre l&#8217;opportunit\u00e0 di goderti il Cammino di Santiago senza la pressione di pianificare ogni dettaglio.\u00a0<\/span><\/p>\n<p><span style=\"font-weight: 400;\">I percorsi, come il <\/span><a href=\"https:\/\/www.mundiplus.com\/it\/caminos\/a-pie\/camino-frances\/camino-de-santiago-desde-roncesvalles\/\"><b>viaggio organizzato da Roncesvalles<\/b><\/a><span style=\"font-weight: 400;\">, sono perfetti se desideri immergerti nella storia e nella cultura senza preoccuparti della logistica. Questo cammino, conosciuto per la sua ricchezza patrimoniale, ti porta attraverso paesaggi mozzafiato e antichi villaggi, garantendo un&#8217;esperienza unica e arricchente.<\/span><\/p>\n<p><span style=\"font-weight: 400;\">Se preferisci un percorso costiero, il <\/span><a href=\"https:\/\/www.mundiplus.com\/it\/caminos\/a-pie\/camino-portugues-costa\/camino-de-santiago-desde-baiona\/\"><b>viaggio organizzato lungo il Cammino Portoghese lungo la costa<\/b><\/a><span style=\"font-weight: 400;\"> \u00e8 un&#8217;altra eccellente alternativa. Questo percorso combina la bellezza della costa atlantica con la tranquillit\u00e0 dei villaggi galleggi. Essendo un percorso meno affollato, ti permette di godere della natura nel suo stato pi\u00f9 puro, con panorami spettacolari e un&#8217;atmosfera rilassante.<\/span><\/p>\n<p><span style=\"font-weight: 400;\">Un viaggio organizzato non solo ti offre comodit\u00e0, ma anche la sicurezza di sapere che ogni aspetto \u00e8 stato accuratamente pianificato. Dall&#8217;alloggio ai pasti, ogni dettaglio \u00e8 pensato per permetterti di concentrarti solo sul goderti il cammino. Inoltre, avrai il supporto di esperti che conoscono ogni tappa, garantendoti un&#8217;esperienza memorabile e senza complicazioni.<\/span><\/p>\n<p>&nbsp;<\/p>\n<h2><b>Il fascino dei villaggi galiziani a settembre<\/b><\/h2>\n<p><span style=\"font-weight: 400;\">Percorrere il Cammino di Santiago a settembre ti permette di conoscere i villaggi galiziani nella loro essenza pi\u00f9 pura. Questo mese \u00e8 ideale per esplorare senza la folla abituale, <\/span><b>godendo della calma e dell&#8217;autenticit\u00e0 di ogni luogo<\/b><span style=\"font-weight: 400;\">. Mentre procedi lungo il cammino, incontrerai piccoli villaggi che ti inviteranno a fermarti, osservare la loro architettura tradizionale e chiacchierare con gli abitanti.<\/span><\/p>\n<p><span style=\"font-weight: 400;\">Ogni villaggio offre qualcosa di unico, ma in generale, ci sono alcune esperienze che non dovresti perdere:<\/span><\/p>\n<ul>\n<li style=\"font-weight: 400;\" aria-level=\"1\"><b>Assaporare la gastronomia locale<\/b><span style=\"font-weight: 400;\">, con piatti tipici come il polpo alla gallega.<\/span><\/li>\n<li style=\"font-weight: 400;\" aria-level=\"1\"><span style=\"font-weight: 400;\">Visitare <\/span><b>chiese e eremi<\/b><span style=\"font-weight: 400;\"> che conservano secoli di storia.<\/span><\/li>\n<li style=\"font-weight: 400;\" aria-level=\"1\"><span style=\"font-weight: 400;\">Passeggiare per piazze dove la vita scorre a ritmo lento.<\/span><\/li>\n<li style=\"font-weight: 400;\" aria-level=\"1\"><span style=\"font-weight: 400;\">Scoprire <\/span><b>mercati locali<\/b><span style=\"font-weight: 400;\"> dove si vendono prodotti freschi e artigianali.<\/span><\/li>\n<li style=\"font-weight: 400;\" aria-level=\"1\"><b>Conoscere altri pellegrini<\/b><span style=\"font-weight: 400;\"> e condividere aneddoti del cammino.<\/span><\/li>\n<\/ul>\n<p><span style=\"font-weight: 400;\">Questi piccoli dettagli rendono i villaggi galiziani tappe essenziali del cammino, permettendoti di immergerti nella cultura e nelle tradizioni della Galizia. Inoltre, settembre \u00e8 un mese in cui <\/span><b>la natura mostra tutto il suo splendore<\/b><span style=\"font-weight: 400;\">, con paesaggi verdi e cieli limpidi, creando un ambiente perfetto per rilassarsi e connettersi con l&#8217;ambiente.<\/span><\/p>\n<p>&nbsp;<\/p>\n<h3><b>Le festivit\u00e0 di settembre durante il Cammino di Santiago<\/b><\/h3>\n<p><span style=\"font-weight: 400;\">Percorrere il Cammino di Santiago a settembre offre l&#8217;opportunit\u00e0 unica di partecipare a festivit\u00e0 locali che arricchiscono ulteriormente l&#8217;esperienza del pellegrino. Durante questo mese, diversi paesi e citt\u00e0 lungo i percorsi celebrano eventi culturali e religiosi che permettono ai camminatori di immergersi nella tradizione e nello spirito festivo.<\/span><\/p>\n<ul>\n<li style=\"font-weight: 400;\" aria-level=\"1\"><b>Festas da Guadalupe a Rianxo<\/b><span style=\"font-weight: 400;\">: Celebrata a met\u00e0 settembre, questa festa in onore della Vergine di Guadalupe \u00e8 un evento di riferimento sulla costa gallega. Rianxo, un piccolo villaggio di pescatori vicino a Finisterre, accoglie visitatori che partecipano a processioni marine, concerti e competizioni sportive tradizionali.\u00a0<\/span><\/li>\n<li style=\"font-weight: 400;\" aria-level=\"1\"><b>Romer\u00eda de la Barca a Mux\u00eda<\/b><span style=\"font-weight: 400;\">: La prima met\u00e0 di settembre \u00e8 il momento ideale per i pellegrini del Cammino di Fisterra e Mux\u00eda di partecipare a una delle feste pi\u00f9 emblematiche della Costa da Morte.<\/span><\/li>\n<li style=\"font-weight: 400;\" aria-level=\"1\"><b>Fiestas della Vendemmia nella Ribeira Sacra<\/b><span style=\"font-weight: 400;\">: a settembre, la Ribeira Sacra celebra la vendemmia con festivit\u00e0 dedicate alla raccolta dell&#8217;uva. I pellegrini che percorrono il Cammino d&#8217;Inverno possono fermarsi in questa regione vinicola per vivere in prima persona la vendemmia e partecipare a degustazioni di vini locali e eventi culturali.<\/span><\/li>\n<li style=\"font-weight: 400;\" aria-level=\"1\"><b>Fiestas de San Mateo a Logro\u00f1o<\/b><span style=\"font-weight: 400;\">: Celebrata nella settimana del 21 settembre, \u00e8 l&#8217;evento pi\u00f9 importante dell&#8217;anno a Logro\u00f1o. Questa festivit\u00e0 coincide con la vendemmia, conferendo un carattere speciale e festivo. Durante queste feste, i pellegrini che percorrono il Cammino Francese possono godere di attivit\u00e0 come sfilate di carri, concerti e degustazioni di vino nella calle Laurel.\u00a0<\/span><\/li>\n<\/ul>\n","protected":false},"excerpt":{"rendered":"<p>Scegliere settembre per percorrere il Cammino di Santiago \u00e8 una decisione che unisce il meglio dell&#8217;alta stagione con i vantaggi di un periodo pi\u00f9 tranquillo. In questo mese, potrai godere di un clima pi\u00f9 mite, lontano dal caldo intenso dell&#8217;estate. Inoltre, l&#8217;afflusso di pellegrini diminuisce, offrendo la possibilit\u00e0 di camminare con maggiore tranquillit\u00e0 e trovare [&hellip;]<\/p>\n","protected":false},"author":1,"featured_media":108590,"comment_status":"open","ping_status":"open","sticky":false,"template":"","format":"standard","meta":{"footnotes":""},"categories":[573,577,597],"tags":[],"class_list":["post-112313","post","type-post","status-publish","format-standard","has-post-thumbnail","hentry","category-blog-del-cammino","category-cammino-a-piedi","category-preparativi-per-il-viaggio"],"_links":{"self":[{"href":"https:\/\/www.mundiplus.com\/it\/wp-json\/wp\/v2\/posts\/112313","targetHints":{"allow":["GET"]}}],"collection":[{"href":"https:\/\/www.mundiplus.com\/it\/wp-json\/wp\/v2\/posts"}],"about":[{"href":"https:\/\/www.mundiplus.com\/it\/wp-json\/wp\/v2\/types\/post"}],"author":[{"embeddable":true,"href":"https:\/\/www.mundiplus.com\/it\/wp-json\/wp\/v2\/users\/1"}],"replies":[{"embeddable":true,"href":"https:\/\/www.mundiplus.com\/it\/wp-json\/wp\/v2\/comments?post=112313"}],"version-history":[{"count":0,"href":"https:\/\/www.mundiplus.com\/it\/wp-json\/wp\/v2\/posts\/112313\/revisions"}],"wp:featuredmedia":[{"embeddable":true,"href":"https:\/\/www.mundiplus.com\/it\/wp-json\/wp\/v2\/media\/108590"}],"wp:attachment":[{"href":"https:\/\/www.mundiplus.com\/it\/wp-json\/wp\/v2\/media?parent=112313"}],"wp:term":[{"taxonomy":"category","embeddable":true,"href":"https:\/\/www.mundiplus.com\/it\/wp-json\/wp\/v2\/categories?post=112313"},{"taxonomy":"post_tag","embeddable":true,"href":"https:\/\/www.mundiplus.com\/it\/wp-json\/wp\/v2\/tags?post=112313"}],"curies":[{"name":"wp","href":"https:\/\/api.w.org\/{rel}","templated":true}]}}