{"id":112390,"date":"2024-07-21T19:12:26","date_gmt":"2024-07-21T19:12:26","guid":{"rendered":"https:\/\/www.mundiplus.com\/cosa-vedere-a-vigo\/"},"modified":"2024-11-07T18:12:42","modified_gmt":"2024-11-07T18:12:42","slug":"cosa-vedere-a-vigo","status":"publish","type":"post","link":"https:\/\/www.mundiplus.com\/it\/blog\/cosa-vedere-a-vigo\/","title":{"rendered":"Cosa vedere a Vigo"},"content":{"rendered":"<p><img fetchpriority=\"high\" decoding=\"async\" class=\"alignnone wp-image-106785 size-full\" src=\"https:\/\/www.mundiplus.com\/wp-content\/uploads\/2024\/07\/Islas-Cies-Vigo-Mundiplus.jpeg\" alt=\"\" width=\"1024\" height=\"557\" srcset=\"https:\/\/www.mundiplus.com\/wp-content\/uploads\/2024\/07\/Islas-Cies-Vigo-Mundiplus.jpeg 1024w, https:\/\/www.mundiplus.com\/wp-content\/uploads\/2024\/07\/Islas-Cies-Vigo-Mundiplus-300x163.jpeg 300w, https:\/\/www.mundiplus.com\/wp-content\/uploads\/2024\/07\/Islas-Cies-Vigo-Mundiplus-768x418.jpeg 768w, https:\/\/www.mundiplus.com\/wp-content\/uploads\/2024\/07\/Islas-Cies-Vigo-Mundiplus-600x326.jpeg 600w\" sizes=\"(max-width: 1024px) 100vw, 1024px\" \/><\/p>\n<p><span style=\"font-weight: 400;\">Vigo, la citt\u00e0 pi\u00f9 grande della Galizia, <\/span><b>\u00e8 una gemma urbana<\/b><span style=\"font-weight: 400;\"> che sorge sulle rive della r\u00eda che porta il suo nome. Questo luogo \u00e8 conosciuto per essere un <\/span><b>importante porto peschereccio e commerciale<\/b><span style=\"font-weight: 400;\"> ed \u00e8 il cuore della regione, giocando un ruolo cruciale nell&#8217;economia locale e nazionale.<\/span><\/p>\n<p><span style=\"font-weight: 400;\">La citt\u00e0 \u00e8 anche riconosciuta per essere un centro nevralgico di industria e tecnologia, che la rende un luogo dinamico e in continua evoluzione.<\/span><\/p>\n<p><span style=\"font-weight: 400;\">La sua storia \u00e8 profondamente segnata dalla sua relazione con il mare, essendo stato teatro di numerosi eventi nel corso dei secoli, <\/span><b>dalle invasioni vichinghe alle battaglie navali<\/b><span style=\"font-weight: 400;\">. Questa ricca storia marittima si intreccia con una cultura contemporanea che si manifesta nei suoi festival, nella sua musica e nella sua arte.<\/span><\/p>\n<p><span style=\"font-weight: 400;\">Naturalmente, \u00e8 una localit\u00e0 con un legame enorme con il Cammino di Santiago, essendo punto di passaggio a met\u00e0 del <\/span><b>Cammino Portoghese lungo la costa<\/b><span style=\"font-weight: 400;\">. Anche se siamo specialisti nelle diverse <\/span><a href=\"https:\/\/www.mundiplus.com\/it\/caminos\/a-pie\/camino-frances\/camino-de-santiago-desde-roncesvalles\/\"><b>tappe del Cammino da Roncesvalles<\/b><\/a><span style=\"font-weight: 400;\">, in questa guida ti parleremo di tutto ci\u00f2 che non puoi perderti a Vigo.<\/span><\/p>\n<p>&nbsp;<\/p>\n<h2><b>Storia e cultura<\/b><\/h2>\n<p><span style=\"font-weight: 400;\">La storia di questa citt\u00e0 \u00e8 un affascinante viaggio nel tempo, segnato da eventi che hanno definito il suo carattere e la sua struttura attuale. Dalle sue origini come insediamento romano, \u00e8 stata testimone delle invasioni vichinghe nell&#8217;XI secolo e degli attacchi dei pirati normanni. <\/span><\/p>\n<p><span style=\"font-weight: 400;\">Uno dei suoi momenti pi\u00f9 emblematici \u00e8 avvenuto durante la <\/span><b>Battaglia di Rande nel 1702<\/b><span style=\"font-weight: 400;\">. Durante questo evento, le acque della R\u00eda di Vigo divennero teatro di uno scontro navale durante la Guerra di Successione Spagnola. Questo episodio ispir\u00f2 anche leggende sui tesori sommersi che ancora oggi affascinano i locali e i visitatori. <\/span><\/p>\n<p><span style=\"font-weight: 400;\">Nel XIX secolo, la citt\u00e0 visse una importante <\/span><b>crescita industriale e marittima<\/b><span style=\"font-weight: 400;\">, consolidando il suo ruolo come un vitale porto atlantico e punto di connessione con l&#8217;America e il resto d&#8217;Europa.<\/span><\/p>\n<p><span style=\"font-weight: 400;\">Vigo \u00e8 un centro di attivit\u00e0 culturale che celebra il suo patrimonio con <\/span><b>numerosi festival ed eventi<\/b><span style=\"font-weight: 400;\"> durante l&#8217;anno. La musica tradizionale galiziana si mescola con proposte moderne in eventi come il <\/span><b>Festival di Jazz di Vigo e il Festival Sinsal<\/b><span style=\"font-weight: 400;\">. Le danze tradizionali come la &#8220;mui\u00f1eira&#8221; vengono eseguite durante le festivit\u00e0 e le celebrazioni, mantenendo viva la tradizione nella comunit\u00e0.<\/span><\/p>\n<p><span style=\"font-weight: 400;\">Inoltre, \u00e8 un punto di incontro per i pellegrini che percorrono il <\/span><b>Cammino Portoghese lungo la costa<\/b><span style=\"font-weight: 400;\"> verso Santiago de Compostela. Ad esempio, <\/span><a href=\"https:\/\/www.mundiplus.com\/it\/\"><b>Mundiplus: specialisti del Cammino di Santiago<\/b><\/a><span style=\"font-weight: 400;\"> offre ai turisti una <\/span><a href=\"https:\/\/www.mundiplus.com\/it\/caminos\/a-pie\/camino-portugues-costa\/\"><b>mappa del Cammino Portoghese lungo la costa<\/b><\/a><span style=\"font-weight: 400;\"> e guide per coloro che decidono di intraprendere questa millenaria rotta.<\/span><\/p>\n<p>&nbsp;<\/p>\n<h2><b>Attrazioni principali<\/b><\/h2>\n<p><span style=\"font-weight: 400;\">Il <\/span><b>Casco Vello<\/b><span style=\"font-weight: 400;\">, o centro storico di Vigo, \u00e8 un quartiere pittoresco che sorge come testimonianza del passato medievale della citt\u00e0. Le sue strette stradine acciottolate e le piazze vivaci sono fiancheggiate da edifici in stile tradizionale galiziano, con facciate in pietra e balconi in ferro battuto. <\/span><\/p>\n<p><span style=\"font-weight: 400;\">Un luogo di rilievo all&#8217;interno del Casco Vello \u00e8 la <\/span><b>Concattedrale di Santa Mar\u00eda<\/b><span style=\"font-weight: 400;\">, un magnifico esempio di architettura religiosa con <\/span><b>influenze barocche e neoclassiche<\/b><span style=\"font-weight: 400;\">. Inoltre, il quartiere ospita diversi musei e gallerie d&#8217;arte che offrono uno sguardo approfondito sulla storia e l&#8217;arte locale.<\/span><\/p>\n<p>&nbsp;<\/p>\n<h3><b>Islas C\u00edes<\/b><\/h3>\n<p><span style=\"font-weight: 400;\">Le Islas C\u00edes fanno parte del<\/span><b> Parco Nazionale Marittimo-Terrestre delle Isole Atlantiche della Galizia<\/b><span style=\"font-weight: 400;\">, e costituiscono uno dei tesori naturali pi\u00f9 impressionanti di questa citt\u00e0. Per visitarle, \u00e8 necessario ottenere un permesso a causa delle sue rigorose politiche di conservazione, pensate per proteggere il suo delicato ecosistema.<\/span><\/p>\n<p><span style=\"font-weight: 400;\">I visitatori possono godere di <\/span><b>sentieri naturali<\/b><span style=\"font-weight: 400;\"> che offrono viste spettacolari, spiagge di sabbia bianca e acque cristalline, ideali per il bagno e lo snorkeling. L&#8217;importanza ecologica delle Islas C\u00edes \u00e8 enorme, fungendo da habitat per numerose specie di uccelli e flora endemica.<\/span><\/p>\n<p>&nbsp;<\/p>\n<h3><b>Porto di Vigo<\/b><\/h3>\n<p><img decoding=\"async\" class=\"alignnone wp-image-106789 size-full\" src=\"https:\/\/www.mundiplus.com\/wp-content\/uploads\/2024\/07\/Puerto-de-Vigo-Mundiplus.jpg\" alt=\"\" width=\"1024\" height=\"683\" srcset=\"https:\/\/www.mundiplus.com\/wp-content\/uploads\/2024\/07\/Puerto-de-Vigo-Mundiplus.jpg 1024w, https:\/\/www.mundiplus.com\/wp-content\/uploads\/2024\/07\/Puerto-de-Vigo-Mundiplus-300x200.jpg 300w, https:\/\/www.mundiplus.com\/wp-content\/uploads\/2024\/07\/Puerto-de-Vigo-Mundiplus-768x512.jpg 768w, https:\/\/www.mundiplus.com\/wp-content\/uploads\/2024\/07\/Puerto-de-Vigo-Mundiplus-600x400.jpg 600w\" sizes=\"(max-width: 1024px) 100vw, 1024px\" \/><\/p>\n<p><span style=\"font-weight: 400;\">Il Porto di Vigo \u00e8 vitale per l&#8217;economia locale, essendo uno dei <\/span><b>principali porti pescherecci d&#8217;Europa<\/b><span style=\"font-weight: 400;\"> e un attivo centro di commercio e trasporto. Oltre alla sua importanza economica, offre diverse attivit\u00e0 ricreative, come passeggiate in barca che permettono ai visitatori di godere della panoramica marittima della r\u00eda. <\/span><\/p>\n<p>&nbsp;<\/p>\n<h3><b>Natura e spazi verdi<\/b><\/h3>\n<p><span style=\"font-weight: 400;\">Il <\/span><b>Monte do Castro<\/b><span style=\"font-weight: 400;\"> non solo si erge come uno dei polmoni verdi pi\u00f9 importanti di Vigo, ma anche come un sito di grande valore storico e culturale. Dalla sua cima, si offrono viste panoramiche della citt\u00e0 e della r\u00eda, essendo un luogo prediletto sia per i locali che per i visitatori. Il luogo ospita resti archeologici che risalgono all&#8217;occupazione romana e ai castros celtici.<\/span><\/p>\n<p>&nbsp;<\/p>\n<h3><b>Spiagge urbane<\/b><\/h3>\n<p><img decoding=\"async\" class=\"alignnone wp-image-106787 size-full\" src=\"https:\/\/www.mundiplus.com\/wp-content\/uploads\/2024\/07\/Playa-de-Samil-Vigo-Mundiplus.jpg\" alt=\"\" width=\"1023\" height=\"682\" srcset=\"https:\/\/www.mundiplus.com\/wp-content\/uploads\/2024\/07\/Playa-de-Samil-Vigo-Mundiplus.jpg 1023w, https:\/\/www.mundiplus.com\/wp-content\/uploads\/2024\/07\/Playa-de-Samil-Vigo-Mundiplus-300x200.jpg 300w, https:\/\/www.mundiplus.com\/wp-content\/uploads\/2024\/07\/Playa-de-Samil-Vigo-Mundiplus-768x512.jpg 768w, https:\/\/www.mundiplus.com\/wp-content\/uploads\/2024\/07\/Playa-de-Samil-Vigo-Mundiplus-600x400.jpg 600w\" sizes=\"(max-width: 1023px) 100vw, 1023px\" \/><\/p>\n<p><span style=\"font-weight: 400;\">Questa citt\u00e0 \u00e8 privilegiata per avere alcune delle spiagge urbane pi\u00f9 belle della Galizia, tra cui spiccano la <\/span><b>Playa de Samil<\/b><span style=\"font-weight: 400;\"> e la<\/span><b> Playa de Rodas<\/b><span style=\"font-weight: 400;\">. <\/span><\/p>\n<p><span style=\"font-weight: 400;\">Samil, con il suo ampio lungomare, aree giochi e caff\u00e8, \u00e8 perfetta per famiglie e giovani che cercano divertimento e relax a bordo mare. D&#8217;altra parte, la Playa de Rodas, situata nelle Islas C\u00edes e spesso acclamata come una delle migliori spiagge del mondo, offre un rifugio paradisiaco con le sue acque cristalline e sabbia fine. <\/span><\/p>\n<p>&nbsp;<\/p>\n<h2><b>Gastronomia<\/b><\/h2>\n<p><span style=\"font-weight: 400;\">Vigo, con la sua posizione privilegiata sulla costa galiziana, \u00e8 un vero paradiso per gli amanti dei frutti di mare e dei prodotti ittici. La dieta locale beneficia enormemente della freschezza e dell&#8217; <\/span><b>abbondanza di pesci e frutti di mare<\/b><span style=\"font-weight: 400;\">, pescati nelle r\u00edas circostanti e serviti nei ristoranti della citt\u00e0. <\/span><\/p>\n<p><span style=\"font-weight: 400;\">I piatti tipici, sia del <\/span><a href=\"https:\/\/www.mundiplus.com\/it\/caminos\/a-pie\/camino-ingles\/camino-de-santiago-desde-ferrol\/\"><b>Cammino di Santiago Inglese<\/b><\/a><span style=\"font-weight: 400;\"> che del Cammino Portoghese lungo la costa, come <\/span><b>pulpo \u00e0 la gallega, capesante e zamburi\u00f1as<\/b><span style=\"font-weight: 400;\">, sono i protagonisti del men\u00f9 di qualsiasi locale che si rispetti. Le vongole alla marinara e la empanada di frutti di mare sono altri esempi di come gli ingredienti locali si trasformano in delizie che riflettono il vero sapore della Galizia.<\/span><\/p>\n<p>&nbsp;<\/p>\n<h3><b>Dove mangiare<\/b><\/h3>\n<p><span style=\"font-weight: 400;\">Per i visitatori che vogliono immergersi nell&#8217;esperienza culinaria di questa citt\u00e0, ci sono molte opzioni dove possono gustare questi piatti tradizionali:<\/span><\/p>\n<ul>\n<li style=\"font-weight: 400;\" aria-level=\"1\"><b>Casa Marco<\/b><span style=\"font-weight: 400;\">: Questo ristorante \u00e8 ben conosciuto per i suoi piatti di frutti di mare freschi e per la sua posizione centrale, ideale per un pasto elegante dopo aver esplorato il Casco Vello.<\/span><\/li>\n<li style=\"font-weight: 400;\" aria-level=\"1\"><b>Marisquer\u00eda R\u00edas Baixas<\/b><span style=\"font-weight: 400;\">: Situato vicino al porto, questa marisquer\u00eda offre un&#8217;autentica esperienza galiziana con vista sul mare e una selezione eccezionale di frutti di mare.<\/span><\/li>\n<li style=\"font-weight: 400;\" aria-level=\"1\"><b>O Port\u00f3n<\/b><span style=\"font-weight: 400;\">: Situato alla periferia della citt\u00e0, questo locale \u00e8 famoso per i suoi risi e frutti di mare, preparati con una tecnica perfezionata nel corso delle generazioni.<\/span><\/li>\n<li style=\"font-weight: 400;\" aria-level=\"1\"><b>Taper\u00eda La Granera<\/b><span style=\"font-weight: 400;\">: Per coloro che preferiscono un&#8217;atmosfera pi\u00f9 informale, questo bar di tapas nel cuore di Vigo \u00e8 il luogo perfetto per assaporare variet\u00e0 di tapas di frutti di mare accompagnate da un vino bianco galiziano.<\/span><\/li>\n<\/ul>\n<p>&nbsp;<\/p>\n<h2><b>Eventi e festival<\/b><\/h2>\n<p><span style=\"font-weight: 400;\">Vigo si riempie di energia e colore durante i suoi numerosi festival e eventi annuali, che sono una parte essenziale della vita culturale della citt\u00e0:<\/span><\/p>\n<ul>\n<li style=\"font-weight: 400;\" aria-level=\"1\"><b>La riconquista di Vigo<\/b><span style=\"font-weight: 400;\">: Questo \u00e8 uno degli eventi pi\u00f9 significativi e si celebra ogni anno a marzo. La festa commemora l&#8217;espulsione delle truppe francesi nel 1809 e trasforma le strade del Casco Vello in un palcoscenico del XIX secolo con mercati, artigiani e attori vestiti in costume d&#8217;epoca.<\/span><\/li>\n<li style=\"font-weight: 400;\" aria-level=\"1\"><b>Vigo in fiestas<\/b><span style=\"font-weight: 400;\">: Durante l&#8217;estate, la citt\u00e0 ospita una serie di concerti, spettacoli ed eventi culturali che si svolgono in diverse piazze e spazi aperti. Troverai intrattenimento per tutte le et\u00e0 e gusti.<\/span><\/li>\n<li style=\"font-weight: 400;\" aria-level=\"1\"><b>Vigo SeaFest<\/b><span style=\"font-weight: 400;\">: Questo festival gastronomico e musicale celebra la ricchezza marittima di Vigo, con attivit\u00e0 legate al mare, concerti e, naturalmente, piatti deliziosi di frutti di mare preparati dai migliori chef della regione.<\/span><\/li>\n<\/ul>\n<p><span style=\"font-weight: 400;\">Questi luoghi ed eventi rendono la vita notturna e l&#8217;intrattenimento a Vigo eccezionali, offrendo sia ai locali che ai visitatori un&#8217;esperienza indimenticabile piena di musica, cultura e divertimento.<\/span><\/p>\n","protected":false},"excerpt":{"rendered":"<p>Vigo, la citt\u00e0 pi\u00f9 grande della Galizia, \u00e8 una gemma urbana che sorge sulle rive della r\u00eda che porta il suo nome. Questo luogo \u00e8 conosciuto per essere un importante porto peschereccio e commerciale ed \u00e8 il cuore della regione, giocando un ruolo cruciale nell&#8217;economia locale e nazionale. La citt\u00e0 \u00e8 anche riconosciuta per essere [&hellip;]<\/p>\n","protected":false},"author":1,"featured_media":112391,"comment_status":"open","ping_status":"open","sticky":false,"template":"","format":"standard","meta":{"footnotes":""},"categories":[573,577,601],"tags":[],"class_list":["post-112390","post","type-post","status-publish","format-standard","has-post-thumbnail","hentry","category-blog-del-cammino","category-cammino-a-piedi","category-paesi-e-regioni"],"_links":{"self":[{"href":"https:\/\/www.mundiplus.com\/it\/wp-json\/wp\/v2\/posts\/112390","targetHints":{"allow":["GET"]}}],"collection":[{"href":"https:\/\/www.mundiplus.com\/it\/wp-json\/wp\/v2\/posts"}],"about":[{"href":"https:\/\/www.mundiplus.com\/it\/wp-json\/wp\/v2\/types\/post"}],"author":[{"embeddable":true,"href":"https:\/\/www.mundiplus.com\/it\/wp-json\/wp\/v2\/users\/1"}],"replies":[{"embeddable":true,"href":"https:\/\/www.mundiplus.com\/it\/wp-json\/wp\/v2\/comments?post=112390"}],"version-history":[{"count":0,"href":"https:\/\/www.mundiplus.com\/it\/wp-json\/wp\/v2\/posts\/112390\/revisions"}],"wp:featuredmedia":[{"embeddable":true,"href":"https:\/\/www.mundiplus.com\/it\/wp-json\/wp\/v2\/media\/112391"}],"wp:attachment":[{"href":"https:\/\/www.mundiplus.com\/it\/wp-json\/wp\/v2\/media?parent=112390"}],"wp:term":[{"taxonomy":"category","embeddable":true,"href":"https:\/\/www.mundiplus.com\/it\/wp-json\/wp\/v2\/categories?post=112390"},{"taxonomy":"post_tag","embeddable":true,"href":"https:\/\/www.mundiplus.com\/it\/wp-json\/wp\/v2\/tags?post=112390"}],"curies":[{"name":"wp","href":"https:\/\/api.w.org\/{rel}","templated":true}]}}