{"id":112735,"date":"2024-07-08T14:29:27","date_gmt":"2024-07-08T14:29:27","guid":{"rendered":"https:\/\/www.mundiplus.com\/il-cammino-di-santiago-per-le-persone-con-mobilita-ridotta\/"},"modified":"2024-11-11T15:42:00","modified_gmt":"2024-11-11T15:42:00","slug":"il-cammino-di-santiago-per-le-persone-con-mobilita-ridotta","status":"publish","type":"post","link":"https:\/\/www.mundiplus.com\/it\/blog\/il-cammino-per-le-persone-a-mobilita-ridotta\/","title":{"rendered":"Il Cammino di Santiago per le persone con mobilit\u00e0 ridotta"},"content":{"rendered":"<p><img fetchpriority=\"high\" decoding=\"async\" class=\"alignnone wp-image-105985 size-full\" src=\"https:\/\/www.mundiplus.com\/wp-content\/uploads\/2024\/07\/camino-de-santiago-movilidad-reducida-mundiplus.jpeg\" alt=\"\" width=\"1200\" height=\"800\" srcset=\"https:\/\/www.mundiplus.com\/wp-content\/uploads\/2024\/07\/camino-de-santiago-movilidad-reducida-mundiplus.jpeg 1200w, https:\/\/www.mundiplus.com\/wp-content\/uploads\/2024\/07\/camino-de-santiago-movilidad-reducida-mundiplus-300x200.jpeg 300w, https:\/\/www.mundiplus.com\/wp-content\/uploads\/2024\/07\/camino-de-santiago-movilidad-reducida-mundiplus-1024x683.jpeg 1024w, https:\/\/www.mundiplus.com\/wp-content\/uploads\/2024\/07\/camino-de-santiago-movilidad-reducida-mundiplus-768x512.jpeg 768w, https:\/\/www.mundiplus.com\/wp-content\/uploads\/2024\/07\/camino-de-santiago-movilidad-reducida-mundiplus-600x400.jpeg 600w\" sizes=\"(max-width: 1200px) 100vw, 1200px\" \/><\/p>\n<p><span style=\"font-weight: 400;\">Con il passare degli anni, il <\/span><a href=\"https:\/\/www.mundiplus.com\/it\/\"><b>Cammino di Santiago organizzato<\/b><\/a><span style=\"font-weight: 400;\"> \u00e8 diventato una realt\u00e0. Oggi, tra le altre cose, rende <\/span><b>molto pi\u00f9 accessibile a ogni tipo di pellegrino<\/b><span style=\"font-weight: 400;\">, soprattutto per coloro che hanno qualche tipo di disabilit\u00e0 o problema di mobilit\u00e0.<\/span><\/p>\n<p><span style=\"font-weight: 400;\">Non \u00e8 un compito del tutto semplice, poich\u00e9 oltre alla preparazione fisica, dipende anche in parte dalle <\/span><b>condizioni del terreno stesso<\/b><span style=\"font-weight: 400;\">.<\/span> <span style=\"font-weight: 400;\">A seconda di quello che si sceglie, ad esempio, la <\/span><a href=\"https:\/\/www.mundiplus.com\/it\/caminos\/a-pie\/camino-portugues\"><b>rotta portoghese del Cammino di Santiago<\/b><\/a><span style=\"font-weight: 400;\">, pu\u00f2 diventare in alcuni casi completamente inaccessibile o, al contrario, inadeguata.<\/span><\/p>\n<p><span style=\"font-weight: 400;\">Per queste situazioni specifiche, sono state stabilite <\/span><b>alcune rotte alternative<\/b><span style=\"font-weight: 400;\">. In questo modo, \u00e8 possibile aiutare i pellegrini con problemi di mobilit\u00e0, come coloro che usano sedie a rotelle.<\/span><\/p>\n<p>&nbsp;<\/p>\n<h2><b>Il Cammino di Santiago e i pellegrini con disabilit\u00e0<\/b><\/h2>\n<p><img decoding=\"async\" class=\"alignnone wp-image-105987 size-full\" src=\"https:\/\/www.mundiplus.com\/wp-content\/uploads\/2024\/07\/Camino-de-Santiago-personas-movilidad-reducida-1.jpg\" alt=\"\" width=\"1024\" height=\"458\" srcset=\"https:\/\/www.mundiplus.com\/wp-content\/uploads\/2024\/07\/Camino-de-Santiago-personas-movilidad-reducida-1.jpg 1024w, https:\/\/www.mundiplus.com\/wp-content\/uploads\/2024\/07\/Camino-de-Santiago-personas-movilidad-reducida-1-300x134.jpg 300w, https:\/\/www.mundiplus.com\/wp-content\/uploads\/2024\/07\/Camino-de-Santiago-personas-movilidad-reducida-1-768x344.jpg 768w, https:\/\/www.mundiplus.com\/wp-content\/uploads\/2024\/07\/Camino-de-Santiago-personas-movilidad-reducida-1-600x268.jpg 600w\" sizes=\"(max-width: 1024px) 100vw, 1024px\" \/><\/p>\n<p><span style=\"font-weight: 400;\">Il <\/span><a href=\"https:\/\/www.mundiplus.com\/it\/caminos\/a-pie\/camino-frances\/camino-de-santiago-desde-sarria\"><b>Cammino da Sarria a Santiago di Compostela organizzato<\/b><\/a><span style=\"font-weight: 400;\"> ha una lunga storia di centinaia di anni. In effetti, <\/span><span style=\"font-weight: 400;\">gi\u00e0 nel Medioevo, molte persone con problemi di mobilit\u00e0 o disabilit\u00e0 si avventuravano in questo percorso <\/span><b>alla ricerca di un miracolo o di una cura<\/b><span style=\"font-weight: 400;\"> arrivando alla tomba dell&#8217;Apostolo.<\/span><\/p>\n<p><span style=\"font-weight: 400;\">Nonostante gli sforzi, c&#8217;\u00e8 ancora molto da fare, poich\u00e9 le sfide per coloro che hanno problemi di mobilit\u00e0 ridotta non sono poche. Per questo motivo, <\/span><b>avere una preparazione fisica adeguata<\/b><span style=\"font-weight: 400;\"> prima di iniziare la <\/span><a href=\"https:\/\/www.mundiplus.com\/it\/caminos\/a-pie\/camino-frances\"><b>Via Francese del Cammino di Santiago<\/b><\/a><span style=\"font-weight: 400;\"> sar\u00e0 sempre il miglior consiglio.<\/span><\/p>\n<p>&nbsp;<\/p>\n<h3><b>Allenamento pre-cammino<\/b><\/h3>\n<p><span style=\"font-weight: 400;\">Indipendentemente dalla rotta scelta, ad esempio il <\/span><a href=\"https:\/\/www.mundiplus.com\/it\/caminos\/a-pie\/camino-portugues\/camino-de-santiago-desde-tui\"><b>Cammino Portoghese da Tui<\/b><\/a><span style=\"font-weight: 400;\">, fare un allenamento pre-cammino \u00e8 fondamentale per ogni pellegrino. Soprattutto per coloro che hanno qualche tipo di disabilit\u00e0.<\/span><\/p>\n<p><span style=\"font-weight: 400;\">Oltre a rinforzarli, l&#8217;allenamento permetter\u00e0 anche di determinare il numero di <\/span><a href=\"https:\/\/www.mundiplus.com\/it\/caminos\/a-pie\/camino-norte\"><b>tappe del Cammino di Santiago del Nord<\/b><\/a><span style=\"font-weight: 400;\"> che potrebbero completare e i chilometri da percorrere.<\/span><\/p>\n<p><b>Aumentare la resistenza fisica<\/b><span style=\"font-weight: 400;\"> \u00e8 fondamentale per ogni pellegrino, in modo da stabilire il numero di tratti in cui ciascuna tappa pu\u00f2 essere suddivisa.<\/span><\/p>\n<p>&nbsp;<\/p>\n<h3><b>Sedie a rotelle adattate<\/b><\/h3>\n<p><span style=\"font-weight: 400;\">Qui possiamo dire che ci sono due opzioni principali: <\/span><b>adattare la sedia a rotelle quotidiana<\/b><span style=\"font-weight: 400;\"> oppure, al contrario,<\/span><b> usare una hand-bike<\/b><span style=\"font-weight: 400;\">. Questa \u00e8 una sorta di sedia a rotelle utilizzata per il ciclismo e <\/span><b>ha solo tre ruote.<\/b><\/p>\n<p><span style=\"font-weight: 400;\">Quest&#8217;ultima opzione \u00e8 particolarmente adatta per chi \u00e8 in buona forma fisica. Tra le altre cose, ti permetter\u00e0 di <\/span><b>accedere a terreni pi\u00f9 accidentati<\/b><span style=\"font-weight: 400;\"> mantenendo la stabilit\u00e0.<\/span><\/p>\n<p>&nbsp;<\/p>\n<h3><b>La rotta consigliata<\/b><\/h3>\n<p><span style=\"font-weight: 400;\">Esistono molteplici opzioni per arrivare a Santiago di Compostela, ma<\/span> <span style=\"font-weight: 400;\">senza dubbio <\/span><b>il Cammino Francese \u00e8 il pi\u00f9 consigliato<\/b><span style=\"font-weight: 400;\">. \u00c8 il pi\u00f9 adatto alle persone con disabilit\u00e0 e questo per una semplice ragione: \u00e8 <\/span><b>il pi\u00f9 frequentato<\/b><span style=\"font-weight: 400;\">.<\/span><\/p>\n<p><span style=\"font-weight: 400;\">Naturalmente, come in ogni viaggio, \u00e8 sempre meglio <\/span><b>programmare tutto in anticipo<\/b><span style=\"font-weight: 400;\">: dalla quantit\u00e0 di tappe che si intende percorrere, alle soste e, soprattutto, agli alloggi. Tieni presente che anche se la maggior parte degli alloggi \u00e8 adattata, \u00e8 meglio evitare spiacevoli sorprese.<\/span><\/p>\n<p>&nbsp;<\/p>\n<h3><b>Il fattore climatico<\/b><\/h3>\n<p><span style=\"font-weight: 400;\">Un altro consiglio da tenere in considerazione \u00e8 la <\/span><b>stagione dell&#8217;anno<\/b><span style=\"font-weight: 400;\">, poich\u00e9 il fattore climatico pu\u00f2 influire direttamente sullo sviluppo del percorso. Ricorda che durante i mesi di pioggia la maggior parte dei cammini diventeranno inaccessibili, in quanto praticamente allagati.<\/span><\/p>\n<p><span style=\"font-weight: 400;\">L&#8217;estate \u00e8 solitamente la stagione in cui aumenta il numero di pellegrini, dato che coincide con le ferie della maggior parte della popolazione. Tuttavia, per le persone con problemi di mobilit\u00e0, consigliamo le stagioni meno affollate,<\/span><b> come la primavera.<\/b><\/p>\n<p><span style=\"font-weight: 400;\">Va sempre tenuto presente che il Cammino di Santiago non \u00e8 una competizione. Se non ti senti in grado di percorrere tutto il cammino in una volta,<\/span> <span style=\"font-weight: 400;\">ci sar\u00e0 sempre la possibilit\u00e0 di affrontare le diverse tappe in periodi differenti dell&#8217;anno.<\/span><\/p>\n<p>&nbsp;<\/p>\n<h2><b>Consigli finali<\/b><\/h2>\n<p><img decoding=\"async\" class=\"alignnone wp-image-105983 size-full\" src=\"https:\/\/www.mundiplus.com\/wp-content\/uploads\/2024\/07\/Camino-de-Santiago-personas-silla-de-ruedas-1.jpg\" alt=\"\" width=\"1024\" height=\"641\" srcset=\"https:\/\/www.mundiplus.com\/wp-content\/uploads\/2024\/07\/Camino-de-Santiago-personas-silla-de-ruedas-1.jpg 1024w, https:\/\/www.mundiplus.com\/wp-content\/uploads\/2024\/07\/Camino-de-Santiago-personas-silla-de-ruedas-1-300x188.jpg 300w, https:\/\/www.mundiplus.com\/wp-content\/uploads\/2024\/07\/Camino-de-Santiago-personas-silla-de-ruedas-1-768x481.jpg 768w, https:\/\/www.mundiplus.com\/wp-content\/uploads\/2024\/07\/Camino-de-Santiago-personas-silla-de-ruedas-1-600x376.jpg 600w\" sizes=\"(max-width: 1024px) 100vw, 1024px\" \/><\/p>\n<p><span style=\"font-weight: 400;\">Anche se le limitazioni dipendono dal tipo di disabilit\u00e0 del pellegrino, ci sono alcuni consigli generali che si possono applicare a tutti i casi:<\/span><\/p>\n<ul>\n<li style=\"font-weight: 400;\" aria-level=\"1\"><b>Cerca di viaggiare sempre accompagnato o in gruppo<\/b><span style=\"font-weight: 400;\">, poich\u00e9 sar\u00e0 molto pi\u00f9 facile affrontare qualsiasi tipo di difficolt\u00e0. In caso di bisogno di aiuto, sar\u00e0 pi\u00f9 semplice trovare qualcuno disposto ad aiutarti.<\/span><\/li>\n<li style=\"font-weight: 400;\" aria-level=\"1\"><b>Prova a portare un bagaglio leggero<\/b><span style=\"font-weight: 400;\">, poich\u00e9 uno zaino troppo pesante potrebbe diventare un problema durante i lunghi percorsi.<\/span><\/li>\n<li style=\"font-weight: 400;\" aria-level=\"1\"><span style=\"font-weight: 400;\">L&#8217;<\/span><b>idratazione<\/b><span style=\"font-weight: 400;\"> deve essere sempre una costante, soprattutto se decidi di percorrere il cammino durante la stagione calda. Puoi<\/span> <span style=\"font-weight: 400;\">portare una borraccia e riempirla lungo il percorso.<\/span><\/li>\n<li style=\"font-weight: 400;\" aria-level=\"1\"><span style=\"font-weight: 400;\">L&#8217;<\/span><b>abbigliamento<\/b><span style=\"font-weight: 400;\">, come in ogni altro viaggio, \u00e8 fondamentale. Pi\u00f9 freschi sono i tessuti, maggiore sar\u00e0 il comfort. Inoltre, ricorda di portare sempre un cappello o un berretto.<\/span><\/li>\n<li style=\"font-weight: 400;\" aria-level=\"1\"><span style=\"font-weight: 400;\">Infine, ma non meno importante, assicurati che la <\/span><b>protezione solare<\/b><span style=\"font-weight: 400;\"> sia sempre il tuo miglior compagno.<\/span><\/li>\n<\/ul>\n<p>&nbsp;<\/p>\n","protected":false},"excerpt":{"rendered":"<p>Con il passare degli anni, il Cammino di Santiago organizzato \u00e8 diventato una realt\u00e0. Oggi, tra le altre cose, rende molto pi\u00f9 accessibile a ogni tipo di pellegrino, soprattutto per coloro che hanno qualche tipo di disabilit\u00e0 o problema di mobilit\u00e0. Non \u00e8 un compito del tutto semplice, poich\u00e9 oltre alla preparazione fisica, dipende anche [&hellip;]<\/p>\n","protected":false},"author":1,"featured_media":112737,"comment_status":"open","ping_status":"open","sticky":false,"template":"","format":"standard","meta":{"footnotes":""},"categories":[573,577,569,597],"tags":[],"class_list":["post-112735","post","type-post","status-publish","format-standard","has-post-thumbnail","hentry","category-blog-del-cammino","category-cammino-a-piedi","category-condizionamento-fisico","category-preparativi-per-il-viaggio"],"_links":{"self":[{"href":"https:\/\/www.mundiplus.com\/it\/wp-json\/wp\/v2\/posts\/112735","targetHints":{"allow":["GET"]}}],"collection":[{"href":"https:\/\/www.mundiplus.com\/it\/wp-json\/wp\/v2\/posts"}],"about":[{"href":"https:\/\/www.mundiplus.com\/it\/wp-json\/wp\/v2\/types\/post"}],"author":[{"embeddable":true,"href":"https:\/\/www.mundiplus.com\/it\/wp-json\/wp\/v2\/users\/1"}],"replies":[{"embeddable":true,"href":"https:\/\/www.mundiplus.com\/it\/wp-json\/wp\/v2\/comments?post=112735"}],"version-history":[{"count":0,"href":"https:\/\/www.mundiplus.com\/it\/wp-json\/wp\/v2\/posts\/112735\/revisions"}],"wp:featuredmedia":[{"embeddable":true,"href":"https:\/\/www.mundiplus.com\/it\/wp-json\/wp\/v2\/media\/112737"}],"wp:attachment":[{"href":"https:\/\/www.mundiplus.com\/it\/wp-json\/wp\/v2\/media?parent=112735"}],"wp:term":[{"taxonomy":"category","embeddable":true,"href":"https:\/\/www.mundiplus.com\/it\/wp-json\/wp\/v2\/categories?post=112735"},{"taxonomy":"post_tag","embeddable":true,"href":"https:\/\/www.mundiplus.com\/it\/wp-json\/wp\/v2\/tags?post=112735"}],"curies":[{"name":"wp","href":"https:\/\/api.w.org\/{rel}","templated":true}]}}