{"id":112756,"date":"2024-07-06T08:58:57","date_gmt":"2024-07-06T08:58:57","guid":{"rendered":"https:\/\/www.mundiplus.com\/feste-locali-sul-camino\/"},"modified":"2024-11-11T16:18:10","modified_gmt":"2024-11-11T16:18:10","slug":"feste-locali-sul-camino","status":"publish","type":"post","link":"https:\/\/www.mundiplus.com\/it\/blog\/feste-locali-sul-camino\/","title":{"rendered":"Feste locali sul Camino"},"content":{"rendered":"<p><img fetchpriority=\"high\" decoding=\"async\" class=\"alignnone wp-image-106074 size-full\" src=\"https:\/\/www.mundiplus.com\/wp-content\/uploads\/2024\/07\/San-Fermines-Mundiplus.jpg\" alt=\"\" width=\"1024\" height=\"576\" srcset=\"https:\/\/www.mundiplus.com\/wp-content\/uploads\/2024\/07\/San-Fermines-Mundiplus.jpg 1024w, https:\/\/www.mundiplus.com\/wp-content\/uploads\/2024\/07\/San-Fermines-Mundiplus-300x169.jpg 300w, https:\/\/www.mundiplus.com\/wp-content\/uploads\/2024\/07\/San-Fermines-Mundiplus-768x432.jpg 768w, https:\/\/www.mundiplus.com\/wp-content\/uploads\/2024\/07\/San-Fermines-Mundiplus-600x338.jpg 600w\" sizes=\"(max-width: 1024px) 100vw, 1024px\" \/><\/p>\n<p><span style=\"font-weight: 400;\">Percorrere il Cammino di Santiago \u00e8 un&#8217;esperienza unica che va oltre l&#8217;aspetto religioso. \u00c8 un viaggio di auto-scoperta immerso in paesaggi mozzafiato, storia e cultura. Ma oltre alla grandezza del Cammino Francese o alla bellezza della Via Portoghese, esiste una rete di <\/span><b>festival locali<\/b> <b>sul Cammino<\/b><span style=\"font-weight: 400;\"> che arricchiscono ulteriormente il percorso. <\/span><\/p>\n<p><span style=\"font-weight: 400;\">Queste celebrazioni tradizionali ci permettono di conoscere le usanze e il folklore dei villaggi attraversati dal Cammino, creando momenti indimenticabili che si aggiungono alla misticit\u00e0 della pellegrinaggio.<\/span><\/p>\n<p>&nbsp;<\/p>\n<h2><b>Immergiti nella cultura del Cammino di Santiago attraverso i suoi festival<\/b><\/h2>\n<p><span style=\"font-weight: 400;\">Se stai pianificando la tua avventura sul Cammino di Santiago, ti invitiamo a considerare le date di alcuni di questi <\/span><b>festival locali<\/b><span style=\"font-weight: 400;\">. Puoi sempre trovare <\/span><a href=\"https:\/\/www.mundiplus.com\/it\/\"><b>agenzie per fare il Cammino di Santiago di Compostela<\/b><\/a><span style=\"font-weight: 400;\"> che ti aiuteranno a organizzare il tuo viaggio in queste date speciali.<\/span><\/p>\n<p><span style=\"font-weight: 400;\">Non solo ti divertirai, ma avrai anche l&#8217;opportunit\u00e0 di interagire con la gente del posto e immergerti nell&#8217;essenza dell&#8217;avventura. Per facilitarti l&#8217;organizzazione, abbiamo raccolto alcuni dei festival pi\u00f9 significativi lungo i percorsi pi\u00f9 popolari:<\/span><\/p>\n<p>&nbsp;<\/p>\n<h2><b>Cammino Francese<\/b><\/h2>\n<p><span style=\"font-weight: 400;\">Il <\/span><a href=\"https:\/\/www.mundiplus.com\/it\/caminos\/a-pie\/camino-frances\"><b>Cammino Francese<\/b><\/a><span style=\"font-weight: 400;\">, la via jacobea per eccellenza, ospita una miriade di <\/span><b>festival locali<\/b><span style=\"font-weight: 400;\"> che animano i villaggi che attraversa. Ecco alcuni dei pi\u00f9 rappresentativi:<\/span><\/p>\n<ul>\n<li style=\"list-style-type: none;\">\n<ul>\n<li style=\"font-weight: 400;\" aria-level=\"1\"><b>Feste di San Ferm\u00edn a Pamplona (6-14 luglio):<\/b><span style=\"font-weight: 400;\"> Famosa in tutto il mondo per la corsa dei tori, questa festa attira visitatori da tutto il mondo. I pellegrini che si trovano qui in queste date possono vivere l&#8217;atmosfera di Pamplona, con le sue strade piene di gente vestita con il tradizionale bianco e rosso.<\/span><\/li>\n<li style=\"font-weight: 400;\" aria-level=\"1\"><b>La Battaglia del Vino a Haro, La Rioja (29 giugno):<\/b><span style=\"font-weight: 400;\"> Una celebrazione unica in cui i partecipanti si spruzzano vino rosso con secchi, bottiglie e pistole ad acqua. \u00c8 un&#8217;esperienza divertente e rinfrescante che coincide con la festa di San Pietro.<\/span><\/li>\n<li style=\"font-weight: 400;\" aria-level=\"1\"><b>Festa di San Giovanni a Burgos (24 giugno):<\/b><span style=\"font-weight: 400;\"> Questa festa segna l&#8217;inizio dell&#8217;estate con fal\u00f2, fuochi d&#8217;artificio, musica e balli. \u00c8 un&#8217;opportunit\u00e0 per i pellegrini di immergersi nelle tradizioni locali e godere dell&#8217;ospitalit\u00e0 dei burgalesi.<\/span><\/li>\n<\/ul>\n<\/li>\n<\/ul>\n<ul>\n<li aria-level=\"1\"><b>Feste dell&#8217;Appostolo Giacomo (dal 15 al 25 luglio): <\/b><span style=\"font-weight: 400;\">Il clou dei <\/span><b>festival locali <\/b><span style=\"font-weight: 400;\">del Cammino Francese sono sicuramente le feste dell&#8217;Appostolo Giacomo, che si celebrano nella capitale galiziana dal 15 al 25 luglio. La citt\u00e0 si veste di festa con balli, concerti, fuochi d&#8217;artificio e messe solenni nella Cattedrale di Santiago.<\/span><\/li>\n<\/ul>\n<p><span style=\"font-weight: 400;\">A questo scopo puoi percorrere il <\/span><a href=\"https:\/\/www.mundiplus.com\/it\/caminos\/a-pie\/camino-frances\/camino-de-santiago-desde-sarria\"><b>Cammino di Santiago Francese da Sarria organizzato<\/b><\/a><span style=\"font-weight: 400;\"> dalla migliore agenzia che ti aiuter\u00e0 a organizzare il tuo viaggio durante queste celebrazioni emblematiche.<\/span><\/p>\n<p>&nbsp;<\/p>\n<h2><b>Cammino Portoghese<\/b><\/h2>\n<p><img decoding=\"async\" class=\"alignnone wp-image-106072 size-full\" src=\"https:\/\/www.mundiplus.com\/wp-content\/uploads\/2024\/07\/San-Telmo-Mundiplus.jpg\" alt=\"\" width=\"1023\" height=\"682\" srcset=\"https:\/\/www.mundiplus.com\/wp-content\/uploads\/2024\/07\/San-Telmo-Mundiplus.jpg 1023w, https:\/\/www.mundiplus.com\/wp-content\/uploads\/2024\/07\/San-Telmo-Mundiplus-300x200.jpg 300w, https:\/\/www.mundiplus.com\/wp-content\/uploads\/2024\/07\/San-Telmo-Mundiplus-768x512.jpg 768w, https:\/\/www.mundiplus.com\/wp-content\/uploads\/2024\/07\/San-Telmo-Mundiplus-600x400.jpg 600w\" sizes=\"(max-width: 1023px) 100vw, 1023px\" \/><\/p>\n<p><a href=\"https:\/\/www.mundiplus.com\/it\/caminos\/a-pie\/camino-portugues\"><b>Il viaggio lungo il Cammino Portoghese<\/b><\/a><span style=\"font-weight: 400;\"> custodisce anche festival locali di grande interesse. Ecco alcuni di essi:<\/span><\/p>\n<ul>\n<li style=\"font-weight: 400;\" aria-level=\"1\"><b>Festa di S\u00e3o Jo\u00e3o (24 giugno) a Porto:<\/b><span style=\"font-weight: 400;\"> Una delle festivit\u00e0 pi\u00f9 vivaci del Portogallo, caratterizzata dall&#8217;atmosfera festosa con musica, balli, fuochi d&#8217;artificio e il lancio di palloncini. I partecipanti di solito si colpiscono delicatamente l&#8217;un l&#8217;altro con martelli di plastica come parte della tradizione.<\/span><\/li>\n<li style=\"font-weight: 400;\" aria-level=\"1\"><b>Festa da Senhora da Agonia (19-22 agosto) a Viana do Castelo:<\/b><span style=\"font-weight: 400;\"> Questa festa si concentra sulle celebrazioni in onore della Vergine dell&#8217;Agonia. Include processioni religiose, sfilate folkloristiche e spettacoli di fuochi d&#8217;artificio. \u00c8 famosa per esporre le tradizioni marittime e i costumi regionali portoghesi.<\/span><\/li>\n<li style=\"font-weight: 400;\" aria-level=\"1\"><b>Festa di San Telmo (prima settimana di aprile) a Tui:<\/b><span style=\"font-weight: 400;\"> Prima di percorrere le <\/span><a href=\"https:\/\/www.mundiplus.com\/it\/caminos\/a-pie\/camino-portugues\/camino-de-santiago-desde-tui\"><span style=\"font-weight: 400;\">tappe del Cammino di Santiago da Tui<\/span><\/a><span style=\"font-weight: 400;\">, ti invitiamo a scoprire il suo festival locale. Qui si rende omaggio a San Telmo, patrono dei naviganti e dei marinai. \u00c8 caratterizzato da processioni, attivit\u00e0 culturali e liturgiche, diventando un evento di grande importanza per la comunit\u00e0 locale e i pellegrini.<\/span><\/li>\n<\/ul>\n<p>&nbsp;<\/p>\n<h2><b>Cammino del Nord<\/b><\/h2>\n<p><img decoding=\"async\" class=\"alignnone wp-image-106070 size-full\" src=\"https:\/\/www.mundiplus.com\/wp-content\/uploads\/2024\/07\/San-Juan-Mundiplus.jpg\" alt=\"\" width=\"1024\" height=\"696\" srcset=\"https:\/\/www.mundiplus.com\/wp-content\/uploads\/2024\/07\/San-Juan-Mundiplus.jpg 1024w, https:\/\/www.mundiplus.com\/wp-content\/uploads\/2024\/07\/San-Juan-Mundiplus-300x204.jpg 300w, https:\/\/www.mundiplus.com\/wp-content\/uploads\/2024\/07\/San-Juan-Mundiplus-768x522.jpg 768w, https:\/\/www.mundiplus.com\/wp-content\/uploads\/2024\/07\/San-Juan-Mundiplus-600x408.jpg 600w\" sizes=\"(max-width: 1024px) 100vw, 1024px\" \/><\/p>\n<p><span style=\"font-weight: 400;\">Le <\/span><a href=\"https:\/\/www.mundiplus.com\/it\/caminos\/a-pie\/camino-norte\"><span style=\"font-weight: 400;\">tappe del Cammino del Nord verso Santiago<\/span><\/a><span style=\"font-weight: 400;\">, un percorso meno battuto rispetto al Cammino Francese o a quello Portoghese, offre comunque una ricca variet\u00e0 di <\/span><b>festival locali<\/b><span style=\"font-weight: 400;\">. Ecco alcuni di essi:<\/span><\/p>\n<ul>\n<li style=\"font-weight: 400;\" aria-level=\"1\"><b>Festa di San Giovanni (23-24 giugno) in varie localit\u00e0:<\/b><span style=\"font-weight: 400;\"> Segnando l&#8217;inizio dell&#8217;estate, questa festa si celebra con fal\u00f2, musica e balli. \u00c8 un&#8217;occasione speciale per purificarsi e dare il benvenuto alla nuova stagione.<\/span><\/li>\n<li style=\"font-weight: 400;\" aria-level=\"1\"><b>Semana Grande\/Aste Nagusia (agosto) a Bilbao:<\/b><span style=\"font-weight: 400;\"> Una settimana ricca di concerti, eventi culturali, fuochi d&#8217;artificio e il tradizionale lancio del txupinazo. La citt\u00e0 si riempie di gioia ed \u00e8 un grande momento per godersi l&#8217;ospitalit\u00e0 basca.<\/span><\/li>\n<li style=\"font-weight: 400;\" aria-level=\"1\"><b>Festa del Santo Cristo della Misericordia (14-15 settembre) a Ribadeo:<\/b><span style=\"font-weight: 400;\"> Con processioni, atti religiosi e celebrazioni popolari, questa festa si distingue per la sua devozione e la sua capacit\u00e0 di riunire la comunit\u00e0 e i visitatori in un&#8217;atmosfera di fede e festa.<\/span><\/li>\n<\/ul>\n<p>&nbsp;<\/p>\n<h2><b>Consigli per goderti i festival locali nel Cammino di Santiago<\/b><\/h2>\n<ul>\n<li style=\"font-weight: 400;\" aria-level=\"1\"><b>Pianifica il tuo viaggio in anticipo:<\/b><span style=\"font-weight: 400;\"> Informati sulle date dei festival locali che ti interessano e organizza il tuo percorso in base a esse.<\/span><\/li>\n<li style=\"font-weight: 400;\" aria-level=\"1\"><b>Prenota l&#8217;alloggio in anticipo:<\/b><span style=\"font-weight: 400;\"> L&#8217;afflusso di persone durante i festival pu\u00f2 essere elevato, specialmente nelle citt\u00e0 pi\u00f9 popolari. Prenota il tuo alloggio in anticipo per assicurarti un posto dove soggiornare.<\/span><\/li>\n<li style=\"font-weight: 400;\" aria-level=\"1\"><b>Preparati al trambusto:<\/b><span style=\"font-weight: 400;\"> I festival locali sono spesso eventi molto animati e affollati. Se cerchi tranquillit\u00e0, potresti preferire evitare queste date.<\/span><\/li>\n<li style=\"font-weight: 400;\" aria-level=\"1\"><b>Rispetta le tradizioni locali:<\/b><span style=\"font-weight: 400;\"> Ogni festival ha le sue tradizioni e usanze. Informati su di esse e mostrati rispettoso nei confronti della cultura locale.<\/span><\/li>\n<li style=\"font-weight: 400;\" aria-level=\"1\"><b>Goditi l&#8217;esperienza:<\/b><span style=\"font-weight: 400;\"> I festival locali sono un&#8217;opportunit\u00e0 unica per conoscere da vicino la cultura e le tradizioni del Cammino di Santiago. Lasciati coinvolgere dalla musica, dalla gastronomia e dall&#8217;atmosfera festosa.<\/span><\/li>\n<\/ul>\n<p>&nbsp;<\/p>\n<p><span style=\"font-weight: 400;\">Inizia il tuo viaggio verso il Cammino di Santiago con la mente aperta e il cuore pronto a scoprire nuove esperienze. I festival locali ti aspettano per arricchire il tuo cammino con momenti indimenticabili.<\/span><\/p>\n<p>&nbsp;<\/p>\n","protected":false},"excerpt":{"rendered":"<p>Percorrere il Cammino di Santiago \u00e8 un&#8217;esperienza unica che va oltre l&#8217;aspetto religioso. \u00c8 un viaggio di auto-scoperta immerso in paesaggi mozzafiato, storia e cultura. Ma oltre alla grandezza del Cammino Francese o alla bellezza della Via Portoghese, esiste una rete di festival locali sul Cammino che arricchiscono ulteriormente il percorso. Queste celebrazioni tradizionali ci [&hellip;]<\/p>\n","protected":false},"author":1,"featured_media":112759,"comment_status":"open","ping_status":"open","sticky":false,"template":"","format":"standard","meta":{"footnotes":""},"categories":[573,577,605],"tags":[],"class_list":["post-112756","post","type-post","status-publish","format-standard","has-post-thumbnail","hentry","category-blog-del-cammino","category-cammino-a-piedi","category-siti-iconici"],"_links":{"self":[{"href":"https:\/\/www.mundiplus.com\/it\/wp-json\/wp\/v2\/posts\/112756","targetHints":{"allow":["GET"]}}],"collection":[{"href":"https:\/\/www.mundiplus.com\/it\/wp-json\/wp\/v2\/posts"}],"about":[{"href":"https:\/\/www.mundiplus.com\/it\/wp-json\/wp\/v2\/types\/post"}],"author":[{"embeddable":true,"href":"https:\/\/www.mundiplus.com\/it\/wp-json\/wp\/v2\/users\/1"}],"replies":[{"embeddable":true,"href":"https:\/\/www.mundiplus.com\/it\/wp-json\/wp\/v2\/comments?post=112756"}],"version-history":[{"count":0,"href":"https:\/\/www.mundiplus.com\/it\/wp-json\/wp\/v2\/posts\/112756\/revisions"}],"wp:featuredmedia":[{"embeddable":true,"href":"https:\/\/www.mundiplus.com\/it\/wp-json\/wp\/v2\/media\/112759"}],"wp:attachment":[{"href":"https:\/\/www.mundiplus.com\/it\/wp-json\/wp\/v2\/media?parent=112756"}],"wp:term":[{"taxonomy":"category","embeddable":true,"href":"https:\/\/www.mundiplus.com\/it\/wp-json\/wp\/v2\/categories?post=112756"},{"taxonomy":"post_tag","embeddable":true,"href":"https:\/\/www.mundiplus.com\/it\/wp-json\/wp\/v2\/tags?post=112756"}],"curies":[{"name":"wp","href":"https:\/\/api.w.org\/{rel}","templated":true}]}}