{"id":113047,"date":"2024-06-20T16:23:20","date_gmt":"2024-06-20T16:23:20","guid":{"rendered":"https:\/\/www.mundiplus.com\/cosa-vedere-a-carrion-de-los-condes\/"},"modified":"2024-11-12T18:56:27","modified_gmt":"2024-11-12T18:56:27","slug":"cosa-vedere-a-carrion-de-los-condes","status":"publish","type":"post","link":"https:\/\/www.mundiplus.com\/it\/blog\/cosa-vedere-a-carrion-de-los-condes-2\/","title":{"rendered":"Cosa vedere a Carri\u00f3n de los Condes"},"content":{"rendered":"<p><img fetchpriority=\"high\" decoding=\"async\" class=\"alignnone wp-image-105745 size-full\" src=\"https:\/\/www.mundiplus.com\/wp-content\/uploads\/2024\/06\/plaza-mayor-carrion-de-los-condes.jpg\" alt=\"\" width=\"1024\" height=\"680\" srcset=\"https:\/\/www.mundiplus.com\/wp-content\/uploads\/2024\/06\/plaza-mayor-carrion-de-los-condes.jpg 1024w, https:\/\/www.mundiplus.com\/wp-content\/uploads\/2024\/06\/plaza-mayor-carrion-de-los-condes-300x199.jpg 300w, https:\/\/www.mundiplus.com\/wp-content\/uploads\/2024\/06\/plaza-mayor-carrion-de-los-condes-768x510.jpg 768w, https:\/\/www.mundiplus.com\/wp-content\/uploads\/2024\/06\/plaza-mayor-carrion-de-los-condes-600x398.jpg 600w\" sizes=\"(max-width: 1024px) 100vw, 1024px\" \/><br \/>\n<span style=\"font-weight: 400;\">Un affascinante paese spagnolo situato nella provincia di Palencia \u00e8 <\/span><b>Carri\u00f3n de los Condes<\/b><span style=\"font-weight: 400;\">. Si tratta di una destinazione ricca di storia e cultura che attira visitatori da tutto il mondo.<\/span><\/p>\n<p><span style=\"font-weight: 400;\">\u00c8 collegato al Cammino di Santiago, in particolare al <\/span><a href=\"https:\/\/www.mundiplus.com\/it\/caminos\/a-pie\/camino-frances\"><b>Cammino Francese<\/b><\/a><b>,<\/b><span style=\"font-weight: 400;\"> un&#8217;antica via che ha segnato profondamente il percorso dei pellegrini nel corso della storia. Visitare Carri\u00f3n de los Condes significa immergersi nella <\/span><b>ricchezza del suo patrimonio <\/b><span style=\"font-weight: 400;\">e scoprire una <\/span><b>comunit\u00e0 veramente speciale<\/b><span style=\"font-weight: 400;\">.<\/span><\/p>\n<h2><b>Connessione con il Cammino di Santiago<\/b><\/h2>\n<p><span style=\"font-weight: 400;\">Carri\u00f3n de los Condes ha strade acciottolate e edifici in stile tradizionale. Offre un&#8217;atmosfera autentica e accogliente. Inoltre, \u00e8 <\/span><b>strategicamente situato sulla Via Jacobea<\/b><span style=\"font-weight: 400;\">, e questo paese \u00e8 stato testimone del passaggio dei pellegrini fin dal Medioevo.<\/span><br \/>\n<span style=\"font-weight: 400;\">Serve come punto di incontro per i visitatori che percorrono la Via Francese. La sua origine risale al <\/span><b>XI secolo<\/b><span style=\"font-weight: 400;\">, quando fu fondato come un monastero per accogliere e assistere i pellegrini. Oggi, il paese continua ad essere un <\/span><b>eccellente luogo di riposo<\/b><span style=\"font-weight: 400;\"> per i pellegrini che cercano un <\/span><a href=\"https:\/\/www.mundiplus.com\/it\/\"><b>viaggio organizzato sul Cammino di Santiago<\/b><\/a><span style=\"font-weight: 400;\">.<\/span><\/p>\n<h2><b>Il meglio di Carri\u00f3n de los Condes<\/b><\/h2>\n<p><img decoding=\"async\" class=\"alignnone wp-image-105747 size-full\" src=\"https:\/\/www.mundiplus.com\/wp-content\/uploads\/2024\/06\/calle-santa-maria-carrion-de-los-condes.jpg\" alt=\"\" width=\"1024\" height=\"749\" srcset=\"https:\/\/www.mundiplus.com\/wp-content\/uploads\/2024\/06\/calle-santa-maria-carrion-de-los-condes.jpg 1024w, https:\/\/www.mundiplus.com\/wp-content\/uploads\/2024\/06\/calle-santa-maria-carrion-de-los-condes-300x219.jpg 300w, https:\/\/www.mundiplus.com\/wp-content\/uploads\/2024\/06\/calle-santa-maria-carrion-de-los-condes-768x562.jpg 768w, https:\/\/www.mundiplus.com\/wp-content\/uploads\/2024\/06\/calle-santa-maria-carrion-de-los-condes-600x439.jpg 600w\" sizes=\"(max-width: 1024px) 100vw, 1024px\" \/><br \/>\n<span style=\"font-weight: 400;\">Questo paese della provincia di Palencia \u00e8 intriso dell&#8217;essenza del Cammino di Santiago. Offre una serie di attrazioni che catturano l&#8217;attenzione di viaggiatori e pellegrini allo stesso modo. Chiaramente, un viaggio affascinante attraverso il tempo e la cultura medievale. Ogni angolo di questo incantevole paese racconta una storia che vale la pena scoprire.<\/span><\/p>\n<ul>\n<li style=\"font-weight: 400;\" aria-level=\"1\"><b>Real Monasterio de Santa Clara<\/b><span style=\"font-weight: 400;\">: Questo tempio, costruito nel XIII secolo, \u00e8 una testimonianza dell&#8217;importanza spirituale e storica di Carri\u00f3n de los Condes. I visitatori possono ammirare l&#8217;architettura gotica e visitare i suoi chiostri, cappelle e giardini.<\/span><\/li>\n<li style=\"font-weight: 400;\" aria-level=\"1\"><b>Chiesa di Santiago<\/b><span style=\"font-weight: 400;\">: Questa chiesa, dichiarata Monumento Nazionale, \u00e8 un punto di riferimento lungo il Cammino di Santiago. La sua facciata romanica e il suo interno ospitano opere d&#8217;arte preziose da ammirare.<\/span><\/li>\n<li style=\"font-weight: 400;\" aria-level=\"1\"><b>Piazza Mayor<\/b><span style=\"font-weight: 400;\">: Il cuore del paese, Piazza Mayor, \u00e8 un luogo perfetto per godere dell&#8217;atmosfera locale. Circondata da edifici incantevoli, caff\u00e8 e negozi, \u00e8 il punto di incontro ideale per residenti e visitatori.<\/span><\/li>\n<li style=\"font-weight: 400;\" aria-level=\"1\"><b>Monastero di San Zoilo<\/b><span style=\"font-weight: 400;\">: Questo antico convento, trasformato in un hotel con fascino, vanta un impressionante chiostro romanico e una storia ricca che risale al X secolo.<\/span><\/li>\n<li style=\"font-weight: 400;\" aria-level=\"1\"><b>Museo di Arte Sacra della parrocchia di Santa Mar\u00eda:<\/b><span style=\"font-weight: 400;\"> Situato nella Chiesa di Santa Mar\u00eda del Camino, questo museo ospita una collezione impressionante di arte religiosa. I visitatori possono esplorare una variet\u00e0 di opere che vanno dal XIV al XVIII secolo, tra cui sculture, dipinti e pezzi di oreficeria.<\/span><\/li>\n<li style=\"font-weight: 400;\" aria-level=\"1\"><b>Ponte Romano<\/b><span style=\"font-weight: 400;\">: Questo antico ponte, che ha testimoniato il passaggio di migliaia di pellegrini nel corso dei secoli, rappresenta un punto di riferimento storico e architettonico. Sebbene sia stato ricostruito e restaurato nel tempo, conserva ancora il suo fascino medievale.<\/span><\/li>\n<\/ul>\n<p><span style=\"font-weight: 400;\">Prima di continuare, ti informiamo che se desideri fare il <\/span><a href=\"https:\/\/www.mundiplus.com\/it\/caminos\/a-pie\/camino-frances\/camino-de-santiago-desde-sarria\"><b>Cammino di Santiago da Sarria<\/b><\/a><span style=\"font-weight: 400;\">, non lo troverai lungo il tuo percorso. Ricorda che si trova a diverse tappe prima di arrivare a questo punto di partenza minimo.<\/span><\/p>\n<h2><b>Un itinerario perfetto per scoprire la storia e la bellezza naturale di Carri\u00f3n de los Condes<\/b><\/h2>\n<p><img decoding=\"async\" class=\"alignnone wp-image-105743 size-full\" src=\"https:\/\/www.mundiplus.com\/wp-content\/uploads\/2024\/06\/carrion-de-los-condes-palencia.jpg\" alt=\"\" width=\"1024\" height=\"554\" srcset=\"https:\/\/www.mundiplus.com\/wp-content\/uploads\/2024\/06\/carrion-de-los-condes-palencia.jpg 1024w, https:\/\/www.mundiplus.com\/wp-content\/uploads\/2024\/06\/carrion-de-los-condes-palencia-300x162.jpg 300w, https:\/\/www.mundiplus.com\/wp-content\/uploads\/2024\/06\/carrion-de-los-condes-palencia-768x416.jpg 768w, https:\/\/www.mundiplus.com\/wp-content\/uploads\/2024\/06\/carrion-de-los-condes-palencia-600x325.jpg 600w\" sizes=\"(max-width: 1024px) 100vw, 1024px\" \/><br \/>\n<span style=\"font-weight: 400;\">Proprio come se stessi percorrendo il <\/span><a href=\"https:\/\/www.mundiplus.com\/it\/caminos\/a-pie\/camino-norte\"><b>Cammino di Santiago del Nord<\/b><\/a><span style=\"font-weight: 400;\">, <\/span><span style=\"font-weight: 400;\">avere un <\/span><b>piano strutturato<\/b><span style=\"font-weight: 400;\"> favorisce l&#8217;esplorazione efficiente di luoghi emblematici come questo. Inoltre, riduce lo stress logistico, offre flessibilit\u00e0 e garantisce che ogni momento sia dedicato a scoperte straordinarie.<\/span><\/p>\n<p><span style=\"font-weight: 400;\">Carri\u00f3n de los Condes intreccia la storia e la bellezza naturale con la modernit\u00e0. Inizia visitando il <\/span><b>Real Monasterio de Santa Clara<\/b><span style=\"font-weight: 400;\">, con i suoi chiostri e giardini. Successivamente, entra nella <\/span><b>Chiesa di Santiago<\/b><span style=\"font-weight: 400;\"> per ammirare la sua architettura monumentale e immergerti nell&#8217;essenza del Cammino di Santiago.<\/span><\/p>\n<p><span style=\"font-weight: 400;\">Poi, inizia un tour lungo la <\/span><b>Calle Mayor<\/b><span style=\"font-weight: 400;\">. Ammira i suoi negozi pittoreschi e goditi l&#8217;evoluzione architettonica del paese. Fai una sosta nella <\/span><b>Piazza Mayor<\/b><span style=\"font-weight: 400;\"> per assaporare la vita locale nei suoi caff\u00e8 vivaci e nei negozi.<\/span><\/p>\n<p><span style=\"font-weight: 400;\">Nel pomeriggio, esplora il <\/span><b>Convento di San Zoilo<\/b><span style=\"font-weight: 400;\">, un hotel affascinante che conserva la storia in ogni angolo. Prosegui il tuo itinerario e assapora la deliziosa <\/span><b>gastronomia locale<\/b><span style=\"font-weight: 400;\"> nei ristoranti tradizionali.<\/span><\/p>\n<p><span style=\"font-weight: 400;\">Termina la tua giornata approfittando al massimo dell&#8217;ambiente naturale che circonda Carri\u00f3n de los Condes.<\/span><\/p>\n<h2><b>Consigli per i pellegrini<\/b><\/h2>\n<p><span style=\"font-weight: 400;\">Durante il Cammino di Santiago, l&#8217;esperienza del pellegrino si arricchisce ad ogni passo. Segui questi <\/span><b>utili consigli per i pellegrini<\/b><span style=\"font-weight: 400;\"> per avere un viaggio completamente piacevole e senza inconvenienti.<\/span><\/p>\n<ul>\n<li style=\"font-weight: 400;\" aria-level=\"1\"><b>Pausa necessaria<\/b><span style=\"font-weight: 400;\">: approfitta dell&#8217;ospitalit\u00e0 di Carri\u00f3n de los Condes per riposarti e ricaricare le energie. Gli ostelli e le strutture ricettive offrono ottimi servizi per i pellegrini.<\/span><\/li>\n<li style=\"font-weight: 400;\" aria-level=\"1\"><b>Esplorazione tranquilla<\/b><span style=\"font-weight: 400;\">: prendi il tempo per conoscere ogni angolo del paese. Non avere fretta, Carri\u00f3n de los Condes ha tesori storici che ti incanteranno.<\/span><\/li>\n<li style=\"font-weight: 400;\" aria-level=\"1\"><b>Connettiti con la comunit\u00e0<\/b><span style=\"font-weight: 400;\">: proprio come se stai facendo il <\/span><a href=\"https:\/\/www.mundiplus.com\/it\/caminos\/a-pie\/camino-portugues\"><b>Cammino Portoghese per Santiago<\/b><\/a><span style=\"font-weight: 400;\">, interagisci con i locali per ottenere una prospettiva autentica sulla vita in questo luogo. La comunit\u00e0 \u00e8 calorosa e accogliente.<\/span><\/li>\n<li style=\"font-weight: 400;\" aria-level=\"1\"><b>Prova la gastronomia locale<\/b><span style=\"font-weight: 400;\">: assapora i piatti tipici come la morcilla de Burgos o l&#8217;agnello arrosto. La cucina locale \u00e8 un&#8217;esperienza a s\u00e9. Piatti molto diversi da quelli che troverai nel tuo pellegrinaggio da <\/span><a href=\"https:\/\/www.mundiplus.com\/it\/caminos\/a-pie\/camino-portugues\/camino-de-santiago-desde-tui\"><b>Tui a Santiago de Compostela<\/b><\/a><b>.<\/b><\/li>\n<\/ul>\n<p><b>Registra il tuo passaggio<\/b><span style=\"font-weight: 400;\">: assicurati di ottenere la credenziale del pellegrino e di timbrarla nei luoghi emblematici di Carri\u00f3n de los Condes. Sar\u00e0 un ricordo indimenticabile del tuo viaggio.<\/span><\/p>\n","protected":false},"excerpt":{"rendered":"<p>Un affascinante paese spagnolo situato nella provincia di Palencia \u00e8 Carri\u00f3n de los Condes. Si tratta di una destinazione ricca di storia e cultura che attira visitatori da tutto il mondo. \u00c8 collegato al Cammino di Santiago, in particolare al Cammino Francese, un&#8217;antica via che ha segnato profondamente il percorso dei pellegrini nel corso della [&hellip;]<\/p>\n","protected":false},"author":1,"featured_media":113049,"comment_status":"open","ping_status":"open","sticky":false,"template":"","format":"standard","meta":{"footnotes":""},"categories":[573,577,601],"tags":[],"class_list":["post-113047","post","type-post","status-publish","format-standard","has-post-thumbnail","hentry","category-blog-del-cammino","category-cammino-a-piedi","category-paesi-e-regioni"],"_links":{"self":[{"href":"https:\/\/www.mundiplus.com\/it\/wp-json\/wp\/v2\/posts\/113047","targetHints":{"allow":["GET"]}}],"collection":[{"href":"https:\/\/www.mundiplus.com\/it\/wp-json\/wp\/v2\/posts"}],"about":[{"href":"https:\/\/www.mundiplus.com\/it\/wp-json\/wp\/v2\/types\/post"}],"author":[{"embeddable":true,"href":"https:\/\/www.mundiplus.com\/it\/wp-json\/wp\/v2\/users\/1"}],"replies":[{"embeddable":true,"href":"https:\/\/www.mundiplus.com\/it\/wp-json\/wp\/v2\/comments?post=113047"}],"version-history":[{"count":0,"href":"https:\/\/www.mundiplus.com\/it\/wp-json\/wp\/v2\/posts\/113047\/revisions"}],"wp:featuredmedia":[{"embeddable":true,"href":"https:\/\/www.mundiplus.com\/it\/wp-json\/wp\/v2\/media\/113049"}],"wp:attachment":[{"href":"https:\/\/www.mundiplus.com\/it\/wp-json\/wp\/v2\/media?parent=113047"}],"wp:term":[{"taxonomy":"category","embeddable":true,"href":"https:\/\/www.mundiplus.com\/it\/wp-json\/wp\/v2\/categories?post=113047"},{"taxonomy":"post_tag","embeddable":true,"href":"https:\/\/www.mundiplus.com\/it\/wp-json\/wp\/v2\/tags?post=113047"}],"curies":[{"name":"wp","href":"https:\/\/api.w.org\/{rel}","templated":true}]}}