{"id":113051,"date":"2024-05-12T00:00:00","date_gmt":"2024-05-12T00:00:00","guid":{"rendered":"https:\/\/www.mundiplus.com\/cosa-vedere-a-carrion-de-los-condes-2\/"},"modified":"2024-11-12T18:49:47","modified_gmt":"2024-11-12T18:49:47","slug":"cosa-vedere-a-carrion-de-los-condes-2","status":"publish","type":"post","link":"https:\/\/www.mundiplus.com\/it\/blog\/carrion-de-los-condes\/","title":{"rendered":"Cosa vedere a Carri\u00f3n de los Condes"},"content":{"rendered":"<p><span style=\"font-weight: 400;\">Un affascinante villaggio spagnolo situato nella provincia di Palencia \u00e8 il <\/span><b>Carri\u00f3n de los Condes<\/b><span style=\"font-weight: 400;\">. Si tratta di una destinazione ricca di storia e cultura che attrae visitatori da tutto il mondo.<\/span><\/p>\n<p><span style=\"font-weight: 400;\">\u00c8 collegato al Cammino di Santiago, in particolare al <\/span><a href=\"https:\/\/www.mundiplus.com\/it\/caminos\/a-pie\/camino-frances\"><span style=\"font-weight: 400;\">Cammino Francese<\/span><\/a><span style=\"font-weight: 400;\">, un&#8217;antica via che ha segnato profondamente il pellegrinaggio dei fedeli nel corso della storia. Visitare Carri\u00f3n de los Condes significa immergersi nella <\/span><b>ricchezza del suo patrimonio <\/b><span style=\"font-weight: 400;\">e scoprire una <\/span><b>comunit\u00e0 davvero speciale<\/b><span style=\"font-weight: 400;\">.<\/span><\/p>\n<h2><b>Connessione con il Cammino di Santiago<\/b><\/h2>\n<p><span style=\"font-weight: 400;\">Carri\u00f3n de los Condes ha strade acciottolate e edifici con architettura tradizionale. Offre un&#8217;atmosfera autentica e accogliente. Inoltre, \u00e8 <\/span><b>strategicamente situato sulla Ruta Jacobea<\/b><span style=\"font-weight: 400;\">, questo villaggio \u00e8 stato testimone del <\/span><a href=\"https:\/\/www.mundiplus.com\/it\/blog\/historia-del-camino-de-santiago\"><span style=\"font-weight: 400;\">passaggio dei pellegrini fin dal Medioevo<\/span><\/a><span style=\"font-weight: 400;\">.<\/span><\/p>\n<p><span style=\"font-weight: 400;\">Serve come punto di incontro per i visitatori che percorrono la Via Francese. La sua origine risale all&#8217;<\/span><b>XI secolo<\/b><span style=\"font-weight: 400;\">, quando fu fondato come un monastero per accogliere e assistere i viandanti. Oggi, il villaggio continua ad essere un <\/span><b>eccellente luogo di sosta<\/b><span style=\"font-weight: 400;\"> per i pellegrini che cercano un&#8217;esperienza autentica nel loro viaggio verso Santiago de Compostela. Hai scelto di fare un <a href=\"https:\/\/www.mundiplus.com\/it\/\">viaggio organizzato del Cammino di Santiago<\/a>? Prepara per scoprire uno dei luoghi dove sicuramente ti riserveranno alloggio e alcune visite.<\/span><\/p>\n<p><img fetchpriority=\"high\" decoding=\"async\" class=\"size-full wp-image-30329 aligncenter\" src=\"https:\/\/www.mundiplus.com\/wp-content\/uploads\/2024\/04\/Carrion-de-los-condes-aerea-2.jpg\" alt=\"Carri\u00f3n de los Condes vista aerea\" width=\"1000\" height=\"667\" \/><\/p>\n<h2><b>Il meglio di Carri\u00f3n de los Condes<\/b><\/h2>\n<p><span style=\"font-weight: 400;\">Questa localit\u00e0 della provincia di Palencia \u00e8 impregnata dell&#8217;essenza del Cammino di Santiago. Offre una serie di attrazioni che catturano l&#8217;attenzione di viaggiatori e pellegrini. \u00c8 chiaramente un viaggio affascinante attraverso il tempo e la cultura medievale. Ogni angolo di questo affascinante villaggio racconta una storia che merita di essere scoperta.<\/span><\/p>\n<ul>\n<li style=\"font-weight: 400;\" aria-level=\"1\"><b>Reale Monastero di Santa Clara<\/b><span style=\"font-weight: 400;\">: Questo tempio, costruito nel XIII secolo, \u00e8 una testimonianza dell&#8217;importanza spirituale e storica di Carri\u00f3n de los Condes. I visitatori possono ammirare l&#8217;<\/span><a href=\"https:\/\/www.mundiplus.com\/it\/blog\/monumentos-imprescindibles-del-camino-frances\"><span style=\"font-weight: 400;\">architettura gotica<\/span><\/a><span style=\"font-weight: 400;\"> e visitare il suo chiostro, le cappelle e i giardini.<\/span><\/li>\n<li style=\"font-weight: 400;\" aria-level=\"1\"><b>Chiesa di Santiago<\/b><span style=\"font-weight: 400;\">: Questa chiesa, dichiarata Monumento Nazionale, \u00e8 un punto di riferimento nel Cammino di Santiago. Sia la sua facciata romanica che l&#8217;interno ospitano preziose opere d&#8217;arte da ammirare.<\/span><\/li>\n<li style=\"font-weight: 400;\" aria-level=\"1\"><b>Piazza Maggiore<\/b><span style=\"font-weight: 400;\">: Il cuore del villaggio, la Piazza Maggiore, \u00e8 un luogo perfetto per godersi l&#8217;atmosfera locale. Circondata da edifici affascinanti, caff\u00e8 e negozi. \u00c8 il punto di incontro ideale per residenti e visitatori.<\/span><\/li>\n<li style=\"font-weight: 400;\" aria-level=\"1\"><b>Monastero di San Zoilo<\/b><span style=\"font-weight: 400;\">: Questo antico convento, trasformato in un hotel con charme, vanta un impressionante chiostro romanico e una ricca storia che risale al X secolo.<\/span><\/li>\n<li style=\"font-weight: 400;\" aria-level=\"1\"><b>Museo di Arte Sacra della parrocchia di Santa Mar\u00eda:<\/b><span style=\"font-weight: 400;\"> Situato nella Chiesa di Santa Mar\u00eda del Cammino, questo museo ospita una straordinaria collezione di arte religiosa. I visitatori possono esplorare una variet\u00e0 di opere che vanno dal XIV al XVIII secolo, comprese sculture, pitture e pezzi di oreficeria.<\/span><\/li>\n<li style=\"font-weight: 400;\" aria-level=\"1\"><b>Ponte Romano<\/b><span style=\"font-weight: 400;\">: Questo antico ponte, che ha visto il passaggio di migliaia di pellegrini nel corso dei secoli, rappresenta un punto di riferimento storico e architettonico. Sebbene sia stato ricostruito e restaurato nel corso degli anni, conserva ancora la sua essenza e il suo fascino medievale.\u00a0<\/span><\/li>\n<\/ul>\n<p><img decoding=\"async\" class=\"size-full wp-image-30334 aligncenter\" src=\"https:\/\/www.mundiplus.com\/wp-content\/uploads\/2024\/04\/Puente-Carrion-condes.jpg\" alt=\"\" width=\"1000\" height=\"667\" \/><\/p>\n<h2><b>Un itinerario perfetto per scoprire la storia e la bellezza naturale di Carri\u00f3n de los Condes<\/b><\/h2>\n<p><span style=\"font-weight: 400;\">Avere un <\/span><b>piano strutturato<\/b><span style=\"font-weight: 400;\"> favorisce l&#8217;esplorazione efficiente di luoghi emblematici come questo. Inoltre, riduce lo stress logistico, offre flessibilit\u00e0 e garantisce che ogni momento venga investito in scoperte straordinarie.<\/span><\/p>\n<p><span style=\"font-weight: 400;\">Carri\u00f3n de los Condes intreccia storia e bellezza naturale con la modernit\u00e0. Per cominciare, visita il <\/span><b>Reale Monastero di Santa Clara<\/b><span style=\"font-weight: 400;\">, con il suo chiostro e giardini. Poi, entra nella <\/span><b>Chiesa di Santiago<\/b><span style=\"font-weight: 400;\"> per rimanere incantato dalla sua architettura monumentale e immergerti nell&#8217;essenza del Cammino di Santiago.<\/span><\/p>\n<p><span style=\"font-weight: 400;\">Successivamente, inizia un tour per la <\/span><b>Calle Mayor<\/b><span style=\"font-weight: 400;\">. Osserva i negozi pittoreschi e goditi l&#8217;evoluzione architettonica del villaggio. Fai una sosta nella <\/span><b>Piazza Maggiore<\/b><span style=\"font-weight: 400;\"> per assaporare la vita locale nei suoi caff\u00e8 vivaci e negozi.<\/span><\/p>\n<p><span style=\"font-weight: 400;\">Nel pomeriggio, esplora il <\/span><b>Convento di San Zoilo<\/b><span style=\"font-weight: 400;\">, un hotel con fascino che conserva la storia in ogni angolo. Continua il tuo itinerario e assaggia la deliziosa <\/span><b>gastronomia locale<\/b><span style=\"font-weight: 400;\"> nei ristoranti tradizionali.<\/span><\/p>\n<p><span style=\"font-weight: 400;\">Concludi la tua giornata sfruttando al massimo l&#8217;ambiente naturale che circonda Carri\u00f3n de los Condes.\u00a0<\/span><\/p>\n<h2><b>Raccomandazioni per i pellegrini<\/b><\/h2>\n<p><span style=\"font-weight: 400;\">Durante il viaggio lungo il Cammino di Santiago, l&#8217;esperienza del pellegrino si arricchisce ad ogni passo. Segui queste preziose <\/span><a href=\"https:\/\/www.mundiplus.com\/it\/blog\/consejos-viaje-seguro\"><span style=\"font-weight: 400;\">raccomandazioni per i pellegrini<\/span><\/a><span style=\"font-weight: 400;\"> per un viaggio piacevole e senza imprevisti.<\/span><\/p>\n<ul>\n<li style=\"font-weight: 400;\" aria-level=\"1\"><b>Riposo necessario<\/b><span style=\"font-weight: 400;\">: Approfitta dell&#8217;ospitalit\u00e0 di Carri\u00f3n de los Condes per riposarti e ricaricare le energie. Gli ostelli e le strutture offrono ottimi comfort per i pellegrini.<\/span><\/li>\n<li style=\"font-weight: 400;\" aria-level=\"1\"><b>Esplorazione tranquilla<\/b><span style=\"font-weight: 400;\">: Dedica del tempo per conoscere ogni angolo del villaggio. Non avere fretta, Carri\u00f3n de los Condes ha tesori storici che ti incanteranno.<\/span><\/li>\n<li style=\"font-weight: 400;\" aria-level=\"1\"><b>Connettiti con la comunit\u00e0<\/b><span style=\"font-weight: 400;\">: Interagisci con i locali per ottenere prospettive autentiche sulla vita in questo luogo. La comunit\u00e0 \u00e8 calorosa e accogliente.<\/span><\/li>\n<li style=\"font-weight: 400;\" aria-level=\"1\"><b>Prova la gastronomia locale<\/b><span style=\"font-weight: 400;\">: Assaggia piatti tipici come la morcilla di Burgos o l&#8217;agnello arrosto. La cucina locale \u00e8 un&#8217;esperienza in s\u00e9.<\/span><\/li>\n<li style=\"font-weight: 400;\" aria-level=\"1\"><b>Registra il tuo passaggio<\/b>: Assicurati di ottenere la <a href=\"https:\/\/www.mundiplus.com\/it\/blog\/como-obtener-la-compostela\">credenziale del pellegrino<\/a> e di timbrarla nei luoghi emblematici di Carri\u00f3n de los Condes. Sar\u00e0 un ricordo indimenticabile del tuo viaggio.<\/li>\n<\/ul>\n<p>&nbsp;<\/p>\n<h2>Pellegrinare su altre rotte<\/h2>\n<p>Il Cammino Francese \u00e8 sicuramente uno dei pi\u00f9 popolari, percorso ogni anno da migliaia e migliaia di pellegrini. Ma sapevi che hai un&#8217;opzione molto pi\u00f9 breve? Si tratta del <a href=\"https:\/\/www.mundiplus.com\/it\/caminos\/a-pie\/camino-frances\/camino-de-santiago-desde-sarria\">viaggio del cammino di Santiago di Compostela francese da Sarria<\/a>, che puoi fare in circa 8 giorni, l&#8217;ideale se non hai molto tempo o magari se \u00e8 la tua prima peregrinazione e hai qualche timore ad affrontare un cammino di tre settimane o pi\u00f9, partendo da <a href=\"https:\/\/www.mundiplus.com\/it\/caminos\/en-bicicleta\/camino-de-santiago-en-bici-desde-roncesvalles\">Roncesvalles<\/a>, ad esempio.<\/p>\n<p>Ti interesserebbe conoscere le radici dell&#8217;Ap\u00f3stolo in Portogallo? Ti sorprender\u00e0 sapere quanti pellegrini ogni anno scelgono di percorrere il <a href=\"https:\/\/www.mundiplus.com\/it\/caminos\/a-pie\/camino-portugues\">Cammino Portoghese a Santiago<\/a>. Partendo dalla citt\u00e0 portoghese di Porto, richiede circa due settimane di cammino, ma i paesaggi che vedrai ne varranno sicuramente la pena. Hai anche l&#8217;alternativa pi\u00f9 breve, da <a href=\"https:\/\/www.mundiplus.com\/it\/caminos\/a-pie\/camino-portugues\/camino-de-santiago-desde-tui\">Tui a Santiago de Compostela<\/a>, partendo da quella citt\u00e0 sul fiume Mi\u00f1o, a Pontevedra.<\/p>\n<p>E infine, sebbene un po&#8217; pi\u00f9 impegnativo, puoi iniziare a pianificare di fare, un giorno nella tua vita, il <a href=\"https:\/\/www.mundiplus.com\/it\/caminos\/a-pie\/camino-norte\">Cammino di Santiago di Compostela per il Nord<\/a>, una rotta sfidante ma arricchente, che ti far\u00e0 scoprire le bellezze della costa cantabrica.<\/p>\n","protected":false},"excerpt":{"rendered":"<p>Un affascinante villaggio spagnolo situato nella provincia di Palencia \u00e8 il Carri\u00f3n de los Condes. Si tratta di una destinazione ricca di storia e cultura che attrae visitatori da tutto il mondo. \u00c8 collegato al Cammino di Santiago, in particolare al Cammino Francese, un&#8217;antica via che ha segnato profondamente il pellegrinaggio dei fedeli nel corso [&hellip;]<\/p>\n","protected":false},"author":1,"featured_media":95716,"comment_status":"open","ping_status":"open","sticky":false,"template":"","format":"standard","meta":{"footnotes":""},"categories":[573,601],"tags":[],"class_list":["post-113051","post","type-post","status-publish","format-standard","has-post-thumbnail","hentry","category-blog-del-cammino","category-paesi-e-regioni"],"_links":{"self":[{"href":"https:\/\/www.mundiplus.com\/it\/wp-json\/wp\/v2\/posts\/113051","targetHints":{"allow":["GET"]}}],"collection":[{"href":"https:\/\/www.mundiplus.com\/it\/wp-json\/wp\/v2\/posts"}],"about":[{"href":"https:\/\/www.mundiplus.com\/it\/wp-json\/wp\/v2\/types\/post"}],"author":[{"embeddable":true,"href":"https:\/\/www.mundiplus.com\/it\/wp-json\/wp\/v2\/users\/1"}],"replies":[{"embeddable":true,"href":"https:\/\/www.mundiplus.com\/it\/wp-json\/wp\/v2\/comments?post=113051"}],"version-history":[{"count":0,"href":"https:\/\/www.mundiplus.com\/it\/wp-json\/wp\/v2\/posts\/113051\/revisions"}],"wp:featuredmedia":[{"embeddable":true,"href":"https:\/\/www.mundiplus.com\/it\/wp-json\/wp\/v2\/media\/95716"}],"wp:attachment":[{"href":"https:\/\/www.mundiplus.com\/it\/wp-json\/wp\/v2\/media?parent=113051"}],"wp:term":[{"taxonomy":"category","embeddable":true,"href":"https:\/\/www.mundiplus.com\/it\/wp-json\/wp\/v2\/categories?post=113051"},{"taxonomy":"post_tag","embeddable":true,"href":"https:\/\/www.mundiplus.com\/it\/wp-json\/wp\/v2\/tags?post=113051"}],"curies":[{"name":"wp","href":"https:\/\/api.w.org\/{rel}","templated":true}]}}