{"id":113222,"date":"2024-02-14T17:12:01","date_gmt":"2024-02-14T17:12:01","guid":{"rendered":"https:\/\/www.mundiplus.com\/cosa-vedere-a-fromista\/"},"modified":"2024-11-13T18:45:10","modified_gmt":"2024-11-13T18:45:10","slug":"cosa-vedere-a-fromista","status":"publish","type":"post","link":"https:\/\/www.mundiplus.com\/it\/blog\/cosa-vedere-a-fromista\/","title":{"rendered":"Cosa vedere a Fr\u00f3mista"},"content":{"rendered":"<p><span style=\"font-weight: 400;\">La tranquilla localit\u00e0 di <\/span><b>Fr\u00f3mista<\/b><span style=\"font-weight: 400;\">, situata nella provincia di Palencia, \u00e8 un incrocio di strade che ha lasciato un&#8217;impronta indelebile nel paesaggio rurale della Castiglia.<\/span><\/p>\n<p><span style=\"font-weight: 400;\">Circondata da<\/span><b> i percorsi religiosi del Cammino Francese e del Cammino Lebaniego Castellano<\/b><span style=\"font-weight: 400;\">, cos\u00ec come dalla presenza imponente del Canale di Castiglia, Fr\u00f3mista offre ai visitatori un&#8217;esperienza unica.<\/span><\/p>\n<p><span style=\"font-weight: 400;\">Resta con noi e ti descriveremo i suoi principali punti di interesse.<\/span><\/p>\n<h2><b>Storia di Fr\u00f3mista<\/b><\/h2>\n<p><span style=\"font-weight: 400;\">La storia di Fr\u00f3mista si divide in <\/span><b>due momenti chiave<\/b><span style=\"font-weight: 400;\"> che hanno influenzato il suo sviluppo.<\/span><\/p>\n<ul>\n<li style=\"font-weight: 400;\" aria-level=\"1\"><span style=\"font-weight: 400;\">Nel <\/span><b>Medioevo<\/b><span style=\"font-weight: 400;\">, il risorgere del territorio e le <\/span><a href=\"https:\/\/www.mundiplus.com\/it\/blog\/historia-del-camino-de-santiago\/it\"><span style=\"font-weight: 400;\">pellegrinaggi verso Santiago<\/span><\/a><span style=\"font-weight: 400;\"> trasformarono Fr\u00f3mista in una tappa essenziale nella Via Jacobea.<\/span><\/li>\n<li style=\"font-weight: 400;\" aria-level=\"1\"><span style=\"font-weight: 400;\">Successivamente, <\/span><b>durante l&#8217;apogeo del Canale di Castiglia nel XVIII secolo<\/b><span style=\"font-weight: 400;\">, la localit\u00e0 conobbe una rivitalizzazione economica grazie alla diversificazione agricola e al commercio.<\/span><\/li>\n<\/ul>\n<h2><b>Connessioni e come arrivare a Fr\u00f3mista<\/b><\/h2>\n<p><span style=\"font-weight: 400;\">Fr\u00f3mista, situata a circa<\/span><b> 30 chilometri a nord della capitale di Palencia<\/b><span style=\"font-weight: 400;\">, \u00e8 un incrocio di strade ben collegato.<\/span><\/p>\n<h3><b>In auto<\/b><\/h3>\n<p><span style=\"font-weight: 400;\">L&#8217;autostrada A-67, che collega la Cantabria con l&#8217;altopiano castigliano, facilita l&#8217;accesso in auto a Fr\u00f3mista. Inoltre, le strade locali permettono di arrivare da paesi vicini di interesse, come <\/span><strong>Carri\u00f3n de los Condes<\/strong><span style=\"font-weight: 400;\">.<\/span><\/p>\n<h3><b>In autobus e treno<\/b><\/h3>\n<p><span style=\"font-weight: 400;\">Per chi dipende dai mezzi pubblici, Fr\u00f3mista dispone di una <\/span><b>stazione ferroviaria che la collega a diverse citt\u00e0<\/b><span style=\"font-weight: 400;\">. Inoltre, i servizi di autobus da Palencia e <\/span><strong>Burgos<\/strong><span style=\"font-weight: 400;\"> offrono opzioni aggiuntive per arrivare alla localit\u00e0.<\/span><\/p>\n<p><img fetchpriority=\"high\" decoding=\"async\" class=\"size-full wp-image-30413 aligncenter\" src=\"https:\/\/www.mundiplus.com\/wp-content\/uploads\/2024\/04\/Fromista-plaza.jpg\" alt=\"Plaza San Mart\u00edn en Fr\u00f3mista\" width=\"1000\" height=\"667\" \/><\/p>\n<h2><b>Luoghi da non perdere a Fr\u00f3mista<\/b><\/h2>\n<p><span style=\"font-weight: 400;\">Ecco alcune delle migliori opzioni da considerare durante la tua passeggiata.<\/span><\/p>\n<h3><b>Chiesa di San Mart\u00edn de Tours<\/b><\/h3>\n<p><span style=\"font-weight: 400;\">Il monumento pi\u00f9 importante di Fr\u00f3mista \u00e8 la <\/span><b>chiesa di San Mart\u00edn de Tours<\/b><span style=\"font-weight: 400;\">. Considerata una <\/span><b>gemma del romanico<\/b><span style=\"font-weight: 400;\"> castigliano ed europeo, questa chiesa, <\/span><b>iniziata nel secolo XI per ordine di Do\u00f1a Mayor di Castiglia<\/b><span style=\"font-weight: 400;\">, ha subito trasformazioni nel tempo.<\/span><\/p>\n<p><span style=\"font-weight: 400;\">Nonostante fosse in rovina nel XIX secolo, la sua dichiarazione come Monumento Nazionale ha permesso la sua restaurazione, rivelando dettagli architettonici come capitelli e modanature.<\/span><\/p>\n<h3><b>Lettere di Fr\u00f3mista<\/b><\/h3>\n<p><span style=\"font-weight: 400;\">Nella Plaza de San Mart\u00edn, accanto alla chiesa omonima, si trovano le lettere di Fr\u00f3mista, <\/span><b>un luogo ideale per catturare ricordi<\/b><span style=\"font-weight: 400;\">. Qui si trova anche il <\/span><b>logo del Patrimonio Mondiale dell&#8217;UNESCO<\/b><span style=\"font-weight: 400;\">, conferito al Cammino Francese nel 1993 e a tutti i Cammini di Santiago nel 2015.<\/span><\/p>\n<h3><b>Vestigia &#8211; Il miracolo del Cammino<\/b><\/h3>\n<p><span style=\"font-weight: 400;\">La chiesa di Santa Mar\u00eda del Castillo ospita &#8220;<\/span><b>Vestigia, il miracolo del Cammino<\/b><span style=\"font-weight: 400;\">&#8220;, una mostra che rende omaggio al Cammino di Santiago. Attraverso immagini, luci e suoni,<\/span><b> la mostra racconta le leggende della Via Jacobea<\/b><span style=\"font-weight: 400;\">, immergendo i visitatori nella storia che circonda il Cammino.<\/span><\/p>\n<h3><b>Chiesa di San Pedro<\/b><\/h3>\n<p><span style=\"font-weight: 400;\">Un&#8217;altra tappa essenziale \u00e8 la <\/span><b>Chiesa di San Pedro<\/b><span style=\"font-weight: 400;\">, l&#8217;attuale chiesa parrocchiale, <\/span><b>costruita nel XV secolo<\/b><span style=\"font-weight: 400;\">. Al suo interno ospita il <\/span><b>Museo di Arte Sacra<\/b><span style=\"font-weight: 400;\">, che espone tavole hispano-fiamminghe e altre opere d&#8217;arte di interesse.<\/span><\/p>\n<h3><b>Canale di Castiglia<\/b><\/h3>\n<p><span style=\"font-weight: 400;\">Non si pu\u00f2 lasciare Fr\u00f3mista senza esplorare le rive del <\/span><b>Canale di Castiglia<\/b><span style=\"font-weight: 400;\">, una straordinaria opera di ingegneria del <\/span><b>XVIII secolo<\/b><span style=\"font-weight: 400;\">. Nonostante non sia stato completato, il canale \u00e8 ancora un elemento distintivo del paesaggio. Qui si distingue una chiusa quadrupla, <\/span><b>unica nel suo genere lungo il canale<\/b><span style=\"font-weight: 400;\">.<\/span><\/p>\n<p><img decoding=\"async\" class=\"size-full wp-image-30414 aligncenter\" src=\"https:\/\/www.mundiplus.com\/wp-content\/uploads\/2024\/04\/Fromista-canal-de-castilla.jpg\" alt=\"Canale di Castiglia a Fr\u00f3mista\" width=\"1000\" height=\"668\" \/><\/p>\n<h2><b>Percorsi di pellegrini e rotte religiose a Fr\u00f3mista<\/b><\/h2>\n<p><span style=\"font-weight: 400;\">Questa citt\u00e0 \u00e8 un punto chiave nella via jacobea e in altre peregrinazioni. Se decidi di affrontare il viaggio in modo organizzato con una delle <\/span><a href=\"https:\/\/www.mundiplus.com\/it\/\"><span style=\"font-weight: 400;\">agenzie di viaggi per il cammino di Santiago<\/span><\/a><span style=\"font-weight: 400;\">, sarebbe una decisione saggia, soprattutto se \u00e8 la tua prima volta.<\/span><\/p>\n<p><span style=\"font-weight: 400;\">Se vuoi informazioni dettagliate sui percorsi e su come pianificare il tuo viaggio, su <\/span><b>MundiPlus<\/b><span style=\"font-weight: 400;\"> ti offriamo consulenza personalizzata e tutto ci\u00f2 che devi sapere per vivere la tua esperienza al massimo.<\/span><\/p>\n<h3><b>Cammino Lebaniego Castellano<\/b><\/h3>\n<p><span style=\"font-weight: 400;\">Meno conosciuto ma altrettanto affascinante, il Cammino Lebaniego Castellano collega Fr\u00f3mista con il Monastero di Li\u00e9bana in Cantabria. Questa rotta di pellegrinaggio, <\/span><b>con 500 anni di storia<\/b><span style=\"font-weight: 400;\">, termina a Fr\u00f3mista come la seconda tappa che inizia ad Amayuelas de Abajo.<\/span><\/p>\n<h3><b>Cammino di Santiago Francese<\/b><\/h3>\n<p><span style=\"font-weight: 400;\">La localit\u00e0 \u00e8 parte integrante del <\/span><a href=\"https:\/\/www.mundiplus.com\/it\/caminos\/a-pie\/camino-frances\"><span style=\"font-weight: 400;\">Cammino Francese per Santiago<\/span><\/a><span style=\"font-weight: 400;\">, e <\/span><b>attira pellegrini da tutto il mondo<\/b><span style=\"font-weight: 400;\">. La sua posizione strategica fa di Fr\u00f3mista la fine della tappa che inizia a <\/span><strong>Castrojeriz<\/strong><span style=\"font-weight: 400;\">, permettendo ai pellegrini di immergersi nella storia ricca e nei paesaggi agricoli.<\/span><\/p>\n<h3><b>Verso Santiago con diverse rotte<\/b><\/h3>\n<p><span style=\"font-weight: 400;\">Oltre al Cammino Francese, ricco di storia e tradizioni, forse ti interesser\u00e0 conoscere le altre tre rotte preferite da molti pellegrini spagnoli e di altri paesi che arrivano in cerca di avventura e spiritualit\u00e0:<\/span><\/p>\n<ul>\n<li style=\"font-weight: 400;\" aria-level=\"1\"><span style=\"font-weight: 400;\">Il<\/span> <a href=\"https:\/\/www.mundiplus.com\/it\/caminos\/a-pie\/camino-portugues-costa\"><span style=\"font-weight: 400;\">Cammino Portoghese della Costa<\/span><\/a><span style=\"font-weight: 400;\">, da Porto (Portogallo), passando per Viana do Castelo e Vigo.<\/span><\/li>\n<li style=\"font-weight: 400;\" aria-level=\"1\"><span style=\"font-weight: 400;\">Il<\/span><a href=\"https:\/\/www.mundiplus.com\/it\/caminos\/a-pie\/camino-portugues\/camino-de-santiago-desde-tui\"> <span style=\"font-weight: 400;\">Cammino Portoghese di Tui<\/span><\/a><span style=\"font-weight: 400;\">, che puoi percorrere in circa 8 giorni.<\/span><\/li>\n<li style=\"font-weight: 400;\" aria-level=\"1\"><span style=\"font-weight: 400;\">Il<\/span><a href=\"https:\/\/www.mundiplus.com\/it\/caminos\/a-pie\/camino-norte\"> <span style=\"font-weight: 400;\">Cammino del Nord<\/span><\/a><span style=\"font-weight: 400;\">, che percorre la costa cantabrica da est a ovest.<\/span><\/li>\n<\/ul>\n<h2><b>Soggiorno a Fr\u00f3mista<\/b><\/h2>\n<p><span style=\"font-weight: 400;\">Ora torniamo alla citt\u00e0 di Palencia che ci interessa. Sia per fughe brevi che per chi percorre i cammini di pellegrinaggio, Fr\u00f3mista offre diverse opzioni di soggiorno, da hotel a ostelli. L&#8217;<\/span><b>Ostello Luz de Fr\u00f3mista<\/b><span style=\"font-weight: 400;\">, situato sulla via principale, \u00e8 particolarmente popolare tra i pellegrini, offrendo i comfort necessari per i camminatori.<\/span><\/p>\n<p><img decoding=\"async\" class=\"size-full wp-image-30412 aligncenter\" src=\"https:\/\/www.mundiplus.com\/wp-content\/uploads\/2024\/04\/Fromista-peregrino.jpg\" alt=\"Pellegrino a Fr\u00f3mista\" width=\"1000\" height=\"667\" \/><\/p>\n<h2><b>Una destinazione imperdibile a Palencia<\/b><\/h2>\n<p><span style=\"font-weight: 400;\">Con la sua ricca storia, monumenti di rilievo e il suo ruolo vitale nelle rotte religiose, Fr\u00f3mista \u00e8 indiscutibilmente una destinazione imperdibile nella provincia di Palencia.<\/span><\/p>\n<p><span style=\"font-weight: 400;\">Sia che esplori l&#8217;<\/span><a href=\"https:\/\/www.mundiplus.com\/it\/blog\/romanico-en-el-camino-frances\/it\"><span style=\"font-weight: 400;\">architettura romanica<\/span><\/a><span style=\"font-weight: 400;\">, segua i passi dei pellegrini<\/span> <span style=\"font-weight: 400;\">o goda il paesaggio del Canale di Castiglia, offre un&#8217;<\/span><b>esperienza unica<\/b><span style=\"font-weight: 400;\"> che invita a immergersi nel passato e nel presente.<\/span><\/p>\n<p><span style=\"font-weight: 400;\">Contattaci ora per pianificare il tuo viaggio a Santiago passando per Fr\u00f3mista e vivere al massimo l&#8217;esperienza. Anche se non volessi o non potessi iniziare il tuo cammino dalla provincia di Palencia, hai una via molto pi\u00f9 corta, partendo da Lugo, per fare il <\/span><a href=\"https:\/\/www.mundiplus.com\/it\/caminos\/a-pie\/camino-frances\/camino-de-santiago-desde-sarria\"><span style=\"font-weight: 400;\">Cammino di Santiago Francese da Sarria<\/span><\/a><span style=\"font-weight: 400;\">, un&#8217;esperienza che combina l&#8217;avventura del trekking con la spiritualit\u00e0.<\/span><\/p>\n","protected":false},"excerpt":{"rendered":"<p>La tranquilla localit\u00e0 di Fr\u00f3mista, situata nella provincia di Palencia, \u00e8 un incrocio di strade che ha lasciato un&#8217;impronta indelebile nel paesaggio rurale della Castiglia. Circondata da i percorsi religiosi del Cammino Francese e del Cammino Lebaniego Castellano, cos\u00ec come dalla presenza imponente del Canale di Castiglia, Fr\u00f3mista offre ai visitatori un&#8217;esperienza unica. Resta con [&hellip;]<\/p>\n","protected":false},"author":1,"featured_media":95858,"comment_status":"open","ping_status":"open","sticky":false,"template":"","format":"standard","meta":{"footnotes":""},"categories":[573,585],"tags":[],"class_list":["post-113222","post","type-post","status-publish","format-standard","has-post-thumbnail","hentry","category-blog-del-cammino","category-storia"],"_links":{"self":[{"href":"https:\/\/www.mundiplus.com\/it\/wp-json\/wp\/v2\/posts\/113222","targetHints":{"allow":["GET"]}}],"collection":[{"href":"https:\/\/www.mundiplus.com\/it\/wp-json\/wp\/v2\/posts"}],"about":[{"href":"https:\/\/www.mundiplus.com\/it\/wp-json\/wp\/v2\/types\/post"}],"author":[{"embeddable":true,"href":"https:\/\/www.mundiplus.com\/it\/wp-json\/wp\/v2\/users\/1"}],"replies":[{"embeddable":true,"href":"https:\/\/www.mundiplus.com\/it\/wp-json\/wp\/v2\/comments?post=113222"}],"version-history":[{"count":0,"href":"https:\/\/www.mundiplus.com\/it\/wp-json\/wp\/v2\/posts\/113222\/revisions"}],"wp:featuredmedia":[{"embeddable":true,"href":"https:\/\/www.mundiplus.com\/it\/wp-json\/wp\/v2\/media\/95858"}],"wp:attachment":[{"href":"https:\/\/www.mundiplus.com\/it\/wp-json\/wp\/v2\/media?parent=113222"}],"wp:term":[{"taxonomy":"category","embeddable":true,"href":"https:\/\/www.mundiplus.com\/it\/wp-json\/wp\/v2\/categories?post=113222"},{"taxonomy":"post_tag","embeddable":true,"href":"https:\/\/www.mundiplus.com\/it\/wp-json\/wp\/v2\/tags?post=113222"}],"curies":[{"name":"wp","href":"https:\/\/api.w.org\/{rel}","templated":true}]}}