{"id":113290,"date":"2025-01-11T15:24:07","date_gmt":"2025-01-11T15:24:07","guid":{"rendered":"https:\/\/www.mundiplus.com\/?p=113290"},"modified":"2025-01-11T15:36:24","modified_gmt":"2025-01-11T15:36:24","slug":"cosa-vedere-a-lalin","status":"publish","type":"post","link":"https:\/\/www.mundiplus.com\/it\/cosa-vedere-a-lalin\/","title":{"rendered":"Cosa vedere a Lal\u00edn"},"content":{"rendered":"<p><img fetchpriority=\"high\" decoding=\"async\" class=\"alignnone wp-image-113244 size-full\" src=\"https:\/\/www.mundiplus.com\/wp-content\/uploads\/2024\/11\/Lalin-Mundiplus.jpg\" alt=\"\" width=\"1024\" height=\"680\" srcset=\"https:\/\/www.mundiplus.com\/wp-content\/uploads\/2024\/11\/Lalin-Mundiplus.jpg 1024w, https:\/\/www.mundiplus.com\/wp-content\/uploads\/2024\/11\/Lalin-Mundiplus-300x199.jpg 300w, https:\/\/www.mundiplus.com\/wp-content\/uploads\/2024\/11\/Lalin-Mundiplus-768x510.jpg 768w, https:\/\/www.mundiplus.com\/wp-content\/uploads\/2024\/11\/Lalin-Mundiplus-600x398.jpg 600w\" sizes=\"(max-width: 1024px) 100vw, 1024px\" \/><\/p>\n<p><span style=\"font-weight: 400;\">Situata nella provincia di Pontevedra, <\/span><b>Lal\u00edn<\/b><span style=\"font-weight: 400;\"> \u00e8 una tappa obbligatoria per chi desidera immergersi nella cultura, gastronomia e paesaggi che questa regione ha da offrire. Conosciuta come il <\/span><b>chilometro zero della Galizia<\/b><span style=\"font-weight: 400;\">, \u00e8 un punto strategico nel Cammino di Santiago, in particolare sulla <\/span><b>Via de la Plata<\/b><span style=\"font-weight: 400;\">.<\/span><\/p>\n<p><span style=\"font-weight: 400;\">Come esperti in <\/span><a href=\"https:\/\/www.mundiplus.com\/it\/\"><b>servizi per il Cammino di Santiago<\/b><\/a> <span style=\"font-weight: 400;\">desideriamo mostrarti informazioni complete su questa localit\u00e0, affinch\u00e9 tu possa scoprire cosa ha da offrire quando ci passerai. Prima, vogliamo darti alcuni motivi per scegliere la Via de la Plata nella tua peregrinazione verso Santiago.\u00a0<\/span><\/p>\n<p>&nbsp;<\/p>\n<h2><b>Perch\u00e9 scegliere la Via de la Plata?<\/b><\/h2>\n<ul>\n<li style=\"font-weight: 400;\" aria-level=\"1\"><span style=\"font-weight: 400;\">La Via de la Plata \u00e8 una rotta che si distingue per la sua <\/span><b>lunghezza e diversit\u00e0 di paesaggi<\/b><span style=\"font-weight: 400;\">, dalle pianure andaluse fino alle montagne galiziane. Al contrario, il Cammino Primitivo, considerato il pi\u00f9 antico, offre un percorso fisicamente pi\u00f9 impegnativo, paesaggi montuosi mozzafiato e una profonda connessione storica.\u00a0<\/span><\/li>\n<\/ul>\n<p><span style=\"font-weight: 400;\">Per maggiori dettagli, puoi consultare le <\/span><a href=\"https:\/\/www.mundiplus.com\/it\/caminos\/a-pie\/camino-primitivo\/\"><b>informazioni sul Cammino Primitivo<\/b><\/a><span style=\"font-weight: 400;\">.<\/span><\/p>\n<ul>\n<li style=\"font-weight: 400;\" aria-level=\"1\"><span style=\"font-weight: 400;\">Il <\/span><a href=\"https:\/\/www.mundiplus.com\/it\/caminos\/a-pie\/camino-ingles\/\"><b>Cammino Inglese completo<\/b><\/a><span style=\"font-weight: 400;\"> \u00e8 un percorso pi\u00f9 breve rispetto alla Via de la Plata, ideale per chi ha meno tempo. Mentre la Via de la Plata <\/span><b>attraversa l&#8217;interno della Spagna<\/b><span style=\"font-weight: 400;\">, questa alternativa offre viste sulla costa e un&#8217;esperienza diversa. Entrambe le rotte hanno il loro fascino e offrono opportunit\u00e0 uniche per l&#8217;introspezione e la scoperta culturale.\u00a0<\/span><\/li>\n<\/ul>\n<p><span style=\"font-weight: 400;\">Per informazioni pi\u00f9 complete, scopri di pi\u00f9 sul <\/span><a href=\"https:\/\/www.mundiplus.com\/it\/caminos\/a-pie\/camino-ingles\/camino-de-santiago-desde-ferrol\/\"><b>percorso del Cammino Inglese da Ferrol<\/b><\/a><span style=\"font-weight: 400;\">.<\/span><\/p>\n<ul>\n<li style=\"font-weight: 400;\" aria-level=\"1\"><span style=\"font-weight: 400;\">Il <\/span><a href=\"https:\/\/www.mundiplus.com\/it\/caminos\/a-pie\/camino-finisterre\/camino-de-santiago-a-finisterre\/\"><b>percorso da Santiago a Finisterre<\/b><\/a><span style=\"font-weight: 400;\"> \u00e8 un&#8217;estensione che porta i pellegrini fino alla &#8220;Costa da Morte&#8221;, considerata l&#8217;anticamente il fine del mondo. Mentre la Via de la Plata \u00e8 un cammino di arrivo a Santiago,<\/span><b> questo cammino \u00e8 una continuazione<\/b><span style=\"font-weight: 400;\"> che offre paesaggi costieri e un simbolismo speciale.\u00a0<\/span><\/li>\n<li style=\"font-weight: 400;\" aria-level=\"1\"><span style=\"font-weight: 400;\">Il Cammino Francese \u00e8 il percorso pi\u00f9 popolare. Questo tratto \u00e8 famoso per la sua bellezza naturale e la sua ricchezza storica. Rispetto alla Via de la Plata, che \u00e8 pi\u00f9 lunga e <\/span><b>meno affollata<\/b><span style=\"font-weight: 400;\">, le sue tappe offrono un&#8217;esperienza pi\u00f9 sociale e condivisa tra i pellegrini.\u00a0<\/span><\/li>\n<\/ul>\n<p><span style=\"font-weight: 400;\">Per pianificare il tuo viaggio, consulta le <\/span><a href=\"https:\/\/www.mundiplus.com\/it\/caminos\/a-pie\/camino-frances\/camino-de-santiago-desde-o-cebreiro\/\"><b>tappe da O Cebreiro<\/b><\/a><span style=\"font-weight: 400;\">.<\/span><\/p>\n<p>&nbsp;<\/p>\n<h2><b>Cosa vedere a Lal\u00edn?<\/b><\/h2>\n<h3><b>Chiesa Parrocchiale di Lal\u00edn<\/b><\/h3>\n<p><img decoding=\"async\" class=\"alignnone wp-image-113256 size-full\" src=\"https:\/\/www.mundiplus.com\/wp-content\/uploads\/2024\/11\/Iglesia-Parroquial-de-Lalin-Mundiplus.jpg\" alt=\"\" width=\"1024\" height=\"768\" srcset=\"https:\/\/www.mundiplus.com\/wp-content\/uploads\/2024\/11\/Iglesia-Parroquial-de-Lalin-Mundiplus.jpg 1024w, https:\/\/www.mundiplus.com\/wp-content\/uploads\/2024\/11\/Iglesia-Parroquial-de-Lalin-Mundiplus-300x225.jpg 300w, https:\/\/www.mundiplus.com\/wp-content\/uploads\/2024\/11\/Iglesia-Parroquial-de-Lalin-Mundiplus-768x576.jpg 768w, https:\/\/www.mundiplus.com\/wp-content\/uploads\/2024\/11\/Iglesia-Parroquial-de-Lalin-Mundiplus-600x450.jpg 600w\" sizes=\"(max-width: 1024px) 100vw, 1024px\" \/><\/p>\n<p><span style=\"font-weight: 400;\">La <\/span><b>Chiesa di San Marti\u00f1o di Lal\u00edn<\/b><span style=\"font-weight: 400;\"> \u00e8 un esempio notevole di architettura religiosa che combina stili <\/span><b>barocchi e neoclassici<\/b><span style=\"font-weight: 400;\">. Costruita nel <\/span><b> XVIII secolo<\/b><span style=\"font-weight: 400;\">, la sua facciata e il suo discreto campanile offrono una vista impressionante che domina il paesaggio urbano.\u00a0<\/span><\/p>\n<p><span style=\"font-weight: 400;\">Al suo interno, ospita preziose opere d&#8217;arte sacra, come altari scolpiti e dipinti a olio che riflettono la devozione e la storia della comunit\u00e0 locale. Le vetrate colorate filtrano la luce creando un&#8217;atmosfera di serenit\u00e0 che invita alla riflessione.<\/span><\/p>\n<p>&nbsp;<\/p>\n<h3><b> Museo Municipale Ram\u00f3n Mar\u00eda Aller Ulloa<\/b><\/h3>\n<p><img decoding=\"async\" class=\"alignnone wp-image-113250 size-full\" src=\"https:\/\/www.mundiplus.com\/wp-content\/uploads\/2024\/11\/Museo-Municipal-Ramon-Maria-Aller-Ulloa-Mundiplus.jpg\" alt=\"\" width=\"1024\" height=\"768\" srcset=\"https:\/\/www.mundiplus.com\/wp-content\/uploads\/2024\/11\/Museo-Municipal-Ramon-Maria-Aller-Ulloa-Mundiplus.jpg 1024w, https:\/\/www.mundiplus.com\/wp-content\/uploads\/2024\/11\/Museo-Municipal-Ramon-Maria-Aller-Ulloa-Mundiplus-300x225.jpg 300w, https:\/\/www.mundiplus.com\/wp-content\/uploads\/2024\/11\/Museo-Municipal-Ramon-Maria-Aller-Ulloa-Mundiplus-768x576.jpg 768w, https:\/\/www.mundiplus.com\/wp-content\/uploads\/2024\/11\/Museo-Municipal-Ramon-Maria-Aller-Ulloa-Mundiplus-600x450.jpg 600w\" sizes=\"(max-width: 1024px) 100vw, 1024px\" \/><\/p>\n<p><span style=\"font-weight: 400;\">Questo museo rende omaggio al famoso astronomo e matematico Ram\u00f3n Mar\u00eda Aller Ulloa, originario di questa localit\u00e0. Qui, i visitatori possono esplorare <\/span><b>mostre dedicate alle sue contribuzioni scientifiche<\/b><span style=\"font-weight: 400;\">, inclusi strumenti astronomici originali e documenti storici.\u00a0<\/span><\/p>\n<p><span style=\"font-weight: 400;\">Inoltre, il museo ospita collezioni di arte contemporanea ed etnografia che raccontano l&#8217;evoluzione culturale della regione.\u00a0<\/span><\/p>\n<p>&nbsp;<\/p>\n<h3><b>Parco Loriga<\/b><\/h3>\n<p><span style=\"font-weight: 400;\">Il <\/span><b>Parco Loriga<\/b><span style=\"font-weight: 400;\"> \u00e8 uno spazio verde ideale per il riposo e il relax. Con ampie aree giardinate, stagni e zone giochi per bambini, \u00e8 il luogo perfetto per godersi una passeggiata tranquilla immersi nella natura, sia da soli che in famiglia. Il luogo \u00e8 dotato di sentieri ombreggiati da alberi secolari e aree picnic che invitano a trascorrere una giornata all&#8217;aria aperta.\u00a0<\/span><\/p>\n<p>&nbsp;<\/p>\n<h3><b>Passeggiata Fluviale del Fiume Ponti\u00f1as<\/b><\/h3>\n<p><span style=\"font-weight: 400;\">Questo sentiero lungo il Fiume Ponti\u00f1as offre un&#8217;esperienza rilassante tra flora e fauna autoctone. Con <\/span><b>pi\u00f9 di 7 chilometri<\/b><span style=\"font-weight: 400;\"> di percorso, \u00e8 una via accessibile che permette ai pellegrini di connettersi con l&#8217;ambiente naturale, osservando uccelli e godendo del suono rilassante dell&#8217;acqua corrente. Il cammino \u00e8 attrezzato con ponti di legno, aree di sosta e pannelli informativi sulla biodiversit\u00e0 locale.<\/span><\/p>\n<p>&nbsp;<\/p>\n<h2><b>Gastronomia tipica di Lal\u00edn<\/b><\/h2>\n<p><span style=\"font-weight: 400;\">Il <\/span><b>Cocido de Lal\u00edn<\/b><span style=\"font-weight: 400;\"> \u00e8 senza dubbio il piatto principale della gastronomia locale. Questo succulento stufato, preparato con carne, salumi, verdure e legumi, \u00e8 un <\/span><b>simbolo della tradizione culinaria galiziana<\/b><span style=\"font-weight: 400;\">. La sua importanza \u00e8 tale che ogni anno si celebra la <\/span><b>famosa Fiera del Cocido<\/b><span style=\"font-weight: 400;\">, che attira appassionati della buona tavola da ogni parte.<\/span><\/p>\n<p><span style=\"font-weight: 400;\">Inoltre, questa zona \u00e8 conosciuta per i suoi <\/span><b>salumi artigianali, formaggi di alta qualit\u00e0 e miele puro della regione<\/b><span style=\"font-weight: 400;\">. Questi prodotti riflettono la ricchezza dell&#8217;ambiente rurale e la dedizione dei produttori locali.<\/span><\/p>\n<p>&nbsp;<\/p>\n<h2><b>Attivit\u00e0 all&#8217;aperto e natura<\/b><\/h2>\n<ul>\n<li aria-level=\"1\"><b>Sentieri escursionistici<\/b><span style=\"font-weight: 400;\">.<\/span> <span style=\"font-weight: 400;\">Per gli amanti delle escursioni, il sentiero PR-G 199 &#8220;Senda del Deza&#8221; \u00e8 un&#8217;ottima opzione. Questo percorso attraversa paesaggi mozzafiato, tra cui foreste rigogliose e panorami che catturano l&#8217;essenza naturale della regione.<\/span><\/li>\n<\/ul>\n<ul>\n<li aria-level=\"1\"><b>Aree naturali<\/b><span style=\"font-weight: 400;\">.<\/span> <span style=\"font-weight: 400;\">La Sierra del Cand\u00e1n \u00e8 un&#8217;altra perla naturale nelle vicinanze di Lal\u00edn. Questo spazio protetto ospita una biodiversit\u00e0 notevole, con specie di flora e fauna uniche che deliziano biologi e appassionati di natura.<\/span><\/li>\n<\/ul>\n<ul>\n<li aria-level=\"1\"><b>Sport e avventura.<\/b><span style=\"font-weight: 400;\"> Lal\u00edn offre opportunit\u00e0 per il ciclismo montano e il turismo equestre. Esistono percorsi segnalati e centri specializzati che facilitano la pratica di queste attivit\u00e0, permettendo di esplorare l&#8217;ambiente in modo attivo ed emozionante.<\/span><\/li>\n<\/ul>\n<p>&nbsp;<\/p>\n<h2><b>Cultura e tradizioni<\/b><\/h2>\n<p><span style=\"font-weight: 400;\">Le feste patronali e gli eventi culturali sono una parte integrante della vita a Lal\u00edn. Spiccano celebrazioni come le <\/span><b>Feste di San Ram\u00f3n e quelle di Nostra Signora delle Dores<\/b><span style=\"font-weight: 400;\">, che includono processioni, musica tradizionale e attivit\u00e0 comunitarie.<\/span><\/p>\n<p><span style=\"font-weight: 400;\">I <\/span><b>mercati tradizionali<\/b><span style=\"font-weight: 400;\"> sono luoghi dove \u00e8 possibile apprezzare e acquistare artigianato locale. Dai lavori in legno ai tessuti e ceramiche, questi prodotti riflettono il talento e la creativit\u00e0 degli artigiani della regione.<\/span><\/p>\n<p>&nbsp;<\/p>\n<p><span style=\"font-weight: 400;\">Lal\u00edn \u00e8 molto pi\u00f9 di un punto sulla mappa, \u00e8 un luogo dove convergono storia, cultura e natura della Galizia. Che tu stia gustando la sua ricca gastronomia, esplorando i suoi paesaggi o immergendoti nelle sue tradizioni, offre esperienze indimenticabili. Non perdere l&#8217;opportunit\u00e0 di scoprire tutto ci\u00f2 che questa affascinante localit\u00e0 ha da offrire nella tua peregrinazione a Santiago.<\/span><\/p>\n<p>&nbsp;<\/p>\n","protected":false},"excerpt":{"rendered":"<p>Situata nella provincia di Pontevedra, Lal\u00edn \u00e8 una tappa obbligatoria per chi desidera immergersi nella cultura, gastronomia e paesaggi che questa regione ha da offrire. Conosciuta come il chilometro zero della Galizia, \u00e8 un punto strategico nel Cammino di Santiago, in particolare sulla Via de la Plata. Come esperti in servizi per il Cammino di [&hellip;]<\/p>\n","protected":false},"author":1,"featured_media":113248,"comment_status":"open","ping_status":"open","sticky":false,"template":"","format":"standard","meta":{"footnotes":""},"categories":[573,601,605,585],"tags":[],"class_list":["post-113290","post","type-post","status-publish","format-standard","has-post-thumbnail","hentry","category-blog-del-cammino","category-paesi-e-regioni","category-siti-iconici","category-storia"],"_links":{"self":[{"href":"https:\/\/www.mundiplus.com\/it\/wp-json\/wp\/v2\/posts\/113290","targetHints":{"allow":["GET"]}}],"collection":[{"href":"https:\/\/www.mundiplus.com\/it\/wp-json\/wp\/v2\/posts"}],"about":[{"href":"https:\/\/www.mundiplus.com\/it\/wp-json\/wp\/v2\/types\/post"}],"author":[{"embeddable":true,"href":"https:\/\/www.mundiplus.com\/it\/wp-json\/wp\/v2\/users\/1"}],"replies":[{"embeddable":true,"href":"https:\/\/www.mundiplus.com\/it\/wp-json\/wp\/v2\/comments?post=113290"}],"version-history":[{"count":0,"href":"https:\/\/www.mundiplus.com\/it\/wp-json\/wp\/v2\/posts\/113290\/revisions"}],"wp:featuredmedia":[{"embeddable":true,"href":"https:\/\/www.mundiplus.com\/it\/wp-json\/wp\/v2\/media\/113248"}],"wp:attachment":[{"href":"https:\/\/www.mundiplus.com\/it\/wp-json\/wp\/v2\/media?parent=113290"}],"wp:term":[{"taxonomy":"category","embeddable":true,"href":"https:\/\/www.mundiplus.com\/it\/wp-json\/wp\/v2\/categories?post=113290"},{"taxonomy":"post_tag","embeddable":true,"href":"https:\/\/www.mundiplus.com\/it\/wp-json\/wp\/v2\/tags?post=113290"}],"curies":[{"name":"wp","href":"https:\/\/api.w.org\/{rel}","templated":true}]}}