{"id":113329,"date":"2024-01-16T18:42:44","date_gmt":"2024-01-16T18:42:44","guid":{"rendered":"https:\/\/www.mundiplus.com\/cosa-vedere-a-villafranca-del-bierzo\/"},"modified":"2024-11-14T15:33:44","modified_gmt":"2024-11-14T15:33:44","slug":"cosa-vedere-a-villafranca-del-bierzo","status":"publish","type":"post","link":"https:\/\/www.mundiplus.com\/it\/blog\/villafranca-del-bierzo\/","title":{"rendered":"Cosa vedere a Villafranca del Bierzo"},"content":{"rendered":"<p><span style=\"font-weight: 400;\">A una distanza di <\/span><b>132 km dalla citt\u00e0 di <\/b><a href=\"https:\/\/www.mundiplus.com\/it\/blog\/que-ver-en-leon\"><b>Le\u00f3n<\/b><\/a><span style=\"font-weight: 400;\">, questo incantevole e pittoresco paese ti invita al riposo e alla disconnessione, poich\u00e9 qui sembra che il tempo si sia fermato. La sua storia risale all&#8217;epoca romana, che, grazie alla sua posizione geografica strategica,<\/span> <span style=\"font-weight: 400;\">\u00e8 stata <\/span><b>sempre legata a conflitti bellici.<\/b><\/p>\n<p><span style=\"font-weight: 400;\">Durante questo periodo, Villafranca del Bierzo era un forte militare che serviva a <\/span><b>proteggere la conosciuta strada dell&#8217;oro<\/b><span style=\"font-weight: 400;\">. Successivamente, dato che si trova proprio all&#8217;<\/span><b>inizio della valle del fiume Valcarce,<\/b><span style=\"font-weight: 400;\"> il paese \u00e8 diventato un passo obbligato per i pellegrini diretti a Compostela da Le\u00f3n.<\/span><\/p>\n<p><span style=\"font-weight: 400;\">Che tu faccia il pellegrinaggio da solo o tramite una delle <\/span><a href=\"https:\/\/www.mundiplus.com\/it\/\"><span style=\"font-weight: 400;\">agenzie di viaggio per il Cammino di Santiago<\/span><\/a><span style=\"font-weight: 400;\">, se percorri la <\/span><a href=\"https:\/\/www.mundiplus.com\/it\/caminos\/a-pie\/camino-frances\"><span style=\"font-weight: 400;\">via francese<\/span><\/a><span style=\"font-weight: 400;\"> da Le\u00f3n, passerai per questa pittoresca citt\u00e0.<\/span><\/p>\n<p><span style=\"font-weight: 400;\">Tra i luoghi che potrai visitare a Villafranca del Bierzo ci sono:<\/span><\/p>\n<h2><b>La Chiesa di Santiago Apostolo<\/b><\/h2>\n<p><span style=\"font-weight: 400;\">Questo \u00e8 uno dei monumenti pi\u00f9 importanti di questa via jacobea.<\/span> <span style=\"font-weight: 400;\">Fu costruita nel <\/span><b>XII secolo.<\/b><span style=\"font-weight: 400;\"> A quel tempo, il vescovo di Astorga chiese al Papa un permesso speciale per costruire un tempio in onore dell&#8217;Apostolo Santiago. Era destinata a quei <\/span><b>pellegrini che, per motivi di salute, non potevano arrivare a Compostela, ma che comunque potevano ottenere il Giubileo.<\/b><\/p>\n<p><span style=\"font-weight: 400;\">I pellegrini devono attraversare la famosa <\/span><b>Porta del Perdono<\/b><span style=\"font-weight: 400;\">, che si apre solo durante il Giubileo. Come curiosit\u00e0, devi sapere che \u00e8 rimasta <\/span><b>chiusa durante i secoli XIX e XX<\/b><span style=\"font-weight: 400;\"> a causa della peste che colp\u00ec la zona, oltre che per i saccheggi.<\/span><\/p>\n<p><span style=\"font-weight: 400;\">Si tratta di un tempio a navata unica, con archi a tutto sesto. Al suo interno potrai vedere la testata, con l&#8217;abside tipico di questo tipo di chiese, a tamburo, oltre a un Cristo Crocifisso di dimensioni naturali che risale al XIV secolo.<\/span><\/p>\n<p><img fetchpriority=\"high\" decoding=\"async\" class=\"size-full wp-image-30405 aligncenter\" src=\"https:\/\/www.mundiplus.com\/wp-content\/uploads\/2024\/04\/Villafranca-bierzo-iglesia-santiago-apostol.jpg\" alt=\"Iglesia de Santiago Ap\u00f3stol en Villafranca del Bierzo\" width=\"1000\" height=\"667\" \/><\/p>\n<h2><b>Castello dei Marchesi di Villafranca<\/b><\/h2>\n<p><span style=\"font-weight: 400;\">Si tratta di un <\/span><b>castello a pianta quadrata<\/b><span style=\"font-weight: 400;\"> con ampie torri circolari agli angoli. Fu costruito all&#8217;<\/span><b>inizio del XVI secolo dal II Marchese di Villafranca<\/b><span style=\"font-weight: 400;\">. Oggi \u00e8 una propriet\u00e0 privata e purtroppo non possiamo conoscerne l&#8217;interno.<\/span><\/p>\n<p><span style=\"font-weight: 400;\">Questa costruzione sorse <\/span><b>su quelle che erano le rovine di un castello pi\u00f9 antico chiamato <\/b><b><i>La Fuerza. <\/i><\/b><span style=\"font-weight: 400;\">Durante l&#8217;invasione francese, fu <\/span><b>saccheggiato dagli inglesi<\/b><span style=\"font-weight: 400;\"> che fuggivano verso Lugo e successivamente, <\/span><b>le truppe francesi lo distrussero<\/b><span style=\"font-weight: 400;\"> e incendiarono tutto al loro passaggio.<\/span><\/p>\n<h2><b>La Chiesa di San Francesco<\/b><\/h2>\n<p><span style=\"font-weight: 400;\">Alla fine della via San Geronimo, si trova la <\/span><b>Chiesa di San Francesco<\/b><span style=\"font-weight: 400;\">. Si tratta di <\/span><b>un antico convento francescano costruito nel XII secolo,<\/b><span style=\"font-weight: 400;\"> anche se oggi si conserva solo il tempio.<\/span><\/p>\n<p><span style=\"font-weight: 400;\">La <\/span><b>facciata in stile romanico<\/b><span style=\"font-weight: 400;\"> \u00e8 una vera bellezza, anche se presenta anche alcuni dettagli barocchi e gotici che furono aggiunti durante le varie ampliamenti nel corso dei secoli.<\/span><\/p>\n<p><span style=\"font-weight: 400;\">All&#8217;interno puoi ammirare il suo enorme <\/span><b>Altare Maggiore,<\/b><span style=\"font-weight: 400;\"> che \u00e8 in stile churrigueresco, oltre a una splendida pittura del Cristo Eucaristico della scuola di Juan de Flandes. Un altro dei punti pi\u00f9 affascinanti \u00e8 il <\/span><b>coro<\/b><span style=\"font-weight: 400;\">, in stile plateresco, molto in sintonia con lo stile austero dei francescani.<\/span><\/p>\n<p><span style=\"font-weight: 400;\">Qui si trovano anche <\/span><b>sepolcri<\/b><span style=\"font-weight: 400;\"> di vari cavalieri e dame di grande rilevanza nella societ\u00e0 di Villafranca.<\/span><\/p>\n<h2><b>La Collegiata di Santa Mar\u00eda<\/b><\/h2>\n<p><span style=\"font-weight: 400;\">Costruita su un <\/span><b>antico monastero<\/b><span style=\"font-weight: 400;\"> che fu installato nel paese a met\u00e0 del XII secolo sotto l&#8217;Ordine di Cluny. Serviva come alloggio per i pellegrini francesi ed era anche un luogo che promuoveva l&#8217;agricoltura vinicola nella regione.<\/span><\/p>\n<p><span style=\"font-weight: 400;\">Questo \u00e8 un chiaro esempio dell&#8217; <\/span><b>architettura berciana del XVI secolo<\/b><span style=\"font-weight: 400;\"> che era molto popolare nella zona. Devi sapere che questa costruzione<\/span><b> ha impiegato quasi 200 anni per essere completata<\/b><span style=\"font-weight: 400;\">.<\/span><\/p>\n<p><span style=\"font-weight: 400;\">La chiesa fu costruita per ordine del Marchese di Villafranca. Al suo interno si possono ammirare diverse volte e una splendida cupola che ospitano, tra le altre cose, diversi altari e un meraviglioso coro barocco \u2013 rococ\u00f2.\u00a0\u00a0<\/span><\/p>\n<p><img decoding=\"async\" class=\"size-full wp-image-30406 aligncenter\" src=\"https:\/\/www.mundiplus.com\/wp-content\/uploads\/2024\/04\/Villafranca-bierzo.jpg\" alt=\"Puente en Villafranca del Bierzo\" width=\"1000\" height=\"667\" \/><\/p>\n<h2><b>Il Convento di San Nicol\u00e1s<\/b><\/h2>\n<p><span style=\"font-weight: 400;\">Il suo nome ufficiale \u00e8 <\/span><b>Convento di San Nicol\u00e1s El Real<\/b><span style=\"font-weight: 400;\">, che, insieme alla chiesa, forma uno dei complessi religiosi pi\u00f9 importanti della zona. Fu <\/span><b>costruito nel XVII secolo<\/b><span style=\"font-weight: 400;\">, con un design molto tradizionale della Compagnia di Ges\u00f9, che lo progett\u00f2 come una scuola per bambini.<\/span><\/p>\n<p><span style=\"font-weight: 400;\">Ha una facciata impressionante, coronata dallo stemma dei gesuiti. Al suo interno si conserva l&#8217;immagine del patrono di Villafranca, il Cristo della Speranza.<\/span><\/p>\n<h2><b>Piazza Maggiore di Villafranca del Bierzo<\/b><\/h2>\n<p><span style=\"font-weight: 400;\">Come in ogni paese di Spagna, una visita alla Piazza Maggiore di Villafranca del Bierzo \u00e8 necessaria per conoscere da vicino la sua quotidianit\u00e0. \u00c8 presieduta dal municipio e negli anni sono stati aggiunti portici che aiutano a proteggere dal sole le diverse terrazze di bar e ristoranti che si trovano intorno.<\/span><\/p>\n<p><span style=\"font-weight: 400;\">Questo \u00e8 il luogo ideale se vuoi assaporare la gastronomia locale o semplicemente prendere qualcosa mentre ti godi il panorama. Indubbiamente \u00e8 uno dei <\/span><a href=\"https:\/\/www.mundiplus.com\/it\/blog\/pueblos-pintorescos-camino-de-santiago\"><span style=\"font-weight: 400;\">paesi pi\u00f9 pittoreschi<\/span><\/a><span style=\"font-weight: 400;\"> della via jacobea, quindi segnalo questa meta sulla tua mappa del Cammino di Santiago Francese.<\/span><\/p>\n<h2><b>Via dell&#8217;Acqua<\/b><\/h2>\n<p><span style=\"font-weight: 400;\">Infine, ma non per questo meno importante, c&#8217;\u00e8 la via dell&#8217;Acqua, per alcuni <\/span><b>la pi\u00f9 famosa di tutto Villafranca del Bierzo<\/b><span style=\"font-weight: 400;\">, circondata da splendide<\/span><b> case in stile signorile,<\/b><span style=\"font-weight: 400;\"> molte delle quali con stemmi nobiliari, alcuni palazzi e anche cantine.<\/span><\/p>\n<p><span style=\"font-weight: 400;\">Villafranca del Bierzo si trova a pochi chilometri dal confine tra Le\u00f3n e Lugo, quindi se stai pianificando di fare il <\/span><a href=\"https:\/\/www.mundiplus.com\/it\/caminos\/a-pie\/camino-frances\/camino-de-santiago-desde-sarria\"><span style=\"font-weight: 400;\">Cammino di Santiago Francese da Sarria<\/span><\/a><span style=\"font-weight: 400;\">, forse ti interesser\u00e0 riprogrammare il percorso e partire un po&#8217; prima. Saranno solo circa 65 km in pi\u00f9 di pellegrinaggio, ma ne vale davvero la pena.<\/span><\/p>\n<p><img decoding=\"async\" class=\"size-full wp-image-30407 aligncenter\" src=\"https:\/\/www.mundiplus.com\/wp-content\/uploads\/2024\/04\/peregrino-solitario-atardecer-1.jpg\" alt=\"Pellegrino in Villafranca del Bierzo\" width=\"1000\" height=\"601\" \/><\/p>\n<h2><b>Altre vie jacobeas<\/b><\/h2>\n<p><span style=\"font-weight: 400;\">Oltre alla via francese, ricca di storia e tradizioni, puoi considerare per future peregrinazioni altre tre vie molto popolari:\u00a0<\/span><\/p>\n<ul>\n<li style=\"font-weight: 400;\" aria-level=\"1\"><span style=\"font-weight: 400;\">Il<\/span><a href=\"https:\/\/www.mundiplus.com\/it\/caminos\/a-pie\/camino-norte\"> <span style=\"font-weight: 400;\">Cammino del Norte<\/span><\/a><span style=\"font-weight: 400;\">, che attraversa la costa cantabricana da Est a Ovest.<\/span><\/li>\n<li style=\"font-weight: 400;\" aria-level=\"1\"><span style=\"font-weight: 400;\">Il<\/span><a href=\"https:\/\/www.mundiplus.com\/it\/caminos\/a-pie\/camino-portugues-costa\"> <span style=\"font-weight: 400;\">Cammino Portoghese della Costa<\/span><\/a><span style=\"font-weight: 400;\">, da Porto (Portogallo), passando per Viana do Castelo e Vigo.<\/span><\/li>\n<li style=\"font-weight: 400;\" aria-level=\"1\"><span style=\"font-weight: 400;\">Il<\/span><a href=\"https:\/\/www.mundiplus.com\/it\/caminos\/a-pie\/camino-portugues\/camino-de-santiago-desde-tui\"> <span style=\"font-weight: 400;\">Cammino Portoghese da Tui<\/span><\/a><span style=\"font-weight: 400;\">, che puoi percorrere in circa 8 giorni.<\/span><\/li>\n<\/ul>\n<p><span style=\"font-weight: 400;\">Indubbiamente, la via jacobea ti porter\u00e0 attraverso i paesi e le regioni pi\u00f9 pittoresche di tutta la penisola. Un viaggio che unisce l&#8217;avventura alla spiritualit\u00e0.<\/span><\/p>\n","protected":false},"excerpt":{"rendered":"<p>A una distanza di 132 km dalla citt\u00e0 di Le\u00f3n, questo incantevole e pittoresco paese ti invita al riposo e alla disconnessione, poich\u00e9 qui sembra che il tempo si sia fermato. La sua storia risale all&#8217;epoca romana, che, grazie alla sua posizione geografica strategica, \u00e8 stata sempre legata a conflitti bellici. Durante questo periodo, Villafranca [&hellip;]<\/p>\n","protected":false},"author":1,"featured_media":95838,"comment_status":"open","ping_status":"open","sticky":false,"template":"","format":"standard","meta":{"footnotes":""},"categories":[573,601],"tags":[],"class_list":["post-113329","post","type-post","status-publish","format-standard","has-post-thumbnail","hentry","category-blog-del-cammino","category-paesi-e-regioni"],"_links":{"self":[{"href":"https:\/\/www.mundiplus.com\/it\/wp-json\/wp\/v2\/posts\/113329","targetHints":{"allow":["GET"]}}],"collection":[{"href":"https:\/\/www.mundiplus.com\/it\/wp-json\/wp\/v2\/posts"}],"about":[{"href":"https:\/\/www.mundiplus.com\/it\/wp-json\/wp\/v2\/types\/post"}],"author":[{"embeddable":true,"href":"https:\/\/www.mundiplus.com\/it\/wp-json\/wp\/v2\/users\/1"}],"replies":[{"embeddable":true,"href":"https:\/\/www.mundiplus.com\/it\/wp-json\/wp\/v2\/comments?post=113329"}],"version-history":[{"count":0,"href":"https:\/\/www.mundiplus.com\/it\/wp-json\/wp\/v2\/posts\/113329\/revisions"}],"wp:featuredmedia":[{"embeddable":true,"href":"https:\/\/www.mundiplus.com\/it\/wp-json\/wp\/v2\/media\/95838"}],"wp:attachment":[{"href":"https:\/\/www.mundiplus.com\/it\/wp-json\/wp\/v2\/media?parent=113329"}],"wp:term":[{"taxonomy":"category","embeddable":true,"href":"https:\/\/www.mundiplus.com\/it\/wp-json\/wp\/v2\/categories?post=113329"},{"taxonomy":"post_tag","embeddable":true,"href":"https:\/\/www.mundiplus.com\/it\/wp-json\/wp\/v2\/tags?post=113329"}],"curies":[{"name":"wp","href":"https:\/\/api.w.org\/{rel}","templated":true}]}}