{"id":113354,"date":"2023-11-30T12:03:32","date_gmt":"2023-11-30T12:03:32","guid":{"rendered":"https:\/\/www.mundiplus.com\/cosa-vedere-a-padron\/"},"modified":"2024-11-14T17:46:14","modified_gmt":"2024-11-14T17:46:14","slug":"cosa-vedere-a-padron","status":"publish","type":"post","link":"https:\/\/www.mundiplus.com\/it\/cosa-vedere-a-padron\/","title":{"rendered":"Cosa vedere a Padr\u00f3n"},"content":{"rendered":"<p><span style=\"font-weight: 400;\">Padr\u00f3n, nella comarca di Sar, \u00e8 un tesoro che attende di essere scoperto da chi cerca angoli ricchi di <\/span><b>storia, cultura e paesaggi mozzafiato<\/b><span style=\"font-weight: 400;\">. Questa piccola localit\u00e0, con radici che affondano nell&#8217;antichit\u00e0, si presenta come una tela dove il passato e il presente si intrecciano per offrire al visitatore un&#8217;esperienza unica.<\/span><\/p>\n<p><span style=\"font-weight: 400;\">Dalle strade acciottolate fino alla chiesa di Santiago, testimone della fervente religiosit\u00e0 e punto di riferimento per i pellegrini, Padr\u00f3n \u00e8 una sinfonia di sensazioni. Ma non \u00e8 solo il suo patrimonio storico a distinguerla.<\/span><\/p>\n<p><span style=\"font-weight: 400;\">Il <\/span><b>fiume Sar<\/b><span style=\"font-weight: 400;\"> accarezza la citt\u00e0, offrendo paesaggi che invitano alla riflessione e al riposo. E, come non menzionare il suo ineguagliabile contributo gastronomico: i famosissimi <\/span><b>peperoni di Padr\u00f3n<\/b><span style=\"font-weight: 400;\">, una prelibatezza che riassume l&#8217;essenza di questa terra in ogni morso. <\/span><\/p>\n<p><span style=\"font-weight: 400;\">Immergiti in un viaggio attraverso questa localit\u00e0, scopri cosa vedere a Padr\u00f3n, dove ogni angolo, ogni aroma e ogni sapore diventano un invito a vivere e sentire la Galizia nella sua massima espressione.<\/span><\/p>\n<h2><b>Padr\u00f3n: Storia e origine del suo nome<\/b><\/h2>\n<p><span style=\"font-weight: 400;\">La storia di Padr\u00f3n si intreccia con le leggende e le tradizioni pi\u00f9 radicate della Galizia. <\/span><\/p>\n<p><span style=\"font-weight: 400;\">Il suo nome <\/span><b>proviene dalla parola &#8220;pedr\u00f3n&#8221;<\/b><span style=\"font-weight: 400;\">, una grande pietra che, secondo la tradizione, si trova alla base dell&#8217;altare maggiore della chiesa parrocchiale di Santiago di Padr\u00f3n. Questa pietra ha un significato speciale nella tradizione: Secondo la leggenda, <\/span><b>fu legata alla barca che trasport\u00f2 le reliquie dell&#8217;Apostolo Santiago da Terra Santa fino in Galizia<\/b><span style=\"font-weight: 400;\">, dopo il suo martirio a Gerusalemme.<\/span><\/p>\n<p><span style=\"font-weight: 400;\">L&#8217;area che circonda questo luogo \u00e8 abitata sin dai tempi preistorici, ma fu durante l&#8217;epoca romana che acquist\u00f2 importanza. Infatti, era un punto strategico sulla via che <\/span><b>univa Braga e Astorga<\/b><span style=\"font-weight: 400;\">. Nel corso dei secoli, la sua rilevanza \u00e8 cresciuta grazie al suo legame con la tradizione jacobea e alla <\/span><b>prossimit\u00e0 a Santiago de Compostela<\/b><span style=\"font-weight: 400;\">.<\/span><\/p>\n<p><span style=\"font-weight: 400;\">Oltre alla sua ricca tradizione religiosa, Padr\u00f3n \u00e8 anche conosciuta per il suo <\/span><b>contributo alla cultura galiziana<\/b><span style=\"font-weight: 400;\">. Rosal\u00eda de Castro, una delle figure letterarie pi\u00f9 importanti della Spagna, ha trascorso parte della sua vita in questa localit\u00e0, lasciando un&#8217;impronta indelebile nel suo patrimonio culturale.<\/span><\/p>\n<h2><b>Patrimonio Storico di Padr\u00f3n: Reliquie di Tempo e Fede<\/b><\/h2>\n<p><img fetchpriority=\"high\" decoding=\"async\" class=\"size-full wp-image-30099 aligncenter\" src=\"https:\/\/www.mundiplus.com\/wp-content\/uploads\/2024\/04\/Padron-Iglesia-Santiago-Apostol.jpg\" alt=\"\" width=\"1000\" height=\"644\" \/><\/p>\n<p><span style=\"font-weight: 400;\">Padr\u00f3n, pi\u00f9 che un semplice punto geografico sulla mappa galiziana, \u00e8 un crogiolo dove si fondono <\/span><b>secoli di storia, devozione e cultura<\/b><span style=\"font-weight: 400;\">. Ad ogni passo, le pietre delle sue strade e dei suoi edifici sussurrano racconti del passato, ognuno con un significato speciale che contribuisce al ricco arazzo che \u00e8 oggi.<\/span><\/p>\n<p><span style=\"font-weight: 400;\">Per chi \u00e8 interessato a immergersi in questa storia e forse trarre ispirazione per intraprendere il pellegrinaggio, un <\/span><a href=\"https:\/\/www.mundiplus.com\/it\/\"><span style=\"font-weight: 400;\">agenzia per fare il cammino di Santiago de Compostela<\/span><\/a><span style=\"font-weight: 400;\"> \u00e8 un grande aiuto. A proposito, questa localit\u00e0 sar\u00e0 il tuo punto di partenza se desideri arrivare alla Cattedrale di Santiago e opti per il Cammino Portoghese.<\/span><\/p>\n<p><span style=\"font-weight: 400;\">Senza ulteriori indugi, passiamo a dettagliare alcuni dei punti pi\u00f9 interessanti di Padr\u00f3n.<\/span><\/p>\n<h3><b>Chiesa di Santiago Apostolo<\/b><\/h3>\n<p><span style=\"font-weight: 400;\">Un magnifico esempio di architettura religiosa galiziana, la Chiesa di Santiago si erge con solennit\u00e0 nel cuore della localit\u00e0. Le sue mura, testimoni silenziosi del passare del tempo, <\/span><b>ospitano al suo interno il famoso &#8220;pedr\u00f3n&#8221;<\/b><span style=\"font-weight: 400;\">, la pietra leggendaria legata all&#8217;Apostolo Santiago.<\/span><\/p>\n<p><span style=\"font-weight: 400;\">Il tempio, con i suoi robusti pilastri e le volte, \u00e8 un testimone vivente della devozione e dell&#8217;arte che sono fiorite in questa regione nel corso dei secoli.<\/span><\/p>\n<h3><b>Convento del Carmen<\/b><\/h3>\n<p><span style=\"font-weight: 400;\">Costruito nel XVIII secolo, il <\/span><b>Convento del Carmen<\/b><span style=\"font-weight: 400;\"> \u00e8 una perla architettonica che riflette l&#8217;<\/span><b>influenza neoclassica<\/b><span style=\"font-weight: 400;\"> sull&#8217;architettura religiosa galiziana.<\/span><\/p>\n<p><span style=\"font-weight: 400;\">Vedrai chiostri che invitano alla meditazione e una facciata che evoca la maestosit\u00e0 dei tempi passati. Questo convento \u00e8 un ricordo della profonda vita monastica e contemplativa che si \u00e8 vissuta qui. In origine apparteneva alle Carmelitane Scalze e nel XX secolo pass\u00f2 nelle mani dei Domenicani. <\/span><\/p>\n<h3><b>Casa Museo di Rosal\u00eda de Castro<\/b><\/h3>\n<p><span style=\"font-weight: 400;\">Non molto lontano dal trambusto del centro, si trova l&#8217;antica dimora di una delle figure pi\u00f9 iconiche della letteratura galiziana: <\/span><b>Rosal\u00eda de Castro<\/b><span style=\"font-weight: 400;\">.<\/span><br \/>\n<span style=\"font-weight: 400;\">Questa casa, oggi trasformata in museo, permette ai visitatori di immergersi nella vita e nell&#8217;opera della poetessa e scrittrice. Le stanze conservano l&#8217;essenza dell&#8217;epoca in cui Rosal\u00eda ha vissuto, permettendo ai visitatori di connettersi con l&#8217;ispirazione e il contesto che hanno dato vita ai suoi scritti.<\/span><\/p>\n<h2><b>Padr\u00f3n: Gli spazi naturali di Padr\u00f3n: Il splendore della Galizia nella sua massima espressione<\/b><\/h2>\n<p><img decoding=\"async\" class=\"aligncenter wp-image-30100 size-full\" src=\"https:\/\/www.mundiplus.com\/wp-content\/uploads\/2024\/04\/Padron-espacios-naturales.jpg\" alt=\"Cosa vedere a Padr\u00f3n\" width=\"1000\" height=\"571\" \/><\/p>\n<p><span style=\"font-weight: 400;\">Padr\u00f3n \u00e8 anche un tesoro naturale che affascina i sensi di chi lo visita. Questo angolo gallego, caratterizzato dai suoi paesaggi verdi e dai suoi fiumi tortuosi, offre un respiro di serenit\u00e0 ai pellegrini.<\/span><\/p>\n<p><span style=\"font-weight: 400;\">\u00c8 un esempio perfetto e concentrato di tutto ci\u00f2 che si pu\u00f2 trovare nel Cammino Portoghese. Questo percorso unisce la vastit\u00e0 dell&#8217;Atlantico con la lussureggiante vegetazione dei boschi galiziani. Senza dubbio, \u00e8 una buona alternativa per chi desidera percorrere il Cammino Francese da Sarria.<\/span><\/p>\n<p><span style=\"font-weight: 400;\">Infatti, il <\/span><a href=\"https:\/\/www.mundiplus.com\/it\/caminos\/a-pie\/camino-frances\/camino-de-santiago-desde-sarria\"><span style=\"font-weight: 400;\">Cammino di Santiago da Sarria<\/span><\/a><span style=\"font-weight: 400;\"> \u00e8 diventato uno dei pi\u00f9 popolari per coloro che cercano un&#8217;esperienza di pellegrinaggio pi\u00f9 breve ma altrettanto significativa.<\/span><\/p>\n<h3><b>Il Passeggio dell&#8217;Espol\u00f3n<\/b><\/h3>\n<p><span style=\"font-weight: 400;\">Adagiato <\/span><b>accanto al tortuoso fiume Sar<\/b><span style=\"font-weight: 400;\">, il Passeggio dell&#8217;Espol\u00f3n \u00e8 uno degli angoli pi\u00f9 emblematici di questo luogo. Questo splendido passeggio, fiancheggiato da alberi che offrono una fresca ombra, \u00e8 il posto ideale per passeggiare, riflettere e perdersi nella contemplazione del paesaggio.<\/span><\/p>\n<p><span style=\"font-weight: 400;\">Le acque del fiume, spesso calme, riflettono il cielo e le montagne circostanti, creando uno specchio naturale che moltiplica la bellezza del panorama.<\/span><\/p>\n<h3><b>Giardino Botanico-Artistico<\/b><\/h3>\n<p><span style=\"font-weight: 400;\">Pi\u00f9 di un semplice giardino, il Giardino Botanico-Artistico \u00e8 una celebrazione della vita vegetale in tutta la sua diversit\u00e0 e splendore.<\/span><\/p>\n<p><span style=\"font-weight: 400;\">Questo spazio, creato con una visione artistica, combina la bellezza intrinseca delle piante con interventi artistici che elevano l&#8217;esperienza a un livello sublime. Dalle <\/span><b>specie autoctone<\/b><span style=\"font-weight: 400;\"> a quelle esotiche, gli amanti delle piante troveranno in questo giardino un paradiso che delizia sia la vista che lo spirito.<\/span><\/p>\n<h3><b>Sentieri Naturalistici<\/b><\/h3>\n<p><span style=\"font-weight: 400;\">Per chi cerca un contatto pi\u00f9 intimo con la natura, i<\/span><b> sentieri naturalistici della regione di Sar<\/b><span style=\"font-weight: 400;\"> sono un invito alla scoperta. Questi sentieri, che si snodano attraverso boschi, prati e colline, offrono panorami mozzafiato di una Galizia nel suo stato pi\u00f9 puro.<\/span><\/p>\n<p><span style=\"font-weight: 400;\">\u00c8 un&#8217;opportunit\u00e0 per <\/span><b>scoprire la fauna e la flora locali<\/b><span style=\"font-weight: 400;\">, respirare l&#8217;aria fresca di montagna e, forse, trovare quel angolo segreto dove il tempo sembra fermarsi.<\/span><\/p>\n<h2><b>Gastronomia<\/b><\/h2>\n<p><img decoding=\"async\" class=\"size-full wp-image-30101 aligncenter\" src=\"https:\/\/www.mundiplus.com\/wp-content\/uploads\/2024\/04\/Padron-gastronomia.jpg\" alt=\"\" width=\"1000\" height=\"667\" \/><\/p>\n<p><span style=\"font-weight: 400;\">La Galizia, con i suoi paesaggi ricchi e le sue storie profonde, si distingue per una gastronomia che riflette l&#8217;essenza delle sue terre e dei suoi mari. Padr\u00f3n, essendo un <\/span><b>microcosmo di questa regione<\/b><span style=\"font-weight: 400;\">, offre ai suoi visitatori una gamma di prelibatezze che deliziano il palato e celebrano la tradizione culinaria gallega.<\/span><\/p>\n<p><span style=\"font-weight: 400;\">In questo luogo, i sapori sono una narrativa, ogni boccone racconta una storia e evoca ricordi di tempi e luoghi. \u00c8 una cucina radicata nella freschezza degli ingredienti e nella passione degli artigiani che evocano in ogni piatto la magia di questa terra celtica.<\/span><\/p>\n<h3><b>I Pimientos di Padr\u00f3n<\/b><\/h3>\n<p><i><span style=\"font-weight: 400;\">&#8220;Alcuni piccano e altri no&#8221;<\/span><\/i><span style=\"font-weight: 400;\">, \u00e8 il detto popolare che accompagna questi piccoli ma iconici peperoncini.<\/span><\/p>\n<p><span style=\"font-weight: 400;\">Originari di Padr\u00f3n, questi peperoncini verdi sono diventati un emblema della gastronomia gallega. <\/span><b>Fritti in olio d&#8217;oliva e cosparsi di sale<\/b><span style=\"font-weight: 400;\">, offrono un sapore che oscilla tra dolce e piccante, sorprendendo il commensale ad ogni morso.<\/span><\/p>\n<p><span style=\"font-weight: 400;\">La loro storia si intreccia con la tradizione agricola della regione. La loro popolarit\u00e0 ha oltrepassato i confini, trasformandoli in un must per ogni amante della buona cucina.<\/span><\/p>\n<h3><b>Empanada Gallega<\/b><\/h3>\n<p><span style=\"font-weight: 400;\">L&#8217;empanada \u00e8 l&#8217;<\/span><b>anima confortante della gastronomia gallega<\/b><span style=\"font-weight: 400;\">. Una pasta dorata e croccante d\u00e0 spazio a un ripieno succoso e saporito, che pu\u00f2 variare da pesci e frutti di mare a carni e verdure.<\/span><\/p>\n<p><span style=\"font-weight: 400;\">A Padr\u00f3n, l&#8217;empanada \u00e8 celebrata come un testimone della ricchezza culinaria locale, utilizzando ingredienti freschi e tecniche tramandate di generazione in generazione.<\/span><\/p>\n<h3><b>I Vini della Regione<\/b><\/h3>\n<p><span style=\"font-weight: 400;\">Le variet\u00e0 autoctone, come l&#8217;<\/span><b>Albari\u00f1o e il Menc\u00eda<\/b><span style=\"font-weight: 400;\">, si distinguono per la loro freschezza e carattere. Qui, il vino \u00e8 pi\u00f9 di una bevanda, \u00e8 un&#8217;espressione del <\/span><i><span style=\"font-weight: 400;\">terroir<\/span><\/i><span style=\"font-weight: 400;\"> e della passione dei viticoltori. Per coloro che desiderano approfondire questa cultura vinicola, la citt\u00e0 offre cantine e taverne dove degustare e imparare su questi elisir.<\/span><\/p>\n<h2><b>Festivit\u00e0 e Eventi a Padr\u00f3n: Dove la Tradizione Prende Vita<\/b><\/h2>\n<p><span style=\"font-weight: 400;\">Padr\u00f3n, con la sua ricca eredit\u00e0 culturale e la sua posizione strategica nel cuore della Galizia, non \u00e8 solo un crogiolo di storia e natura. \u00c8 anche un epicentro di festivit\u00e0 e celebrazioni che segnano il battito della vita locale.<\/span><\/p>\n<p><span style=\"font-weight: 400;\">Queste feste, radicate in tradizioni che risalgono a secoli fa, sono una finestra sull&#8217;essenza della comunit\u00e0. Qui, lo sacro si mescola con il profano e l&#8217;antico si fonde con il contemporaneo. Durante tutto l&#8217;anno c&#8217;\u00e8 molto da vedere a Padr\u00f3n:<\/span><\/p>\n<ul>\n<li style=\"font-weight: 400;\" aria-level=\"1\"><b>Fiesta dei Pimientos de Herb\u00f3n:<\/b><span style=\"font-weight: 400;\"> Quello che \u00e8 iniziato come un omaggio a questo prodotto iconico della terra si \u00e8 trasformato in una grande festa che raccoglie migliaia di persone ogni anno. Ovviamente, in questa celebrazione, i peperoncini sono i protagonisti indiscussi. <\/span>Le strade si riempiono di aromi e sapori, con bancarelle che offrono questa delizia in tutte le sue varianti. Musica, danze e attivit\u00e0 parallele completano questo evento, rendendolo un appuntamento imperdibile per tutti gli amanti della gastronomia.<\/li>\n<\/ul>\n<ul>\n<li style=\"font-weight: 400;\" aria-level=\"1\"><b>Processione di Santiagui\u00f1o do Monte:<\/b><span style=\"font-weight: 400;\"> Questa processione \u00e8 una testimonianza vivente della profonda connessione di Padr\u00f3n con la figura dell&#8217;Apostolo Giacomo. Ogni anno, durante una giornata di fede, i devoti salgono al Monte Santiagui\u00f1o per rendere omaggio e ringraziare per le benedizioni ricevute. <\/span>Con canti, danze e rituali, questa tradizione, che risale a secoli fa, continua a essere un punto di incontro spirituale e comunitario per tutti gli abitanti della regione.<\/li>\n<\/ul>\n<ul>\n<li style=\"font-weight: 400;\" aria-level=\"1\"><b>Mercatino settimanale di Padr\u00f3n:<\/b><span style=\"font-weight: 400;\"> Oltre alle grandi celebrazioni, la vita a Padr\u00f3n si manifesta anche nel suo mercatino settimanale ogni domenica. Questo mercato tradizionale, che si celebra da tempi immemori, \u00e8 un crogiolo di attivit\u00e0.\u00a0<\/span><\/li>\n<\/ul>\n<p><span style=\"font-weight: 400;\">Qui, i produttori locali espongono con orgoglio i loro prodotti freschi, dai frutti e verdure ai formaggi e salumi. Accanto a loro, gli artigiani mostrano le loro creazioni, dalla gioielleria ai tessuti, offrendo ai visitatori un pezzo tangibile della cultura locale.<\/span><\/p>\n<h2><b>Consigli e raccomandazioni per la tua visita a Padr\u00f3n<\/b><\/h2>\n<p><img loading=\"lazy\" decoding=\"async\" class=\"size-full wp-image-30102 aligncenter\" src=\"https:\/\/www.mundiplus.com\/wp-content\/uploads\/2024\/04\/Padron-alojamiento.jpg\" alt=\"\" width=\"1000\" height=\"629\" \/><\/p>\n<p><span style=\"font-weight: 400;\">Visitare questo splendido luogo significa entrare in un angolo magico della Galizia, dove storia, natura e tradizione si fondono in un&#8217;esperienza indimenticabile. Tuttavia, come in ogni viaggio, un po&#8217; di pianificazione e alcuni consigli possono rendere il soggiorno ancora pi\u00f9 piacevole e arricchente.<\/span><\/p>\n<h3><b>Periodo migliore per visitare<\/b><\/h3>\n<p><span style=\"font-weight: 400;\">Anche se questo posto \u00e8 incantevole durante tutto l&#8217;anno, ogni stagione offre qualcosa di unico. <\/span><b>La primavera e l&#8217;autunno<\/b><span style=\"font-weight: 400;\">, con temperature moderate e meno affollamento turistico, sono ideali per chi cerca tranquillit\u00e0.<\/span><\/p>\n<p><span style=\"font-weight: 400;\">L&#8217;estate, invece, \u00e8 vibrante e festosa, con numerose celebrazioni come la <\/span><b>Fiesta dei Pimientos di Padr\u00f3n<\/b><span style=\"font-weight: 400;\">. Tuttavia, \u00e8 anche il periodo con pi\u00f9 turisti. L&#8217;inverno, sebbene pi\u00f9 fresco, ha un fascino particolare, con paesaggi che si vestono di toni grigi e verdi intensi.<\/span><\/p>\n<h3><b>Alloggio e gastronomia locale<\/b><\/h3>\n<p><span style=\"font-weight: 400;\">Padr\u00f3n offre una variet\u00e0 di opzioni per il soggiorno, da hotel e pensioni a alloggi rurali che offrono un&#8217;esperienza pi\u00f9 autentica. \u00c8 consigliato <\/span><b>prenotare in anticipo<\/b><span style=\"font-weight: 400;\">, specialmente in alta stagione.<\/span><\/p>\n<p><span style=\"font-weight: 400;\">Il tuo viaggio sar\u00e0 sicuramente un&#8217;avventura piena di scoperte. Con questi consigli in mente, sei pronto per immergerti in tutto ci\u00f2 che questo incantevole angolo della Galizia ha da offrire. Buon viaggio!<\/span><\/p>\n","protected":false},"excerpt":{"rendered":"<p>Padr\u00f3n, nella comarca di Sar, \u00e8 un tesoro che attende di essere scoperto da chi cerca angoli ricchi di storia, cultura e paesaggi mozzafiato. Questa piccola localit\u00e0, con radici che affondano nell&#8217;antichit\u00e0, si presenta come una tela dove il passato e il presente si intrecciano per offrire al visitatore un&#8217;esperienza unica. Dalle strade acciottolate fino [&hellip;]<\/p>\n","protected":false},"author":1,"featured_media":95444,"comment_status":"open","ping_status":"open","sticky":false,"template":"","format":"standard","meta":{"footnotes":""},"categories":[573,601],"tags":[],"class_list":["post-113354","post","type-post","status-publish","format-standard","has-post-thumbnail","hentry","category-blog-del-cammino","category-paesi-e-regioni"],"_links":{"self":[{"href":"https:\/\/www.mundiplus.com\/it\/wp-json\/wp\/v2\/posts\/113354","targetHints":{"allow":["GET"]}}],"collection":[{"href":"https:\/\/www.mundiplus.com\/it\/wp-json\/wp\/v2\/posts"}],"about":[{"href":"https:\/\/www.mundiplus.com\/it\/wp-json\/wp\/v2\/types\/post"}],"author":[{"embeddable":true,"href":"https:\/\/www.mundiplus.com\/it\/wp-json\/wp\/v2\/users\/1"}],"replies":[{"embeddable":true,"href":"https:\/\/www.mundiplus.com\/it\/wp-json\/wp\/v2\/comments?post=113354"}],"version-history":[{"count":0,"href":"https:\/\/www.mundiplus.com\/it\/wp-json\/wp\/v2\/posts\/113354\/revisions"}],"wp:featuredmedia":[{"embeddable":true,"href":"https:\/\/www.mundiplus.com\/it\/wp-json\/wp\/v2\/media\/95444"}],"wp:attachment":[{"href":"https:\/\/www.mundiplus.com\/it\/wp-json\/wp\/v2\/media?parent=113354"}],"wp:term":[{"taxonomy":"category","embeddable":true,"href":"https:\/\/www.mundiplus.com\/it\/wp-json\/wp\/v2\/categories?post=113354"},{"taxonomy":"post_tag","embeddable":true,"href":"https:\/\/www.mundiplus.com\/it\/wp-json\/wp\/v2\/tags?post=113354"}],"curies":[{"name":"wp","href":"https:\/\/api.w.org\/{rel}","templated":true}]}}