{"id":115184,"date":"2023-08-24T13:32:54","date_gmt":"2023-08-24T13:32:54","guid":{"rendered":"https:\/\/www.mundiplus.com\/le-chiese-piu-importanti-del-cammino-del-nord\/"},"modified":"2023-08-24T13:32:54","modified_gmt":"2023-08-24T13:32:54","slug":"le-chiese-piu-importanti-del-cammino-del-nord","status":"publish","type":"post","link":"https:\/\/www.mundiplus.com\/it\/blog\/le-chiese-piu-importanti-del-cammino-del-nord\/","title":{"rendered":"Le chiese pi\u00f9 importanti del Cammino del Nord"},"content":{"rendered":"<p>Una delle peculiarit\u00e0 che rende il Cammino di Santiago un viaggio straordinario \u00e8 che esistono diverse rotte per arrivare a Santiago. E proprio il <strong>Cammino del Nord<\/strong>, nonostante sia uno dei percorsi pi\u00f9 impegnativi, \u00e8 una delle rotte pi\u00f9 belle.<\/p>\n<p>Questo percorso <strong>copre tutta la parte settentrionale della Penisola<\/strong> e attraversa citt\u00e0 emblematiche come San Sebasti\u00e1n, Ir\u00fan, Bilbao, Santander, Gij\u00f3n, Santillana del Mar e Llanes. Su questa via, il pellegrino deve essere pronto a percorrere sentieri un po&#8217; difficili, ma la straordinaria bellezza paesaggistica ripaga ampiamente lo sforzo.<\/p>\n<p>Inoltre, nel Cammino del Nord non solo potrai goderti paesaggi lussureggianti di mare e montagna, ricchi di boschi, ma \u00e8 anche uno dei percorsi jacobei con un <strong>importante patrimonio architettonico religioso<\/strong>, di grande interesse per i turisti.<\/p>\n<p>In questa guida ti parleremo delle <strong>chiese pi\u00f9 iconiche del Cammino del Nord<\/strong>.<\/p>\n<h2><strong>Chiese e cattedrali pi\u00f9 importanti del Cammino del Nord<\/strong><\/h2>\n<p>Il <a href=\"https:\/\/www.mundiplus.com\/it\/caminos\/a-pie\/camino-frances\/camino-de-santiago-desde-sarria\">Cammino di Santiago da Sarria<\/a> \u00e8 caratterizzato da imponenti chiese che lasciano senza parole il visitatore per la loro bellezza architettonica e per il loro significato culturale e storico. Allo stesso modo, <strong>il Cammino del Nord mostra l&#8217;arte e l&#8217;architettura medievale<\/strong>. Potrai apprezzarlo attraverso le diverse cattedrali e chiese che incontrerai lungo il cammino verso la tomba dell&#8217;Apostolo Santiago.<\/p>\n<p>Queste costruzioni religiose sono di una bellezza ineguagliabile. In molti casi, <strong>furono sede di vescovadi<\/strong>, quindi le autorit\u00e0 non risparmiarono spese per ottenere una qualit\u00e0 artistica elevata. Se sei interessato a conoscere di pi\u00f9 su questa architettura religiosa, ecco le chiese e i monasteri pi\u00f9 emblematici del Cammino del Nord.<\/p>\n<p>&nbsp;<\/p>\n<p><img fetchpriority=\"high\" decoding=\"async\" class=\"alignnone size-medium wp-image-29520\" src=\"https:\/\/www.mundiplus.com\/wp-content\/uploads\/2024\/04\/ermita-de-guadalupe-1024x1024.jpg\" alt=\"Ermita guadalupe\" width=\"1024\" height=\"1024\" \/><\/p>\n<h3><strong>Ermita de Guadalupe<\/strong><\/h3>\n<p>Una delle tappe obbligatorie se fai il <a href=\"https:\/\/www.mundiplus.com\/it\/\">cammino di Santiago organizzato<\/a> \u00e8 questa imponente costruzione <strong>situata a Hondarribia<\/strong>. \u00c8 gi\u00e0 citata in testi del 1526. \u00c8 molto conosciuta perch\u00e9 ogni 8 settembre si svolge una processione verso l&#8217;ermita che si ripete dal 1638.<\/p>\n<p>Questa chiesa \u00e8 stata ricostruita pi\u00f9 volte e ha una sola navata con crociera e abside piatta. L&#8217;edificio attuale potrebbe <strong>sostituire uno pi\u00f9 antico del XVI secolo<\/strong> attraverso una ricostruzione che risale al XVIII secolo.<\/p>\n<p>Uno degli elementi pi\u00f9 significativi \u00e8 il <strong>capitello in pietra<\/strong> di fattura contemporanea che risale al 1860. Per quanto riguarda i supporti, le mensole e le cornici, sembrano risalire al XVII secolo.<\/p>\n<p>All&#8217;interno si distinguono due <strong>altari laterali provenienti dalla chiesa parrocchiale<\/strong>. Questi riflettono lo stile rinascimentale tardivo, mentre l&#8217;altare principale \u00e8 in stile barocco.<\/p>\n<h3><strong>Chiesa di Santa Mar\u00eda<\/strong><\/h3>\n<p>Questo monumento architettonico si trova a Castro Urdiales. \u00c8 un magnifico edificio in <strong>stile gotico<\/strong> costruito all&#8217;inizio del XIII secolo. \u00c8 situato vicino al castello, al faro e al porto peschereccio di Castro-Urdiales.<\/p>\n<p>\u00c8 un <strong>edificio a pianta basilicale<\/strong> al quale si accede tramite una scalinata fiancheggiata da due torri. Inoltre, <strong>\u00e8 composto da tre navate<\/strong>. Di queste, la centrale ha un&#8217;altezza doppia rispetto a quelle laterali. La chiesa \u00e8 stata costruita in onore di Santa Mar\u00eda de la Asunci\u00f3n.<\/p>\n<p><img decoding=\"async\" class=\"alignnone size-medium wp-image-29521\" src=\"https:\/\/www.mundiplus.com\/wp-content\/uploads\/2024\/04\/Catedral_Bilbao-1024x776.jpg\" alt=\"Catedral Bilbao\" width=\"1024\" height=\"776\" \/><\/p>\n<h3><strong>Cattedrale Basilica di Santiago di Bilbao<\/strong><\/h3>\n<p>Si tratta della <strong>Cattedrale di Bilbao<\/strong>. \u00c8 stata dichiarata <strong>Patrimonio dell&#8217;Umanit\u00e0<\/strong> come elemento architettonico associato ai cammini di Santiago nel nord della Spagna. Inoltre, \u00e8 un Bene di Interesse Culturale dal 1931.<\/p>\n<p>La costruzione di questa basilica <strong>risale dalla fine del XIV secolo ai primi del XV secolo<\/strong>, anche se sono state fatte successive ristrutturazioni e aggiunte.<\/p>\n<p>Uno degli attrattivi del Cammino di Santiago del Nord \u00e8 <strong>attraversare la Porta dell&#8217;Angelo della cattedrale<\/strong>, tradizionalmente conosciuta come <strong>Porta dei Pellegrini<\/strong>. Una conchiglia di vongola corona questo ingresso.<\/p>\n<h3><strong>Basilica di Bego\u00f1a<\/strong><\/h3>\n<p>La <strong>Basilica di Bego\u00f1a<\/strong> prende il nome dalla <strong>Madre di Dio di Bego\u00f1a<\/strong>, una devozione mariana e patrona di Bilbao. \u00c8 molto popolare tra i fedeli della citt\u00e0, che la chiamano affettuosamente Amatxu.<\/p>\n<p>La costruzione della basilica risale al <strong>XVI secolo<\/strong> ed \u00e8 stata realizzata grazie a numerosi donativi. \u00c8 stata anche modificata pi\u00f9 volte fino a raggiungere l&#8217;aspetto che ha oggi per i fedeli e i visitatori.<\/p>\n<p><img decoding=\"async\" class=\"alignnone wp-image-13873 size-full\" src=\"https:\/\/www.mundiplus.com\/wp-content\/uploads\/2024\/04\/santillana-del-mar-colegiata.jpg\" alt=\"santillana-del-mar\" width=\"1200\" height=\"700\" \/><\/p>\n<h3><strong>Colegiata di Santa Juliana, a Santillana del Mar<\/strong><\/h3>\n<p>Si tratta di una costruzione in stile romanico e gotico che <strong>risale alla fine dell&#8217;XI secolo e all&#8217;inizio del XII<\/strong>. Inizialmente, \u00e8 stata costruita sopra un antico monastero (che custodiva le reliquie della martire Santa Juliana).<\/p>\n<p>Attualmente \u00e8 un <strong>Monumento Nazionale<\/strong>, poich\u00e9 \u00e8 stato dichiarato tale nel 1889. \u00c8 famosa per la decorazione scultorea della sua facciata, i capitelli e il suo chiostro.<\/p>\n<h3><strong>Cattedrale di Oviedo, Asturie<\/strong><\/h3>\n<p>Questa chiesa \u00e8 conosciuta come Sancta Ovetensis, \u00e8 la <strong>Cattedrale di San Salvador di Oviedo<\/strong>. \u00c8 una costruzione in <strong>stile gotico<\/strong> che ha una notevole importanza sul piano territoriale. \u00c8 uno dei complessi cattedrali pi\u00f9 rilevanti di tutta la Spagna.<\/p>\n<p>Quest&#8217;opera d&#8217;arte <strong>ha pi\u00f9 di 1.200 anni di storia<\/strong> alle spalle. \u00c8 stata testimone dei regni cristiani del nord della penisola iberica durante tutta l&#8217;Et\u00e0 Media.<\/p>\n<p><img loading=\"lazy\" decoding=\"async\" class=\"alignnone wp-image-1856 size-full\" src=\"https:\/\/www.mundiplus.com\/wp-content\/uploads\/2024\/04\/CATEDRALMONDONEDO.jpg\" alt=\"\" width=\"800\" height=\"600\" \/><\/p>\n<h3><strong>Cattedrale di Mondo\u00f1edo, Lugo<\/strong><\/h3>\n<p>La <strong>Cattedrale di Mondo\u00f1edo<\/strong> \u00e8 considerata una delle costruzioni pi\u00f9 belle della Galizia. Una delle particolarit\u00e0 di questa cattedrale sono le sue proporzioni perfette e la scarsa altezza. Non a caso, \u00e8 stata chiamata <strong>&#8220;Cattedrale inginocchiata&#8221;<\/strong>. \u00c8 stata anche dichiarata reliquia storica nazionale nel 1902.<\/p>\n<h3><strong>Monastero di San Salvador, a Lourenz\u00e1<\/strong><\/h3>\n<p>Questo <strong>monastero benedettino<\/strong> si trova nella localit\u00e0 di Lourenz\u00e1 ed \u00e8 stato dichiarato <strong>Bene di Interesse Culturale<\/strong>. Questa costruzione comprende un&#8217;abbazia, un convento, due chiostri, un cortile, diverse cappelle e una chiesa.<\/p>\n<p>L&#8217;opera \u00e8 in <strong>stile romanico e barocco<\/strong>. Fu fondato nel X secolo da Osorio Guti\u00e9rrez, noto come il Conte Santo. \u00c8 anche famoso per il suo Museo di Arte Sacra.<\/p>\n<p><img loading=\"lazy\" decoding=\"async\" class=\"alignnone wp-image-15803 size-full\" src=\"https:\/\/www.mundiplus.com\/wp-content\/uploads\/2024\/04\/monasterio-de-sobrado-dos-monxes-scaled-1.jpg\" alt=\"monasterio-de-sobrado-dos-monxes\" width=\"2560\" height=\"1751\" \/><\/p>\n<h3><strong>Monastero di Santa Mar\u00eda, a Sobrado dos Monxes<\/strong><\/h3>\n<p>Un&#8217;altra importante costruzione religiosa che non possiamo dimenticare del Cammino del Nord \u00e8 il <strong>Monastero di Santa Mar\u00eda de Sobrado<\/strong>, fondato nel 952. Questa costruzione fu inaugurata da Hermenegildo Aloitez, Conte di Presaras.<\/p>\n<p>A met\u00e0 del XX secolo fu sottoposto a una ristrutturazione, dopo essere stato abbandonato per molto tempo. \u00c8 stato anche dichiarato <strong>Monumento Storico Artistico Nazionale<\/strong>, ed \u00e8 uno dei monasteri pi\u00f9 importanti della provincia di A Coru\u00f1a. Inoltre, \u00e8 uno dei principali esempi del barocco galiziano.<\/p>\n","protected":false},"excerpt":{"rendered":"<p>Una delle peculiarit\u00e0 che rende il Cammino di Santiago un viaggio straordinario \u00e8 che esistono diverse rotte per arrivare a Santiago. E proprio il Cammino del Nord, nonostante sia uno dei percorsi pi\u00f9 impegnativi, \u00e8 una delle rotte pi\u00f9 belle. Questo percorso copre tutta la parte settentrionale della Penisola e attraversa citt\u00e0 emblematiche come San [&hellip;]<\/p>\n","protected":false},"author":1,"featured_media":94861,"comment_status":"open","ping_status":"open","sticky":false,"template":"","format":"standard","meta":{"footnotes":""},"categories":[573,605],"tags":[],"class_list":["post-115184","post","type-post","status-publish","format-standard","has-post-thumbnail","hentry","category-blog-del-cammino","category-siti-iconici"],"_links":{"self":[{"href":"https:\/\/www.mundiplus.com\/it\/wp-json\/wp\/v2\/posts\/115184","targetHints":{"allow":["GET"]}}],"collection":[{"href":"https:\/\/www.mundiplus.com\/it\/wp-json\/wp\/v2\/posts"}],"about":[{"href":"https:\/\/www.mundiplus.com\/it\/wp-json\/wp\/v2\/types\/post"}],"author":[{"embeddable":true,"href":"https:\/\/www.mundiplus.com\/it\/wp-json\/wp\/v2\/users\/1"}],"replies":[{"embeddable":true,"href":"https:\/\/www.mundiplus.com\/it\/wp-json\/wp\/v2\/comments?post=115184"}],"version-history":[{"count":0,"href":"https:\/\/www.mundiplus.com\/it\/wp-json\/wp\/v2\/posts\/115184\/revisions"}],"wp:featuredmedia":[{"embeddable":true,"href":"https:\/\/www.mundiplus.com\/it\/wp-json\/wp\/v2\/media\/94861"}],"wp:attachment":[{"href":"https:\/\/www.mundiplus.com\/it\/wp-json\/wp\/v2\/media?parent=115184"}],"wp:term":[{"taxonomy":"category","embeddable":true,"href":"https:\/\/www.mundiplus.com\/it\/wp-json\/wp\/v2\/categories?post=115184"},{"taxonomy":"post_tag","embeddable":true,"href":"https:\/\/www.mundiplus.com\/it\/wp-json\/wp\/v2\/tags?post=115184"}],"curies":[{"name":"wp","href":"https:\/\/api.w.org\/{rel}","templated":true}]}}