{"id":115207,"date":"2025-01-20T18:52:23","date_gmt":"2025-01-20T18:52:23","guid":{"rendered":"https:\/\/www.mundiplus.com\/?p=115207"},"modified":"2026-03-05T09:31:02","modified_gmt":"2026-03-05T09:31:02","slug":"la-via-francigena-e-il-suo-legame-con-il-cammino-di-santiago","status":"publish","type":"post","link":"https:\/\/www.mundiplus.com\/it\/la-via-francigena-e-il-suo-collegamento-al-percorso\/","title":{"rendered":"La Via Francigena e il suo legame con il Cammino di Santiago"},"content":{"rendered":"<p><img fetchpriority=\"high\" decoding=\"async\" class=\"alignnone wp-image-115149 size-full\" src=\"https:\/\/www.mundiplus.com\/wp-content\/uploads\/2024\/12\/Via-Francigena-Mundiplus.jpg\" alt=\"\" width=\"1024\" height=\"680\" srcset=\"https:\/\/www.mundiplus.com\/wp-content\/uploads\/2024\/12\/Via-Francigena-Mundiplus.jpg 1024w, https:\/\/www.mundiplus.com\/wp-content\/uploads\/2024\/12\/Via-Francigena-Mundiplus-300x199.jpg 300w, https:\/\/www.mundiplus.com\/wp-content\/uploads\/2024\/12\/Via-Francigena-Mundiplus-768x510.jpg 768w, https:\/\/www.mundiplus.com\/wp-content\/uploads\/2024\/12\/Via-Francigena-Mundiplus-600x398.jpg 600w\" sizes=\"(max-width: 1024px) 100vw, 1024px\" \/><\/p>\n<p><span style=\"font-weight: 400;\">La <\/span><b>V\u00eda Franc\u00edgena<\/b><span style=\"font-weight: 400;\"> e il <\/span><b>Cammino di Santiago<\/b><span style=\"font-weight: 400;\"> sono considerate <\/span><b>due delle rotte di pellegrinaggio pi\u00f9 emblematiche d&#8217;Europa<\/b><span style=\"font-weight: 400;\">, con secoli di storia e tradizione spirituale alle spalle. Entrambe sono state percorse da milioni di pellegrini nel corso degli anni, trasformandosi non solo in percorsi di fede, ma anche in importanti simboli del <\/span><b>patrimonio culturale e umano europeo<\/b><span style=\"font-weight: 400;\">.<\/span><\/p>\n<p><span style=\"font-weight: 400;\">La <\/span><b>V\u00eda Franc\u00edgena<\/b><span style=\"font-weight: 400;\"> ha origine nel Medioevo come un percorso che collegava <\/span><b>Canterbury<\/b><span style=\"font-weight: 400;\">, in Inghilterra, con <\/span><b>Roma<\/b><span style=\"font-weight: 400;\">, sede della cristianit\u00e0 occidentale. Per sua parte, il <\/span><b>Cammino di Santiago<\/b><span style=\"font-weight: 400;\">, la cui meta \u00e8 la cattedrale di Santiago de Compostela in Galizia, si \u00e8 consolidato come una delle rotte pi\u00f9 importanti del <\/span><b>cristianesimo medievale<\/b><span style=\"font-weight: 400;\">.<\/span><\/p>\n<p>&nbsp;<\/p>\n<h2><b>Cos&#8217;\u00e8 la V\u00eda Franc\u00edgena?<\/b><\/h2>\n<p><span style=\"font-weight: 400;\">La <\/span><b>V\u00eda Franc\u00edgena<\/b><span style=\"font-weight: 400;\"> \u00e8 una delle rotte di pellegrinaggio pi\u00f9 antiche e significative d&#8217;Europa.\u00a0<\/span><\/p>\n<p><span style=\"font-weight: 400;\">Collega <\/span><b>Canterbury<\/b><span style=\"font-weight: 400;\"> (Regno Unito) a <\/span><b>Roma<\/b><span style=\"font-weight: 400;\"> (Italia), due dei centri principali della cristianit\u00e0. Il suo nome deriva dal latino medievale e significa &#8220;<\/span><b>Percorso dei Franchi<\/b><span style=\"font-weight: 400;\">&#8220;. Il motivo \u00e8 che in origine era utilizzata da <\/span><b>pellegrini provenienti dal nord Europa diretti verso la Citt\u00e0 Eterna<\/b><span style=\"font-weight: 400;\">, il cuore del mondo cristiano durante il Medioevo.<\/span><\/p>\n<p><span style=\"font-weight: 400;\">La sua origine risale al <\/span><b>secolo IX<\/b><span style=\"font-weight: 400;\">, quando inizi\u00f2 a consolidarsi come una delle principali rotte per i pellegrini diretti a Roma, dove si trova la tomba di San Pietro. Fu utilizzata <\/span><b>sia da fedeli devoti che da commercianti e viaggiatori<\/b><span style=\"font-weight: 400;\">, arrivando a essere considerata un importante mezzo di comunicazione tra il nord e il sud d&#8217;Europa.<\/span><\/p>\n<p><span style=\"font-weight: 400;\">L&#8217;importanza storica della rotta \u00e8 stata documentata grazie a Sigerico, l&#8217;arcivescovo di Canterbury. Quest&#8217;ultimo effettu\u00f2 un dettagliato resoconto del suo viaggio di ritorno in Inghilterra dopo aver visitato Roma per ricevere il pallio del Papa nel <\/span><b>990 d.C<\/b><span style=\"font-weight: 400;\">.<\/span><\/p>\n<p>&nbsp;<\/p>\n<h3><b>Le principali tappe e punti chiave del percorso<\/b><\/h3>\n<p><img decoding=\"async\" class=\"alignnone wp-image-115161 size-full\" src=\"https:\/\/www.mundiplus.com\/wp-content\/uploads\/2024\/12\/Catedral-Canterbury-Mundiplus.jpg\" alt=\"\" width=\"1024\" height=\"768\" srcset=\"https:\/\/www.mundiplus.com\/wp-content\/uploads\/2024\/12\/Catedral-Canterbury-Mundiplus.jpg 1024w, https:\/\/www.mundiplus.com\/wp-content\/uploads\/2024\/12\/Catedral-Canterbury-Mundiplus-300x225.jpg 300w, https:\/\/www.mundiplus.com\/wp-content\/uploads\/2024\/12\/Catedral-Canterbury-Mundiplus-768x576.jpg 768w, https:\/\/www.mundiplus.com\/wp-content\/uploads\/2024\/12\/Catedral-Canterbury-Mundiplus-600x450.jpg 600w\" sizes=\"(max-width: 1024px) 100vw, 1024px\" \/><\/p>\n<p><span style=\"font-weight: 400;\">La V\u00eda Franc\u00edgena percorre circa <\/span><b>2.000 chilometri<\/b><span style=\"font-weight: 400;\"> attraverso <\/span><b>Inghilterra, Francia, Svizzera e Italia<\/b><span style=\"font-weight: 400;\">. Attraversa paesaggi diversi che spaziano dalle verdi campagne inglesi fino alle imponenti Alpi e ai vallate italiani. Tra i punti chiave del percorso spiccano:<\/span><\/p>\n<ul>\n<li style=\"font-weight: 400;\" aria-level=\"1\"><b>Canterbury <\/b><span style=\"font-weight: 400;\">(Regno Unito): punto di partenza della V\u00eda Franc\u00edgena, famosa per la sua cattedrale gotica, sito dichiarato Patrimonio dell&#8217;Umanit\u00e0.<\/span><\/li>\n<\/ul>\n<p>&nbsp;<\/p>\n<ul>\n<li style=\"font-weight: 400;\" aria-level=\"1\"><b>Calais e Arras <\/b><span style=\"font-weight: 400;\">(Francia): zone di transito in territorio francese, dove i pellegrini godevano dell&#8217;ospitalit\u00e0 nei monasteri e nelle piccole comunit\u00e0.<\/span><\/li>\n<\/ul>\n<p>&nbsp;<\/p>\n<ul>\n<li style=\"font-weight: 400;\" aria-level=\"1\"><b>Passo del Gran San Bernardo<\/b><span style=\"font-weight: 400;\"> (Svizzera): uno dei tratti pi\u00f9 spettacolari, dove i pellegrini attraversavano le Alpi. Qui si trova il famoso ospizio fondato da San Bernardo nel secolo XI.<\/span><\/li>\n<\/ul>\n<p>&nbsp;<\/p>\n<ul>\n<li style=\"font-weight: 400;\" aria-level=\"1\"><b>Vercelli e Pavia <\/b><span style=\"font-weight: 400;\">(Italia): citt\u00e0 fondamentali nel tratto italiano, note per i loro monumenti storici, come la Basilica di San Andrea a Vercelli.<\/span><\/li>\n<\/ul>\n<p>&nbsp;<\/p>\n<ul>\n<li style=\"font-weight: 400;\" aria-level=\"1\"><b>Roma<\/b><span style=\"font-weight: 400;\"> (Italia): la meta finale, dove i pellegrini concludevano il loro viaggio nella Basilica di San Pietro, il centro spirituale del cristianesimo.<\/span><\/li>\n<\/ul>\n<p>&nbsp;<\/p>\n<p><span style=\"font-weight: 400;\">Questa via \u00e8 stata riconosciuta come <\/span><b>Itinerario Culturale Europeo<\/b><span style=\"font-weight: 400;\"> dal <\/span><b>Consiglio d&#8217;Europa nel 1994<\/b><span style=\"font-weight: 400;\">. Questo riconoscimento valorizza l&#8217;importanza del percorso come un<\/span><b> ponte tra culture e tradizioni<\/b><span style=\"font-weight: 400;\">. Inoltre, sottolinea la sua rilevanza nella promozione del turismo sostenibile e nella conservazione del patrimonio.<\/span><\/p>\n<p>&nbsp;<\/p>\n<h2><b>Connessione tra la V\u00eda Franc\u00edgena e il Cammino di Santiago<\/b><\/h2>\n<p><span style=\"font-weight: 400;\">La <\/span><b>V\u00eda Franc\u00edgena<\/b><span style=\"font-weight: 400;\"> e il <\/span><b>Cammino di Santiago<\/b><span style=\"font-weight: 400;\"> sono collegati in modo pi\u00f9 profondo di quanto potrebbe sembrare a prima vista.\u00a0<\/span><\/p>\n<p><span style=\"font-weight: 400;\">Entrambe <\/span><a href=\"https:\/\/www.mundiplus.com\/it\/\"><b>rotte internazionali di pellegrinaggio<\/b><\/a><span style=\"font-weight: 400;\"> condividono un&#8217;essenza comune: essere cammini di<\/span><b> trasformazione spirituale<\/b><span style=\"font-weight: 400;\">,<\/span><b> incontro culturale e patrimonio storico<\/b><span style=\"font-weight: 400;\"> che sono sopravvissuti nel corso dei secoli. Mentre la V\u00eda Franc\u00edgena conduce al cuore del cristianesimo a Roma, il Cammino di Santiago guida i pellegrini verso la tomba dell&#8217;apostolo Santiago in Galizia. Tuttavia, il loro legame trascende i semplici luoghi di arrivo.<\/span><\/p>\n<p><span style=\"font-weight: 400;\">Storicamente, queste due rotte hanno servito come <\/span><b>pilastri principali della cristianit\u00e0 europea<\/b><span style=\"font-weight: 400;\">. Durante il Medioevo, le peregrinazioni a Santiago di Compostela e a Roma rappresentavano, insieme a Gerusalemme, le tre grandi mete spirituali del mondo cristiano.<\/span><\/p>\n<p><span style=\"font-weight: 400;\">Molte volte, i pellegrini intraprendevano un viaggio che <\/span><b>comprendeva entrambe le rotte<\/b><span style=\"font-weight: 400;\">, consolidando un legame geografico e spirituale tra di esse. Ad esempio, coloro che arrivavano a Santiago attraverso il <\/span><b>Cammino Francese<\/b><span style=\"font-weight: 400;\"> potevano successivamente proseguire il loro percorso verso Roma, attraversando tratti che oggi fanno parte della V\u00eda Franc\u00edgena.<\/span><\/p>\n<p><span style=\"font-weight: 400;\">Questo incrocio di cammini \u00e8 rimasto vivo nei secoli successivi. Ad esempio, il <\/span><b>inizio del Cammino da Ferrol<\/b><span style=\"font-weight: 400;\"> \u00e8 una chiara testimonianza della <\/span><b>connessione marittima<\/b><span style=\"font-weight: 400;\"> tra i pellegrini del nord Europa e la Penisola Iberica. Questo tratto era frequentato da coloro che sbarcavano in Galizia dopo aver percorso la V\u00eda Franc\u00edgena da Canterbury.<\/span><\/p>\n<p>&nbsp;<\/p>\n<h3><b>Connessione a livello spirituale<\/b><\/h3>\n<p><span style=\"font-weight: 400;\">A livello spirituale, le due rotte condividono una filosofia simile: il pellegrinaggio come mezzo di <\/span><b>introspezione, incontro e connessione con il divino<\/b><span style=\"font-weight: 400;\">. Entrambe offrono ai camminatori un&#8217;opportunit\u00e0 unica di riconnettersi con le proprie radici culturali e spirituali, stabilendo un legame profondo con l&#8217;anima e uno scopo trascendentale nel loro percorso.<\/span><\/p>\n<p><span style=\"font-weight: 400;\">Il Cammino, specialmente nelle sue tappe finali, come la <\/span><a href=\"https:\/\/www.mundiplus.com\/caminos\/a-pie\/camino-finisterre\/camino-de-santiago-a-finisterre\/\"><b>via da Santiago a Finisterre<\/b><\/a><span style=\"font-weight: 400;\">, completa perfettamente il simbolismo della V\u00eda Franc\u00edgena.<\/span><\/p>\n<p><span style=\"font-weight: 400;\">Finisterre, noto come la &#8220;fine della terra&#8221;, invita a un&#8217;introspezione unica che non solo segna la conclusione di un pellegrinaggio, ma anche l&#8217;inizio di una nuova fase nella vita del pellegrino, qualcosa di simile a ci\u00f2 che accade a molti arrivando a Roma dopo aver attraversato le Alpi e la Toscana lungo la V\u00eda Franc\u00edgena.<\/span><\/p>\n<p>&nbsp;<\/p>\n<h3><b>Collegamento culturale<\/b><\/h3>\n<p><span style=\"font-weight: 400;\">In termini pratici, queste rotte condividono anche un impegno per la conservazione del <\/span><b>patrimonio culturale e umano europeo<\/b><span style=\"font-weight: 400;\">. Entrambe sono state riconosciute come <\/span><b>Itinerari Culturali Europei<\/b><span style=\"font-weight: 400;\"> e hanno contribuito in modo significativo alla promozione di un turismo sostenibile, connesso alle tradizioni locali e al rispetto dell&#8217;ambiente naturale.<\/span><\/p>\n<p><span style=\"font-weight: 400;\">Per coloro che vogliono vivere entrambe le rotte, un&#8217;opzione interessante potrebbe essere iniziare <\/span><a href=\"https:\/\/www.mundiplus.com\/caminos\/a-pie\/camino-primitivo\/\"><b>il Cammino Primitivo dall&#8217;Asturias<\/b><\/a><span style=\"font-weight: 400;\">. Questa rotta \u00e8 nota per la sua bellezza naturale e storica. In alternativa, il <\/span><a href=\"https:\/\/www.mundiplus.com\/caminos\/a-pie\/camino-ingles\/\"><b>percorso del Cammino Inglese<\/b><\/a><span style=\"font-weight: 400;\"> offre anche una transizione naturale verso la rotta europea.<\/span><\/p>\n<p><span style=\"font-weight: 400;\">In questo modo, percorrere sia la V\u00eda Franc\u00edgena che il Cammino di Santiago non \u00e8 solo un&#8217;esperienza unica, ma anche un omaggio all&#8217;eredit\u00e0 culturale e spirituale che collega il nord e il sud d&#8217;Europa da pi\u00f9 di mille anni.<\/span><\/p>\n<p>&nbsp;<\/p>\n<h3><b>Ma quali difficolt\u00e0 hanno?<\/b><\/h3>\n<p><span style=\"font-weight: 400;\">In entrambi i casi, la difficolt\u00e0 <\/span><b>varia in base al tratto scelto<\/b><span style=\"font-weight: 400;\">.<\/span><\/p>\n<p><span style=\"font-weight: 400;\">La V\u00eda Franc\u00edgena, con i suoi <\/span><b>2.000 km<\/b><span style=\"font-weight: 400;\">, include sfide come il superamento delle Alpi nel <\/span><b>Passo del Gran San Bernardo<\/b><span style=\"font-weight: 400;\">, che la rende pi\u00f9 impegnativa fisicamente in alcuni punti. Se stai cercando <a href=\"https:\/\/www.mundiplus.com\/caminos\/a-pie\/camino-frances\/camino-de-santiago-desde-o-cebreiro\/\"><b>informazioni su O Cebreiro fino a Santiago<\/b><\/a><span style=\"font-weight: 400;\"> vedrai che la distanza \u00e8 inferiore e pi\u00f9 accessibile.<\/span><\/span><\/p>\n<p>&nbsp;<\/p>\n<h3><b>Esiste un qualche tipo di credenziale duale?<\/b><\/h3>\n<p><span style=\"font-weight: 400;\">No. Sono due peregrinazioni con un collegamento simbolico, ma <\/span><b>non esiste alcuna accreditazione congiunta<\/b><span style=\"font-weight: 400;\">, come avviene con il Kumano Kodo.<\/span><\/p>\n<p>&nbsp;<\/p>\n<h2><b>Perch\u00e9 percorrere la V\u00eda Franc\u00edgena come complemento al Cammino di Santiago?<\/b><\/h2>\n<p><span style=\"font-weight: 400;\">Percorrere sia la V\u00eda Franc\u00edgena che il Cammino di Santiago offre ai pellegrini un&#8217;esperienza unica di immersione nelle culture europee. Anche se condividono una base spirituale comune, le differenze nei paesaggi, nella gastronomia e nelle tradizioni sono notevoli.<\/span><\/p>\n<ul>\n<li style=\"font-weight: 400;\" aria-level=\"1\"><b>Nella V\u00eda Franc\u00edgena<\/b><span style=\"font-weight: 400;\">, i pellegrini godono delle Alpi svizzere, dei vigneti italiani e delle citt\u00e0 storiche della Toscana. Il tutto mentre assaporano piatti come la pasta al tartufo e i formaggi locali.<\/span><\/li>\n<\/ul>\n<p>&nbsp;<\/p>\n<ul>\n<li style=\"font-weight: 400;\" aria-level=\"1\"><b>Nel Cammino di Santiago<\/b><span style=\"font-weight: 400;\">, i camminatori attraversano i verdi paesaggi della Galizia, assaporano il polpo alla gallega ed esplorano tradizioni locali in villaggi che sembrano sospesi nel tempo.<\/span><\/li>\n<\/ul>\n<p>&nbsp;<\/p>\n<p><span style=\"font-weight: 400;\">Queste differenze arricchiscono l&#8217;esperienza, permettendo ai pellegrini di scoprire la diversit\u00e0 culturale europea.<\/span><\/p>\n<h3><b>La ricchezza spirituale e culturale di combinare entrambe le rotte<\/b><\/h3>\n<p><span style=\"font-weight: 400;\">Entrambe le rotte offrono un&#8217;opportunit\u00e0 unica di connessione con la storia, la fede e la natura, ma ciascuna apporta sfumature diverse.<\/span><\/p>\n<p><span style=\"font-weight: 400;\">Mentre il Cammino di Santiago si concentra sulla figura dell&#8217;apostolo Santiago e sulla spiritualit\u00e0 giacobea, la V\u00eda Franc\u00edgena invita i pellegrini ad avventurarsi nella storia della cristianit\u00e0 romana. Combinarle permette di vivere un&#8217;<\/span><b>esperienza pi\u00f9 completa e significativa<\/b><span style=\"font-weight: 400;\">, in cui si intrecciano i grandi momenti della spiritualit\u00e0 cristiana.<\/span><\/p>\n<p>&nbsp;<\/p>\n<h2><b>Consigli per i pellegrini che vogliono vivere entrambe le rotte<\/b><\/h2>\n<p><img decoding=\"async\" class=\"alignnone wp-image-115155 size-full\" src=\"https:\/\/www.mundiplus.com\/wp-content\/uploads\/2024\/12\/Paso-del-Gran-San-Bernardo-Mundiplus.jpg\" alt=\"\" width=\"1024\" height=\"683\" srcset=\"https:\/\/www.mundiplus.com\/wp-content\/uploads\/2024\/12\/Paso-del-Gran-San-Bernardo-Mundiplus.jpg 1024w, https:\/\/www.mundiplus.com\/wp-content\/uploads\/2024\/12\/Paso-del-Gran-San-Bernardo-Mundiplus-300x200.jpg 300w, https:\/\/www.mundiplus.com\/wp-content\/uploads\/2024\/12\/Paso-del-Gran-San-Bernardo-Mundiplus-768x512.jpg 768w, https:\/\/www.mundiplus.com\/wp-content\/uploads\/2024\/12\/Paso-del-Gran-San-Bernardo-Mundiplus-600x400.jpg 600w\" sizes=\"(max-width: 1024px) 100vw, 1024px\" \/><\/p>\n<p><span style=\"font-weight: 400;\">Percorrere sia la V\u00eda Franc\u00edgena che il Cammino di Santiago in un unico viaggio \u00e8 una sfida emozionante che richiede <\/span><b>pianificazione e impegno<\/b><span style=\"font-weight: 400;\">. Di seguito, ti offriamo alcuni consigli chiave per vivere questa esperienza unica:<\/span><\/p>\n<h3><b>Pianificazione dettagliata delle tappe<\/b><\/h3>\n<p><span style=\"font-weight: 400;\">Dividi il tuo percorso in <\/span><b>tratti realistici in base alla tua esperienza fisica e al tempo disponibile<\/b><span style=\"font-weight: 400;\">. Un&#8217;opzione ideale \u00e8 partire da Ferrol, che ti permetter\u00e0 di raggiungere Santiago in pochi giorni e poi dirigere i tuoi sforzi verso i primi tratti della V\u00eda Franc\u00edgena, come quello da Canterbury a Calais.<\/span><\/p>\n<h3><b>Considera la logistica del viaggio<\/b><\/h3>\n<p><span style=\"font-weight: 400;\">Pianificare come ti sposterai tra le rotte \u00e8 essenziale. Da Santiago, \u00e8 possibile<\/span><b> viaggiare in Francia o in Italia in treno o in aereo<\/b><span style=\"font-weight: 400;\"> per unirsi alla V\u00eda Franc\u00edgena. Investigare i servizi di trasporto e di ospitalit\u00e0 nei punti chiave di connessione, come nei dintorni di Roma o nelle Alpi, pu\u00f2 semplificare il processo. Contrattare servizi di supporto logistico, come il trasporto dei bagagli o tour organizzati, pu\u00f2 essere molto utile.<\/span><\/p>\n<h3><b>Preparazione fisica e mentale<\/b><\/h3>\n<p><span style=\"font-weight: 400;\">Ogni rotta presenta sfide uniche. Mentre il Cammino di Santiago include tappe con pendenze moderate, la V\u00eda Franc\u00edgena richiede maggiore resistenza in alcuni tratti. \u00c8 importante allenarsi in anticipo e portare l&#8217;attrezzatura adeguata, compresi scarpe comode e abbigliamento versatile adatto ai diversi climi.<\/span><\/p>\n","protected":false},"excerpt":{"rendered":"<p>La V\u00eda Franc\u00edgena e il Cammino di Santiago sono considerate due delle rotte di pellegrinaggio pi\u00f9 emblematiche d&#8217;Europa, con secoli di storia e tradizione spirituale alle spalle. Entrambe sono state percorse da milioni di pellegrini nel corso degli anni, trasformandosi non solo in percorsi di fede, ma anche in importanti simboli del patrimonio culturale e [&hellip;]<\/p>\n","protected":false},"author":1,"featured_media":115153,"comment_status":"open","ping_status":"open","sticky":false,"template":"","format":"standard","meta":{"footnotes":""},"categories":[573,577,585],"tags":[],"class_list":["post-115207","post","type-post","status-publish","format-standard","has-post-thumbnail","hentry","category-blog-del-cammino","category-cammino-a-piedi","category-storia"],"_links":{"self":[{"href":"https:\/\/www.mundiplus.com\/it\/wp-json\/wp\/v2\/posts\/115207","targetHints":{"allow":["GET"]}}],"collection":[{"href":"https:\/\/www.mundiplus.com\/it\/wp-json\/wp\/v2\/posts"}],"about":[{"href":"https:\/\/www.mundiplus.com\/it\/wp-json\/wp\/v2\/types\/post"}],"author":[{"embeddable":true,"href":"https:\/\/www.mundiplus.com\/it\/wp-json\/wp\/v2\/users\/1"}],"replies":[{"embeddable":true,"href":"https:\/\/www.mundiplus.com\/it\/wp-json\/wp\/v2\/comments?post=115207"}],"version-history":[{"count":1,"href":"https:\/\/www.mundiplus.com\/it\/wp-json\/wp\/v2\/posts\/115207\/revisions"}],"predecessor-version":[{"id":128900,"href":"https:\/\/www.mundiplus.com\/it\/wp-json\/wp\/v2\/posts\/115207\/revisions\/128900"}],"wp:featuredmedia":[{"embeddable":true,"href":"https:\/\/www.mundiplus.com\/it\/wp-json\/wp\/v2\/media\/115153"}],"wp:attachment":[{"href":"https:\/\/www.mundiplus.com\/it\/wp-json\/wp\/v2\/media?parent=115207"}],"wp:term":[{"taxonomy":"category","embeddable":true,"href":"https:\/\/www.mundiplus.com\/it\/wp-json\/wp\/v2\/categories?post=115207"},{"taxonomy":"post_tag","embeddable":true,"href":"https:\/\/www.mundiplus.com\/it\/wp-json\/wp\/v2\/tags?post=115207"}],"curies":[{"name":"wp","href":"https:\/\/api.w.org\/{rel}","templated":true}]}}