{"id":115235,"date":"2023-07-24T15:07:59","date_gmt":"2023-07-24T15:07:59","guid":{"rendered":"https:\/\/www.mundiplus.com\/san-francesco-dassisi-e-il-cammino-di-santiago\/"},"modified":"2023-07-24T15:07:59","modified_gmt":"2023-07-24T15:07:59","slug":"san-francesco-dassisi-e-il-cammino-di-santiago","status":"publish","type":"post","link":"https:\/\/www.mundiplus.com\/it\/blog\/san-francesco-dassisi-e-il-cammino-di-santiago\/","title":{"rendered":"San Francesco d&#8217;Assisi e il Cammino di Santiago"},"content":{"rendered":"<p>La pellegrinaggio verso Santiago de Compostela \u00e8 diventata una tradizione da secoli. Un gran numero di pellegrini, provenienti da diverse parti del mondo, ha percorso questa via. In effetti, gli esperti credono che <strong>San Francesco d&#8217;Assisi<\/strong> fosse uno di loro.<\/p>\n<h2><strong>San Francesco d&#8217;Assisi: Chi \u00e8?<\/strong><\/h2>\n<p>Francesco d&#8217;Assisi \u00e8 <strong>un santo italiano<\/strong>, figlio di un ricco commerciante che visse in estrema povert\u00e0. Visse tra i secoli XII e XIII e fond\u00f2 l&#8217;ordine francescano. Contribu\u00ec anche alla fondazione dell&#8217;ordine delle sorelle Clarisse, lavorando insieme a Chiara d&#8217;Assisi.<\/p>\n<p>Per questo motivo, fu canonizzato due anni dopo la sua morte e oggi \u00e8 considerato <strong>una grande figura del cattolicesimo<\/strong>. Si crede addirittura che faccia parte della storia accumulata del Cammino di Santiago.<\/p>\n<p>Da Mundiplus, come una delle principali <a href=\"https:\/\/www.mundiplus.com\/it\/\" target=\"_blank\" rel=\"noopener\">aziende per fare il Cammino di Santiago<\/a>, vogliamo raccontarti un po&#8217; di pi\u00f9 sulla sua storia.<\/p>\n<h2><strong>Qual \u00e8 la relazione tra il Cammino di Santiago e San Francesco d&#8217;Assisi?<\/strong><\/h2>\n<p>La relazione tra il Cammino di Santiago e San Francesco d&#8217;Assisi si basa su una tradizione scritta e orale che risale al XIV secolo. La storia racconta che Francesco inizi\u00f2 il Cammino dalla zona aragonese, per poi passare per la Navarra (specificamente Rocaforte).<\/p>\n<p>Questo avvenne tra maggio del 1213 e novembre del 1215. Cio\u00e8, dopo la Pasqua, ma prima della sua partecipazione al IV Concilio Lateranense. L\u00ec lasci\u00f2 Bernardo di Quintavalle nell&#8217; <strong>eremo dedicato a San Bartolomeo<\/strong>.<\/p>\n<p><strong>Quel edificio \u00e8 ancora in piedi<\/strong> grazie al recente lavoro di restauro del Comune e della vecchia comunit\u00e0 francescana. I membri di tale comunit\u00e0 abitarono l&#8217;edificio fino alla dismissione del XIX secolo.<\/p>\n<p>L&#8217;eremo ha le sue leggende, proprio come altri luoghi simbolici per i cattolici. Uno degli elementi di una di queste leggende, il tronco o bastone di Francesco, \u00e8 conservato nell&#8217;oratorio. In questo modo, \u00e8 considerato un segno che collega <strong>San Francesco d&#8217;Assisi<\/strong> al Cammino di Santiago.<\/p>\n<h2><strong>Le tracce di San Francesco d&#8217;Assisi lungo il Cammino di Santiago<\/strong><\/h2>\n<p>La presenza di <strong>San Francesco d&#8217;Assisi<\/strong> in diverse parti del Cammino di Santiago ha lasciato tracce. Queste sono ancora visibili oggi, percorrendo il <a href=\"https:\/\/www.mundiplus.com\/it\/caminos\/a-pie\/camino-frances\/camino-de-santiago-desde-sarria\" target=\"_blank\" rel=\"noopener\">Cammino di Santiago da Sarria a Santiago de Compostela<\/a>.<\/p>\n<p>Alcune di queste tracce si trovano in dipinti, altre in immagini scolpite nella pietra e <strong>alcune sono sopravvissute come tradizioni o leggende<\/strong>. Tuttavia, \u00e8 possibile trovarle in diverse citt\u00e0 del famoso Cammino di Santiago.<\/p>\n<h3><strong>Ca\u00f1as<\/strong><\/h3>\n<p>Le monache dell&#8217;ordine cistercense di Ca\u00f1as avevano due tradizioni orali. Una riguardava il luogo in cui era sepolta Urraca L\u00f3pez de Haro. Questa abbadessa mor\u00ec nel 1262 all&#8217;et\u00e0 di 92 anni. La seconda tradizione si basa sull&#8217;amicizia che intercorreva tra quella <strong>abbadessa e San Francesco d&#8217;Assisi<\/strong>.<\/p>\n<p>Nel 1898 furono effettuati scavi in cui fu trovato il sepolcro con incisioni delle persone che parteciparono al funerale. Nella lista ci sono due francescani che, secondo la storia, <strong>San Francesco d&#8217;Assisi<\/strong> aveva incaricato di partecipare. In questo modo, dimostr\u00f2 l&#8217;attenzione verso l&#8217;amicizia con quella donna.<\/p>\n<p><img fetchpriority=\"high\" decoding=\"async\" class=\"alignnone size-medium wp-image-29203\" src=\"https:\/\/www.mundiplus.com\/wp-content\/uploads\/2024\/04\/Puerta_de_la_Coroneria_Catedral_de_Burgos-scaled.jpg\" alt=\"Puerta Coroneria Catedral Burgos\" width=\"1024\" height=\"576\" \/><\/p>\n<h3><strong>Cammino di Santiago da Burgos a Le\u00f3n<\/strong><\/h3>\n<p>Gonzaga racconta che <strong>San Francesco d&#8217;Assisi<\/strong> ebbe un incontro con l&#8217;allora re di Castiglia. Questo incontro, il cui scopo era presentare la regola dell&#8217;ordine francescano, \u00e8 rappresentato in due cattedrali:<\/p>\n<ul>\n<li><strong>Cattedrale di Burgos<\/strong>, dove Francesco \u00e8 in coda per presentare il suo dono al Santo Fernando III. Questa scena si trova sulla porta di Coroner\u00eda.<\/li>\n<li>L&#8217;altra si trova sulla <strong>porta di Ponente, a Le\u00f3n<\/strong>. In questo caso, Francesco si trova di fronte al re. Entrambe le scene sono collocate nel contesto di un Giudizio Universale.<\/li>\n<\/ul>\n<p>D&#8217;altra parte, anche se non ci sono registrazioni che lo confermino, si dice che Villafranca abbia una tradizione francescana viva. Si crede infatti che Francesco <strong>abbia soggiornato nell&#8217;antico ospedale<\/strong> di Se\u00f1or Santiago (attuale convento delle Clarisse).<\/p>\n<h3><strong>Santiago de Compostela<\/strong><\/h3>\n<p>Ci sono diverse tradizioni che riflettono la presenza di <strong>San Francesco d&#8217;Assisi<\/strong> lungo il Cammino di Santiago.<\/p>\n<p>Si dice che il <strong>Monastero di San Benito<\/strong> abbia concesso a Francesco un terreno per costruire il suo convento. In cambio, quest&#8217;uomo si impegn\u00f2 a pagare un affitto sotto forma di una cesta di pesci ogni anno. Questa tradizione \u00e8 stata mantenuta fino al XIX secolo.<\/p>\n<p>Ma la tradizione pi\u00f9 forte \u00e8 quella di <strong>Carbonero Cotolay<\/strong>, che viveva sul Monte Pedroso. Pi\u00f9 precisamente, viveva accanto all&#8217;eremo di San Paio.<\/p>\n<p>La storia racconta che Cotolay accolse Francesco e lo aiut\u00f2 nella costruzione del convento. Pertanto, non \u00e8 sorprendente che all&#8217;interno dell&#8217;eremo di San Paio ci fosse un&#8217;immagine di San Francesco. Questa <strong>immagine risale al XIII secolo<\/strong> ed era considerata una rappresentazione dell&#8217;uomo che fu visto in quel luogo.<\/p>\n<p><img decoding=\"async\" class=\"alignnone size-medium wp-image-29204\" src=\"https:\/\/www.mundiplus.com\/wp-content\/uploads\/2024\/04\/catedral_interior-1024x685.jpg\" alt=\"Cattedrale Ciudad Rodrigo\" width=\"1024\" height=\"685\" \/><\/p>\n<h3><strong>Ciudad Rodrigo<\/strong><\/h3>\n<p>Un&#8217;altra delle tradizioni attribuite alla presenza di San Francesco d&#8217;Assisi lungo il Cammino di Santiago \u00e8 associata a questa localit\u00e0. Il testimone \u00e8 una sorprendente <strong>iconografia nella Cattedrale di Ciudad Rodrigo<\/strong>. Oltre alle scene francescane, c&#8217;\u00e8 un&#8217;immagine del XIII secolo scolpita nella pietra.<\/p>\n<p>La potrai vedere nella volta numero tre. Rappresenta San Francesco senza barba, a piedi nudi e con un bastone. In effetti, <strong>appare come lo descrive il biografo Celano<\/strong>. Per questo motivo, si racconta che quell&#8217;immagine sia stata scolpita per ricordare che pass\u00f2 da quella citt\u00e0.<\/p>\n<h3><strong>Tudela<\/strong><\/h3>\n<p>Nel ritorno di San Francesco d&#8217;Assisi verso nord, ci sono anche diverse localit\u00e0 che conservano tracce della sua presenza.<\/p>\n<p>A <strong>Tudela<\/strong> si racconta che una famiglia (i Veraiz) accolse Francesco e promosse la sua presenza nel luogo. Alcune tradizioni locali indicano che il suo itinerario per tornare in Italia passava per il popolare cammino jacobeo. Ci\u00f2 include Torrelavega, Oviedo, Viveda, Santander, San Sebasti\u00e1n e Vitoria.<\/p>\n<p>Va precisato che esistono altre tradizioni che indicano un itinerario diverso da quello descritto prima. Tuttavia, alcune sono pi\u00f9 coerenti di altre, il che rende pi\u00f9 facile scartare e individuare le vere possibilit\u00e0.<\/p>\n<p>L&#8217;Ordine Francescano ha inaugurato il 17 gennaio 2014 l&#8217;<a href=\"https:\/\/www.mundiplus.com\/it\/blog\/ano-franciscano-2014\" target=\"_blank\" rel=\"noopener\">Anno Francescano Giubilare<\/a>, che ha celebrato l&#8217;ottavo anniversario del pellegrinaggio di San Francesco d&#8217;Assisi a Santiago de Compostela.<\/p>\n","protected":false},"excerpt":{"rendered":"<p>La pellegrinaggio verso Santiago de Compostela \u00e8 diventata una tradizione da secoli. Un gran numero di pellegrini, provenienti da diverse parti del mondo, ha percorso questa via. In effetti, gli esperti credono che San Francesco d&#8217;Assisi fosse uno di loro. San Francesco d&#8217;Assisi: Chi \u00e8? Francesco d&#8217;Assisi \u00e8 un santo italiano, figlio di un ricco [&hellip;]<\/p>\n","protected":false},"author":1,"featured_media":94801,"comment_status":"open","ping_status":"open","sticky":false,"template":"","format":"standard","meta":{"footnotes":""},"categories":[573,605],"tags":[],"class_list":["post-115235","post","type-post","status-publish","format-standard","has-post-thumbnail","hentry","category-blog-del-cammino","category-siti-iconici"],"_links":{"self":[{"href":"https:\/\/www.mundiplus.com\/it\/wp-json\/wp\/v2\/posts\/115235","targetHints":{"allow":["GET"]}}],"collection":[{"href":"https:\/\/www.mundiplus.com\/it\/wp-json\/wp\/v2\/posts"}],"about":[{"href":"https:\/\/www.mundiplus.com\/it\/wp-json\/wp\/v2\/types\/post"}],"author":[{"embeddable":true,"href":"https:\/\/www.mundiplus.com\/it\/wp-json\/wp\/v2\/users\/1"}],"replies":[{"embeddable":true,"href":"https:\/\/www.mundiplus.com\/it\/wp-json\/wp\/v2\/comments?post=115235"}],"version-history":[{"count":0,"href":"https:\/\/www.mundiplus.com\/it\/wp-json\/wp\/v2\/posts\/115235\/revisions"}],"wp:featuredmedia":[{"embeddable":true,"href":"https:\/\/www.mundiplus.com\/it\/wp-json\/wp\/v2\/media\/94801"}],"wp:attachment":[{"href":"https:\/\/www.mundiplus.com\/it\/wp-json\/wp\/v2\/media?parent=115235"}],"wp:term":[{"taxonomy":"category","embeddable":true,"href":"https:\/\/www.mundiplus.com\/it\/wp-json\/wp\/v2\/categories?post=115235"},{"taxonomy":"post_tag","embeddable":true,"href":"https:\/\/www.mundiplus.com\/it\/wp-json\/wp\/v2\/tags?post=115235"}],"curies":[{"name":"wp","href":"https:\/\/api.w.org\/{rel}","templated":true}]}}