{"id":115400,"date":"2023-02-21T14:20:55","date_gmt":"2023-02-21T14:20:55","guid":{"rendered":"https:\/\/www.mundiplus.com\/cammino-portoghese-in-gruppo-da-tui\/"},"modified":"2023-02-21T14:20:55","modified_gmt":"2023-02-21T14:20:55","slug":"cammino-portoghese-in-gruppo-da-tui","status":"publish","type":"post","link":"https:\/\/www.mundiplus.com\/it\/blog\/cammino-portoghese-in-gruppo-da-tui\/","title":{"rendered":"Cammino Portoghese in gruppo da Tui"},"content":{"rendered":"<div class=\"product__itinerario\">\n<div class=\"itinerario__pretext\">\n<div>\n<p>Questo itinerario che abbiamo progettato <strong>del Cammino di Santiago in gruppo da Tui<\/strong> \u00e8 ideale per gruppi di amici che vogliono vivere l&#8217;esperienza di questa antica via di pellegrinaggio in <strong>ostelli privati<\/strong> e condividendo l&#8217;alloggio e il bagno con altri pellegrini di diverse nazionalit\u00e0 e culture.<\/p>\n<p>Se invece cerchi un altro tipo di comodit\u00e0 e privacy, ti consigliamo <a href=\"https:\/\/www.mundiplus.com\/it\/caminos\/a-pie\/camino-portugues\/camino-de-santiago-desde-tui\" target=\"_blank\" rel=\"noopener\">Cammino di Santiago da Tui a Santiago<\/a> in alloggi con charme e camere private.<\/p>\n<div class=\"mp-box mp-box--check\">\n<p><strong style=\"font-size: 1em; letter-spacing: 0.026em;\">GRUPPO MINIMO DI 15 PERSONE:<\/strong><span style=\"background-color: #fbfeff; font-size: 1em; letter-spacing: 0.026em;\"> Il prezzo per persona fornito \u00e8 per gruppi di amici, famiglie, scuole, associazioni, ecc <strong>che siano gi\u00e0 formati al momento della prenotazione<\/strong>.<\/span><\/p>\n<\/div>\n<div class=\"mp-box mp-box--excl\">\n<p><strong style=\"font-size: 1em; letter-spacing: 0.026em;\">!!IMPORTANTE!!<\/strong><span style=\"background-color: #fbfeff; font-size: 1em; letter-spacing: 0.026em;\"> A differenza di altre aziende, <\/span><strong style=\"font-size: 1em; letter-spacing: 0.026em;\">LA NOSTRA TARIFFA INCLUDE <\/strong><strong style=\"font-size: 1em; letter-spacing: 0.026em;\">ASSICURAZIONE DI VIAGGIO E VEICOLO DI ASSISTENZA IN CASO DI EMERGENZA<\/strong><span style=\"background-color: #fbfeff; font-size: 1em; letter-spacing: 0.026em;\">, per la tua maggiore sicurezza e tranquillit\u00e0.<\/span><\/p>\n<\/div>\n<\/div>\n<\/div>\n<\/div>\n<p>&nbsp;<\/p>\n<div class=\"product__itinerario\">\n<div class=\"itinerario__pretext\">\n<div>\n<h2 class=\"section_title section-title\">INFORMAZIONI CAMMINO DI SANTIAGO IN GRUPPO DA TUI<\/h2>\n<\/div>\n<\/div>\n<\/div>\n<div class=\"product__itinerario\">\n<div class=\"section_content\">\n<ul class=\"mp-list mp-list--check\">\n<li class=\"lista--item\">Distanza da Tui a Santiago: 116 km<\/li>\n<li class=\"lista--item\">Durata: 7 giorni\/6 notti\/5 tappe<\/li>\n<li>Gruppo minimo di 15 persone che si conoscano gi\u00e0 e vogliano che creiamo un percorso esclusivo per il loro gruppo.<\/li>\n<li class=\"lista--item\">Date: scelta libera! Scegli tu il giorno in cui vuoi viaggiare con il tuo gruppo!\n<ul class=\"lista lista_check\">\n<li class=\"lista--item\">Il viaggio deve essere prenotato almeno 1 settimana prima della data scelta.<\/li>\n<\/ul>\n<\/li>\n<\/ul>\n<\/div>\n<\/div>\n<div class=\"product__itinerario\">\n<div class=\"section_content\">\n<p>&nbsp;<\/p>\n<\/div>\n<h3 class=\"itinerario__title section-title size-h2\">TAPPE CAMMINO PORTOGHESE IN GRUPPO DA TUI<\/h3>\n<div class=\"itinerario__list\">\n<div>\n<div>\n<div>\n<div><strong>Giorno 1.- Arrivo a Tui. Alloggio.<\/strong><\/div>\n<div><\/div>\n<div><strong>Giorno 2.- Tappa Tui &#8211; Redondela (31,2 km). Alloggio.<\/strong><\/div>\n<div><\/div>\n<div><strong>Giorno 3.- Tappa Redondela &#8211; Pontevedra (19,8 km). Alloggio.<\/strong><\/div>\n<div><\/div>\n<div><strong>Giorno 4.- Tappa Pontevedra &#8211; Caldas de Reis (21,9 km). Alloggio.<\/strong><\/div>\n<div><\/div>\n<div><strong>Giorno 5.- Tappa Caldas de Reis &#8211; Padr\u00f3n (18,5 km). Alloggio.<\/strong><\/div>\n<div><\/div>\n<div><strong>Giorno 6.- Tappa Padr\u00f3n &#8211; Santiago de Compostela (24,6 km). Alloggio.<\/strong><\/div>\n<\/div>\n<\/div>\n<\/div>\n<div class=\"itinerario__list--item etapa-7\">\n<div class=\"etapa__header sticky sticky-sentinel\">\n<div class=\"etapa__title\">\n<h4>Giorno 7: Colazione\u2013Fine dei nostri servizi<\/h4>\n<p>&nbsp;<\/p>\n<\/div>\n<div class=\"mp-box mp-box--check\">\n<p><strong>SERVIZI INCLUSI<\/strong><\/p>\n<ul>\n<li>Camere condivise con letto (Cuccetta)<\/li>\n<li>Colazione<\/li>\n<li>Assicurazione di assistenza viaggio in Spagna<\/li>\n<li>Veicolo di assistenza in caso di emergenza durante il percorso<\/li>\n<li>Documento informativo digitale del cammino<\/li>\n<li>Assistenza telefonica durante il percorso<\/li>\n<li>Trasporto dei bagagli durante le tappe: 1 valigia per persona, massimo 20 kg<\/li>\n<li>Regali: Credenziale del pellegrino, Conchiglia del pellegrino e Prodotto tipico galiziano<\/li>\n<li>Nessun costo di cancellazione: fino a 15 giorni prima dell&#8217;inizio del cammino (senza motivo)<\/li>\n<li>IVA<\/li>\n<\/ul>\n<\/div>\n<p>&nbsp;<\/p>\n<\/div>\n<\/div>\n<\/div>\n<\/div>\n<div class=\"mp-box mp-box--check\">\n<p><strong>SERVIZI OPZIONALI<\/strong><\/p>\n<ul>\n<li>Dividere la tappa Tui-Redondela (2 tappe)<\/li>\n<li>Notte extra a Santiago<\/li>\n<li>Trasporto dall&#8217;Aeroporto di Santiago<\/li>\n<li>Assicurazione di annullamento<\/li>\n<li>Escursioni di 1 giorno: Finisterre (Costa da morte) e\/o R\u00edas Baixas<\/li>\n<li>Bagagli aggiuntivi: se porti pi\u00f9 di 1 valigia per persona<\/li>\n<\/ul>\n<\/div>\n<p>&nbsp;<\/p>\n<p style=\"text-align: center;\"><strong>PREZZO: 235\u20ac A PERSONA IN CAMERA CONDIVISA CON CUCCETTA<\/strong><\/p>\n<div class=\"product__alojamientos container--shadow\">\n<div class=\"alojamientos__title section-title size-div\">\n<h4><i class=\"fal fa-home-lg\"><\/i> ALLOGGIO IN OSTELLI PRIVATI DEL CAMMINO DI SANTIAGO<\/h4>\n<\/div>\n<div class=\"alojamientos__texto color-darkgrey\">\n<p>Gli alloggi che offriamo ai nostri clienti saranno ostelli privati in camere condivise (letto a cuccetta)<\/p>\n<p>Supervisioniamo e selezioniamo personalmente gli alloggi, sulla base della soddisfazione dei nostri clienti nel corso degli anni.<\/p>\n<p>Poich\u00e9 si tratta di strutture con capacit\u00e0 limitata, il nome esatto degli alloggi verr\u00e0 fornito una volta che avrai confermato la prenotazione del viaggio, e verificheremo la disponibilit\u00e0 nelle date che avrai scelto.<\/p>\n<p>Questo <a href=\"https:\/\/www.mundiplus.com\/it\/\" target=\"_blank\" rel=\"noopener\">viaggio organizzato del Cammino di Santiago<\/a> per gruppi \u00e8 la scelta migliore se desideri condividere l&#8217;esperienza con altre persone a tua scelta e non vuoi intraprendere questa avventura da solo. Se cerchi alloggi semplici, economici ma soprattutto puliti, questa \u00e8 la scelta migliore.<\/p>\n<p><strong>!!IL TUO RIPOSO E DIVERTIMENTO SARANNO IL NOSTRO PRINCIPALE OBIETTIVO!!<\/strong><\/p>\n<p>&nbsp;<\/p>\n<\/div>\n<div class=\"mp-box mp-box--check\">\n<p>Se desideri maggiori informazioni <a href=\"https:\/\/www.mundiplus.com\/it\/contacto\" target=\"_blank\" rel=\"noopener\">contattaci<\/a> e ti assisteremo in base alle necessit\u00e0 del tuo gruppo. Un&#8217;altra possibilit\u00e0 se viaggi con il tuo gruppo \u00e8 fare il <a href=\"https:\/\/www.mundiplus.com\/it\/blog\/camino-de-santiago-en-grupo-desde-sarria\" target=\"_blank\" rel=\"noopener\">Cammino di Santiago Francese da Sarria<\/a>.<\/p>\n<\/div>\n<\/div>\n","protected":false},"excerpt":{"rendered":"<p>Questo itinerario che abbiamo progettato del Cammino di Santiago in gruppo da Tui \u00e8 ideale per gruppi di amici che vogliono vivere l&#8217;esperienza di questa antica via di pellegrinaggio in ostelli privati e condividendo l&#8217;alloggio e il bagno con altri pellegrini di diverse nazionalit\u00e0 e culture. Se invece cerchi un altro tipo di comodit\u00e0 e [&hellip;]<\/p>\n","protected":false},"author":1,"featured_media":73389,"comment_status":"open","ping_status":"open","sticky":false,"template":"","format":"standard","meta":{"footnotes":""},"categories":[573,593],"tags":[],"class_list":["post-115400","post","type-post","status-publish","format-standard","has-post-thumbnail","hentry","category-blog-del-cammino","category-per-stranieri"],"_links":{"self":[{"href":"https:\/\/www.mundiplus.com\/it\/wp-json\/wp\/v2\/posts\/115400","targetHints":{"allow":["GET"]}}],"collection":[{"href":"https:\/\/www.mundiplus.com\/it\/wp-json\/wp\/v2\/posts"}],"about":[{"href":"https:\/\/www.mundiplus.com\/it\/wp-json\/wp\/v2\/types\/post"}],"author":[{"embeddable":true,"href":"https:\/\/www.mundiplus.com\/it\/wp-json\/wp\/v2\/users\/1"}],"replies":[{"embeddable":true,"href":"https:\/\/www.mundiplus.com\/it\/wp-json\/wp\/v2\/comments?post=115400"}],"version-history":[{"count":0,"href":"https:\/\/www.mundiplus.com\/it\/wp-json\/wp\/v2\/posts\/115400\/revisions"}],"wp:featuredmedia":[{"embeddable":true,"href":"https:\/\/www.mundiplus.com\/it\/wp-json\/wp\/v2\/media\/73389"}],"wp:attachment":[{"href":"https:\/\/www.mundiplus.com\/it\/wp-json\/wp\/v2\/media?parent=115400"}],"wp:term":[{"taxonomy":"category","embeddable":true,"href":"https:\/\/www.mundiplus.com\/it\/wp-json\/wp\/v2\/categories?post=115400"},{"taxonomy":"post_tag","embeddable":true,"href":"https:\/\/www.mundiplus.com\/it\/wp-json\/wp\/v2\/tags?post=115400"}],"curies":[{"name":"wp","href":"https:\/\/api.w.org\/{rel}","templated":true}]}}