{"id":115425,"date":"2025-01-17T19:06:21","date_gmt":"2025-01-17T19:06:21","guid":{"rendered":"https:\/\/www.mundiplus.com\/?p=115425"},"modified":"2025-01-25T12:12:48","modified_gmt":"2025-01-25T12:12:48","slug":"cosa-vedere-a-irun","status":"publish","type":"post","link":"https:\/\/www.mundiplus.com\/it\/cosa-vedere-a-irun\/","title":{"rendered":"Cosa vedere a Irun"},"content":{"rendered":"<p><img fetchpriority=\"high\" decoding=\"async\" class=\"alignnone wp-image-115297 size-full\" src=\"https:\/\/www.mundiplus.com\/wp-content\/uploads\/2024\/12\/Irun-Mundiplus.jpg\" alt=\"\" width=\"1024\" height=\"768\" srcset=\"https:\/\/www.mundiplus.com\/wp-content\/uploads\/2024\/12\/Irun-Mundiplus.jpg 1024w, https:\/\/www.mundiplus.com\/wp-content\/uploads\/2024\/12\/Irun-Mundiplus-300x225.jpg 300w, https:\/\/www.mundiplus.com\/wp-content\/uploads\/2024\/12\/Irun-Mundiplus-768x576.jpg 768w, https:\/\/www.mundiplus.com\/wp-content\/uploads\/2024\/12\/Irun-Mundiplus-600x450.jpg 600w\" sizes=\"(max-width: 1024px) 100vw, 1024px\" \/><\/p>\n<p><span style=\"font-weight: 400;\">Ir\u00fan, situata vicino al confine con la Francia, \u00e8 un <\/span><b>punto di partenza per i pellegrini che intraprendono il Cammino del Nord<\/b><span style=\"font-weight: 400;\">. <\/span><\/p>\n<p><span style=\"font-weight: 400;\">Dalle sue origini come <\/span><b>insediamento romano<\/b><span style=\"font-weight: 400;\"> noto come Oiasso, fino al suo ruolo come punto di inizio di una delle rotte pi\u00f9 spettacolari del Cammino, combina storia, cultura e natura. Ir\u00fan non \u00e8 solo un luogo di passaggio, ma l&#8217;inizio di un&#8217;esperienza indimenticabile nel Cammino.<\/span><\/p>\n<p><span style=\"font-weight: 400;\">Per coloro che decidono di iniziare la loro peregrinazione da qui, questa localit\u00e0 offre l&#8217;<\/span><b>equilibrio perfetto tra tradizione e modernit\u00e0<\/b><span style=\"font-weight: 400;\">. Le sue strade, monumenti e paesaggi trasmettono lo spirito delle vie jacobeane, mentre la sua eccellente connettivit\u00e0 e i servizi permettono di pianificare ogni dettaglio prima della partenza.<\/span><\/p>\n<p><span style=\"font-weight: 400;\">Se stai pensando di iniziare il tuo Cammino del Nord da Ir\u00fan, qui ti raccontiamo tutto ci\u00f2 che devi sapere per goderti al massimo questa tappa iniziale.<\/span><\/p>\n<p>&nbsp;<\/p>\n<h2><b>Importanza di Ir\u00fan come punto strategico nel nord della Spagna<\/b><\/h2>\n<p><span style=\"font-weight: 400;\">Situata sulle rive del fiume Bidasoa, questa localit\u00e0 ha giocato un ruolo importante come <\/span><b>punto strategico<\/b><span style=\"font-weight: 400;\"> nel nord della Spagna. La sua posizione al confine con la Francia le conferisce una connessione essenziale per viaggiatori, commercianti e pellegrini nel corso dei secoli.<\/span><\/p>\n<p><span style=\"font-weight: 400;\">Inoltre, Ir\u00fan \u00e8 un <\/span><b>punto chiave di trasporto<\/b><span style=\"font-weight: 400;\">, con <\/span><b>eccellenti collegamenti stradali, ferroviari e aerei<\/b><span style=\"font-weight: 400;\">. Indipendentemente dal mezzo scelto, facilita l&#8217;arrivo di turisti e pellegrini che desiderano esplorare la citt\u00e0 e i suoi dintorni. La sua <\/span><b>prossimit\u00e0 al mare e ai Pirenei<\/b><span style=\"font-weight: 400;\"> la rende ideale per chi cerca di combinare natura, storia e cultura.<\/span><\/p>\n<p>&nbsp;<\/p>\n<h2><b>Ir\u00fan e il Cammino di Santiago: inizio del Cammino del Nord<\/b><\/h2>\n<p><span style=\"font-weight: 400;\">Ir\u00fan \u00e8 conosciuta per essere l&#8217;<\/span><a href=\"https:\/\/www.mundiplus.com\/it\/\"><b>inizio del Cammino di Santiago<\/b><\/a><span style=\"font-weight: 400;\"> se scegli il Cammino del Nord. <\/span><\/p>\n<p><span style=\"font-weight: 400;\">Questa storica rotta ha le sue <\/span><b>radici nel Medioevo<\/b><span style=\"font-weight: 400;\">, quando i pellegrini provenienti dall&#8217;Europa attraversavano il confine franco-spagnolo per arrivare a Santiago de Compostela. La citt\u00e0, situata lungo il fiume Bidasoa, \u00e8 diventata un punto di partenza per coloro che intraprendevano questo cammino grazie alla sua <\/span><b>connessione con la Francia e il resto d&#8217;Europa<\/b><span style=\"font-weight: 400;\">.<\/span><\/p>\n<p><span style=\"font-weight: 400;\">Con il suo centro storico e i servizi moderni, offre il luogo perfetto per iniziare l&#8217;avventura, preparando sia lo spirito che il corpo per il viaggio. Inoltre, qui \u00e8 possibile trovare numerosi servizi progettati specificamente per i pellegrini. Dai rifugi ai punti informativi, questa citt\u00e0 fornisce supporto a chi sceglie di iniziare qui il proprio cammino.<\/span><\/p>\n<p>&nbsp;<\/p>\n<h3><b>Motivi per scegliere il Cammino del Nord<\/b><\/h3>\n<p><span style=\"font-weight: 400;\">Di seguito, ecco alcune ragioni per optare per questa rotta:<\/span><\/p>\n<ul>\n<li aria-level=\"1\"><b>Paesaggi costieri e natura. <\/b><span style=\"font-weight: 400;\">A differenza delle <\/span><a href=\"https:\/\/www.mundiplus.com\/it\/caminos\/a-pie\/camino-ingles\/camino-de-santiago-desde-ferrol\/\"><b>tappe del Cammino da Ferrol<\/b><\/a><span style=\"font-weight: 400;\">, che si sviluppano principalmente in zone rurali, il Cammino del Nord consente di godere di <\/span><b>panorami sul mare Cantabrico, spiagge e scogliere<\/b><span style=\"font-weight: 400;\">. Questa vicinanza alla costa offre un&#8217;esperienza visiva arricchente e una connessione speciale con la natura.<\/span><\/li>\n<\/ul>\n<p>&nbsp;<\/p>\n<ul>\n<li aria-level=\"1\"><b>Minore affluenza di pellegrini<\/b><span style=\"font-weight: 400;\">. Questa rotta \u00e8 meno frequentata rispetto ad altre, come il <\/span><a href=\"https:\/\/www.mundiplus.com\/it\/caminos\/a-pie\/camino-ingles\/\"><b>percorso del Cammino Inglese<\/b><\/a><span style=\"font-weight: 400;\">. Questa minore affluenza consente un&#8217;esperienza pi\u00f9 tranquilla e personale, ideale per chi cerca introspezione e momenti di solitudine durante la peregrinazione.<\/span><\/li>\n<\/ul>\n<p>&nbsp;<\/p>\n<ul>\n<li aria-level=\"1\"><b>Ricchezza culturale e gastronomica. <\/b><span style=\"font-weight: 400;\">Lungo il Cammino del Nord, i pellegrini attraversano regioni con una profonda eredit\u00e0 culturale e gastronomica, come i Paesi Baschi, la Cantabria e le Asturie. Questo contrasta con il <\/span><a href=\"https:\/\/www.mundiplus.com\/it\/caminos\/a-pie\/camino-finisterre\/camino-de-santiago-a-finisterre\/\"><b>percorso verso Finisterre<\/b><\/a><span style=\"font-weight: 400;\">, che non offre la stessa variet\u00e0 regionale in un cos\u00ec breve tratto.<\/span><\/li>\n<\/ul>\n<p>&nbsp;<\/p>\n<ul>\n<li aria-level=\"1\"><b>Sfida fisica moderata<\/b><span style=\"font-weight: 400;\">. Rispetto alle <\/span><a href=\"https:\/\/www.mundiplus.com\/it\/caminos\/a-pie\/camino-primitivo\/\"><b>tappe del Cammino Primitivo<\/b><\/a><span style=\"font-weight: 400;\">, conosciute per la loro difficolt\u00e0 a causa dei terreni montuosi e dei dislivelli pronunciati, questa rotta presenta una sfida fisica moderata. Pur avendo alcune tappe impegnative, l&#8217;altitudine e la difficolt\u00e0 sono generalmente minori, rendendola pi\u00f9 accessibile per una variet\u00e0 di pellegrini.<\/span><\/li>\n<\/ul>\n<p>&nbsp;<\/p>\n<ul>\n<li aria-level=\"1\"><b>Infrastrutture e servizi<\/b><span style=\"font-weight: 400;\">. Il Cammino del Nord ha migliorato le sue infrastrutture negli ultimi anni, offrendo una vasta gamma di alloggi e servizi per i pellegrini. Sebbene non raggiunga la densit\u00e0 di opzioni del <\/span><a href=\"https:\/\/www.mundiplus.com\/it\/caminos\/a-pie\/camino-frances\/camino-de-santiago-desde-o-cebreiro\/\"><b>Cammino da O Cebreiro a Santiago<\/b><\/a><span style=\"font-weight: 400;\">, permette una pianificazione flessibile e comfort durante il viaggio.<\/span><\/li>\n<\/ul>\n<p>&nbsp;<\/p>\n<ul>\n<li aria-level=\"1\"><b>Connessioni con altre rotte<\/b><span style=\"font-weight: 400;\">. Il Cammino del Nord offre la possibilit\u00e0 di collegarsi con altre rotte jacobeane, come il Cammino Primitivo a Oviedo. Permette ai pellegrini di personalizzare il loro percorso in base ai loro interessi e al tempo disponibile. Questa flessibilit\u00e0 non \u00e8 cos\u00ec comune in rotte pi\u00f9 lineari come il Cammino Inglese.<\/span><\/li>\n<\/ul>\n<p>&nbsp;<\/p>\n<h2><b>Cosa vedere a Ir\u00fan<\/b><\/h2>\n<p><img decoding=\"async\" class=\"alignnone wp-image-115291 size-full\" src=\"https:\/\/www.mundiplus.com\/wp-content\/uploads\/2024\/12\/Isla-de-los-Faisanes-Mundiplus.jpg\" alt=\"\" width=\"1024\" height=\"768\" srcset=\"https:\/\/www.mundiplus.com\/wp-content\/uploads\/2024\/12\/Isla-de-los-Faisanes-Mundiplus.jpg 1024w, https:\/\/www.mundiplus.com\/wp-content\/uploads\/2024\/12\/Isla-de-los-Faisanes-Mundiplus-300x225.jpg 300w, https:\/\/www.mundiplus.com\/wp-content\/uploads\/2024\/12\/Isla-de-los-Faisanes-Mundiplus-768x576.jpg 768w, https:\/\/www.mundiplus.com\/wp-content\/uploads\/2024\/12\/Isla-de-los-Faisanes-Mundiplus-600x450.jpg 600w\" sizes=\"(max-width: 1024px) 100vw, 1024px\" \/><\/p>\n<p><span style=\"font-weight: 400;\">Di seguito, vengono presentati alcuni dei principali punti di interesse che ogni visitatore dovrebbe conoscere:<\/span><\/p>\n<p>&nbsp;<\/p>\n<h3><b>Ermita di Santa Elena<\/b><\/h3>\n<p><span style=\"font-weight: 400;\">Situata nel <\/span><b>centro storico<\/b><span style=\"font-weight: 400;\">, l&#8217;Ermita di Santa Elena \u00e8 un luogo di grande rilevanza archeologica e spirituale. Durante la sua costruzione, sono stati trovati <\/span><b>resti di un tempio romano e una necropoli<\/b><span style=\"font-weight: 400;\">, a testimonianza dell&#8217;importanza storica della zona.<\/span><\/p>\n<p><span style=\"font-weight: 400;\">L&#8217;attuale ermita, in <\/span><b>stile gotico<\/b><span style=\"font-weight: 400;\">, ospita un&#8217;immagine di Santa Elena ed \u00e8 un punto di sosta per i pellegrini del Cammino di Santiago.<\/span><\/p>\n<p>&nbsp;<\/p>\n<h3><b>Parco Naturale delle Pe\u00f1as de Aia (Aiako Harria)<\/b><\/h3>\n<p><img decoding=\"async\" class=\"alignnone wp-image-115285 size-full\" src=\"https:\/\/www.mundiplus.com\/wp-content\/uploads\/2024\/12\/Parque-Natural-de-Penas-de-Aia-Mundiplus.jpg\" alt=\"\" width=\"1024\" height=\"664\" srcset=\"https:\/\/www.mundiplus.com\/wp-content\/uploads\/2024\/12\/Parque-Natural-de-Penas-de-Aia-Mundiplus.jpg 1024w, https:\/\/www.mundiplus.com\/wp-content\/uploads\/2024\/12\/Parque-Natural-de-Penas-de-Aia-Mundiplus-300x195.jpg 300w, https:\/\/www.mundiplus.com\/wp-content\/uploads\/2024\/12\/Parque-Natural-de-Penas-de-Aia-Mundiplus-768x498.jpg 768w, https:\/\/www.mundiplus.com\/wp-content\/uploads\/2024\/12\/Parque-Natural-de-Penas-de-Aia-Mundiplus-600x389.jpg 600w\" sizes=\"(max-width: 1024px) 100vw, 1024px\" \/><\/p>\n<p><span style=\"font-weight: 400;\">Questo parco naturale \u00e8 l&#8217;<\/span><b>unico massiccio granitico della Gipuzkoa<\/b><span style=\"font-weight: 400;\"> e si estende nei comuni di Ir\u00fan, Oiartzun e Hernani. Con le sue spettacolari formazioni rocciose, foreste lussureggianti e sentieri per escursioni, \u00e8 un paradiso per gli amanti della natura.<\/span><\/p>\n<p><span style=\"font-weight: 400;\">Dalle sue vette, si possono ammirare panorami dell&#8217;ambiente circostante, tra cui la <\/span><b>baia di Txingudi e i Pirenei<\/b><span style=\"font-weight: 400;\">. Inoltre, il parco ospita una <\/span><b>ricca biodiversit\u00e0<\/b><span style=\"font-weight: 400;\">, ed \u00e8 la casa di numerose specie di flora e fauna.<\/span><\/p>\n<p>&nbsp;<\/p>\n<h3><b>Isola dei Faisani<\/b><\/h3>\n<p><span style=\"font-weight: 400;\">Situata nel fiume Bidasoa, questa piccola isola \u00e8 conosciuta per essere il <\/span><b>condominio pi\u00f9 piccolo del mondo<\/b><span style=\"font-weight: 400;\">, amministrato congiuntamente dalla Spagna e dalla Francia. Storicamente, \u00e8 stato il luogo in cui \u00e8 stato firmato il <\/span><b>Trattato dei Pirenei nel 1659<\/b><span style=\"font-weight: 400;\">, che pose fine alla guerra tra i due paesi. <\/span><\/p>\n<p><span style=\"font-weight: 400;\">Anche se <\/span><b>l&#8217;accesso all&#8217;isola \u00e8 limitato<\/b><span style=\"font-weight: 400;\">, \u00e8 possibile ammirarla dalle rive del fiume e apprezzarne la rilevanza storica e diplomatica.<\/span><\/p>\n<p>&nbsp;<\/p>\n<h3><b>Palazzo di Urdanibia<\/b><\/h3>\n<p><span style=\"font-weight: 400;\">Questo <\/span><b>edificio rinascimentale<\/b><span style=\"font-weight: 400;\"> \u00e8 una testimonianza del patrimonio architettonico della localit\u00e0. Costruito nel <\/span><b>secolo XVII<\/b><span style=\"font-weight: 400;\">, si distingue per la sua facciata in pietra e i dettagli ornamentali. Nel corso degli anni, ha avuto <\/span><b>diversi scopi<\/b><span style=\"font-weight: 400;\"> ed \u00e8 attualmente un simbolo del patrimonio storico della citt\u00e0. <\/span><\/p>\n<p><span style=\"font-weight: 400;\">La sua posizione in un ambiente naturale aggiunge un ulteriore fascino per i visitatori interessati alla storia e all&#8217;architettura.<\/span><\/p>\n<p>&nbsp;<\/p>\n<h3><b>Parco Ecologico di Plaiaundi<\/b><\/h3>\n<p><span style=\"font-weight: 400;\">Questo spazio naturale, situato alla <\/span><b>foce del fiume Bidasoa<\/b><span style=\"font-weight: 400;\">, \u00e8 un punto chiave per l&#8217;<\/span><b>osservazione degli uccelli migratori<\/b><span style=\"font-weight: 400;\">. Con una vasta variet\u00e0 di animali e piante, offre sentieri e punti panoramici che permettono ai visitatori di godere della biodiversit\u00e0 e dei paesaggi unici della zona. \u00c8 un luogo ideale per passeggiate tranquille e per entrare in contatto con la natura nel cuore della citt\u00e0.<\/span><\/p>\n<p>&nbsp;<\/p>\n<h3><b>Museo Romano Oiasso<\/b><\/h3>\n<p><span style=\"font-weight: 400;\">Questo museo archeologico espone i <\/span><b>ritrovamenti dell&#8217;antica citt\u00e0 romana di Oiasso<\/b><span style=\"font-weight: 400;\">. Attraverso le sue esposizioni, i visitatori possono conoscere la vita quotidiana, il commercio e le tradizioni dell&#8217;epoca romana nella regione. Il museo organizza anche attivit\u00e0 e laboratori educativi, ed \u00e8 una visita imperdibile per chi \u00e8 interessato alla storia antica.<\/span><\/p>\n<p>&nbsp;<\/p>\n<h3><b>Chiesa di Nostra Signora del Juncal<\/b><\/h3>\n<p><span style=\"font-weight: 400;\">Costruita nel <\/span><b>secolo XVI<\/b><span style=\"font-weight: 400;\">, questa chiesa \u00e8 uno dei templi pi\u00f9 antichi di Ir\u00fan. Si distingue per la sua <\/span><b>architettura gotica<\/b><span style=\"font-weight: 400;\"> e ospita al suo interno un&#8217;immagine della Vergine del Juncal, patrona della citt\u00e0, che risale al <\/span><b>secolo XII<\/b><span style=\"font-weight: 400;\">. <\/span><\/p>\n<p><span style=\"font-weight: 400;\">Recentemente, \u00e8 stato aperto al pubblico il campanile della chiesa. I visitatori, dopo aver salito i suoi 167 gradini, potranno godere di impressionanti <\/span><b>panorami sulla baia di Txingudi<\/b><span style=\"font-weight: 400;\"> e sulle montagne circostanti.<\/span><\/p>\n<p>&nbsp;<\/p>\n<h3><b>Piazza di San Juan e Municipio di Ir\u00fan<\/b><\/h3>\n<p><span style=\"font-weight: 400;\">La <\/span><b>Piazza di San Juan<\/b><span style=\"font-weight: 400;\"> \u00e8 il cuore della citt\u00e0 e un punto di incontro per i locali. In essa si trova il <\/span><b>Municipio<\/b><span style=\"font-weight: 400;\">, un edificio di architettura distintiva che ha testimoniato eventi significativi nella storia di Ir\u00fan. La piazza \u00e8 anche sede di diverse attivit\u00e0 culturali e festive, specialmente durante le celebrazioni locali.<\/span><\/p>\n<p>&nbsp;<\/p>\n<h3><b>Passeggiata di Col\u00f3n<\/b><\/h3>\n<p><span style=\"font-weight: 400;\">Questa avenue \u00e8 una delle <\/span><b>principali arterie<\/b><span style=\"font-weight: 400;\"> della localit\u00e0, conosciuta per i suoi negozi, caff\u00e8 e l&#8217;atmosfera vivace. \u00c8 un luogo ideale per passeggiare, fare acquisti e gustare la gastronomia locale nei suoi numerosi locali. Inoltre, ospita eventi e fiere durante tutto l&#8217;anno, diventando un punto nevralgico della vita urbana.<\/span><\/p>\n<p>&nbsp;<\/p>\n<h3><b>Ponte Internazionale di Santiago<\/b><\/h3>\n<p><span style=\"font-weight: 400;\">Questo ponte <\/span><b>collega Ir\u00fan alla localit\u00e0 francese di Hendaya<\/b><span style=\"font-weight: 400;\">, simboleggiando l&#8217;unione tra Spagna e Francia. \u00c8 un valico di frontiera di grande importanza storica e attuale, e offre panorami pittoreschi sul fiume Bidasoa. Attraversare il ponte consente ai visitatori di vivere la transizione tra due culture e paesaggi diversi in pochi minuti.<\/span><\/p>\n<p>&nbsp;<\/p>\n<h2><b>Gastronomia locale<\/b><\/h2>\n<p><span style=\"font-weight: 400;\">La cucina di Ir\u00fan \u00e8 un riflesso della ricca tradizione gastronomica basca. I visitatori possono gustare piatti tipici come la <\/span><b>marmita di pesce e i calamari ripieni<\/b><span style=\"font-weight: 400;\">.<\/span> <span style=\"font-weight: 400;\">Inoltre, la citt\u00e0 \u00e8 famosa per i suoi pintxos, piccole delizie che si possono degustare nei bar del centro, offrendo un&#8217;esperienza culinaria unica.<\/span><\/p>\n<p>&nbsp;<\/p>\n<h2><b>Festivit\u00e0 locali<\/b><\/h2>\n<p><span style=\"font-weight: 400;\">Ir\u00fan celebra diverse festivit\u00e0 durante l&#8217;anno, le pi\u00f9 importanti sono le <\/span><b>Feste di San Pedro e San Marcial<\/b><span style=\"font-weight: 400;\">, che si tengono il 29 e 30 giugno. Queste celebrazioni includono sfilate, musica ed eventi culturali che riflettono le tradizioni locali.<\/span><\/p>\n<p><span style=\"font-weight: 400;\">Durante il periodo natalizio, la citt\u00e0 offre un programma ricco di attivit\u00e0 per tutti i pubblici, tra cui mercatini natalizi, piste di ghiaccio e spettacoli di strada.<\/span><\/p>\n","protected":false},"excerpt":{"rendered":"<p>Ir\u00fan, situata vicino al confine con la Francia, \u00e8 un punto di partenza per i pellegrini che intraprendono il Cammino del Nord. Dalle sue origini come insediamento romano noto come Oiasso, fino al suo ruolo come punto di inizio di una delle rotte pi\u00f9 spettacolari del Cammino, combina storia, cultura e natura. Ir\u00fan non \u00e8 [&hellip;]<\/p>\n","protected":false},"author":1,"featured_media":115301,"comment_status":"open","ping_status":"open","sticky":false,"template":"","format":"standard","meta":{"footnotes":""},"categories":[573,577,601],"tags":[],"class_list":["post-115425","post","type-post","status-publish","format-standard","has-post-thumbnail","hentry","category-blog-del-cammino","category-cammino-a-piedi","category-paesi-e-regioni"],"_links":{"self":[{"href":"https:\/\/www.mundiplus.com\/it\/wp-json\/wp\/v2\/posts\/115425","targetHints":{"allow":["GET"]}}],"collection":[{"href":"https:\/\/www.mundiplus.com\/it\/wp-json\/wp\/v2\/posts"}],"about":[{"href":"https:\/\/www.mundiplus.com\/it\/wp-json\/wp\/v2\/types\/post"}],"author":[{"embeddable":true,"href":"https:\/\/www.mundiplus.com\/it\/wp-json\/wp\/v2\/users\/1"}],"replies":[{"embeddable":true,"href":"https:\/\/www.mundiplus.com\/it\/wp-json\/wp\/v2\/comments?post=115425"}],"version-history":[{"count":0,"href":"https:\/\/www.mundiplus.com\/it\/wp-json\/wp\/v2\/posts\/115425\/revisions"}],"wp:featuredmedia":[{"embeddable":true,"href":"https:\/\/www.mundiplus.com\/it\/wp-json\/wp\/v2\/media\/115301"}],"wp:attachment":[{"href":"https:\/\/www.mundiplus.com\/it\/wp-json\/wp\/v2\/media?parent=115425"}],"wp:term":[{"taxonomy":"category","embeddable":true,"href":"https:\/\/www.mundiplus.com\/it\/wp-json\/wp\/v2\/categories?post=115425"},{"taxonomy":"post_tag","embeddable":true,"href":"https:\/\/www.mundiplus.com\/it\/wp-json\/wp\/v2\/tags?post=115425"}],"curies":[{"name":"wp","href":"https:\/\/api.w.org\/{rel}","templated":true}]}}