{"id":115628,"date":"2025-01-06T18:43:24","date_gmt":"2025-01-06T18:43:24","guid":{"rendered":"https:\/\/www.mundiplus.com\/?p=115628"},"modified":"2025-01-07T12:55:20","modified_gmt":"2025-01-07T12:55:20","slug":"personaggi-famosi-che-hanno-completato-il-cammino-di-santiago-chi-sono-e-perche-lhanno-fatto","status":"publish","type":"post","link":"https:\/\/www.mundiplus.com\/it\/personaggi-famosi-che-hanno-camminato-sul-camino-di-santiago\/","title":{"rendered":"Personaggi famosi che hanno completato il Cammino di Santiago: chi sono e perch\u00e9 l&#8217;hanno fatto?"},"content":{"rendered":"<p><img fetchpriority=\"high\" decoding=\"async\" class=\"alignnone wp-image-115522 size-full\" src=\"https:\/\/www.mundiplus.com\/wp-content\/uploads\/2024\/12\/Juan-Pablo-II-Mundiplus.jpg\" alt=\"\" width=\"1024\" height=\"683\" srcset=\"https:\/\/www.mundiplus.com\/wp-content\/uploads\/2024\/12\/Juan-Pablo-II-Mundiplus.jpg 1024w, https:\/\/www.mundiplus.com\/wp-content\/uploads\/2024\/12\/Juan-Pablo-II-Mundiplus-300x200.jpg 300w, https:\/\/www.mundiplus.com\/wp-content\/uploads\/2024\/12\/Juan-Pablo-II-Mundiplus-768x512.jpg 768w, https:\/\/www.mundiplus.com\/wp-content\/uploads\/2024\/12\/Juan-Pablo-II-Mundiplus-600x400.jpg 600w\" sizes=\"(max-width: 1024px) 100vw, 1024px\" \/><\/p>\n<p><span style=\"font-weight: 400;\">La storia del Cammino di Santiago \u00e8 ricca di racconti ispiratori e personaggi celebri che hanno deciso di intraprendere questo viaggio. Re, papi, artisti e scrittori, ciascuno ha trovato in questo percorso un motivo personale per fare la peregrinazione.<\/span><\/p>\n<p><span style=\"font-weight: 400;\">Cosa spinge una figura pubblica a camminare su sentieri percorsi da secoli? \u00c8 la ricerca della pace interiore, la connessione con la natura o semplicemente l\u2019avventura? Di seguito scopriremo <\/span><b>chi sono questi famosi pellegrini<\/b><span style=\"font-weight: 400;\"> e le ragioni dietro il loro viaggio.<\/span><\/p>\n<p>&nbsp;<\/p>\n<h2><b>La peregrinazione nel Cammino di Santiago<\/b><\/h2>\n<p><span style=\"font-weight: 400;\">Il <\/span><a href=\"https:\/\/www.mundiplus.com\/it\/\"><b>Cammino di Santiago<\/b><\/a><span style=\"font-weight: 400;\"> ha attirato milioni di visitatori nel corso della storia. Questo antico viaggio spirituale pu\u00f2 essere un&#8217;esperienza fisica, ma anche un percorso emotivo e riflessivo. <\/span><\/p>\n<ul>\n<li style=\"font-weight: 400;\" aria-level=\"1\"><span style=\"font-weight: 400;\">Alcuni hanno scelto di fare il <\/span><a href=\"https:\/\/www.mundiplus.com\/it\/caminos\/a-pie\/camino-primitivo\/\"><b>Cammino Primitivo completo<\/b><\/a><span style=\"font-weight: 400;\">, uno dei pi\u00f9 antichi e autentici.<\/span><\/li>\n<li style=\"font-weight: 400;\" aria-level=\"1\"><span style=\"font-weight: 400;\">Altri hanno condiviso le loro <\/span><a href=\"https:\/\/www.mundiplus.com\/it\/caminos\/a-pie\/camino-finisterre\/camino-de-santiago-a-finisterre\/\"><b>esperienze a Finisterre<\/b><\/a><span style=\"font-weight: 400;\">, il punto pi\u00f9 occidentale della penisola iberica, dove molti pellegrini sentono che il loro viaggio giunga alla fine.<\/span><\/li>\n<li style=\"font-weight: 400;\" aria-level=\"1\"><span style=\"font-weight: 400;\">Il <\/span><a href=\"https:\/\/www.mundiplus.com\/it\/caminos\/a-pie\/camino-ingles\/camino-de-santiago-desde-ferrol\/\"><b>Cammino da Ferrol<\/b><\/a><span style=\"font-weight: 400;\"> ha guadagnato popolarit\u00e0, soprattutto tra i <\/span><a href=\"https:\/\/www.mundiplus.com\/it\/caminos\/a-pie\/camino-ingles\/\"><b>pellegrini sul Cammino Inglese<\/b><\/a><span style=\"font-weight: 400;\">, che cercano un&#8217;esperienza meno affollata ma ugualmente arricchente.<\/span><\/li>\n<li style=\"font-weight: 400;\" aria-level=\"1\"><span style=\"font-weight: 400;\">Le <\/span><a href=\"https:\/\/www.mundiplus.com\/it\/caminos\/a-pie\/camino-frances\/camino-de-santiago-desde-o-cebreiro\/\"><b>storie del Cammino Francese<\/b><\/a><span style=\"font-weight: 400;\"> sono forse le pi\u00f9 conosciute, ricche di racconti di trasformazione personale e scoperta.<\/span><\/li>\n<\/ul>\n<p>&nbsp;<\/p>\n<h2><b>Famosi sul Cammino: uno sguardo ai pellegrini storici<\/b><\/h2>\n<p><span style=\"font-weight: 400;\">Nel corso della storia, figure di rilievo hanno percorso il Cammino di Santiago, lasciando un&#8217;impronta su questa via millenaria. <\/span><\/p>\n<p><span style=\"font-weight: 400;\">Tra loro ci sono i <\/span><b>Re Cattolici<\/b><span style=\"font-weight: 400;\">, Isabella I di Castiglia e Ferdinando II d&#8217;Aragona, che intrapresero la loro peregrinazione nel <\/span><b>1486<\/b><span style=\"font-weight: 400;\">. Questo viaggio aveva un significato spirituale. Inoltre, favor\u00ec la creazione di un <\/span><b>ospedale per pellegrini e la ricostruzione del tempio di Santa Mar\u00eda do Cebreiro<\/b><span style=\"font-weight: 400;\">. Il loro passaggio ha lasciato un&#8217;eredit\u00e0 infrastrutturale che ancora oggi sostiene i camminatori.<\/span><\/p>\n<p><span style=\"font-weight: 400;\">Un altro grande pellegrino \u00e8 stato <\/span><b>Giovanni Paolo II<\/b><span style=\"font-weight: 400;\">, che divenne il primo papa pellegrino visitando Santiago nel <\/span><b>1982<\/b><span style=\"font-weight: 400;\"> e di nuovo nel <\/span><b>1989<\/b><span style=\"font-weight: 400;\">. La sua presenza ha rivitalizzato la popolarit\u00e0 del percorso negli anni &#8217;80, attirando l&#8217;attenzione mondiale su questa tradizione. <\/span><\/p>\n<p><span style=\"font-weight: 400;\">Questi monarchi e leader religiosi hanno contribuito alla storia della via e hanno ispirato altri a seguire le loro orme. Hanno promosso un rinascimento dell&#8217;interesse per questa antica via di pellegrinaggio che continua ad attrarre migliaia di persone ogni anno.<\/span><\/p>\n<p>&nbsp;<\/p>\n<h2><b>Celebrit\u00e0 contemporanee che hanno percorso il Cammino<\/b><\/h2>\n<p><img decoding=\"async\" class=\"alignnone wp-image-115528 size-full\" src=\"https:\/\/www.mundiplus.com\/wp-content\/uploads\/2024\/12\/Shirley-McLaine-Mundiplus.jpg\" alt=\"\" width=\"1024\" height=\"683\" srcset=\"https:\/\/www.mundiplus.com\/wp-content\/uploads\/2024\/12\/Shirley-McLaine-Mundiplus.jpg 1024w, https:\/\/www.mundiplus.com\/wp-content\/uploads\/2024\/12\/Shirley-McLaine-Mundiplus-300x200.jpg 300w, https:\/\/www.mundiplus.com\/wp-content\/uploads\/2024\/12\/Shirley-McLaine-Mundiplus-768x512.jpg 768w, https:\/\/www.mundiplus.com\/wp-content\/uploads\/2024\/12\/Shirley-McLaine-Mundiplus-600x400.jpg 600w\" sizes=\"(max-width: 1024px) 100vw, 1024px\" \/><\/p>\n<p><span style=\"font-weight: 400;\">Pi\u00f9 recentemente, celebrit\u00e0 come <\/span><b>Paulo Coelho<\/b><span style=\"font-weight: 400;\"> e <\/span><b>Shirley MacLaine<\/b><span style=\"font-weight: 400;\"> hanno condiviso le loro esperienze in questo luogo, contribuendo alla sua popolarit\u00e0 contemporanea.<\/span><\/p>\n<ul>\n<li style=\"font-weight: 400;\" aria-level=\"1\"><span style=\"font-weight: 400;\">Coelho ha completato parte del percorso nel <\/span><b>1986<\/b><span style=\"font-weight: 400;\">, un&#8217;esperienza che lo ha ispirato a scrivere il romanzo &#8220;<\/span><b>Il Pellegrino di Compostela<\/b><span style=\"font-weight: 400;\">&#8220;, in cui racconta la sua ricerca di risposte e connessione spirituale. Attraverso il racconto, i lettori possono percepire l&#8217;intensit\u00e0 del suo viaggio e la trasformazione che ha vissuto.<\/span><\/li>\n<li style=\"font-weight: 400;\" aria-level=\"1\"><span style=\"font-weight: 400;\">Da parte sua, MacLaine ha percorso il cammino nel <\/span><b>1994<\/b><span style=\"font-weight: 400;\">, cercando una connessione spirituale profonda e un rinnovato senso di s\u00e9. Nel libro &#8220;<\/span><b>The Camino: A Journey of the Spirit<\/b><span style=\"font-weight: 400;\">&#8220;, descrive come il cammino le abbia permesso di riflettere sulla vita e le sue convinzioni.<\/span><\/li>\n<\/ul>\n<p><span style=\"font-weight: 400;\">La ricerca di ispirazione personale \u00e8 un filo conduttore tra questi pellegrini contemporanei. Utilizzano i loro viaggi per esplorare il paesaggio fisico e anche il loro mondo interiore. Questo fenomeno ha portato molte pi\u00f9 persone a interessarsi al percorso, riconoscendo il suo potenziale come viaggio trasformativo che trascende il fisico.<\/span><\/p>\n<p>&nbsp;<\/p>\n<h2><b>Altri pellegrini illustri<\/b><\/h2>\n<p><img decoding=\"async\" class=\"alignnone wp-image-115516 size-full\" src=\"https:\/\/www.mundiplus.com\/wp-content\/uploads\/2024\/12\/David-Beckham-Mundiplus.jpg\" alt=\"\" width=\"1024\" height=\"601\" srcset=\"https:\/\/www.mundiplus.com\/wp-content\/uploads\/2024\/12\/David-Beckham-Mundiplus.jpg 1024w, https:\/\/www.mundiplus.com\/wp-content\/uploads\/2024\/12\/David-Beckham-Mundiplus-300x176.jpg 300w, https:\/\/www.mundiplus.com\/wp-content\/uploads\/2024\/12\/David-Beckham-Mundiplus-768x451.jpg 768w, https:\/\/www.mundiplus.com\/wp-content\/uploads\/2024\/12\/David-Beckham-Mundiplus-600x352.jpg 600w\" sizes=\"(max-width: 1024px) 100vw, 1024px\" \/><\/p>\n<ul>\n<li aria-level=\"1\"><b>Anthony Quinn. <\/b><span style=\"font-weight: 400;\">Il leggendario attore di Hollywood, noto per film come <\/span><i><span style=\"font-weight: 400;\">Zorba il Greco<\/span><\/i><span style=\"font-weight: 400;\">, ha percorso parte del Cammino di Santiago alla ricerca di una connessione spirituale e di rinnovamento personale. La sua esperienza, sebbene meno documentata, riflette il suo interesse per le tradizioni culturali e spirituali.<\/span><\/li>\n<\/ul>\n<ul>\n<li aria-level=\"1\"><b>Stephen Hawking. <\/b><span style=\"font-weight: 400;\">Anche se non pot\u00e9 percorrere il Cammino in modo tradizionale a causa della sua condizione fisica, visit\u00f2 Santiago de Compostela come parte di un viaggio culturale e spirituale. Il suo viaggio, sebbene simbolico, ha sottolineato l&#8217;impatto che il Cammino ha anche su coloro che non lo percorrono fisicamente.<\/span><\/li>\n<\/ul>\n<ul>\n<li aria-level=\"1\"><b>Angela Merkel<\/b><span style=\"font-weight: 400;\">. La cancelliera tedesca ha percorso parte del Cammino di Santiago durante una visita in Galizia. Sebbene il suo percorso fosse breve, ha evidenziato il suo interesse per il patrimonio culturale e spirituale della regione.<\/span><\/li>\n<\/ul>\n<ul>\n<li aria-level=\"1\"><b>Miguel Indur\u00e1in<\/b><span style=\"font-weight: 400;\">. Il ciclista e vincitore del Tour de France ha percorso il Cammino di Santiago in bicicletta.<\/span><\/li>\n<\/ul>\n<ul>\n<li aria-level=\"1\"><b>David Beckham<\/b><span style=\"font-weight: 400;\">. Anche se non \u00e8 stato confermato se ha completato tutto il Cammino, l&#8217;ex calciatore \u00e8 stato fotografato in alcune tappe del percorso, specialmente nel Cammino Francese. <\/span><\/li>\n<\/ul>\n<ul>\n<li aria-level=\"1\"><b>Pierce Brosnan<\/b><span style=\"font-weight: 400;\">. L&#8217;ex James Bond ha mostrato interesse per il Cammino e ha percorso alcuni tratti durante le sue visite in Spagna. Anche se non ha condiviso dettagli estesi, la sua partecipazione sottolinea l&#8217;attrazione internazionale di questa via.<\/span><\/li>\n<\/ul>\n<ul>\n<li aria-level=\"1\"><b>Jane Fonda. <\/b><span style=\"font-weight: 400;\">L&#8217;attrice e attivista ha detto in un&#8217;intervista di aver percorso parte del Cammino come parte della sua ricerca di pace interiore e spiritualit\u00e0. La sua esperienza rafforza l&#8217;idea che il Cammino attiri persone di diversi percorsi.<\/span><\/li>\n<\/ul>\n<ul>\n<li aria-level=\"1\"><b>Orlando Bloom<\/b><span style=\"font-weight: 400;\">. L&#8217;attore britannico \u00e8 noto per la sua passione per i viaggi e la spiritualit\u00e0. Sebbene il suo percorso sul Cammino non sia ampiamente documentato, ha menzionato in interviste di aver camminato alcune tappe cercando una connessione pi\u00f9 profonda con se stesso.<\/span><\/li>\n<\/ul>\n<p>&nbsp;<\/p>\n<h2><b>Il Cammino come esperienza trasformativa<\/b><\/h2>\n<p><span style=\"font-weight: 400;\">L&#8217;esperienza ha un effetto profondo sulla vita di chi la percorre. Molti testimoni raccontano come questo viaggio abbia cambiato la loro prospettiva sulla vita.<\/span><\/p>\n<p><b>Paulo Coelho<\/b><span style=\"font-weight: 400;\">, ad esempio, ha detto di aver <\/span><b>trovato ci\u00f2 che cercava prima di arrivare a Santiago<\/b><span style=\"font-weight: 400;\">, sottolineando la chiarezza e la pace che il percorso gli ha offerto. Inoltre, Shirley MacLaine ha descritto la sua esperienza come una <\/span><b>via spirituale che inizia veramente quando la si conclude<\/b><span style=\"font-weight: 400;\">. Ha enfatizzato l&#8217;importanza dell&#8217;introspezione e della scoperta di s\u00e9.<\/span><\/p>\n<p><span style=\"font-weight: 400;\">Questa trasformazione personale non \u00e8 esclusiva dei famosi. Molti pellegrini anonimi riportano anche cambiamenti importanti. Alcuni trovano risposte a domande esistenziali, mentre altri scoprono una nuova connessione con la natura e con s\u00e9 stessi.<\/span><\/p>\n<p><span style=\"font-weight: 400;\">Il confronto tra le motivazioni di queste figure pubbliche e quelle dei camminatori comuni evidenzia l&#8217;universalit\u00e0 del Cammino come esperienza trasformativa, dove ogni passo pu\u00f2 portare a una rivelazione personale unica e preziosa.<\/span><\/p>\n<p>&nbsp;<\/p>\n<h2><b>L&#8217;impatto culturale del Cammino di Santiago<\/b><\/h2>\n<p><span style=\"font-weight: 400;\">Le storie di personaggi famosi hanno avuto un impatto notevole nella promozione del luogo. Film come &#8220;<\/span><b>The Way<\/b><span style=\"font-weight: 400;\">&#8220;, interpretato da <\/span><b>Martin Sheen<\/b><span style=\"font-weight: 400;\">, hanno contribuito ad aumentare l&#8217;interesse per questa storica via.<\/span><\/p>\n<p><span style=\"font-weight: 400;\">Il film ha narrato l&#8217;esperienza di un pellegrino e ha mostrato la bellezza e la spiritualit\u00e0, ispirando molti a intraprendere il viaggio. Libri e documentari hanno evidenziato le esperienze personali di pellegrini famosi, trasformando il percorso in un fenomeno culturale globale.<\/span><\/p>\n<p><span style=\"font-weight: 400;\">L&#8217;impatto culturale ha favorito una crescita notevole nel turismo verso Santiago, attirando persone da diverse parti del mondo. Questo aumento nel numero di pellegrini ha rivitalizzato le economie locali e promosso la conservazione delle tradizioni e del patrimonio architettonico lungo i sentieri.<\/span><\/p>\n<p><span style=\"font-weight: 400;\">Inoltre, il sito \u00e8 servito come uno <\/span><b>spazio per lo scambio culturale<\/b><span style=\"font-weight: 400;\">, dove si intrecciano storie e tradizioni di diverse nazionalit\u00e0. L&#8217;influenza di queste celebrit\u00e0 ha portato a una maggiore visibilit\u00e0, rendendolo un simbolo di ricerca personale e connessione spirituale.<\/span><\/p>\n<p>&nbsp;<\/p>\n<h2><b>La universalit\u00e0 del Cammino<\/b><\/h2>\n<p><span style=\"font-weight: 400;\">Il Cammino di Santiago continua a essere un luogo dove convergono persone di ogni estrazione sociale. L&#8217;esperienza personale diventa un legame comune che unisce tutti i pellegrini, indipendentemente dalla loro fama o posizione sociale. Ogni passo compiuto da questi <\/span><b>personaggi illustri<\/b><span style=\"font-weight: 400;\"> risuona con le esperienze anonime che condividono altri camminatori.<\/span><\/p>\n<p><span style=\"font-weight: 400;\">Questa connessione collettiva invita a riflettere sull&#8217;importanza del viaggio personale nel contesto del pellegrinaggio. Il desiderio comune di trovare un significato rende questo un luogo unico per tutti coloro che decidono di percorrerlo.<\/span><\/p>\n<p><span style=\"font-weight: 400;\">La diversit\u00e0 dei personaggi che hanno percorso il Cammino riflette l&#8217;attrattiva senza tempo e l&#8217;universalit\u00e0. Le figure storiche e le celebrit\u00e0 contemporanee, tutte condividono una ricerca: <\/span><b>la connessione con qualcosa di pi\u00f9 grande di loro stessi<\/b><span style=\"font-weight: 400;\">. Il loro lascito continua a ispirare le nuove generazioni a esplorare i loro sentieri e scoprire le proprie storie personali in questo viaggio millenario verso Santiago.<\/span><\/p>\n","protected":false},"excerpt":{"rendered":"<p>La storia del Cammino di Santiago \u00e8 ricca di racconti ispiratori e personaggi celebri che hanno deciso di intraprendere questo viaggio. Re, papi, artisti e scrittori, ciascuno ha trovato in questo percorso un motivo personale per fare la peregrinazione. Cosa spinge una figura pubblica a camminare su sentieri percorsi da secoli? \u00c8 la ricerca della [&hellip;]<\/p>\n","protected":false},"author":1,"featured_media":115526,"comment_status":"open","ping_status":"open","sticky":false,"template":"","format":"standard","meta":{"footnotes":""},"categories":[573,577,585],"tags":[],"class_list":["post-115628","post","type-post","status-publish","format-standard","has-post-thumbnail","hentry","category-blog-del-cammino","category-cammino-a-piedi","category-storia"],"_links":{"self":[{"href":"https:\/\/www.mundiplus.com\/it\/wp-json\/wp\/v2\/posts\/115628","targetHints":{"allow":["GET"]}}],"collection":[{"href":"https:\/\/www.mundiplus.com\/it\/wp-json\/wp\/v2\/posts"}],"about":[{"href":"https:\/\/www.mundiplus.com\/it\/wp-json\/wp\/v2\/types\/post"}],"author":[{"embeddable":true,"href":"https:\/\/www.mundiplus.com\/it\/wp-json\/wp\/v2\/users\/1"}],"replies":[{"embeddable":true,"href":"https:\/\/www.mundiplus.com\/it\/wp-json\/wp\/v2\/comments?post=115628"}],"version-history":[{"count":0,"href":"https:\/\/www.mundiplus.com\/it\/wp-json\/wp\/v2\/posts\/115628\/revisions"}],"wp:featuredmedia":[{"embeddable":true,"href":"https:\/\/www.mundiplus.com\/it\/wp-json\/wp\/v2\/media\/115526"}],"wp:attachment":[{"href":"https:\/\/www.mundiplus.com\/it\/wp-json\/wp\/v2\/media?parent=115628"}],"wp:term":[{"taxonomy":"category","embeddable":true,"href":"https:\/\/www.mundiplus.com\/it\/wp-json\/wp\/v2\/categories?post=115628"},{"taxonomy":"post_tag","embeddable":true,"href":"https:\/\/www.mundiplus.com\/it\/wp-json\/wp\/v2\/tags?post=115628"}],"curies":[{"name":"wp","href":"https:\/\/api.w.org\/{rel}","templated":true}]}}