{"id":115649,"date":"2022-02-25T12:38:59","date_gmt":"2022-02-25T12:38:59","guid":{"rendered":"https:\/\/www.mundiplus.com\/i-10-monumenti-piu-importanti-del-camino-del-norte\/"},"modified":"2022-02-25T12:38:59","modified_gmt":"2022-02-25T12:38:59","slug":"i-10-monumenti-piu-importanti-del-camino-del-norte","status":"publish","type":"post","link":"https:\/\/www.mundiplus.com\/it\/blog\/monumenti-camino-del-norte\/","title":{"rendered":"I 10 monumenti pi\u00f9 importanti del Camino del Norte"},"content":{"rendered":"<p>Tra tutte le rotte jacobee esistenti per fare il Cammino di Santiago, ce ne sono sempre alcune che risultano un po&#8217; pi\u00f9 popolari rispetto alle altre, come nel caso del <a href=\"https:\/\/www.mundiplus.com\/it\/caminos\/a-pie\/camino-norte\" target=\"_blank\" rel=\"noopener\">Cammino del Nord<\/a>.<\/p>\n<p>Anche se \u00e8 una delle rotte pi\u00f9 lunghe, possiamo dire che <strong>\u00e8 una delle pi\u00f9 impressionanti.<\/strong> Questo grazie ai paesaggi e ai monumenti che vi si trovano, rendendola la preferita dei pellegrini di tutto il mondo. Se desideri percorrere un tratto pi\u00f9 breve e arrivare a Santiago di Compostela in 7 giorni, ti consiglieremmo il <a href=\"https:\/\/www.mundiplus.com\/it\/caminos\/a-pie\/camino-frances\/camino-de-santiago-desde-sarria\" target=\"_blank\" rel=\"noopener\">Cammino di Santiago organizzato da Sarria<\/a>.<\/p>\n<h2><strong>Questi sono i monumenti pi\u00f9 importanti del Cammino del Nord che non devi perderti&#8230;<\/strong><\/h2>\n<p>Ci sono molti punti di interesse in questo <a href=\"https:\/\/www.mundiplus.com\/it\/\" target=\"_blank\" rel=\"noopener\">Cammino di Santiago con Viaggio organizzato<\/a> nel nord della Spagna che potremmo menzionare, e ci vorrebbe molto tempo per parlarti di tutti. Tuttavia, tra quelli che godono di <strong>maggiore valore storico e bellezza architettonica,<\/strong> vale la pena evidenziare i seguenti:<\/p>\n<h3><strong>ERMITA DE GUADALUPE<\/strong><\/h3>\n<p>Si trova a Fuenterrab\u00eda, considerato uno dei paesi pi\u00f9 belli di tutta la regione dei Paesi Baschi. Possiamo considerare che l&#8217;Ermita<strong> di Guadalupe \u00e8 un buon punto di partenza per iniziare il cammino, <\/strong>oppure dalla vicina localit\u00e0 di confine di Ir\u00fan che sarebbe l&#8217;inizio naturale del Cammino del Santiago del nord, e il cui primo tratto sarebbe il Cammino da <a href=\"https:\/\/www.mundiplus.com\/it\/caminos\/a-pie\/camino-norte\/camino-de-santiago-desde-irun\" target=\"_blank\" rel=\"noopener\">Cammino da Ir\u00fan a Bilbao<\/a>.<\/p>\n<p>Seppur la costruzione originale non abbia una data precisa, gi\u00e0 nel 1526 veniva menzionata in una donazione fatta alla chiesa del paese da Juan Sebasti\u00e1n Elcano. Molti anni dopo fu distrutta e ricostruita a causa degli attacchi e delle invasioni.<\/p>\n<p><strong>L&#8217;attuale ermita risale al XIX secolo.<\/strong> Si tratta di una chiesa con una sola navata con abside piana e un unico crocifisso. Uno degli elementi pi\u00f9 affascinanti \u00e8 il capitello in pietra risalente circa al 1860.<\/p>\n<h3><strong>GUGGENHEIM<\/strong><\/h3>\n<p>Senza dubbio, \u00e8 uno degli edifici pi\u00f9 importanti del Cammino del Nord grazie alla sua bellezza architettonica. Il <a href=\"https:\/\/www.guggenheim-bilbao.eus\" target=\"_blank\" rel=\"nofollow noopener\"><strong>Guggenheim<\/strong> <strong>di Bilbao<\/strong><\/a>, dedicato all&#8217;arte contemporanea, \u00e8 stato progettato dall&#8217;architetto canadese Frank O. Gehry.<\/p>\n<p>Sebbene le trattative per la sua costruzione siano iniziate nel 1991, \u00e8 stato solo nel 1997 che i lavori sono stati completati. \u00c8 stato inaugurato dal re Juan Carlos I di Spagna.<\/p>\n<p>La sua facciata \u00e8 uno degli elementi pi\u00f9 caratteristici e sorprendenti dell&#8217;intero complesso, dove spiccano le <strong>forme contorte e curvilinee.<\/strong> Queste sono state rivestite con tende di vetro, pietra calcarea e lastre di titanio. La superficie \u00e8 di 24.000 metri quadrati, di cui circa 11.000 sono destinati alle esposizioni, distribuiti in 19 gallerie.<\/p>\n<p><img fetchpriority=\"high\" decoding=\"async\" class=\"alignnone wp-image-3470 size-full\" src=\"https:\/\/www.mundiplus.com\/wp-content\/uploads\/2024\/04\/Guggenheim_Museum.jpg\" alt=\"Guggenheim_Museum\" width=\"1600\" height=\"1066\" \/><\/p>\n<h3><strong>BASILICA DI BEGO\u00d1A<\/strong><\/h3>\n<p>Con una costruzione che ha richiesto pi\u00f9 di 100 anni, <strong>i lavori sono iniziati nel 1511 e sono stati completati nel 1621. <\/strong>\u00c8 stata sviluppata in uno <strong>stile gotico,<\/strong> anche se durante tutta la costruzione sono stati aggiunti dettagli di altri stili.<\/p>\n<p>Nel 1835, la torre e quasi tutta la facciata furono distrutte, quindi fu necessario un intervento successivo. <strong>La facciata attuale fu completata nel 1907.<\/strong><\/p>\n<p>Spicca la bellissima statua della Vergine di Bego\u00f1a, realizzata in legno policromato, risalente all&#8217;inizio del XIV secolo. Tuttavia, \u00e8 stata restaurata pi\u00f9 volte. Altri dettagli che meritano di essere apprezzati sono il grande altare, la zona del Santuario, realizzata in pietra; l&#8217;organo del coro e naturalmente tutti i dipinti.<\/p>\n<h3><strong>COMPLESSO DI CASTRO URDIALES<\/strong><\/h3>\n<p>Considerato uno dei monumenti pi\u00f9 importanti del Cammino del Nord, <strong>combina perfettamente il meglio dell&#8217;epoca antica con la modernit\u00e0,<\/strong> in mezzo a edifici ricchi di fascino e bellezza.<\/p>\n<p>Qui si trova <strong>la chiesa gotica pi\u00f9 importante di tutta la Cantabria.<\/strong> Inoltre, si pu\u00f2 ammirare il bellissimo castello medievale e il municipio, sviluppato intorno alla piazza.<\/p>\n<p>La chiesa di Santa Mar\u00eda de la Asunci\u00f3n, come detto prima, \u00e8 di grande importanza. <strong>La sua costruzione risale al XII secolo.<\/strong> \u00c8 sviluppata con una pianta basilicale, fiancheggiata da due torri. Mentre il castello Faro, accanto al tempio, \u00e8 uno dei pochi conservati nella regione. Era il principale fortino difensivo del villaggio nell&#8217;antichit\u00e0.<\/p>\n<p><img decoding=\"async\" class=\"alignnone wp-image-3474 size-large\" src=\"https:\/\/www.mundiplus.com\/wp-content\/uploads\/2024\/04\/castro-urdiales-1024x691-1.jpg\" alt=\"castro_urdiales\" width=\"1024\" height=\"691\" \/><\/p>\n<h3><strong>PALAZZO DELLA MAGDALENA<\/strong><\/h3>\n<p>Il Palazzo Reale della Magdalena \u00e8 uno degli edifici pi\u00f9 importanti del Cammino del Nord, oltre ad essere <strong>protagonista in tutta la regione della Cantabria.<\/strong><\/p>\n<p>Nonostante non abbia uno stile architettonico definito, <strong>si distingue per la sua bellezza impressionante.<\/strong> Combina influenze francesi e inglesi nella sua costruzione, oltre a qualche elemento tipico della regione montuosa.<\/p>\n<p>Ha una superficie di 28 ettari, coronato da bellissimi giardini. Qui \u00e8 possibile godere del piano terra, del primo piano e del piano principale, oltre agli stalle e all&#8217;antico paraninfo, oggi trasformato in auditorium.<\/p>\n<h3><strong>ERMITA DI SAN SALVADOR DI PRIESCA<\/strong><\/h3>\n<p>Situata nella localit\u00e0 di Priesca, Asturias, \u00e8 considerata una <strong>delle migliori espressioni dell&#8217;architettura preromanica<\/strong>, tipica della regione. Secondo antichi documenti, questa ermita <strong>fu consacrata attorno all&#8217;anno 921,<\/strong> anche se non tutto ci\u00f2 che si conserva oggi appartiene alla costruzione originale.<\/p>\n<p>Ha una pianta basilicale, con tre navate che sono state completate da cappelle absidiali. Fu incendiata durante la Guerra Civile Spagnola, quindi da allora ha ricevuto due restauri. Tuttavia, questi non hanno alterato significativamente lo stile originale.<\/p>\n<h3><strong>CENTRO STORICO DI AVIL\u00c9S<\/strong><\/h3>\n<p>Visitare questo luogo \u00e8 sicuramente <strong>viaggiare nel tempo.<\/strong> Dichiarato come Complesso Storico Artistico, \u00e8 uno dei punti di interesse principali del Cammino del Nord per eccellenza. Ovunque tu vada, puoi godere di bellissimi lasciti storici, quindi percorrerlo \u00e8 un&#8217;esperienza arricchente da qualsiasi punto di vista.<\/p>\n<p>Qui spicca, tra gli altri edifici, il <strong>Palazzo del Marchese di Camposagrado.<\/strong> La sua costruzione risale al XVII secolo. D&#8217;altra parte, il vecchio <strong>Palazzo di Valdecarzana<\/strong> \u00e8 il pi\u00f9 antico di tutta la citt\u00e0 ed \u00e8 uno dei migliori esempi di architettura gotica.<\/p>\n<p>\u00c8 anche possibile ammirare il Palazzo di Balsera, il Teatro Palazzo Vald\u00e9s e case pittoresche e bellissime come quella di Eladio Mu\u00f1iz, Arias de la Noceda o quella di Garc\u00eda Pumarino.<\/p>\n<p><img decoding=\"async\" class=\"alignnone size-full wp-image-24940\" src=\"https:\/\/www.mundiplus.com\/wp-content\/uploads\/2024\/04\/Palacio_de_Camposagrado.jpeg\" alt=\"Palacio_de_Camposagrado\" width=\"1024\" height=\"662\" \/><\/p>\n<h3><strong>MONASTERO DI SAN SALVADOR, DI LOURENZ\u00c1<\/strong><\/h3>\n<p>Dichiarato Monumento Storico Nazionale nel 1974, il Monastero di San Salvador <strong>fu fondato attorno al 969,<\/strong> ed \u00e8 quindi una tappa obbligatoria tra i monumenti pi\u00f9 importanti del Cammino del Nord.<\/p>\n<p>Nonostante la sua lunga storia, <strong>gli edifici che sono ancora in piedi risalgono alla met\u00e0 dei secoli XVII e XVIII.<\/strong> I religiosi abitarono questa zona fino alla met\u00e0 del secolo scorso.<\/p>\n<p>Si crede che la facciata del monastero possa essere stata un antecedente della stessa Cattedrale di Santiago, mentre l&#8217;antica camera abaciale ospita oggi il Municipio di Vilanova.<\/p>\n<p>In questo complesso si trovano i resti di varie personalit\u00e0 della nobilt\u00e0.<\/p>\n<p><img loading=\"lazy\" decoding=\"async\" class=\"alignnone wp-image-24934 size-medium\" src=\"https:\/\/www.mundiplus.com\/wp-content\/uploads\/2024\/04\/Monasterio_de_san_salvador-1024x786.jpeg\" alt=\"monumentos_mas_importantes_del_Camino_del_Norte\" width=\"1024\" height=\"786\" \/><\/p>\n<h3><strong>CATTEDRALE DI MONDO\u00d1EDO<\/strong><\/h3>\n<p>Imponente e ricca di storia, <strong>la sua costruzione inizi\u00f2 nel 1219,<\/strong> anche se Mondo\u00f1edo era sede episcopale gi\u00e0 da 100 anni prima.<\/p>\n<p>La sua costruzione fu abbastanza lenta, poich\u00e9 dovette essere interrotta pi\u00f9 volte, completandosi nel XIV secolo. Nel 1902, fu dichiarata <strong>Monumento Nazionale.<\/strong> \u00c8 a tre navate e conserva il rosone gotico originale del XIV secolo.<\/p>\n<h3><strong>MONASTERO DI SANTA MARIA, A SOBRADO DOS MONXES<\/strong><\/h3>\n<p>Di <strong>origine medievale,<\/strong> \u00e8 considerato uno dei principali monasteri di tutta la regione della Galizia e uno dei monumenti pi\u00f9 importanti del Cammino del Nord. Fu fondato nel 952 dal conte di Presaras<strong>,<\/strong> che mor\u00ec in questo luogo anni dopo.<\/p>\n<p>La chiesa che fa parte del complesso fu costruita alla fine del XVII secolo e infine consacrata nel 1708. Nel 1834, il monastero fu soppresso e tutti i beni venduti. A met\u00e0 del 1950 inizi\u00f2 il suo recupero e dal 1966 \u00e8 nuovamente abitato da monaci.<\/p>\n","protected":false},"excerpt":{"rendered":"<p>Tra tutte le rotte jacobee esistenti per fare il Cammino di Santiago, ce ne sono sempre alcune che risultano un po&#8217; pi\u00f9 popolari rispetto alle altre, come nel caso del Cammino del Nord. Anche se \u00e8 una delle rotte pi\u00f9 lunghe, possiamo dire che \u00e8 una delle pi\u00f9 impressionanti. Questo grazie ai paesaggi e ai [&hellip;]<\/p>\n","protected":false},"author":1,"featured_media":82327,"comment_status":"open","ping_status":"open","sticky":false,"template":"","format":"standard","meta":{"footnotes":""},"categories":[573,605],"tags":[],"class_list":["post-115649","post","type-post","status-publish","format-standard","has-post-thumbnail","hentry","category-blog-del-cammino","category-siti-iconici"],"_links":{"self":[{"href":"https:\/\/www.mundiplus.com\/it\/wp-json\/wp\/v2\/posts\/115649","targetHints":{"allow":["GET"]}}],"collection":[{"href":"https:\/\/www.mundiplus.com\/it\/wp-json\/wp\/v2\/posts"}],"about":[{"href":"https:\/\/www.mundiplus.com\/it\/wp-json\/wp\/v2\/types\/post"}],"author":[{"embeddable":true,"href":"https:\/\/www.mundiplus.com\/it\/wp-json\/wp\/v2\/users\/1"}],"replies":[{"embeddable":true,"href":"https:\/\/www.mundiplus.com\/it\/wp-json\/wp\/v2\/comments?post=115649"}],"version-history":[{"count":0,"href":"https:\/\/www.mundiplus.com\/it\/wp-json\/wp\/v2\/posts\/115649\/revisions"}],"wp:featuredmedia":[{"embeddable":true,"href":"https:\/\/www.mundiplus.com\/it\/wp-json\/wp\/v2\/media\/82327"}],"wp:attachment":[{"href":"https:\/\/www.mundiplus.com\/it\/wp-json\/wp\/v2\/media?parent=115649"}],"wp:term":[{"taxonomy":"category","embeddable":true,"href":"https:\/\/www.mundiplus.com\/it\/wp-json\/wp\/v2\/categories?post=115649"},{"taxonomy":"post_tag","embeddable":true,"href":"https:\/\/www.mundiplus.com\/it\/wp-json\/wp\/v2\/tags?post=115649"}],"curies":[{"name":"wp","href":"https:\/\/api.w.org\/{rel}","templated":true}]}}