{"id":115786,"date":"2020-05-27T11:31:52","date_gmt":"2020-05-27T11:31:52","guid":{"rendered":"https:\/\/www.mundiplus.com\/castello-di-ponferrada\/"},"modified":"2020-05-27T11:31:52","modified_gmt":"2020-05-27T11:31:52","slug":"castello-di-ponferrada","status":"publish","type":"post","link":"https:\/\/www.mundiplus.com\/it\/blog\/castello-di-ponferrada\/","title":{"rendered":"Castello di Ponferrada"},"content":{"rendered":"<p class=\"p1\"><span class=\"s1\">Le origini del <strong>Castello di Ponferrada<\/strong> risalgono a un antico castro preromano, probabilmente celtico. Nel corso degli anni, su queste costruzioni iniziali, sono state <\/span><span class=\"s2\">realizzate numerose modifiche e ampliamenti, consentendo di ammirare, ancora oggi, una delle migliori fortificazioni conservate in Spagna, dichiarata Monumento Nazionale Storico Artistico nel 1924.<\/span><\/p>\n<p class=\"p1\"><span class=\"s2\">La sua posizione privilegiata, su un promontorio elevato alla confluenza dei fiumi Boceza e Sil, gli conferisce una posizione strategica per la difesa di Ponferrada, cos\u00ec come della sua comarca e delle terre di Galizia.<\/span><\/p>\n<p class=\"p1\"><span class=\"s2\">\u00c8 importante sottolineare che la citt\u00e0 di Ponferrada (Pons Ferrata) prende il suo nome dal ponte rinforzato con ferro che il vescovo Osmundo ordin\u00f2 di costruire nell&#8217;XI secolo per facilitare il passaggio del fiume Sil ai pellegrini diretti a Santiago de Compostela, attraverso il percorso del pellegrino del <a href=\"https:\/\/www.mundiplus.com\/it\/caminos\/a-pie\/camino-frances\/it\" target=\"_blank\" rel=\"noopener noreferrer\">Cammino Francese<\/a>.<\/span><\/p>\n<p class=\"p1\"><span class=\"s2\">Uno dei motivi che pi\u00f9 affascina riguardo al Castello di Ponferrada \u00e8 che nel 1178 fu affidato all&#8217;<a href=\"https:\/\/www.mundiplus.com\/it\/blog\/templarios-en-el-camino-de-santiago\/it\" target=\"_blank\" rel=\"nofollow noopener\">Ordine del Tempio (Templari)<\/a>, che realizz\u00f2 le riforme necessarie per trasformarlo in una vera e propria fortezza, mentre erano &#8220;proprietari&#8221; dello stesso.<\/span><\/p>\n<h2>MISSIONE DEI TEMPLARI<\/h2>\n<p class=\"p1\"><span class=\"s2\">Una delle principali missioni affidate ai Templari era la protezione dei pellegrini lungo il Cammino di Santiago, cos\u00ec come servire i Re che avevano dato loro tale incarico.<\/span><\/p>\n<p class=\"p1\"><span class=\"s2\">L&#8217;Ordine del Tempio rimase a Ponferrada per circa 150 anni, fino a quando Papa Clemente V, indotto dal Re di Francia Filippo IV, ordin\u00f2 la dissoluzione dell&#8217;Ordine nel 1312 e la confisca di tutti i suoi beni e possedimenti nei paesi in cui l&#8217;Ordine era stabilito.<\/span><\/p>\n<p><img fetchpriority=\"high\" decoding=\"async\" class=\"alignnone wp-image-16016 size-large\" title=\"castillo-de-ponferrada\" src=\"https:\/\/www.mundiplus.com\/wp-content\/uploads\/2024\/04\/IMG_0543-scaled.jpg\" alt=\"castillo-de-ponferrada\" width=\"1024\" height=\"768\" \/><\/p>\n<p class=\"p1\"><span class=\"s2\">L&#8217;Ordine religioso e militare del Tempio, anche chiamato &#8220;Poveri Compagni di Cristo del tempio del Re Salomone&#8221;, fu fondato in Francia nel 1119 e dur\u00f2 fino alla sua dissoluzione nel 1312. Arriv\u00f2 a contare circa 20.000 uomini, di cui il 10% erano Cavalieri, ed il suo fondatore fu Hugo de Payens. Nacque con la missione principale di proteggere i pellegrini che da tutta Europa si dirigevano verso Gerusalemme, in Terra Santa.<\/span><\/p>\n<p class=\"p1\"><span class=\"s2\">Il loro distintivo era un mantello bianco con la Croce Patente rossa e il loro motto: <i>Non nobis, <\/i>Domine, non nobis. Sed Nomini Tuo Da Gloriam (&#8220;Non a noi, Signore, non a noi. Ma al Tuo nome sia data la gloria&#8221;)<\/span><\/p>\n<p class=\"p1\"><span class=\"s2\">Curiosit\u00e0: durante la permanenza dei Templari a Ponferrada, pare che sia stata trovata all&#8217;interno di una quercia l&#8217;immagine di una Vergine, conosciuta da allora come la Vergine della Quercia, che oggi \u00e8 la patrona della citt\u00e0 e della comarca del Bierzo e che si trova esposta nella Basilica di Nostra Signora della Quercia, molto vicina al Castello.<\/span><\/p>\n<h2>ORIGINI ED EVOLUZIONE DEL CASTELLO DI PONFERRADA<\/h2>\n<p class=\"p1\"><span class=\"s3\">Nel 1340 si procedette all&#8217;inizio della costruzione del Castello Vecchio, all&#8217;interno della zona murata, promosso da Don Pedro Fern\u00e1ndez <\/span><span class=\"s4\">De Castro, signore di Ponferrada,\u00a0nelle<\/span><span class=\"s1\"> quali si trovano, come elementi principali, 4 torri che furono costruite nel corso dei secoli XIV-XVI (Torre del Tributo Vecchio, Duccio di Arjona o Torre Vecchia, Tributo Nuovo o Torre Nuova e Re Cattolici)<\/span><\/p>\n<p class=\"p1\"><span class=\"s1\">Nel XV secolo furono realizzati nuovi e importanti lavori di fortificazione, promossi da Don Pedro \u00c1lvarez Osorio, primo Conte di Lemos, tra cui figurano: Le cinque torri attuali, costruite lungo il perimetro delle mura, sono: Moclin, Caracoles, Malpica, Cabrera e Malvecino, la costruzione del Palazzo Nuovo, l&#8217;ingresso principale, la Torre del Tributo del Castello Vecchio e i percorsi delle mura, la Mina e la Grotta della Mora.<\/span><\/p>\n<p>&nbsp;<\/p>\n<p><img decoding=\"async\" class=\"alignnone wp-image-16020 size-large\" title=\"castillo-templario-ponferrada\" src=\"https:\/\/www.mundiplus.com\/wp-content\/uploads\/2024\/04\/IMG_0558-scaled.jpg\" alt=\"castillo-templario-ponferrada\" width=\"1024\" height=\"768\" \/><\/p>\n<p class=\"p1\"><span class=\"s1\">Tra questi elementi, segnaliamo l&#8217;ingresso al Castello, formato da due splendide torri, in cui, nella Torre dei Caracoles, possiamo leggere l&#8217;iscrizione in latino: <i>Nisi Dominus custodierit civitatem frustra vigilat qui custodit eam<\/i><\/span><span class=\"s5\">\u201d (\u201cSe il Signore non protegge la citt\u00e0, invano veglia chi la custodisce\u201d)<\/span><\/p>\n<h2>DECADENZA E RINASCITA DEL CASTELLO DI PONFERRADA<\/h2>\n<p class=\"p1\"><span class=\"s1\">Il Castello di Ponferrada rimase pi\u00f9 o meno abitabile fino alla met\u00e0 del XIX secolo, quando inizi\u00f2 il suo <\/span><span class=\"s2\">periodo di decadenza<\/span><span class=\"s1\">. Dopo importanti lavori di restauro, dal 1997, \u00e8 stato riaperto al pubblico nel 2010.<\/span><\/p>\n<p class=\"p1\"><span class=\"s1\">L&#8217;interno del Palazzo Nuovo del Castello di Ponferrada ospita una sala espositiva con una vasta collezione di codici e manoscritti a tema religioso. Nella Sala Rica, di nuova costruzione, \u00e8 visibile la mostra permanente &#8220;Templum <\/span><span class=\"s2\">Libri\u201d, inaugurata nel 2010, tra cui troviamo il \u201cLibro di Kells\u201d (IX secolo), una collezione di \u201cBeati\u201d, con una ventina di volumi, e il &#8220;Libro delle Ore&#8221; di Visconti (XV secolo).<\/span><\/p>\n<p class=\"p1\"><span class=\"s2\">In altre stanze del Palazzo si trova una importante Biblioteca Templare e un Centro di Studi Storici.<\/span><\/p>\n<p class=\"p3\"><span class=\"s2\">Nel vostro <a href=\"https:\/\/www.mundiplus.com\/it\/caminos\/cammino-da-leon-a-o-cebreiro\/\/it\" target=\"_blank\" rel=\"nofollow noopener\">Cammino di Santiago da Le\u00f3n<\/a>, passando per la citt\u00e0 di Ponferrada, non potete perdervi <a href=\"https:\/\/castillodelostemplarios.com\/consultas\/horarios-y-tarifas\/\" target=\"_blank\" rel=\"nofollow noopener\">questa magnifica visita al Castello Templare<\/a>, cos\u00ec come la bellissima citt\u00e0 di Ponferrada, capitale del Bierzo, e la sua ricca gastronomia.<\/span><\/p>\n<p>Se non hai abbastanza tempo per passare da Ponferrada, ti consigliamo un cammino pi\u00f9 breve ma molto popolare, che sarebbe il <a href=\"https:\/\/www.mundiplus.com\/it\/caminos\/a-pie\/camino-frances\/camino-de-santiago-desde-sarria\/it\" target=\"_blank\" rel=\"noopener\">Cammino di Santiago organizzato da Sarria<\/a>.<\/p>\n","protected":false},"excerpt":{"rendered":"<p>Le origini del Castello di Ponferrada risalgono a un antico castro preromano, probabilmente celtico. Nel corso degli anni, su queste costruzioni iniziali, sono state realizzate numerose modifiche e ampliamenti, consentendo di ammirare, ancora oggi, una delle migliori fortificazioni conservate in Spagna, dichiarata Monumento Nazionale Storico Artistico nel 1924. La sua posizione privilegiata, su un promontorio [&hellip;]<\/p>\n","protected":false},"author":1,"featured_media":83272,"comment_status":"open","ping_status":"open","sticky":false,"template":"","format":"standard","meta":{"footnotes":""},"categories":[573,585],"tags":[],"class_list":["post-115786","post","type-post","status-publish","format-standard","has-post-thumbnail","hentry","category-blog-del-cammino","category-storia"],"_links":{"self":[{"href":"https:\/\/www.mundiplus.com\/it\/wp-json\/wp\/v2\/posts\/115786","targetHints":{"allow":["GET"]}}],"collection":[{"href":"https:\/\/www.mundiplus.com\/it\/wp-json\/wp\/v2\/posts"}],"about":[{"href":"https:\/\/www.mundiplus.com\/it\/wp-json\/wp\/v2\/types\/post"}],"author":[{"embeddable":true,"href":"https:\/\/www.mundiplus.com\/it\/wp-json\/wp\/v2\/users\/1"}],"replies":[{"embeddable":true,"href":"https:\/\/www.mundiplus.com\/it\/wp-json\/wp\/v2\/comments?post=115786"}],"version-history":[{"count":0,"href":"https:\/\/www.mundiplus.com\/it\/wp-json\/wp\/v2\/posts\/115786\/revisions"}],"wp:featuredmedia":[{"embeddable":true,"href":"https:\/\/www.mundiplus.com\/it\/wp-json\/wp\/v2\/media\/83272"}],"wp:attachment":[{"href":"https:\/\/www.mundiplus.com\/it\/wp-json\/wp\/v2\/media?parent=115786"}],"wp:term":[{"taxonomy":"category","embeddable":true,"href":"https:\/\/www.mundiplus.com\/it\/wp-json\/wp\/v2\/categories?post=115786"},{"taxonomy":"post_tag","embeddable":true,"href":"https:\/\/www.mundiplus.com\/it\/wp-json\/wp\/v2\/tags?post=115786"}],"curies":[{"name":"wp","href":"https:\/\/api.w.org\/{rel}","templated":true}]}}