{"id":115802,"date":"2020-05-21T07:51:51","date_gmt":"2020-05-21T07:51:51","guid":{"rendered":"https:\/\/www.mundiplus.com\/alto-del-perdono\/"},"modified":"2020-05-21T07:51:51","modified_gmt":"2020-05-21T07:51:51","slug":"alto-del-perdono","status":"publish","type":"post","link":"https:\/\/www.mundiplus.com\/it\/blog\/alto-del-perdono\/","title":{"rendered":"Alto del perdono"},"content":{"rendered":"<p class=\"p1\"><span class=\"s1\">Il<strong> Alto del Perd\u00f3n<\/strong> o Porto del Perd\u00f3n si trova a 770 metri di altitudine e si inserisce nella Sierra del Perd\u00f3n, o Reniega\/Erreniega, in basco, situato nella Comunit\u00e0 Forale di Navarra <\/span><span class=\"s1\">e si trova a circa 13 km da Pamplona. Lungo questa montagna, vedremo il primo parco eolico costruito a Navarra, costellato da 40 &#8220;mulini a vento&#8221;.<\/span><\/p>\n<p class=\"p1\"><span class=\"s1\">Secondo molte <a href=\"https:\/\/www.mundiplus.com\/it\/\" target=\"_blank\" rel=\"noopener\">agenzie organizzatrici del Cammino di Santiago<\/a>, \u00e8 uno dei punti pi\u00f9 rappresentativi del Cammino Francese, tappa obbligata che si trova tra la tappa che va da Pamplona a Puente la Reina, <\/span><span class=\"s1\">che \u00e8 quella percorsa dalla maggior parte dei pellegrini che fanno il <a href=\"https:\/\/www.mundiplus.com\/it\/caminos\/a-pie\/camino-frances\/roncesvalles-logrono\" target=\"_blank\" rel=\"noopener noreferrer\">Cammino di Santiago da Roncesvalles.<\/a><\/span><\/p>\n<h2><strong>IL SIGNIFICATO DELL&#8217;ALTO DEL PERD\u00d3N<\/strong><\/h2>\n<p class=\"p1\"><span class=\"s1\">Pare che il nome &#8220;Perd\u00f3n&#8221; provenga dall&#8217;antica via che nel XVI secolo saliva fino al passo, partendo dal villaggio di Astrain, e che fosse conosciuta come \u201cPerdonanza bidea\u201d (<strong>sentiero verso il<\/strong> <span class=\"s1\"><strong>Perd\u00f3n<\/strong>), che implicava la realizzazione del Cammino di Santiago, ricevendo il nome con cui \u00e8 conosciuto oggi.<\/span><\/span><\/p>\n<h2>MONUMENTO AL PELLEGRINO<\/h2>\n<p class=\"p1\"><span class=\"s1\">Da questo belvedere si pu\u00f2 ammirare una vista spettacolare sui Pirenei di Navarra e sulle terre coltivate in direzione di Estella. Eretto sullo stesso, troviamo un gruppo scultoreo che \u00e8 uno dei pi\u00f9 fotografati di tutto l&#8217;<a href=\"https:\/\/www.mundiplus.com\/it\/caminos\/a-pie\/camino-frances\" target=\"_blank\" rel=\"noopener noreferrer\">itinerario completo del Cammino Francese<\/a>. Si tratta di un <strong>&#8220;Monumento al Cammino&#8221;<\/strong> costruito in lamiera metallica nel 1996 dallo scultore Vicente Galbete.<\/span><\/p>\n<p class=\"p1\"><span class=\"s1\">Rappresenta una <strong>carovana di pellegrini<\/strong>, di tutte le epoche, insieme ad alcuni animali che li accompagnano verso Santiago, guidati dalla Via Lattea, dove \u00e8 scritto il seguente testo: <strong>&#8220;Dove si incrocia il cammino del vento con quello delle stelle&#8221;<\/strong>,<\/span><span class=\"s1\"> facendo riferimento al luogo privilegiato dove pellegrini e vento si incontrano.<\/span><\/p>\n<p><img fetchpriority=\"high\" decoding=\"async\" class=\"aligncenter wp-image-15756 size-full\" src=\"https:\/\/www.mundiplus.com\/wp-content\/uploads\/2024\/04\/Fuente-de-reniega.jpg\" alt=\"Fuente-de-reniega\" width=\"1024\" height=\"757\" \/><\/p>\n<h3>LA LEGGENDA DELLA FONTE DI RENIEGA NELL&#8217;ASCENSO ALL&#8217;ALTO<\/h3>\n<p class=\"p4\"><span class=\"s1\">Prima di arrivare all&#8217;Alto del Perd\u00f3n, e dopo aver passato il villaggio di Zaraquiegui, incontriamo una delle tante leggende che possiamo trovare lungo il Cammino di Santiago,<\/span><span class=\"s1\"> quella che si \u00e8 verificata nel luogo conosciuto come &#8220;Fonte di Reniega&#8221;, anche chiamata Fonte di Gambellacos.<\/span><\/p>\n<p class=\"p4\"><span class=\"s1\">Questa leggenda narra della tentazione che sub\u00ec un pellegrino assetato ed esausto durante la sua ascesa all&#8217;Alto del Perd\u00f3n, da parte del Diavolo, affinch\u00e9 rinunciasse alla sua fede cristiana, cos\u00ec come a Dio, alla Vergine Maria e all&#8217;Apostolo Giacomo, offrendogli dell&#8217;acqua da un ruscello vicino, alla quale il pellegrino si rifiut\u00f2 dopo numerosi tentativi.<\/span><\/p>\n<p class=\"p5\"><span class=\"s1\">Subito dopo, il giovane si prepara a pregare al cielo implorando aiuto, e allora il diavolo, sotto una nuvola di zolfo, svanisce e al suo posto appare l&#8217;Apostolo Giacomo vestito da pellegrino, che lo guida alla fonte cristallina nascosta e gli d\u00e0 da bere con la propria conchiglia di capesante.<\/span><\/p>\n<p class=\"p4\"><span class=\"s1\">Nei dintorni di questo monumento emblematico, lungo il cammino verso Puente la Reina, nel villaggio di Muruz\u00e1bal, non possiamo fare a meno di deviare dal percorso per visitare una delle gemme romaniche templari pi\u00f9 belle e esoteriche del Cammino di Santiago Francese, come la chiesa di Santa Maria di Eunate.<\/span><\/p>\n","protected":false},"excerpt":{"rendered":"<p>Il Alto del Perd\u00f3n o Porto del Perd\u00f3n si trova a 770 metri di altitudine e si inserisce nella Sierra del Perd\u00f3n, o Reniega\/Erreniega, in basco, situato nella Comunit\u00e0 Forale di Navarra e si trova a circa 13 km da Pamplona. Lungo questa montagna, vedremo il primo parco eolico costruito a Navarra, costellato da 40 [&hellip;]<\/p>\n","protected":false},"author":1,"featured_media":82509,"comment_status":"open","ping_status":"open","sticky":false,"template":"","format":"standard","meta":{"footnotes":""},"categories":[573,577],"tags":[],"class_list":["post-115802","post","type-post","status-publish","format-standard","has-post-thumbnail","hentry","category-blog-del-cammino","category-cammino-a-piedi"],"_links":{"self":[{"href":"https:\/\/www.mundiplus.com\/it\/wp-json\/wp\/v2\/posts\/115802","targetHints":{"allow":["GET"]}}],"collection":[{"href":"https:\/\/www.mundiplus.com\/it\/wp-json\/wp\/v2\/posts"}],"about":[{"href":"https:\/\/www.mundiplus.com\/it\/wp-json\/wp\/v2\/types\/post"}],"author":[{"embeddable":true,"href":"https:\/\/www.mundiplus.com\/it\/wp-json\/wp\/v2\/users\/1"}],"replies":[{"embeddable":true,"href":"https:\/\/www.mundiplus.com\/it\/wp-json\/wp\/v2\/comments?post=115802"}],"version-history":[{"count":0,"href":"https:\/\/www.mundiplus.com\/it\/wp-json\/wp\/v2\/posts\/115802\/revisions"}],"wp:featuredmedia":[{"embeddable":true,"href":"https:\/\/www.mundiplus.com\/it\/wp-json\/wp\/v2\/media\/82509"}],"wp:attachment":[{"href":"https:\/\/www.mundiplus.com\/it\/wp-json\/wp\/v2\/media?parent=115802"}],"wp:term":[{"taxonomy":"category","embeddable":true,"href":"https:\/\/www.mundiplus.com\/it\/wp-json\/wp\/v2\/categories?post=115802"},{"taxonomy":"post_tag","embeddable":true,"href":"https:\/\/www.mundiplus.com\/it\/wp-json\/wp\/v2\/tags?post=115802"}],"curies":[{"name":"wp","href":"https:\/\/api.w.org\/{rel}","templated":true}]}}