{"id":115882,"date":"2020-04-03T17:45:37","date_gmt":"2020-04-03T17:45:37","guid":{"rendered":"https:\/\/www.mundiplus.com\/lugo-e-le-sue-mura\/"},"modified":"2024-12-20T11:32:46","modified_gmt":"2024-12-20T11:32:46","slug":"lugo-e-le-sue-mura","status":"publish","type":"post","link":"https:\/\/www.mundiplus.com\/it\/blog\/lugo-e-le-sue-mura\/","title":{"rendered":"Lugo e le sue mura"},"content":{"rendered":"<p>Lugo, insieme a Oviedo, \u00e8 una delle principali citt\u00e0 monumentali che si trovano nel <a href=\"https:\/\/www.mundiplus.com\/it\/caminos\/a-pie\/camino-primitivo\" target=\"_blank\" rel=\"noopener noreferrer\">Cammino Primitivo di Santiago<\/a>.<\/p>\n<h2>CAMMINO PRIMITIVO &#8211; PATRIMONIO DELL&#8217;UMANIT\u00c0<\/h2>\n<p>Questo cammino \u00e8 stato dichiarato Patrimonio dell&#8217;Umanit\u00e0 nel 2015. \u00c8 stato il primo Cammino di Santiago, percorso dai pellegrini, promosso dal re Alfonso XII il Casto, che lo percorse personalmente nell&#8217;anno 834 da Oviedo. Con il passare dei secoli, fino ai giorni nostri, molti pellegrini intraprendono <a href=\"https:\/\/www.mundiplus.com\/it\/\" target=\"_blank\" rel=\"noopener\">viaggi organizzati al Cammino di Santiago<\/a> seguendo le orme del re Alfonso nel Cammino Primitivo, o quello di altri molti pellegrini che percorrono il Cammino in una delle varianti che attraversano la Spagna.<\/p>\n<p>Lugo, citt\u00e0 monumentale, ha la sua origine su una collina che domina il fiume Mi\u00f1o, dove i romani costruirono nel XIII secolo a.C. il loro Lucus Augusti (Bosco Sacro) ai tempi dell&#8217;Imperatore Augusto.<\/p>\n<h2>MURA ROMANA DI LUGO &#8211; L&#8217;UNICA MURA COMPLETA DEL MONDO<\/h2>\n<p>Verso la met\u00e0 del III secolo a.C. dovrebbero essere iniziati i lavori della sua impressionante mura, come protezione contro i popoli barbari, che circonda l&#8217;intero centro storico della citt\u00e0 e che \u00e8 l&#8217;unica al mondo che si conserva integra, per cui \u00e8 stata dichiarata dall&#8217;UNESCO nel 2000 Patrimonio dell&#8217;Umanit\u00e0; in precedenza era stata dichiarata anche Monumento Nazionale nel 1921.<\/p>\n<p><img fetchpriority=\"high\" decoding=\"async\" class=\"aligncenter wp-image-13730 size-full\" src=\"https:\/\/www.mundiplus.com\/wp-content\/uploads\/2024\/04\/muralla-lugo.jpg\" alt=\"muralla-lugo\" width=\"640\" height=\"427\" \/><\/p>\n<h3>TORRI E PORTE DELLE MURA<\/h3>\n<p>Ha una forma quasi quadrangolare ed \u00e8 costruita in granito con lastre di ardesia; ha uno spessore che, in alcune parti, raggiunge i 7 metri. \u00c8 composta da 86 torri, 71 delle quali sono originali, e ha una lunghezza di circa 2250 metri, lungo i quali si pu\u00f2 camminare, attraverso una strada (adarve o passeggiata di ronda), situata nella parte alta delle mura. In passato, l&#8217;accesso alla parte superiore della citt\u00e0 avveniva tramite scale costruite all&#8217;interno delle torri, ma oggi si accede tramite 6 scale esterne ai muri.<\/p>\n<p>Come ampliamento delle misure difensive, oltre alle mura, fu costruita una zona di accampamento per le truppe, situata tra le tende o i barraconi e la mura, che successivamente fu rimossa per costruire abitazioni e altre strutture.<\/p>\n<p>Inizialmente, la citt\u00e0 disponeva di 5 porte di accesso (Porta Falsa, Porta di San Pedro, Porta di Santiago, Porta Mi\u00f1a e Porta Nueva), ma successivamente, per facilitare la mobilit\u00e0 e a causa dell&#8217;espansione della citt\u00e0, furono costruite altre 5 porte a partire dal 1853 (Porta di San Fernando, Porta della Stazione, Porta del Vescovo sinistro, Porta del Vescovo Aguirre e Porta del Vescovo Odario).<\/p>\n<p><img decoding=\"async\" class=\"aligncenter wp-image-13731 size-full\" src=\"https:\/\/www.mundiplus.com\/wp-content\/uploads\/2024\/04\/puente-lugo.jpg\" alt=\"puente-lugo\" width=\"680\" height=\"430\" \/><\/p>\n<h2>MONUMENTI DEL CENTRO STORICO DELLA CITT\u00c0 LUCENSE<\/h2>\n<h3><b>CATTEDRALE DI SANTA MAR\u00cdA<\/b><\/h3>\n<p>Edificio romanico-gotico, iniziato nel XII secolo e terminato nel XIV secolo. Al suo interno si trova la patrona di Lugo, la cosiddetta &#8220;Vergine degli Occhi Grandi&#8221;, una bellissima immagine, della quale non si conosce con esattezza la data di costruzione.<\/p>\n<h3><strong>TERME ROMANE<\/strong><\/h3>\n<p>Risalgono alla stessa epoca in cui fu fondata la citt\u00e0, nel XIII secolo a.C., poich\u00e9 furono scoperte queste acque di cui i romani erano cos\u00ec appassionati. Quelle che si possono visitare oggi probabilmente risalgono all&#8217;anno 2 a.C., anche se sono in disuso.<\/p>\n<h3><b>PONTE ROMANO<\/b><\/h3>\n<p>La sua antichit\u00e0 risale alla prima met\u00e0 del I secolo d.C. Ha una lunghezza di 104 metri e ci permette di attraversare il fiume Mi\u00f1o.<\/p>\n<p>Non dobbiamo dimenticare la sua famosa festa di <a href=\"http:\/\/www.ardelucus.com\/it\/\" target=\"_blank\" rel=\"nofollow noopener\"><strong>Arde Lucus<\/strong><\/a>, dichiarata di Interesse turistico nazionale, <span class=\"ILfuVd\"><span class=\"e24Kjd\">che si celebra a Lugo a met\u00e0 giugno e rivive il passato romano della citt\u00e0 murata, con origine festiva che risale al 2001 per commemorare la fondazione della citt\u00e0. Una festa di 3 giorni in cui i lughesi, vestiti con abiti dell&#8217;epoca, allestiscono accampamenti militari, circhi romani, mercati artigianali, matrimoni celtici e la famosa &#8220;Fiamme delle mura&#8221; in una simulazione di assedio a una citt\u00e0 romana dell&#8217;epoca. Durante il periodo di Arde Lucus, l&#8217;occupazione \u00e8 altissima, con prenotazioni fatte anche un anno prima, se il tuo desiderio \u00e8 fare il Cammino e vedere almeno una volta nella vita queste celebri feste, invece di iniziare a camminare da Lugo ti consiglieremmo il <a href=\"https:\/\/www.mundiplus.com\/it\/caminos\/a-pie\/camino-frances\/camino-de-santiago-desde-sarria\" target=\"_blank\" rel=\"noopener\">Cammino di Santiago da Sarria organizzato<\/a>, Sarria si trova a circa mezz&#8217;ora in auto, quindi possiamo organizzarti il trasporto di andata e ritorno per vedere dal vivo l'&#8221;Assedio a Lugo&#8221;.<\/span><\/span><\/p>\n","protected":false},"excerpt":{"rendered":"<p>Lugo, insieme a Oviedo, \u00e8 una delle principali citt\u00e0 monumentali che si trovano nel Cammino Primitivo di Santiago. CAMMINO PRIMITIVO &#8211; PATRIMONIO DELL&#8217;UMANIT\u00c0 Questo cammino \u00e8 stato dichiarato Patrimonio dell&#8217;Umanit\u00e0 nel 2015. \u00c8 stato il primo Cammino di Santiago, percorso dai pellegrini, promosso dal re Alfonso XII il Casto, che lo percorse personalmente nell&#8217;anno 834 [&hellip;]<\/p>\n","protected":false},"author":1,"featured_media":82543,"comment_status":"open","ping_status":"open","sticky":false,"template":"","format":"standard","meta":{"footnotes":""},"categories":[573,577],"tags":[],"class_list":["post-115882","post","type-post","status-publish","format-standard","has-post-thumbnail","hentry","category-blog-del-cammino","category-cammino-a-piedi"],"_links":{"self":[{"href":"https:\/\/www.mundiplus.com\/it\/wp-json\/wp\/v2\/posts\/115882","targetHints":{"allow":["GET"]}}],"collection":[{"href":"https:\/\/www.mundiplus.com\/it\/wp-json\/wp\/v2\/posts"}],"about":[{"href":"https:\/\/www.mundiplus.com\/it\/wp-json\/wp\/v2\/types\/post"}],"author":[{"embeddable":true,"href":"https:\/\/www.mundiplus.com\/it\/wp-json\/wp\/v2\/users\/1"}],"replies":[{"embeddable":true,"href":"https:\/\/www.mundiplus.com\/it\/wp-json\/wp\/v2\/comments?post=115882"}],"version-history":[{"count":0,"href":"https:\/\/www.mundiplus.com\/it\/wp-json\/wp\/v2\/posts\/115882\/revisions"}],"wp:featuredmedia":[{"embeddable":true,"href":"https:\/\/www.mundiplus.com\/it\/wp-json\/wp\/v2\/media\/82543"}],"wp:attachment":[{"href":"https:\/\/www.mundiplus.com\/it\/wp-json\/wp\/v2\/media?parent=115882"}],"wp:term":[{"taxonomy":"category","embeddable":true,"href":"https:\/\/www.mundiplus.com\/it\/wp-json\/wp\/v2\/categories?post=115882"},{"taxonomy":"post_tag","embeddable":true,"href":"https:\/\/www.mundiplus.com\/it\/wp-json\/wp\/v2\/tags?post=115882"}],"curies":[{"name":"wp","href":"https:\/\/api.w.org\/{rel}","templated":true}]}}