{"id":115890,"date":"2020-04-02T15:32:55","date_gmt":"2020-04-02T15:32:55","guid":{"rendered":"https:\/\/www.mundiplus.com\/santuario-della-virxe-da-barca\/"},"modified":"2020-04-02T15:32:55","modified_gmt":"2020-04-02T15:32:55","slug":"santuario-della-virxe-da-barca","status":"publish","type":"post","link":"https:\/\/www.mundiplus.com\/it\/blog\/santuario-della-virxe-da-barca\/","title":{"rendered":"Santuario della Virxe da Barca"},"content":{"rendered":"<p>Il Santuario della Virxe da Barca, che si pu\u00f2 raggiungere percorrendo il <a href=\"https:\/\/www.mundiplus.com\/it\/caminos\/a-pie\/camino-finisterre\" target=\"_blank\" rel=\"noopener\">Cammino di Santiago da Finisterre e Muxia<\/a>, si trova nella localit\u00e0 galiziana di Muxia ed \u00e8 legato alla <strong>&#8220;presunta apparizione&#8221;<\/strong> della Vergine Maria all&#8217;Apostolo Giacomo, quando questi si trovava in Hispania in missione di evangelizzazione e diffusione della parola di Dio, ai confini della terra conosciuta fino a quel momento come il &#8220;Finis Terrae&#8221;, per incoraggiarlo e annunciargli che doveva tornare a Gerusalemme, anche se, a quanto pare, i risultati di tale missione non furono molto soddisfacenti.<\/p>\n<p>Questa &#8220;apparizione&#8221; della Vergine Maria avvenne su una <strong>Barca di Pietra<\/strong>, i cui resti &#8220;appaiono&#8221; e possiamo vederli accanto al Santuario, nelle cosiddette &#8220;Pedra de Abalar&#8221; (Barca), &#8220;Pedra de Os Cadris&#8221; (Vela), &#8220;Pedras dos Namorados&#8221; e &#8220;Pedra de o Tem\u00f3n&#8221; (Timone). La credenza che si \u00e8 tramandata nel tempo \u00e8 che queste pietre miracolose abbiano propriet\u00e0 curative e divinatorie.<\/p>\n<p>Questa leggenda ha attirato i pellegrini fino a questo Santuario, che, dopo il loro viaggio lungo il <a href=\"https:\/\/www.mundiplus.com\/it\/\" target=\"_blank\" rel=\"noopener\">Cammino di Santiago con viaggio organizzato<\/a> e dopo aver raggiunto la Cattedrale di Santiago, si dirigevano poi a Finisterre e Muxia. Questa peregrinazione ha avuto il suo massimo splendore nel XVIII secolo. Percorrendo il Cammino fino a Finisterre e Muxia per visitare il Santuario della Virxe da Barca, si pu\u00f2 ottenere il Certificato di &#8220;<a href=\"https:\/\/www.mundiplus.com\/it\/blog\/la-compostela-la-fisterrana-y-la-muxiana\" target=\"_blank\" rel=\"noopener noreferrer\">La Fisterrana e La Muxiana<\/a>&#8220;.<\/p>\n<p>Si crede che gi\u00e0 nel XII secolo esistesse una prima ermita e che, successivamente, furono costruite, a partire dal XVII secolo, diverse strutture e opere di dimensioni maggiori, concludendo i lavori nel XX secolo, con la costruzione delle due torri del Santuario della Virxe da Barca.<\/p>\n<p><img fetchpriority=\"high\" decoding=\"async\" class=\"aligncenter wp-image-13678 size-full\" title=\"Pedra-de-avalar-santuario-de-la-virxe-da-barca\" src=\"https:\/\/www.mundiplus.com\/wp-content\/uploads\/2024\/04\/Pedra-de-avalar-santuario-virxe-de-la-barca.jpg\" alt=\"Pedra-de-avalar-santuario-de-la-virxe-da-barca\" width=\"800\" height=\"537\" \/><\/p>\n<p>Purtroppo, durante il Natale del 2013, si \u00e8 verificato un incendio nel Santuario che ha distrutto praticamente la totalit\u00e0 della struttura, compreso il favoloso altare barocco che si trovava al suo interno. Oggi, una volta ricostruito, possiamo tornare a godere del Santuario per la gioia di pellegrini e visitatori.<\/p>\n<p>\u00c8 da notare la Romer\u00eda che si celebra ogni anno la seconda domenica di settembre, non prima del 9 n\u00e9 dopo il 15 settembre, e che raccoglie migliaia di pellegrini.<\/p>\n<p>Inoltre, sembra che in passato esistesse la cosiddetta Fonte da Pel, un luogo dove i pellegrini si lavavano prima di arrivare al Santuario, dove arrivavano attraverso il Camino da Pel, qualcosa di simile a ci\u00f2 che facevano i pellegrini a Lavacolla nel loro <a href=\"https:\/\/www.mundiplus.com\/it\/caminos\/a-pie\/camino-frances\/camino-de-santiago-desde-sarria\" target=\"_blank\" rel=\"noopener\">Cammino di Sarria a Santiago<\/a>, prima di entrare nella Cattedrale di Santiago.<\/p>\n<p>Come curiosit\u00e0, su un imponente belvedere, nelle vicinanze del Santuario si trova una scultura chiamata &#8220;A Ferida&#8221;, che ricorda il naufragio della nave &#8220;Prestige&#8221;, che ha causato una marea nera nella zona, provocando danni significativi all&#8217;ecosistema locale.<\/p>\n","protected":false},"excerpt":{"rendered":"<p>Il Santuario della Virxe da Barca, che si pu\u00f2 raggiungere percorrendo il Cammino di Santiago da Finisterre e Muxia, si trova nella localit\u00e0 galiziana di Muxia ed \u00e8 legato alla &#8220;presunta apparizione&#8221; della Vergine Maria all&#8217;Apostolo Giacomo, quando questi si trovava in Hispania in missione di evangelizzazione e diffusione della parola di Dio, ai confini [&hellip;]<\/p>\n","protected":false},"author":1,"featured_media":82563,"comment_status":"open","ping_status":"open","sticky":false,"template":"","format":"standard","meta":{"footnotes":""},"categories":[573,577],"tags":[],"class_list":["post-115890","post","type-post","status-publish","format-standard","has-post-thumbnail","hentry","category-blog-del-cammino","category-cammino-a-piedi"],"_links":{"self":[{"href":"https:\/\/www.mundiplus.com\/it\/wp-json\/wp\/v2\/posts\/115890","targetHints":{"allow":["GET"]}}],"collection":[{"href":"https:\/\/www.mundiplus.com\/it\/wp-json\/wp\/v2\/posts"}],"about":[{"href":"https:\/\/www.mundiplus.com\/it\/wp-json\/wp\/v2\/types\/post"}],"author":[{"embeddable":true,"href":"https:\/\/www.mundiplus.com\/it\/wp-json\/wp\/v2\/users\/1"}],"replies":[{"embeddable":true,"href":"https:\/\/www.mundiplus.com\/it\/wp-json\/wp\/v2\/comments?post=115890"}],"version-history":[{"count":0,"href":"https:\/\/www.mundiplus.com\/it\/wp-json\/wp\/v2\/posts\/115890\/revisions"}],"wp:featuredmedia":[{"embeddable":true,"href":"https:\/\/www.mundiplus.com\/it\/wp-json\/wp\/v2\/media\/82563"}],"wp:attachment":[{"href":"https:\/\/www.mundiplus.com\/it\/wp-json\/wp\/v2\/media?parent=115890"}],"wp:term":[{"taxonomy":"category","embeddable":true,"href":"https:\/\/www.mundiplus.com\/it\/wp-json\/wp\/v2\/categories?post=115890"},{"taxonomy":"post_tag","embeddable":true,"href":"https:\/\/www.mundiplus.com\/it\/wp-json\/wp\/v2\/tags?post=115890"}],"curies":[{"name":"wp","href":"https:\/\/api.w.org\/{rel}","templated":true}]}}